{"id":6109,"date":"2022-07-01T11:14:00","date_gmt":"2022-07-01T11:14:00","guid":{"rendered":"https:\/\/www.apaczka.pl\/?post_type=news&#038;p=6109"},"modified":"2022-08-18T11:17:16","modified_gmt":"2022-08-18T11:17:16","slug":"nowe-uslugi-poczty-polskiej-juz-dostepne","status":"publish","type":"news","link":"https:\/\/www.apaczka.pl\/en\/aktualnosci\/nowe-uslugi-poczty-polskiej-juz-dostepne\/","title":{"rendered":"Nowe us\u0142ugi Poczty Polskiej ju\u017c dost\u0119pne"},"content":{"rendered":"\n<p>Nowa ods\u0142ona Pocztex od Poczty Polskiej to nie tylko dotychczasowe, znane Klientom us\u0142ugi, ale tak\u017ce atrakcyjniejsze cenniki dzi\u0119ki 5 formatom przesy\u0142ek: do 20 kg (S, M, L, XL) oraz do 30 kg (2XL).<\/p>\n\n\n\n<p><a href=\"https:\/\/panel.apaczka.pl\/logowanie\" target=\"_blank\" rel=\"noreferrer noopener\">Zaloguj si\u0119<\/a> i sprawd\u017a ceny us\u0142ug Pocztex w zak\u0142adce\u00a0M\u00f3j cennik.<\/p>\n\n\n<h2 class=\"wp-block-heading\" id=\"pocztex-kurier-w-pigulce\">Pocztex Kurier &#8211; w pigu\u0142ce:<\/h2>\n\n\n<ul class=\"wp-block-list\"><li>nadanie przesy\u0142ki u kuriera w dniu roboczym&nbsp; do godziny 15:00 lub 17:00 w miastach wojew\u00f3dzkich;<\/li><li>dor\u0119czenie nast\u0119pnego dnia roboczego po dniu nadania (z wyj\u0105tkiem przesy\u0142ek w formacie 2XL oraz przesy\u0142ek niestandardowych, dla kt\u00f3rych dor\u0119czenie nast\u0105pi w drugim dniu roboczym);<\/li><li>dor\u0119czenie do wybranego punktu odbioru (\u017babka, Biedronka, ABC, Lewiatan, Ruch, Orlen) lub automatu lub dor\u0119czenie pod wskazany adres;<\/li><li>dost\u0119pne gabaryty: S (max 9x40x65 cm do 20 kg), M (max 20x40x65 do 20 kg), L (max 42x40x65 cm do 20 kg), XL (max 60x60x70 cm do 20 kg \u2013 brak mo\u017cliwo\u015bci dor\u0119czenia do automatu), 2XL (W+S+D&lt;=250 cm do 30 kg \u2013 dor\u0119czenie tylko pod wskazany adres).<\/li><\/ul>\n\n\n<h2 class=\"wp-block-heading\" id=\"pocztex-punkt-w-pigulce\">Pocztex Punkt &#8211; w pigu\u0142ce:<\/h2>\n\n\n<ul class=\"wp-block-list\"><li>nadanie przesy\u0142ki w plac\u00f3wce pocztowej w dni robocze&nbsp; do godziny 15:00 i dor\u0119czenie nast\u0119pnego dnia roboczego po dniu nadania (z wyj\u0105tkiem przesy\u0142ek w formacie 2XL oraz przesy\u0142ek niestandardowych, dla kt\u00f3rych dor\u0119czenie nast\u0105pi w drugim dniu roboczym);<\/li><li>dor\u0119czenie do wybranego punktu odbioru (\u017babka, Biedronka, ABC, Lewiatan, Ruch, Orlen) lub automatu;<\/li><li>dor\u0119czenie pod wskazany adres;<\/li><li>dost\u0119pne gabaryty: S (max 9x40x65 cm do 20 kg), M (max 20x40x65 do 20 kg), L (max 42x40x65 cm do 20 kg), XL (max 60x60x70 cm do 20 kg \u2013 brak mo\u017cliwo\u015bci dor\u0119czenia do automatu), 2XL (W+S+D&lt;=250 cm do 30 kg \u2013 dor\u0119czenie tylko pod wskazany adres).<\/li><\/ul>\n","protected":false},"excerpt":{"rendered":"<p>Od 1 lipca 2022 r. nasi Klienci mog\u0105 ju\u017c korzysta\u0107 z nowych serwis\u00f3w kurierskich Poczty Polskiej. Przypominamy, \u017ce us\u0142ugi \u201cPoczta Polska Kurier 48\u201d i \u201cPoczta Polska Ekspress 24\u201d zosta\u0142y zast\u0105pione nowymi: \u201cPocztex Kurier\u201d i \u201cPocztex Punkt\u201d.<\/p>\n","protected":false},"author":1,"featured_media":6029,"template":"","meta":{"_acf_changed":false,"footnotes":""},"news_category":[],"news_tag":[],"class_list":["post-6109","news","type-news","status-publish","has-post-thumbnail","hentry"],"acf":[],"yoast_head":"<!-- This site is optimized with the Yoast SEO Premium plugin v27.3 (Yoast SEO v27.3) - https:\/\/yoast.com\/product\/yoast-seo-premium-wordpress\/ -->\n<title>Nowe us\u0142ugi Poczty Polskiej ju\u017c dost\u0119pne - Apaczka<\/title>\n<meta name=\"robots\" content=\"noindex, follow\" \/>\n<meta property=\"og:locale\" content=\"en_US\" \/>\n<meta property=\"og:type\" content=\"article\" \/>\n<meta property=\"og:title\" content=\"Nowe us\u0142ugi Poczty Polskiej ju\u017c dost\u0119pne\" \/>\n<meta property=\"og:description\" content=\"Od 1 lipca 2022 r. nasi Klienci mog\u0105 ju\u017c korzysta\u0107 z nowych serwis\u00f3w kurierskich Poczty Polskiej. Przypominamy, \u017ce us\u0142ugi \u201cPoczta Polska Kurier 48\u201d i \u201cPoczta Polska Ekspress 24\u201d zosta\u0142y zast\u0105pione nowymi: \u201cPocztex Kurier\u201d i \u201cPocztex Punkt\u201d.\" \/>\n<meta property=\"og:url\" content=\"https:\/\/www.apaczka.pl\/en\/aktualnosci\/nowe-uslugi-poczty-polskiej-juz-dostepne\/\" \/>\n<meta property=\"og:site_name\" content=\"Apaczka\" \/>\n<meta property=\"article:publisher\" content=\"https:\/\/www.facebook.com\/ApaczkaPL\/\" \/>\n<meta property=\"article:modified_time\" content=\"2022-08-18T11:17:16+00:00\" \/>\n<meta property=\"og:image\" content=\"https:\/\/www.apaczka.pl\/app\/uploads\/2022\/08\/Pocztex-komunikat-zmiany.png\" \/>\n\t<meta property=\"og:image:width\" content=\"1074\" \/>\n\t<meta property=\"og:image:height\" content=\"456\" \/>\n\t<meta property=\"og:image:type\" content=\"image\/png\" \/>\n<meta name=\"twitter:card\" content=\"summary_large_image\" \/>\n<meta name=\"twitter:label1\" content=\"Est. reading time\" \/>\n\t<meta name=\"twitter:data1\" content=\"2 minutes\" \/>\n<script type=\"application\/ld+json\" class=\"yoast-schema-graph\">{\"@context\":\"https:\\\/\\\/schema.org\",\"@graph\":[{\"@type\":\"NewsArticle\",\"@id\":\"https:\\\/\\\/www.apaczka.pl\\\/en\\\/aktualnosci\\\/nowe-uslugi-poczty-polskiej-juz-dostepne\\\/#article\",\"isPartOf\":{\"@id\":\"https:\\\/\\\/www.apaczka.pl\\\/en\\\/aktualnosci\\\/nowe-uslugi-poczty-polskiej-juz-dostepne\\\/\"},\"author\":{\"name\":\"Apaczka\",\"@id\":\"https:\\\/\\\/www.apaczka.pl\\\/en\\\/#\\\/schema\\\/person\\\/521f09ac7d5e35bdceaee9f99db0a9da\"},\"headline\":\"Nowe us\u0142ugi Poczty Polskiej ju\u017c dost\u0119pne\",\"datePublished\":\"2022-07-01T11:14:00+00:00\",\"dateModified\":\"2022-08-18T11:17:16+00:00\",\"mainEntityOfPage\":{\"@id\":\"https:\\\/\\\/www.apaczka.pl\\\/en\\\/aktualnosci\\\/nowe-uslugi-poczty-polskiej-juz-dostepne\\\/\"},\"wordCount\":306,\"publisher\":{\"@id\":\"https:\\\/\\\/www.apaczka.pl\\\/en\\\/#organization\"},\"image\":{\"@id\":\"https:\\\/\\\/www.apaczka.pl\\\/en\\\/aktualnosci\\\/nowe-uslugi-poczty-polskiej-juz-dostepne\\\/#primaryimage\"},\"thumbnailUrl\":\"https:\\\/\\\/www.apaczka.pl\\\/app\\\/uploads\\\/2022\\\/08\\\/Pocztex-komunikat-zmiany.png\",\"inLanguage\":\"en-US\"},{\"@type\":\"WebPage\",\"@id\":\"https:\\\/\\\/www.apaczka.pl\\\/en\\\/aktualnosci\\\/nowe-uslugi-poczty-polskiej-juz-dostepne\\\/\",\"url\":\"https:\\\/\\\/www.apaczka.pl\\\/en\\\/aktualnosci\\\/nowe-uslugi-poczty-polskiej-juz-dostepne\\\/\",\"name\":\"Nowe us\u0142ugi Poczty Polskiej ju\u017c dost\u0119pne - Apaczka\",\"isPartOf\":{\"@id\":\"https:\\\/\\\/www.apaczka.pl\\\/en\\\/#website\"},\"primaryImageOfPage\":{\"@id\":\"https:\\\/\\\/www.apaczka.pl\\\/en\\\/aktualnosci\\\/nowe-uslugi-poczty-polskiej-juz-dostepne\\\/#primaryimage\"},\"image\":{\"@id\":\"https:\\\/\\\/www.apaczka.pl\\\/en\\\/aktualnosci\\\/nowe-uslugi-poczty-polskiej-juz-dostepne\\\/#primaryimage\"},\"thumbnailUrl\":\"https:\\\/\\\/www.apaczka.pl\\\/app\\\/uploads\\\/2022\\\/08\\\/Pocztex-komunikat-zmiany.png\",\"datePublished\":\"2022-07-01T11:14:00+00:00\",\"dateModified\":\"2022-08-18T11:17:16+00:00\",\"breadcrumb\":{\"@id\":\"https:\\\/\\\/www.apaczka.pl\\\/en\\\/aktualnosci\\\/nowe-uslugi-poczty-polskiej-juz-dostepne\\\/#breadcrumb\"},\"inLanguage\":\"en-US\",\"potentialAction\":[{\"@type\":\"ReadAction\",\"target\":[\"https:\\\/\\\/www.apaczka.pl\\\/en\\\/aktualnosci\\\/nowe-uslugi-poczty-polskiej-juz-dostepne\\\/\"]}]},{\"@type\":\"ImageObject\",\"inLanguage\":\"en-US\",\"@id\":\"https:\\\/\\\/www.apaczka.pl\\\/en\\\/aktualnosci\\\/nowe-uslugi-poczty-polskiej-juz-dostepne\\\/#primaryimage\",\"url\":\"https:\\\/\\\/www.apaczka.pl\\\/app\\\/uploads\\\/2022\\\/08\\\/Pocztex-komunikat-zmiany.png\",\"contentUrl\":\"https:\\\/\\\/www.apaczka.pl\\\/app\\\/uploads\\\/2022\\\/08\\\/Pocztex-komunikat-zmiany.png\",\"width\":1074,\"height\":456},{\"@type\":\"BreadcrumbList\",\"@id\":\"https:\\\/\\\/www.apaczka.pl\\\/en\\\/aktualnosci\\\/nowe-uslugi-poczty-polskiej-juz-dostepne\\\/#breadcrumb\",\"itemListElement\":[{\"@type\":\"ListItem\",\"position\":1,\"name\":\"Apaczka\",\"item\":\"https:\\\/\\\/www.apaczka.pl\\\/en\\\/\"},{\"@type\":\"ListItem\",\"position\":2,\"name\":\"Aktualno\u015bci\",\"item\":\"https:\\\/\\\/www.apaczka.pl\\\/en\\\/aktualnosci\\\/\"},{\"@type\":\"ListItem\",\"position\":3,\"name\":\"Nowe us\u0142ugi Poczty Polskiej ju\u017c dost\u0119pne\"}]},{\"@type\":\"WebSite\",\"@id\":\"https:\\\/\\\/www.apaczka.pl\\\/en\\\/#website\",\"url\":\"https:\\\/\\\/www.apaczka.pl\\\/en\\\/\",\"name\":\"Apaczka\",\"description\":\"Rozwi\u0105zania do zarz\u0105dzania procesami wysy\u0142kowymi dla firm\",\"publisher\":{\"@id\":\"https:\\\/\\\/www.apaczka.pl\\\/en\\\/#organization\"},\"potentialAction\":[{\"@type\":\"SearchAction\",\"target\":{\"@type\":\"EntryPoint\",\"urlTemplate\":\"https:\\\/\\\/www.apaczka.pl\\\/en\\\/?s={search_term_string}\"},\"query-input\":{\"@type\":\"PropertyValueSpecification\",\"valueRequired\":true,\"valueName\":\"search_term_string\"}}],\"inLanguage\":\"en-US\"},{\"@type\":\"Organization\",\"@id\":\"https:\\\/\\\/www.apaczka.pl\\\/en\\\/#organization\",\"name\":\"Apaczka\",\"url\":\"https:\\\/\\\/www.apaczka.pl\\\/en\\\/\",\"logo\":{\"@type\":\"ImageObject\",\"inLanguage\":\"en-US\",\"@id\":\"https:\\\/\\\/www.apaczka.pl\\\/en\\\/#\\\/schema\\\/logo\\\/image\\\/\",\"url\":\"https:\\\/\\\/www.apaczka.pl\\\/app\\\/uploads\\\/2024\\\/05\\\/cropped-Apaczka-Full-Logotype-Full-Color.png\",\"contentUrl\":\"https:\\\/\\\/www.apaczka.pl\\\/app\\\/uploads\\\/2024\\\/05\\\/cropped-Apaczka-Full-Logotype-Full-Color.png\",\"width\":1337,\"height\":405,\"caption\":\"Apaczka\"},\"image\":{\"@id\":\"https:\\\/\\\/www.apaczka.pl\\\/en\\\/#\\\/schema\\\/logo\\\/image\\\/\"},\"sameAs\":[\"https:\\\/\\\/www.facebook.com\\\/ApaczkaPL\\\/\",\"https:\\\/\\\/www.linkedin.com\\\/company\\\/apaczka-alsendo-sp-z-o-o\\\/\",\"https:\\\/\\\/www.youtube.com\\\/@apaczka-by-alsendo\",\"https:\\\/\\\/g.co\\\/kgs\\\/Ztnp4yQ\",\"https:\\\/\\\/maps.app.goo.gl\\\/iUwRn8EGrQJAk4LB9\",\"https:\\\/\\\/www.trustpilot.com\\\/review\\\/www.apaczka.pl\",\"https:\\\/\\\/www.crunchbase.com\\\/organization\\\/apaczka\",\"https:\\\/\\\/www.ekomi-pl.com\\\/opinie-apaczka.html\",\"https:\\\/\\\/www.wikidata.org\\\/wiki\\\/Q135189453\"],\"description\":\"Apaczka.pl to platforma technologiczna do zarz\u0105dzania wysy\u0142kami i dostawami dla firm. Jeste\u015bmy sprawdzonym partnerem w zakresie proces\u00f3w wysy\u0142kowych dzia\u0142aj\u0105cym od ponad 15 lat na rynku. Integrujemy szeroki wachlarz us\u0142ug kurierskich oraz dedykowanych us\u0142ug w\u0142asnych skierowanych do wszystkich przedsi\u0119biorc\u00f3w, tak\u017ce tych, kt\u00f3rzy dopiero zaczynaj\u0105 swoj\u0105 dzia\u0142alno\u015b\u0107. Oferowane przez nas rozwi\u0105zania s\u0105 wykorzystywane przez firmy z bran\u017cy e-commerce, du\u017ce podmioty typu marketplace, ale r\u00f3wnie\u017c niewielkie firmy nadaj\u0105ce kilkana\u015bcie przesy\u0142ek miesi\u0119cznie. Konsekwentnie wspieramy firmy w rozwoju ich biznesu, udost\u0119pniaj\u0105c bez \u017cadnych op\u0142at gotowe narz\u0119dzia u\u0142atwiaj\u0105ce codzienn\u0105 logistyk\u0119. Nasi Klienci wysy\u0142aj\u0105 ponad 2,5 miliona przesy\u0142ek ka\u017cdego miesi\u0105ca korzystaj\u0105c z naszych unikalnych technologii. Nasze mocne strony: - Mo\u017cliwo\u015b\u0107 por\u00f3wnania ofert wiod\u0105cych firm kurierskich w Polsce i na \u015bwiecie: DHL, UPS, DPD, Fedex, Poczta Polska, Geis, InPost, GLS, Ambro, Hellmann i wielu innych, - Mo\u017cliwo\u015b\u0107 indywidualnego negocjowania stawek w zale\u017cno\u015bci od ilo\u015bci przesy\u0142ek i ich rodzaju (palety, p\u00f3\u0142palety, przesy\u0142ki krajowe, mi\u0119dzynarodowe), - Jedna, prosta integracja API z wieloma platformami e-commerce, marketplace i systemami ERP, WMS., daj\u0105ca dost\u0119p do ca\u0142ej naszej oferty kurierskiej, - Mo\u017cliwo\u015b\u0107 automatyzacji i optymalizacji proces\u00f3w wysy\u0142kowych, -Indywidualny Opiekun Handlowy zapewniaj\u0105cy wsparcie merytoryczne z zakresu rozwi\u0105za\u0144 kurierskich w zale\u017cno\u015bci od bran\u017cy Klienta, rodzaju przesy\u0142ek i metod dostawy, - Bezp\u0142atne integracje z 50 platformami sklepowymi, mo\u017cliwo\u015b\u0107 import\u00f3w (w tym Allegro) oraz wsparcie dzia\u0142u IT, -Personalizacja komunikacji z odbiorcami przesy\u0142ek na etapie post-checkout, modu\u0142 zwrot\u00f3w i analityka danych logistycznych, -Brak minim\u00f3w wysy\u0142kowych i wygodne formy rozlicze\u0144. Apaczka.pl: por\u00f3wnuj ceny kurier\u00f3w, automatyzuj procesy wysy\u0142kowe.\",\"legalName\":\"Alsendo sp. z o.o.\",\"foundingDate\":\"2009-08-17\",\"vatID\":\"PL8971840043\",\"taxID\":\"367328934\",\"numberOfEmployees\":{\"@type\":\"QuantitativeValue\",\"minValue\":\"51\",\"maxValue\":\"200\"}},{\"@type\":\"Person\",\"@id\":\"https:\\\/\\\/www.apaczka.pl\\\/en\\\/#\\\/schema\\\/person\\\/521f09ac7d5e35bdceaee9f99db0a9da\",\"name\":\"Apaczka\",\"image\":{\"@type\":\"ImageObject\",\"inLanguage\":\"en-US\",\"@id\":\"https:\\\/\\\/www.apaczka.pl\\\/app\\\/uploads\\\/2024\\\/07\\\/Alsendo-Favicon-Darker-Violet.svg\",\"url\":\"https:\\\/\\\/www.apaczka.pl\\\/app\\\/uploads\\\/2024\\\/07\\\/Alsendo-Favicon-Darker-Violet.svg\",\"contentUrl\":\"https:\\\/\\\/www.apaczka.pl\\\/app\\\/uploads\\\/2024\\\/07\\\/Alsendo-Favicon-Darker-Violet.svg\",\"caption\":\"Apaczka\"},\"sameAs\":[\"https:\\\/\\\/www.apaczka.pl\\\/wp\"],\"url\":\"https:\\\/\\\/www.apaczka.pl\\\/en\\\/blog\\\/author\\\/mc\\\/\"}]}<\/script>\n<!-- \/ Yoast SEO Premium plugin. -->","yoast_head_json":{"title":"Nowe us\u0142ugi Poczty Polskiej ju\u017c dost\u0119pne - Apaczka","robots":{"index":"noindex","follow":"follow"},"og_locale":"en_US","og_type":"article","og_title":"Nowe us\u0142ugi Poczty Polskiej ju\u017c dost\u0119pne","og_description":"Od 1 lipca 2022 r. nasi Klienci mog\u0105 ju\u017c korzysta\u0107 z nowych serwis\u00f3w kurierskich Poczty Polskiej. Przypominamy, \u017ce us\u0142ugi \u201cPoczta Polska Kurier 48\u201d i \u201cPoczta Polska Ekspress 24\u201d zosta\u0142y zast\u0105pione nowymi: \u201cPocztex Kurier\u201d i \u201cPocztex Punkt\u201d.","og_url":"https:\/\/www.apaczka.pl\/en\/aktualnosci\/nowe-uslugi-poczty-polskiej-juz-dostepne\/","og_site_name":"Apaczka","article_publisher":"https:\/\/www.facebook.com\/ApaczkaPL\/","article_modified_time":"2022-08-18T11:17:16+00:00","og_image":[{"width":1074,"height":456,"url":"https:\/\/www.apaczka.pl\/app\/uploads\/2022\/08\/Pocztex-komunikat-zmiany.png","type":"image\/png"}],"twitter_card":"summary_large_image","twitter_misc":{"Est. reading time":"2 minutes"},"schema":{"@context":"https:\/\/schema.org","@graph":[{"@type":"NewsArticle","@id":"https:\/\/www.apaczka.pl\/en\/aktualnosci\/nowe-uslugi-poczty-polskiej-juz-dostepne\/#article","isPartOf":{"@id":"https:\/\/www.apaczka.pl\/en\/aktualnosci\/nowe-uslugi-poczty-polskiej-juz-dostepne\/"},"author":{"name":"Apaczka","@id":"https:\/\/www.apaczka.pl\/en\/#\/schema\/person\/521f09ac7d5e35bdceaee9f99db0a9da"},"headline":"Nowe us\u0142ugi Poczty Polskiej ju\u017c dost\u0119pne","datePublished":"2022-07-01T11:14:00+00:00","dateModified":"2022-08-18T11:17:16+00:00","mainEntityOfPage":{"@id":"https:\/\/www.apaczka.pl\/en\/aktualnosci\/nowe-uslugi-poczty-polskiej-juz-dostepne\/"},"wordCount":306,"publisher":{"@id":"https:\/\/www.apaczka.pl\/en\/#organization"},"image":{"@id":"https:\/\/www.apaczka.pl\/en\/aktualnosci\/nowe-uslugi-poczty-polskiej-juz-dostepne\/#primaryimage"},"thumbnailUrl":"https:\/\/www.apaczka.pl\/app\/uploads\/2022\/08\/Pocztex-komunikat-zmiany.png","inLanguage":"en-US"},{"@type":"WebPage","@id":"https:\/\/www.apaczka.pl\/en\/aktualnosci\/nowe-uslugi-poczty-polskiej-juz-dostepne\/","url":"https:\/\/www.apaczka.pl\/en\/aktualnosci\/nowe-uslugi-poczty-polskiej-juz-dostepne\/","name":"Nowe us\u0142ugi Poczty Polskiej ju\u017c dost\u0119pne - Apaczka","isPartOf":{"@id":"https:\/\/www.apaczka.pl\/en\/#website"},"primaryImageOfPage":{"@id":"https:\/\/www.apaczka.pl\/en\/aktualnosci\/nowe-uslugi-poczty-polskiej-juz-dostepne\/#primaryimage"},"image":{"@id":"https:\/\/www.apaczka.pl\/en\/aktualnosci\/nowe-uslugi-poczty-polskiej-juz-dostepne\/#primaryimage"},"thumbnailUrl":"https:\/\/www.apaczka.pl\/app\/uploads\/2022\/08\/Pocztex-komunikat-zmiany.png","datePublished":"2022-07-01T11:14:00+00:00","dateModified":"2022-08-18T11:17:16+00:00","breadcrumb":{"@id":"https:\/\/www.apaczka.pl\/en\/aktualnosci\/nowe-uslugi-poczty-polskiej-juz-dostepne\/#breadcrumb"},"inLanguage":"en-US","potentialAction":[{"@type":"ReadAction","target":["https:\/\/www.apaczka.pl\/en\/aktualnosci\/nowe-uslugi-poczty-polskiej-juz-dostepne\/"]}]},{"@type":"ImageObject","inLanguage":"en-US","@id":"https:\/\/www.apaczka.pl\/en\/aktualnosci\/nowe-uslugi-poczty-polskiej-juz-dostepne\/#primaryimage","url":"https:\/\/www.apaczka.pl\/app\/uploads\/2022\/08\/Pocztex-komunikat-zmiany.png","contentUrl":"https:\/\/www.apaczka.pl\/app\/uploads\/2022\/08\/Pocztex-komunikat-zmiany.png","width":1074,"height":456},{"@type":"BreadcrumbList","@id":"https:\/\/www.apaczka.pl\/en\/aktualnosci\/nowe-uslugi-poczty-polskiej-juz-dostepne\/#breadcrumb","itemListElement":[{"@type":"ListItem","position":1,"name":"Apaczka","item":"https:\/\/www.apaczka.pl\/en\/"},{"@type":"ListItem","position":2,"name":"Aktualno\u015bci","item":"https:\/\/www.apaczka.pl\/en\/aktualnosci\/"},{"@type":"ListItem","position":3,"name":"Nowe us\u0142ugi Poczty Polskiej ju\u017c dost\u0119pne"}]},{"@type":"WebSite","@id":"https:\/\/www.apaczka.pl\/en\/#website","url":"https:\/\/www.apaczka.pl\/en\/","name":"Apaczka","description":"Rozwi\u0105zania do zarz\u0105dzania procesami wysy\u0142kowymi dla firm","publisher":{"@id":"https:\/\/www.apaczka.pl\/en\/#organization"},"potentialAction":[{"@type":"SearchAction","target":{"@type":"EntryPoint","urlTemplate":"https:\/\/www.apaczka.pl\/en\/?s={search_term_string}"},"query-input":{"@type":"PropertyValueSpecification","valueRequired":true,"valueName":"search_term_string"}}],"inLanguage":"en-US"},{"@type":"Organization","@id":"https:\/\/www.apaczka.pl\/en\/#organization","name":"Apaczka","url":"https:\/\/www.apaczka.pl\/en\/","logo":{"@type":"ImageObject","inLanguage":"en-US","@id":"https:\/\/www.apaczka.pl\/en\/#\/schema\/logo\/image\/","url":"https:\/\/www.apaczka.pl\/app\/uploads\/2024\/05\/cropped-Apaczka-Full-Logotype-Full-Color.png","contentUrl":"https:\/\/www.apaczka.pl\/app\/uploads\/2024\/05\/cropped-Apaczka-Full-Logotype-Full-Color.png","width":1337,"height":405,"caption":"Apaczka"},"image":{"@id":"https:\/\/www.apaczka.pl\/en\/#\/schema\/logo\/image\/"},"sameAs":["https:\/\/www.facebook.com\/ApaczkaPL\/","https:\/\/www.linkedin.com\/company\/apaczka-alsendo-sp-z-o-o\/","https:\/\/www.youtube.com\/@apaczka-by-alsendo","https:\/\/g.co\/kgs\/Ztnp4yQ","https:\/\/maps.app.goo.gl\/iUwRn8EGrQJAk4LB9","https:\/\/www.trustpilot.com\/review\/www.apaczka.pl","https:\/\/www.crunchbase.com\/organization\/apaczka","https:\/\/www.ekomi-pl.com\/opinie-apaczka.html","https:\/\/www.wikidata.org\/wiki\/Q135189453"],"description":"Apaczka.pl to platforma technologiczna do zarz\u0105dzania wysy\u0142kami i dostawami dla firm. Jeste\u015bmy sprawdzonym partnerem w zakresie proces\u00f3w wysy\u0142kowych dzia\u0142aj\u0105cym od ponad 15 lat na rynku. Integrujemy szeroki wachlarz us\u0142ug kurierskich oraz dedykowanych us\u0142ug w\u0142asnych skierowanych do wszystkich przedsi\u0119biorc\u00f3w, tak\u017ce tych, kt\u00f3rzy dopiero zaczynaj\u0105 swoj\u0105 dzia\u0142alno\u015b\u0107. Oferowane przez nas rozwi\u0105zania s\u0105 wykorzystywane przez firmy z bran\u017cy e-commerce, du\u017ce podmioty typu marketplace, ale r\u00f3wnie\u017c niewielkie firmy nadaj\u0105ce kilkana\u015bcie przesy\u0142ek miesi\u0119cznie. Konsekwentnie wspieramy firmy w rozwoju ich biznesu, udost\u0119pniaj\u0105c bez \u017cadnych op\u0142at gotowe narz\u0119dzia u\u0142atwiaj\u0105ce codzienn\u0105 logistyk\u0119. Nasi Klienci wysy\u0142aj\u0105 ponad 2,5 miliona przesy\u0142ek ka\u017cdego miesi\u0105ca korzystaj\u0105c z naszych unikalnych technologii. Nasze mocne strony: - Mo\u017cliwo\u015b\u0107 por\u00f3wnania ofert wiod\u0105cych firm kurierskich w Polsce i na \u015bwiecie: DHL, UPS, DPD, Fedex, Poczta Polska, Geis, InPost, GLS, Ambro, Hellmann i wielu innych, - Mo\u017cliwo\u015b\u0107 indywidualnego negocjowania stawek w zale\u017cno\u015bci od ilo\u015bci przesy\u0142ek i ich rodzaju (palety, p\u00f3\u0142palety, przesy\u0142ki krajowe, mi\u0119dzynarodowe), - Jedna, prosta integracja API z wieloma platformami e-commerce, marketplace i systemami ERP, WMS., daj\u0105ca dost\u0119p do ca\u0142ej naszej oferty kurierskiej, - Mo\u017cliwo\u015b\u0107 automatyzacji i optymalizacji proces\u00f3w wysy\u0142kowych, -Indywidualny Opiekun Handlowy zapewniaj\u0105cy wsparcie merytoryczne z zakresu rozwi\u0105za\u0144 kurierskich w zale\u017cno\u015bci od bran\u017cy Klienta, rodzaju przesy\u0142ek i metod dostawy, - Bezp\u0142atne integracje z 50 platformami sklepowymi, mo\u017cliwo\u015b\u0107 import\u00f3w (w tym Allegro) oraz wsparcie dzia\u0142u IT, -Personalizacja komunikacji z odbiorcami przesy\u0142ek na etapie post-checkout, modu\u0142 zwrot\u00f3w i analityka danych logistycznych, -Brak minim\u00f3w wysy\u0142kowych i wygodne formy rozlicze\u0144. Apaczka.pl: por\u00f3wnuj ceny kurier\u00f3w, automatyzuj procesy wysy\u0142kowe.","legalName":"Alsendo sp. z o.o.","foundingDate":"2009-08-17","vatID":"PL8971840043","taxID":"367328934","numberOfEmployees":{"@type":"QuantitativeValue","minValue":"51","maxValue":"200"}},{"@type":"Person","@id":"https:\/\/www.apaczka.pl\/en\/#\/schema\/person\/521f09ac7d5e35bdceaee9f99db0a9da","name":"Apaczka","image":{"@type":"ImageObject","inLanguage":"en-US","@id":"https:\/\/www.apaczka.pl\/app\/uploads\/2024\/07\/Alsendo-Favicon-Darker-Violet.svg","url":"https:\/\/www.apaczka.pl\/app\/uploads\/2024\/07\/Alsendo-Favicon-Darker-Violet.svg","contentUrl":"https:\/\/www.apaczka.pl\/app\/uploads\/2024\/07\/Alsendo-Favicon-Darker-Violet.svg","caption":"Apaczka"},"sameAs":["https:\/\/www.apaczka.pl\/wp"],"url":"https:\/\/www.apaczka.pl\/en\/blog\/author\/mc\/"}]}},"_links":{"self":[{"href":"https:\/\/www.apaczka.pl\/en\/wp-json\/wp\/v2\/news\/6109","targetHints":{"allow":["GET"]}}],"collection":[{"href":"https:\/\/www.apaczka.pl\/en\/wp-json\/wp\/v2\/news"}],"about":[{"href":"https:\/\/www.apaczka.pl\/en\/wp-json\/wp\/v2\/types\/news"}],"author":[{"embeddable":true,"href":"https:\/\/www.apaczka.pl\/en\/wp-json\/wp\/v2\/users\/1"}],"version-history":[{"count":3,"href":"https:\/\/www.apaczka.pl\/en\/wp-json\/wp\/v2\/news\/6109\/revisions"}],"predecessor-version":[{"id":6112,"href":"https:\/\/www.apaczka.pl\/en\/wp-json\/wp\/v2\/news\/6109\/revisions\/6112"}],"wp:featuredmedia":[{"embeddable":true,"href":"https:\/\/www.apaczka.pl\/en\/wp-json\/wp\/v2\/media\/6029"}],"wp:attachment":[{"href":"https:\/\/www.apaczka.pl\/en\/wp-json\/wp\/v2\/media?parent=6109"}],"wp:term":[{"taxonomy":"news_category","embeddable":true,"href":"https:\/\/www.apaczka.pl\/en\/wp-json\/wp\/v2\/news_category?post=6109"},{"taxonomy":"news_tag","embeddable":true,"href":"https:\/\/www.apaczka.pl\/en\/wp-json\/wp\/v2\/news_tag?post=6109"}],"curies":[{"name":"wp","href":"https:\/\/api.w.org\/{rel}","templated":true}]}}