{"id":5988,"date":"2022-04-08T09:26:00","date_gmt":"2022-04-08T09:26:00","guid":{"rendered":"https:\/\/www.apaczka.pl\/?post_type=news&#038;p=5988"},"modified":"2022-08-18T09:32:10","modified_gmt":"2022-08-18T09:32:10","slug":"ambro-express-promocja-na-wysylke-do-niemiec","status":"publish","type":"news","link":"https:\/\/www.apaczka.pl\/en\/aktualnosci\/ambro-express-promocja-na-wysylke-do-niemiec\/","title":{"rendered":"Ambro Express &#8211; promocja na wysy\u0142k\u0119 do Niemiec"},"content":{"rendered":"<div role=\"navigation\" aria-label=\"Table of Contents\" class=\"simpletoc table-of-contents wp-block-simpletoc-toc\"><h2 class=\"simpletoc-title\">Table of Contents<\/h2>\n<ul class=\"simpletoc-list\">\n<li><a href=\"#wysylka-paczek-do-niemiec-z-ambro-express-dlaczego-to-sie-oplaca\">Wysy\u0142ka paczek do Niemiec z Ambro Express &#8211; dlaczego to si\u0119 op\u0142aca?<\/a>\n\n<\/li>\n<li><a href=\"#firma-kurierska-ambro-express\">Firma kurierska Ambro Express<\/a>\n<\/li><\/ul><\/div>\n\n\n<p>Kwietniowy rabat<strong>\u00a0na us\u0142ugi Ambro Express do Niemiec<\/strong>\u00a0to wysy\u0142ka paczek nieforemnych, d\u0142u\u017cycowych, gabarytowych i palet ze zni\u017ck\u0105 15%! Je\u015bli wysy\u0142asz meble, akcesoria ogrodowe, rowery czy te\u017c artyku\u0142y budowlane to ta oferta jest dla Ciebie!<\/p>\n\n\n<h2 class=\"wp-block-heading\" id=\"wysylka-paczek-do-niemiec-z-ambro-express-dlaczego-to-sie-oplaca\">Wysy\u0142ka paczek do Niemiec z Ambro Express &#8211; dlaczego to si\u0119 op\u0142aca?<\/h2>\n\n\n<p>Je\u015bli chcesz wys\u0142a\u0107 paczk\u0119 do Niemiec i szukasz&nbsp;<strong>najkorzystniejszej oferty<\/strong>, skorzystaj z przewo\u017anika Ambro Express:<\/p>\n\n\n\n<ul class=\"wp-block-list\"><li>dwuj\u0119zyczna obs\u0142uga Klienta (j\u0119zyk polski i j\u0119zyk niemiecki);<\/li><li>przesy\u0142ki d\u0142u\u017cycowe o d\u0142ugo\u015bci od 200 do 400 cm;<\/li><li>przesy\u0142ki gabarytowe o wadze do 50 kg;<\/li><li>przesy\u0142ki paletowe o wadze do 200 kg;<\/li><li>paczki o nieregularnych kszta\u0142tach i bez konieczno\u015bci pakowania w karton;<\/li><li>brak dop\u0142at za przesy\u0142ki niestandardowe.<\/li><\/ul>\n\n\n<h2 class=\"wp-block-heading\" id=\"firma-kurierska-ambro-express\">Firma kurierska Ambro Express<\/h2>\n\n\n<p>Specjalizacj\u0105 przewo\u017anika Ambro Express jest&nbsp;<strong>transport przesy\u0142ek niestandardowych oraz du\u017cych gabarytowo<\/strong>, czyli takich, kt\u00f3re w jakimkolwiek stopniu odbiegaj\u0105 od og\u00f3lnych i szablonowych norm, obowi\u0105zuj\u0105cych w najpopularniejszych firmach kurierskich.<\/p>\n\n\n\n<p>Wysy\u0142aj\u0105c przez Apaczk\u0119 przesy\u0142k\u0119 do Niemiec przewo\u017anikiem Ambro Express mo\u017cesz skorzysta\u0107 z:<\/p>\n\n\n\n<p><strong>Biura Obs\u0142ugi Klienta w j\u0119zyku niemieckim:<\/strong><\/p>\n\n\n\n<ul class=\"wp-block-list\"><li>mailowo:\u00a0<a href=\"mailto:kundenservice@ambro.eu\">kundenservice@ambro.eu<\/a><\/li><li>telefonicznie: 0162 8850732 lub 0162 8961068<\/li><\/ul>\n\n\n\n<p><strong>Biura Obs\u0142ugi Klienta w j\u0119zyku polskim:<\/strong><\/p>\n\n\n\n<ul class=\"wp-block-list\"><li>telefonicznie: 503 509 200<\/li><li>mailowo:\u00a0bok@ambro.pl<\/li><\/ul>\n\n\n\n<p><strong>Dodatkowo masz mo\u017cliwo\u015b\u0107 na bie\u017c\u0105co \u015bledzi\u0107 paczk\u0119:<\/strong><\/p>\n\n\n\n<ul class=\"wp-block-list\"><li>Tracking w j\u0119zyku niemieckim:<a href=\"https:\/\/ambroexpress.de\/#trackPackage\">\u00a0https:\/\/ambroexpress.de\/#trackPackage<\/a><\/li><li>Tracking w j\u0119zyku polskim:<a href=\"https:\/\/ambroexpress.pl\/sledzenie-przesylek\/\">\u00a0https:\/\/ambroexpress.pl\/sledzenie-przesylek\/<\/a><\/li><\/ul>\n\n\n\n<p>Zaloguj si\u0119, sprawd\u017a nowe stawki i nadaj przesy\u0142k\u0119 z Ambro Express jeszcze dzisiaj!&nbsp;<\/p>\n","protected":false},"excerpt":{"rendered":"<p>Chcesz wys\u0142a\u0107 naprawd\u0119 du\u017c\u0105 paczk\u0119 do Niemiec? A mo\u017ce twoja przesy\u0142ka jest nietypowa i wymiarami lub kszta\u0142tem odbiega od okre\u015blenia \u201cstandardowej\u201d? Mamy dla ciebie wiosenn\u0105 okazj\u0119 specjaln\u0105 \u2013 kwietniow\u0105  zni\u017ck\u0119 na us\u0142ugi Ambro Express do Niemiec!<\/p>\n","protected":false},"author":1,"featured_media":5992,"template":"","meta":{"_acf_changed":false,"footnotes":""},"news_category":[],"news_tag":[],"class_list":["post-5988","news","type-news","status-publish","has-post-thumbnail","hentry"],"acf":[],"yoast_head":"<!-- This site is optimized with the Yoast SEO Premium plugin v27.3 (Yoast SEO v27.3) - https:\/\/yoast.com\/product\/yoast-seo-premium-wordpress\/ -->\n<title>Ambro Express - promocja na wysy\u0142k\u0119 do Niemiec - Apaczka<\/title>\n<meta name=\"robots\" content=\"noindex, follow\" \/>\n<meta property=\"og:locale\" content=\"en_US\" \/>\n<meta property=\"og:type\" content=\"article\" \/>\n<meta property=\"og:title\" content=\"Ambro Express - promocja na wysy\u0142k\u0119 do Niemiec\" \/>\n<meta property=\"og:description\" content=\"Chcesz wys\u0142a\u0107 naprawd\u0119 du\u017c\u0105 paczk\u0119 do Niemiec? A mo\u017ce twoja przesy\u0142ka jest nietypowa i wymiarami lub kszta\u0142tem odbiega od okre\u015blenia \u201cstandardowej\u201d? Mamy dla ciebie wiosenn\u0105 okazj\u0119 specjaln\u0105 \u2013 kwietniow\u0105 zni\u017ck\u0119 na us\u0142ugi Ambro Express do Niemiec!\" \/>\n<meta property=\"og:url\" content=\"https:\/\/www.apaczka.pl\/en\/aktualnosci\/ambro-express-promocja-na-wysylke-do-niemiec\/\" \/>\n<meta property=\"og:site_name\" content=\"Apaczka\" \/>\n<meta property=\"article:publisher\" content=\"https:\/\/www.facebook.com\/ApaczkaPL\/\" \/>\n<meta property=\"article:modified_time\" content=\"2022-08-18T09:32:10+00:00\" \/>\n<meta property=\"og:image\" content=\"https:\/\/www.apaczka.pl\/app\/uploads\/2022\/04\/aktualnosci-aktualnosci.jpg\" \/>\n\t<meta property=\"og:image:width\" content=\"1070\" \/>\n\t<meta property=\"og:image:height\" content=\"456\" \/>\n\t<meta property=\"og:image:type\" content=\"image\/jpeg\" \/>\n<meta name=\"twitter:card\" content=\"summary_large_image\" \/>\n<meta name=\"twitter:label1\" content=\"Est. reading time\" \/>\n\t<meta name=\"twitter:data1\" content=\"2 minutes\" \/>\n<script type=\"application\/ld+json\" class=\"yoast-schema-graph\">{\"@context\":\"https:\\\/\\\/schema.org\",\"@graph\":[{\"@type\":\"NewsArticle\",\"@id\":\"https:\\\/\\\/www.apaczka.pl\\\/en\\\/aktualnosci\\\/ambro-express-promocja-na-wysylke-do-niemiec\\\/#article\",\"isPartOf\":{\"@id\":\"https:\\\/\\\/www.apaczka.pl\\\/en\\\/aktualnosci\\\/ambro-express-promocja-na-wysylke-do-niemiec\\\/\"},\"author\":{\"name\":\"Apaczka\",\"@id\":\"https:\\\/\\\/www.apaczka.pl\\\/en\\\/#\\\/schema\\\/person\\\/521f09ac7d5e35bdceaee9f99db0a9da\"},\"headline\":\"Ambro Express &#8211; promocja na wysy\u0142k\u0119 do Niemiec\",\"datePublished\":\"2022-04-08T09:26:00+00:00\",\"dateModified\":\"2022-08-18T09:32:10+00:00\",\"mainEntityOfPage\":{\"@id\":\"https:\\\/\\\/www.apaczka.pl\\\/en\\\/aktualnosci\\\/ambro-express-promocja-na-wysylke-do-niemiec\\\/\"},\"wordCount\":267,\"publisher\":{\"@id\":\"https:\\\/\\\/www.apaczka.pl\\\/en\\\/#organization\"},\"image\":{\"@id\":\"https:\\\/\\\/www.apaczka.pl\\\/en\\\/aktualnosci\\\/ambro-express-promocja-na-wysylke-do-niemiec\\\/#primaryimage\"},\"thumbnailUrl\":\"https:\\\/\\\/www.apaczka.pl\\\/app\\\/uploads\\\/2022\\\/04\\\/aktualnosci-aktualnosci.jpg\",\"inLanguage\":\"en-US\"},{\"@type\":\"WebPage\",\"@id\":\"https:\\\/\\\/www.apaczka.pl\\\/en\\\/aktualnosci\\\/ambro-express-promocja-na-wysylke-do-niemiec\\\/\",\"url\":\"https:\\\/\\\/www.apaczka.pl\\\/en\\\/aktualnosci\\\/ambro-express-promocja-na-wysylke-do-niemiec\\\/\",\"name\":\"Ambro Express - promocja na wysy\u0142k\u0119 do Niemiec - Apaczka\",\"isPartOf\":{\"@id\":\"https:\\\/\\\/www.apaczka.pl\\\/en\\\/#website\"},\"primaryImageOfPage\":{\"@id\":\"https:\\\/\\\/www.apaczka.pl\\\/en\\\/aktualnosci\\\/ambro-express-promocja-na-wysylke-do-niemiec\\\/#primaryimage\"},\"image\":{\"@id\":\"https:\\\/\\\/www.apaczka.pl\\\/en\\\/aktualnosci\\\/ambro-express-promocja-na-wysylke-do-niemiec\\\/#primaryimage\"},\"thumbnailUrl\":\"https:\\\/\\\/www.apaczka.pl\\\/app\\\/uploads\\\/2022\\\/04\\\/aktualnosci-aktualnosci.jpg\",\"datePublished\":\"2022-04-08T09:26:00+00:00\",\"dateModified\":\"2022-08-18T09:32:10+00:00\",\"breadcrumb\":{\"@id\":\"https:\\\/\\\/www.apaczka.pl\\\/en\\\/aktualnosci\\\/ambro-express-promocja-na-wysylke-do-niemiec\\\/#breadcrumb\"},\"inLanguage\":\"en-US\",\"potentialAction\":[{\"@type\":\"ReadAction\",\"target\":[\"https:\\\/\\\/www.apaczka.pl\\\/en\\\/aktualnosci\\\/ambro-express-promocja-na-wysylke-do-niemiec\\\/\"]}]},{\"@type\":\"ImageObject\",\"inLanguage\":\"en-US\",\"@id\":\"https:\\\/\\\/www.apaczka.pl\\\/en\\\/aktualnosci\\\/ambro-express-promocja-na-wysylke-do-niemiec\\\/#primaryimage\",\"url\":\"https:\\\/\\\/www.apaczka.pl\\\/app\\\/uploads\\\/2022\\\/04\\\/aktualnosci-aktualnosci.jpg\",\"contentUrl\":\"https:\\\/\\\/www.apaczka.pl\\\/app\\\/uploads\\\/2022\\\/04\\\/aktualnosci-aktualnosci.jpg\",\"width\":1070,\"height\":456},{\"@type\":\"BreadcrumbList\",\"@id\":\"https:\\\/\\\/www.apaczka.pl\\\/en\\\/aktualnosci\\\/ambro-express-promocja-na-wysylke-do-niemiec\\\/#breadcrumb\",\"itemListElement\":[{\"@type\":\"ListItem\",\"position\":1,\"name\":\"Apaczka\",\"item\":\"https:\\\/\\\/www.apaczka.pl\\\/en\\\/\"},{\"@type\":\"ListItem\",\"position\":2,\"name\":\"Aktualno\u015bci\",\"item\":\"https:\\\/\\\/www.apaczka.pl\\\/en\\\/aktualnosci\\\/\"},{\"@type\":\"ListItem\",\"position\":3,\"name\":\"Ambro Express &#8211; promocja na wysy\u0142k\u0119 do Niemiec\"}]},{\"@type\":\"WebSite\",\"@id\":\"https:\\\/\\\/www.apaczka.pl\\\/en\\\/#website\",\"url\":\"https:\\\/\\\/www.apaczka.pl\\\/en\\\/\",\"name\":\"Apaczka\",\"description\":\"Rozwi\u0105zania do zarz\u0105dzania procesami wysy\u0142kowymi dla firm\",\"publisher\":{\"@id\":\"https:\\\/\\\/www.apaczka.pl\\\/en\\\/#organization\"},\"potentialAction\":[{\"@type\":\"SearchAction\",\"target\":{\"@type\":\"EntryPoint\",\"urlTemplate\":\"https:\\\/\\\/www.apaczka.pl\\\/en\\\/?s={search_term_string}\"},\"query-input\":{\"@type\":\"PropertyValueSpecification\",\"valueRequired\":true,\"valueName\":\"search_term_string\"}}],\"inLanguage\":\"en-US\"},{\"@type\":\"Organization\",\"@id\":\"https:\\\/\\\/www.apaczka.pl\\\/en\\\/#organization\",\"name\":\"Apaczka\",\"url\":\"https:\\\/\\\/www.apaczka.pl\\\/en\\\/\",\"logo\":{\"@type\":\"ImageObject\",\"inLanguage\":\"en-US\",\"@id\":\"https:\\\/\\\/www.apaczka.pl\\\/en\\\/#\\\/schema\\\/logo\\\/image\\\/\",\"url\":\"https:\\\/\\\/www.apaczka.pl\\\/app\\\/uploads\\\/2024\\\/05\\\/cropped-Apaczka-Full-Logotype-Full-Color.png\",\"contentUrl\":\"https:\\\/\\\/www.apaczka.pl\\\/app\\\/uploads\\\/2024\\\/05\\\/cropped-Apaczka-Full-Logotype-Full-Color.png\",\"width\":1337,\"height\":405,\"caption\":\"Apaczka\"},\"image\":{\"@id\":\"https:\\\/\\\/www.apaczka.pl\\\/en\\\/#\\\/schema\\\/logo\\\/image\\\/\"},\"sameAs\":[\"https:\\\/\\\/www.facebook.com\\\/ApaczkaPL\\\/\",\"https:\\\/\\\/www.linkedin.com\\\/company\\\/apaczka-alsendo-sp-z-o-o\\\/\",\"https:\\\/\\\/www.youtube.com\\\/@apaczka-by-alsendo\",\"https:\\\/\\\/g.co\\\/kgs\\\/Ztnp4yQ\",\"https:\\\/\\\/maps.app.goo.gl\\\/iUwRn8EGrQJAk4LB9\",\"https:\\\/\\\/www.trustpilot.com\\\/review\\\/www.apaczka.pl\",\"https:\\\/\\\/www.crunchbase.com\\\/organization\\\/apaczka\",\"https:\\\/\\\/www.ekomi-pl.com\\\/opinie-apaczka.html\",\"https:\\\/\\\/www.wikidata.org\\\/wiki\\\/Q135189453\"],\"description\":\"Apaczka.pl to platforma technologiczna do zarz\u0105dzania wysy\u0142kami i dostawami dla firm. Jeste\u015bmy sprawdzonym partnerem w zakresie proces\u00f3w wysy\u0142kowych dzia\u0142aj\u0105cym od ponad 15 lat na rynku. Integrujemy szeroki wachlarz us\u0142ug kurierskich oraz dedykowanych us\u0142ug w\u0142asnych skierowanych do wszystkich przedsi\u0119biorc\u00f3w, tak\u017ce tych, kt\u00f3rzy dopiero zaczynaj\u0105 swoj\u0105 dzia\u0142alno\u015b\u0107. Oferowane przez nas rozwi\u0105zania s\u0105 wykorzystywane przez firmy z bran\u017cy e-commerce, du\u017ce podmioty typu marketplace, ale r\u00f3wnie\u017c niewielkie firmy nadaj\u0105ce kilkana\u015bcie przesy\u0142ek miesi\u0119cznie. Konsekwentnie wspieramy firmy w rozwoju ich biznesu, udost\u0119pniaj\u0105c bez \u017cadnych op\u0142at gotowe narz\u0119dzia u\u0142atwiaj\u0105ce codzienn\u0105 logistyk\u0119. Nasi Klienci wysy\u0142aj\u0105 ponad 2,5 miliona przesy\u0142ek ka\u017cdego miesi\u0105ca korzystaj\u0105c z naszych unikalnych technologii. Nasze mocne strony: - Mo\u017cliwo\u015b\u0107 por\u00f3wnania ofert wiod\u0105cych firm kurierskich w Polsce i na \u015bwiecie: DHL, UPS, DPD, Fedex, Poczta Polska, Geis, InPost, GLS, Ambro, Hellmann i wielu innych, - Mo\u017cliwo\u015b\u0107 indywidualnego negocjowania stawek w zale\u017cno\u015bci od ilo\u015bci przesy\u0142ek i ich rodzaju (palety, p\u00f3\u0142palety, przesy\u0142ki krajowe, mi\u0119dzynarodowe), - Jedna, prosta integracja API z wieloma platformami e-commerce, marketplace i systemami ERP, WMS., daj\u0105ca dost\u0119p do ca\u0142ej naszej oferty kurierskiej, - Mo\u017cliwo\u015b\u0107 automatyzacji i optymalizacji proces\u00f3w wysy\u0142kowych, -Indywidualny Opiekun Handlowy zapewniaj\u0105cy wsparcie merytoryczne z zakresu rozwi\u0105za\u0144 kurierskich w zale\u017cno\u015bci od bran\u017cy Klienta, rodzaju przesy\u0142ek i metod dostawy, - Bezp\u0142atne integracje z 50 platformami sklepowymi, mo\u017cliwo\u015b\u0107 import\u00f3w (w tym Allegro) oraz wsparcie dzia\u0142u IT, -Personalizacja komunikacji z odbiorcami przesy\u0142ek na etapie post-checkout, modu\u0142 zwrot\u00f3w i analityka danych logistycznych, -Brak minim\u00f3w wysy\u0142kowych i wygodne formy rozlicze\u0144. Apaczka.pl: por\u00f3wnuj ceny kurier\u00f3w, automatyzuj procesy wysy\u0142kowe.\",\"legalName\":\"Alsendo sp. z o.o.\",\"foundingDate\":\"2009-08-17\",\"vatID\":\"PL8971840043\",\"taxID\":\"367328934\",\"numberOfEmployees\":{\"@type\":\"QuantitativeValue\",\"minValue\":\"51\",\"maxValue\":\"200\"}},{\"@type\":\"Person\",\"@id\":\"https:\\\/\\\/www.apaczka.pl\\\/en\\\/#\\\/schema\\\/person\\\/521f09ac7d5e35bdceaee9f99db0a9da\",\"name\":\"Apaczka\",\"image\":{\"@type\":\"ImageObject\",\"inLanguage\":\"en-US\",\"@id\":\"https:\\\/\\\/www.apaczka.pl\\\/app\\\/uploads\\\/2024\\\/07\\\/Alsendo-Favicon-Darker-Violet.svg\",\"url\":\"https:\\\/\\\/www.apaczka.pl\\\/app\\\/uploads\\\/2024\\\/07\\\/Alsendo-Favicon-Darker-Violet.svg\",\"contentUrl\":\"https:\\\/\\\/www.apaczka.pl\\\/app\\\/uploads\\\/2024\\\/07\\\/Alsendo-Favicon-Darker-Violet.svg\",\"caption\":\"Apaczka\"},\"sameAs\":[\"https:\\\/\\\/www.apaczka.pl\\\/wp\"],\"url\":\"https:\\\/\\\/www.apaczka.pl\\\/en\\\/blog\\\/author\\\/mc\\\/\"}]}<\/script>\n<!-- \/ Yoast SEO Premium plugin. -->","yoast_head_json":{"title":"Ambro Express - promocja na wysy\u0142k\u0119 do Niemiec - Apaczka","robots":{"index":"noindex","follow":"follow"},"og_locale":"en_US","og_type":"article","og_title":"Ambro Express - promocja na wysy\u0142k\u0119 do Niemiec","og_description":"Chcesz wys\u0142a\u0107 naprawd\u0119 du\u017c\u0105 paczk\u0119 do Niemiec? A mo\u017ce twoja przesy\u0142ka jest nietypowa i wymiarami lub kszta\u0142tem odbiega od okre\u015blenia \u201cstandardowej\u201d? Mamy dla ciebie wiosenn\u0105 okazj\u0119 specjaln\u0105 \u2013 kwietniow\u0105 zni\u017ck\u0119 na us\u0142ugi Ambro Express do Niemiec!","og_url":"https:\/\/www.apaczka.pl\/en\/aktualnosci\/ambro-express-promocja-na-wysylke-do-niemiec\/","og_site_name":"Apaczka","article_publisher":"https:\/\/www.facebook.com\/ApaczkaPL\/","article_modified_time":"2022-08-18T09:32:10+00:00","og_image":[{"width":1070,"height":456,"url":"https:\/\/www.apaczka.pl\/app\/uploads\/2022\/04\/aktualnosci-aktualnosci.jpg","type":"image\/jpeg"}],"twitter_card":"summary_large_image","twitter_misc":{"Est. reading time":"2 minutes"},"schema":{"@context":"https:\/\/schema.org","@graph":[{"@type":"NewsArticle","@id":"https:\/\/www.apaczka.pl\/en\/aktualnosci\/ambro-express-promocja-na-wysylke-do-niemiec\/#article","isPartOf":{"@id":"https:\/\/www.apaczka.pl\/en\/aktualnosci\/ambro-express-promocja-na-wysylke-do-niemiec\/"},"author":{"name":"Apaczka","@id":"https:\/\/www.apaczka.pl\/en\/#\/schema\/person\/521f09ac7d5e35bdceaee9f99db0a9da"},"headline":"Ambro Express &#8211; promocja na wysy\u0142k\u0119 do Niemiec","datePublished":"2022-04-08T09:26:00+00:00","dateModified":"2022-08-18T09:32:10+00:00","mainEntityOfPage":{"@id":"https:\/\/www.apaczka.pl\/en\/aktualnosci\/ambro-express-promocja-na-wysylke-do-niemiec\/"},"wordCount":267,"publisher":{"@id":"https:\/\/www.apaczka.pl\/en\/#organization"},"image":{"@id":"https:\/\/www.apaczka.pl\/en\/aktualnosci\/ambro-express-promocja-na-wysylke-do-niemiec\/#primaryimage"},"thumbnailUrl":"https:\/\/www.apaczka.pl\/app\/uploads\/2022\/04\/aktualnosci-aktualnosci.jpg","inLanguage":"en-US"},{"@type":"WebPage","@id":"https:\/\/www.apaczka.pl\/en\/aktualnosci\/ambro-express-promocja-na-wysylke-do-niemiec\/","url":"https:\/\/www.apaczka.pl\/en\/aktualnosci\/ambro-express-promocja-na-wysylke-do-niemiec\/","name":"Ambro Express - promocja na wysy\u0142k\u0119 do Niemiec - Apaczka","isPartOf":{"@id":"https:\/\/www.apaczka.pl\/en\/#website"},"primaryImageOfPage":{"@id":"https:\/\/www.apaczka.pl\/en\/aktualnosci\/ambro-express-promocja-na-wysylke-do-niemiec\/#primaryimage"},"image":{"@id":"https:\/\/www.apaczka.pl\/en\/aktualnosci\/ambro-express-promocja-na-wysylke-do-niemiec\/#primaryimage"},"thumbnailUrl":"https:\/\/www.apaczka.pl\/app\/uploads\/2022\/04\/aktualnosci-aktualnosci.jpg","datePublished":"2022-04-08T09:26:00+00:00","dateModified":"2022-08-18T09:32:10+00:00","breadcrumb":{"@id":"https:\/\/www.apaczka.pl\/en\/aktualnosci\/ambro-express-promocja-na-wysylke-do-niemiec\/#breadcrumb"},"inLanguage":"en-US","potentialAction":[{"@type":"ReadAction","target":["https:\/\/www.apaczka.pl\/en\/aktualnosci\/ambro-express-promocja-na-wysylke-do-niemiec\/"]}]},{"@type":"ImageObject","inLanguage":"en-US","@id":"https:\/\/www.apaczka.pl\/en\/aktualnosci\/ambro-express-promocja-na-wysylke-do-niemiec\/#primaryimage","url":"https:\/\/www.apaczka.pl\/app\/uploads\/2022\/04\/aktualnosci-aktualnosci.jpg","contentUrl":"https:\/\/www.apaczka.pl\/app\/uploads\/2022\/04\/aktualnosci-aktualnosci.jpg","width":1070,"height":456},{"@type":"BreadcrumbList","@id":"https:\/\/www.apaczka.pl\/en\/aktualnosci\/ambro-express-promocja-na-wysylke-do-niemiec\/#breadcrumb","itemListElement":[{"@type":"ListItem","position":1,"name":"Apaczka","item":"https:\/\/www.apaczka.pl\/en\/"},{"@type":"ListItem","position":2,"name":"Aktualno\u015bci","item":"https:\/\/www.apaczka.pl\/en\/aktualnosci\/"},{"@type":"ListItem","position":3,"name":"Ambro Express &#8211; promocja na wysy\u0142k\u0119 do Niemiec"}]},{"@type":"WebSite","@id":"https:\/\/www.apaczka.pl\/en\/#website","url":"https:\/\/www.apaczka.pl\/en\/","name":"Apaczka","description":"Rozwi\u0105zania do zarz\u0105dzania procesami wysy\u0142kowymi dla firm","publisher":{"@id":"https:\/\/www.apaczka.pl\/en\/#organization"},"potentialAction":[{"@type":"SearchAction","target":{"@type":"EntryPoint","urlTemplate":"https:\/\/www.apaczka.pl\/en\/?s={search_term_string}"},"query-input":{"@type":"PropertyValueSpecification","valueRequired":true,"valueName":"search_term_string"}}],"inLanguage":"en-US"},{"@type":"Organization","@id":"https:\/\/www.apaczka.pl\/en\/#organization","name":"Apaczka","url":"https:\/\/www.apaczka.pl\/en\/","logo":{"@type":"ImageObject","inLanguage":"en-US","@id":"https:\/\/www.apaczka.pl\/en\/#\/schema\/logo\/image\/","url":"https:\/\/www.apaczka.pl\/app\/uploads\/2024\/05\/cropped-Apaczka-Full-Logotype-Full-Color.png","contentUrl":"https:\/\/www.apaczka.pl\/app\/uploads\/2024\/05\/cropped-Apaczka-Full-Logotype-Full-Color.png","width":1337,"height":405,"caption":"Apaczka"},"image":{"@id":"https:\/\/www.apaczka.pl\/en\/#\/schema\/logo\/image\/"},"sameAs":["https:\/\/www.facebook.com\/ApaczkaPL\/","https:\/\/www.linkedin.com\/company\/apaczka-alsendo-sp-z-o-o\/","https:\/\/www.youtube.com\/@apaczka-by-alsendo","https:\/\/g.co\/kgs\/Ztnp4yQ","https:\/\/maps.app.goo.gl\/iUwRn8EGrQJAk4LB9","https:\/\/www.trustpilot.com\/review\/www.apaczka.pl","https:\/\/www.crunchbase.com\/organization\/apaczka","https:\/\/www.ekomi-pl.com\/opinie-apaczka.html","https:\/\/www.wikidata.org\/wiki\/Q135189453"],"description":"Apaczka.pl to platforma technologiczna do zarz\u0105dzania wysy\u0142kami i dostawami dla firm. Jeste\u015bmy sprawdzonym partnerem w zakresie proces\u00f3w wysy\u0142kowych dzia\u0142aj\u0105cym od ponad 15 lat na rynku. Integrujemy szeroki wachlarz us\u0142ug kurierskich oraz dedykowanych us\u0142ug w\u0142asnych skierowanych do wszystkich przedsi\u0119biorc\u00f3w, tak\u017ce tych, kt\u00f3rzy dopiero zaczynaj\u0105 swoj\u0105 dzia\u0142alno\u015b\u0107. Oferowane przez nas rozwi\u0105zania s\u0105 wykorzystywane przez firmy z bran\u017cy e-commerce, du\u017ce podmioty typu marketplace, ale r\u00f3wnie\u017c niewielkie firmy nadaj\u0105ce kilkana\u015bcie przesy\u0142ek miesi\u0119cznie. Konsekwentnie wspieramy firmy w rozwoju ich biznesu, udost\u0119pniaj\u0105c bez \u017cadnych op\u0142at gotowe narz\u0119dzia u\u0142atwiaj\u0105ce codzienn\u0105 logistyk\u0119. Nasi Klienci wysy\u0142aj\u0105 ponad 2,5 miliona przesy\u0142ek ka\u017cdego miesi\u0105ca korzystaj\u0105c z naszych unikalnych technologii. Nasze mocne strony: - Mo\u017cliwo\u015b\u0107 por\u00f3wnania ofert wiod\u0105cych firm kurierskich w Polsce i na \u015bwiecie: DHL, UPS, DPD, Fedex, Poczta Polska, Geis, InPost, GLS, Ambro, Hellmann i wielu innych, - Mo\u017cliwo\u015b\u0107 indywidualnego negocjowania stawek w zale\u017cno\u015bci od ilo\u015bci przesy\u0142ek i ich rodzaju (palety, p\u00f3\u0142palety, przesy\u0142ki krajowe, mi\u0119dzynarodowe), - Jedna, prosta integracja API z wieloma platformami e-commerce, marketplace i systemami ERP, WMS., daj\u0105ca dost\u0119p do ca\u0142ej naszej oferty kurierskiej, - Mo\u017cliwo\u015b\u0107 automatyzacji i optymalizacji proces\u00f3w wysy\u0142kowych, -Indywidualny Opiekun Handlowy zapewniaj\u0105cy wsparcie merytoryczne z zakresu rozwi\u0105za\u0144 kurierskich w zale\u017cno\u015bci od bran\u017cy Klienta, rodzaju przesy\u0142ek i metod dostawy, - Bezp\u0142atne integracje z 50 platformami sklepowymi, mo\u017cliwo\u015b\u0107 import\u00f3w (w tym Allegro) oraz wsparcie dzia\u0142u IT, -Personalizacja komunikacji z odbiorcami przesy\u0142ek na etapie post-checkout, modu\u0142 zwrot\u00f3w i analityka danych logistycznych, -Brak minim\u00f3w wysy\u0142kowych i wygodne formy rozlicze\u0144. Apaczka.pl: por\u00f3wnuj ceny kurier\u00f3w, automatyzuj procesy wysy\u0142kowe.","legalName":"Alsendo sp. z o.o.","foundingDate":"2009-08-17","vatID":"PL8971840043","taxID":"367328934","numberOfEmployees":{"@type":"QuantitativeValue","minValue":"51","maxValue":"200"}},{"@type":"Person","@id":"https:\/\/www.apaczka.pl\/en\/#\/schema\/person\/521f09ac7d5e35bdceaee9f99db0a9da","name":"Apaczka","image":{"@type":"ImageObject","inLanguage":"en-US","@id":"https:\/\/www.apaczka.pl\/app\/uploads\/2024\/07\/Alsendo-Favicon-Darker-Violet.svg","url":"https:\/\/www.apaczka.pl\/app\/uploads\/2024\/07\/Alsendo-Favicon-Darker-Violet.svg","contentUrl":"https:\/\/www.apaczka.pl\/app\/uploads\/2024\/07\/Alsendo-Favicon-Darker-Violet.svg","caption":"Apaczka"},"sameAs":["https:\/\/www.apaczka.pl\/wp"],"url":"https:\/\/www.apaczka.pl\/en\/blog\/author\/mc\/"}]}},"_links":{"self":[{"href":"https:\/\/www.apaczka.pl\/en\/wp-json\/wp\/v2\/news\/5988","targetHints":{"allow":["GET"]}}],"collection":[{"href":"https:\/\/www.apaczka.pl\/en\/wp-json\/wp\/v2\/news"}],"about":[{"href":"https:\/\/www.apaczka.pl\/en\/wp-json\/wp\/v2\/types\/news"}],"author":[{"embeddable":true,"href":"https:\/\/www.apaczka.pl\/en\/wp-json\/wp\/v2\/users\/1"}],"version-history":[{"count":2,"href":"https:\/\/www.apaczka.pl\/en\/wp-json\/wp\/v2\/news\/5988\/revisions"}],"predecessor-version":[{"id":5995,"href":"https:\/\/www.apaczka.pl\/en\/wp-json\/wp\/v2\/news\/5988\/revisions\/5995"}],"wp:featuredmedia":[{"embeddable":true,"href":"https:\/\/www.apaczka.pl\/en\/wp-json\/wp\/v2\/media\/5992"}],"wp:attachment":[{"href":"https:\/\/www.apaczka.pl\/en\/wp-json\/wp\/v2\/media?parent=5988"}],"wp:term":[{"taxonomy":"news_category","embeddable":true,"href":"https:\/\/www.apaczka.pl\/en\/wp-json\/wp\/v2\/news_category?post=5988"},{"taxonomy":"news_tag","embeddable":true,"href":"https:\/\/www.apaczka.pl\/en\/wp-json\/wp\/v2\/news_tag?post=5988"}],"curies":[{"name":"wp","href":"https:\/\/api.w.org\/{rel}","templated":true}]}}