{"id":5965,"date":"2021-11-18T08:30:00","date_gmt":"2021-11-18T08:30:00","guid":{"rendered":"https:\/\/www.apaczka.pl\/?post_type=news&#038;p=5965"},"modified":"2022-08-18T08:45:17","modified_gmt":"2022-08-18T08:45:17","slug":"apaczka-pl-rozpoczela-wspolprace-z-santander-bank-polska","status":"publish","type":"news","link":"https:\/\/www.apaczka.pl\/en\/aktualnosci\/apaczka-pl-rozpoczela-wspolprace-z-santander-bank-polska\/","title":{"rendered":"Apaczka.pl rozpocz\u0119\u0142a wsp\u00f3\u0142prac\u0119 z Santander Bank Polska"},"content":{"rendered":"<h2 class=\"wp-block-heading\" id=\"na-czym-polega-oferta\">Na czym polega oferta?<\/h2>\n\n\n<p>Oferta specjalna skierowana jest do os\u00f3b, kt\u00f3re chc\u0105 rozpocz\u0105\u0107 sprzeda\u017c przez Internet lub ju\u017c prowadz\u0105 sw\u00f3j biznes online oraz b\u0119d\u0105 posiada\u0107 konto firmowe w Santander Bank Polska. Je\u015bli zak\u0142adasz nowy lub masz dzia\u0142aj\u0105cy sklep online, mo\u017cesz&nbsp;<a href=\"https:\/\/www.apaczka.pl\/integracje\/\" target=\"_blank\" rel=\"noreferrer noopener\">zintegrowa\u0107<\/a>&nbsp;z us\u0142ugami logistycznymi Apaczka.pl. Pozwoli to znacz\u0105co przyspieszy\u0107 realizacj\u0119 internetowych zam\u00f3wie\u0144, nawet je\u017celi wysy\u0142asz jeszcze niewielkie liczby paczek. Us\u0142ugi Apaczka.pl tak\u017ce \u0142atwo zintegrujesz z platform\u0105 Shoper.<\/p>\n\n\n<h2 class=\"wp-block-heading\" id=\"jak-uzyskac-kod-rabatowy-santander-bank-polska\">Jak uzyska\u0107 kod rabatowy Santander Bank Polska?<\/h2>\n\n\n<p>Wystarczy, \u017ce wygenerujesz kod rabatowy przez specjalny&nbsp;<a href=\"https:\/\/www.santander.pl\/firmy\/uslugi-dla-firm\/esklep\" target=\"_blank\" rel=\"noreferrer noopener\">formularz zg\u0142oszeniowy<\/a>&nbsp;i zapiszesz go, a nast\u0119pnie zarejestrujesz swoje konto na Apaczka.pl. Podczas rejestracji konta w polu \u201copcjonalny kod rabatowy\u201d wpisz wygenerowany wcze\u015bniej kod i doko\u0144cz rejestracj\u0119 zgodnie ze wskaz\u00f3wkami.<\/p>\n\n\n\n<p><\/p>\n\n\n<h2 class=\"wp-block-heading\" id=\"co-zyskasz-dzieki-tej-dedykowanej-ofercie\">Co zyskasz dzi\u0119ki tej dedykowanej ofercie?<\/h2>\n\n\n<p>Klienci zainteresowani t\u0105 us\u0142ug\u0105 i rejestruj\u0105cy konto wed\u0142ug powy\u017cszych wskaz\u00f3wek zyskaj\u0105 15% rabatu na nadawanie dowolnej liczby przesy\u0142ek w serwisie Apaczka.pl przez pierwsze 3 miesi\u0105ce. Z tego rabatu mo\u017cesz skorzysta\u0107 w dowolnym momencie do 30 wrze\u015bnia 2022 roku.<\/p>\n\n\n<h2 class=\"wp-block-heading\" id=\"zasady-przystapienia-do-promocji\">Zasady przyst\u0105pienia do promocji<\/h2>\n\n\n<p>Je\u015bli posiadasz konto firmowe lub otworzysz konto firmowe z Kart\u0105 VISA w Santander Bank Polska w okresie trwania promocji, mo\u017cesz do niej przyst\u0105pi\u0107.<\/p>\n\n\n\n<p>Wystarczy, \u017ce wype\u0142nisz i wy\u015blesz formularz zg\u0142oszeniowy w okresie od 18 pa\u017adziernika 2021 do 30 wrze\u015bnia 2022 w\u0142\u0105cznie. Formularz zg\u0142oszeniowy jest dost\u0119pny tutaj:\u00a0<a href=\"https:\/\/www.santander.pl\/firmy\/uslugi-dla-firm\/esklep\" target=\"_blank\" rel=\"noreferrer noopener\">https:\/\/www.santander.pl\/firmy\/uslugi-dla-firm\/esklep<\/a><\/p>\n\n\n\n<p>Gdy wype\u0142nisz i wy\u015blesz formularz, otrzymasz kod rabatowy oraz instrukcj\u0119 jego u\u017cycia na podany przez Ciebie adres e-mail. Pami\u0119taj, \u017ce kod rabatowy jest jednorazowy i nie mo\u017cna wykorzysta\u0107 go po raz drugi.<\/p>\n","protected":false},"excerpt":{"rendered":"<p>Je\u015bli szukasz dodatkowego wsparcia w rozwoju swojego e-biznesu, to pomo\u017ce ci promocja przygotowana wsp\u00f3lnie przez Apaczka.pl i Santander Bank Polska. Oferta skierowana jest do os\u00f3b chc\u0105cych rozpocz\u0105\u0107 sprzeda\u017c w Internecie oraz dla e-sklep\u00f3w, kt\u00f3re ju\u017c funkcjonuj\u0105 w sieci.<\/p>\n","protected":false},"author":1,"featured_media":5966,"template":"","meta":{"_acf_changed":false,"footnotes":""},"news_category":[],"news_tag":[],"class_list":["post-5965","news","type-news","status-publish","has-post-thumbnail","hentry"],"acf":[],"yoast_head":"<!-- This site is optimized with the Yoast SEO Premium plugin v27.3 (Yoast SEO v27.3) - https:\/\/yoast.com\/product\/yoast-seo-premium-wordpress\/ -->\n<title>Apaczka.pl rozpocz\u0119\u0142a wsp\u00f3\u0142prac\u0119 z Santander Bank Polska - Apaczka<\/title>\n<meta name=\"robots\" content=\"noindex, follow\" \/>\n<meta property=\"og:locale\" content=\"en_US\" \/>\n<meta property=\"og:type\" content=\"article\" \/>\n<meta property=\"og:title\" content=\"Apaczka.pl rozpocz\u0119\u0142a wsp\u00f3\u0142prac\u0119 z Santander Bank Polska\" \/>\n<meta property=\"og:description\" content=\"Je\u015bli szukasz dodatkowego wsparcia w rozwoju swojego e-biznesu, to pomo\u017ce ci promocja przygotowana wsp\u00f3lnie przez Apaczka.pl i Santander Bank Polska. Oferta skierowana jest do os\u00f3b chc\u0105cych rozpocz\u0105\u0107 sprzeda\u017c w Internecie oraz dla e-sklep\u00f3w, kt\u00f3re ju\u017c funkcjonuj\u0105 w sieci.\" \/>\n<meta property=\"og:url\" content=\"https:\/\/www.apaczka.pl\/en\/aktualnosci\/apaczka-pl-rozpoczela-wspolprace-z-santander-bank-polska\/\" \/>\n<meta property=\"og:site_name\" content=\"Apaczka\" \/>\n<meta property=\"article:publisher\" content=\"https:\/\/www.facebook.com\/ApaczkaPL\/\" \/>\n<meta property=\"article:modified_time\" content=\"2022-08-18T08:45:17+00:00\" \/>\n<meta property=\"og:image\" content=\"https:\/\/www.apaczka.pl\/app\/uploads\/2022\/08\/logosantander_1024x267.png\" \/>\n\t<meta property=\"og:image:width\" content=\"1021\" \/>\n\t<meta property=\"og:image:height\" content=\"456\" \/>\n\t<meta property=\"og:image:type\" content=\"image\/png\" \/>\n<meta name=\"twitter:card\" content=\"summary_large_image\" \/>\n<meta name=\"twitter:label1\" content=\"Est. reading time\" \/>\n\t<meta name=\"twitter:data1\" content=\"2 minutes\" \/>\n<script type=\"application\/ld+json\" class=\"yoast-schema-graph\">{\"@context\":\"https:\\\/\\\/schema.org\",\"@graph\":[{\"@type\":\"NewsArticle\",\"@id\":\"https:\\\/\\\/www.apaczka.pl\\\/en\\\/aktualnosci\\\/apaczka-pl-rozpoczela-wspolprace-z-santander-bank-polska\\\/#article\",\"isPartOf\":{\"@id\":\"https:\\\/\\\/www.apaczka.pl\\\/en\\\/aktualnosci\\\/apaczka-pl-rozpoczela-wspolprace-z-santander-bank-polska\\\/\"},\"author\":{\"name\":\"Apaczka\",\"@id\":\"https:\\\/\\\/www.apaczka.pl\\\/en\\\/#\\\/schema\\\/person\\\/521f09ac7d5e35bdceaee9f99db0a9da\"},\"headline\":\"Apaczka.pl rozpocz\u0119\u0142a wsp\u00f3\u0142prac\u0119 z Santander Bank Polska\",\"datePublished\":\"2021-11-18T08:30:00+00:00\",\"dateModified\":\"2022-08-18T08:45:17+00:00\",\"mainEntityOfPage\":{\"@id\":\"https:\\\/\\\/www.apaczka.pl\\\/en\\\/aktualnosci\\\/apaczka-pl-rozpoczela-wspolprace-z-santander-bank-polska\\\/\"},\"wordCount\":302,\"publisher\":{\"@id\":\"https:\\\/\\\/www.apaczka.pl\\\/en\\\/#organization\"},\"image\":{\"@id\":\"https:\\\/\\\/www.apaczka.pl\\\/en\\\/aktualnosci\\\/apaczka-pl-rozpoczela-wspolprace-z-santander-bank-polska\\\/#primaryimage\"},\"thumbnailUrl\":\"https:\\\/\\\/www.apaczka.pl\\\/app\\\/uploads\\\/2022\\\/08\\\/logosantander_1024x267.png\",\"inLanguage\":\"en-US\"},{\"@type\":\"WebPage\",\"@id\":\"https:\\\/\\\/www.apaczka.pl\\\/en\\\/aktualnosci\\\/apaczka-pl-rozpoczela-wspolprace-z-santander-bank-polska\\\/\",\"url\":\"https:\\\/\\\/www.apaczka.pl\\\/en\\\/aktualnosci\\\/apaczka-pl-rozpoczela-wspolprace-z-santander-bank-polska\\\/\",\"name\":\"Apaczka.pl rozpocz\u0119\u0142a wsp\u00f3\u0142prac\u0119 z Santander Bank Polska - Apaczka\",\"isPartOf\":{\"@id\":\"https:\\\/\\\/www.apaczka.pl\\\/en\\\/#website\"},\"primaryImageOfPage\":{\"@id\":\"https:\\\/\\\/www.apaczka.pl\\\/en\\\/aktualnosci\\\/apaczka-pl-rozpoczela-wspolprace-z-santander-bank-polska\\\/#primaryimage\"},\"image\":{\"@id\":\"https:\\\/\\\/www.apaczka.pl\\\/en\\\/aktualnosci\\\/apaczka-pl-rozpoczela-wspolprace-z-santander-bank-polska\\\/#primaryimage\"},\"thumbnailUrl\":\"https:\\\/\\\/www.apaczka.pl\\\/app\\\/uploads\\\/2022\\\/08\\\/logosantander_1024x267.png\",\"datePublished\":\"2021-11-18T08:30:00+00:00\",\"dateModified\":\"2022-08-18T08:45:17+00:00\",\"breadcrumb\":{\"@id\":\"https:\\\/\\\/www.apaczka.pl\\\/en\\\/aktualnosci\\\/apaczka-pl-rozpoczela-wspolprace-z-santander-bank-polska\\\/#breadcrumb\"},\"inLanguage\":\"en-US\",\"potentialAction\":[{\"@type\":\"ReadAction\",\"target\":[\"https:\\\/\\\/www.apaczka.pl\\\/en\\\/aktualnosci\\\/apaczka-pl-rozpoczela-wspolprace-z-santander-bank-polska\\\/\"]}]},{\"@type\":\"ImageObject\",\"inLanguage\":\"en-US\",\"@id\":\"https:\\\/\\\/www.apaczka.pl\\\/en\\\/aktualnosci\\\/apaczka-pl-rozpoczela-wspolprace-z-santander-bank-polska\\\/#primaryimage\",\"url\":\"https:\\\/\\\/www.apaczka.pl\\\/app\\\/uploads\\\/2022\\\/08\\\/logosantander_1024x267.png\",\"contentUrl\":\"https:\\\/\\\/www.apaczka.pl\\\/app\\\/uploads\\\/2022\\\/08\\\/logosantander_1024x267.png\",\"width\":1021,\"height\":456},{\"@type\":\"BreadcrumbList\",\"@id\":\"https:\\\/\\\/www.apaczka.pl\\\/en\\\/aktualnosci\\\/apaczka-pl-rozpoczela-wspolprace-z-santander-bank-polska\\\/#breadcrumb\",\"itemListElement\":[{\"@type\":\"ListItem\",\"position\":1,\"name\":\"Apaczka\",\"item\":\"https:\\\/\\\/www.apaczka.pl\\\/en\\\/\"},{\"@type\":\"ListItem\",\"position\":2,\"name\":\"Aktualno\u015bci\",\"item\":\"https:\\\/\\\/www.apaczka.pl\\\/en\\\/aktualnosci\\\/\"},{\"@type\":\"ListItem\",\"position\":3,\"name\":\"Apaczka.pl rozpocz\u0119\u0142a wsp\u00f3\u0142prac\u0119 z Santander Bank Polska\"}]},{\"@type\":\"WebSite\",\"@id\":\"https:\\\/\\\/www.apaczka.pl\\\/en\\\/#website\",\"url\":\"https:\\\/\\\/www.apaczka.pl\\\/en\\\/\",\"name\":\"Apaczka\",\"description\":\"Rozwi\u0105zania do zarz\u0105dzania procesami wysy\u0142kowymi dla firm\",\"publisher\":{\"@id\":\"https:\\\/\\\/www.apaczka.pl\\\/en\\\/#organization\"},\"potentialAction\":[{\"@type\":\"SearchAction\",\"target\":{\"@type\":\"EntryPoint\",\"urlTemplate\":\"https:\\\/\\\/www.apaczka.pl\\\/en\\\/?s={search_term_string}\"},\"query-input\":{\"@type\":\"PropertyValueSpecification\",\"valueRequired\":true,\"valueName\":\"search_term_string\"}}],\"inLanguage\":\"en-US\"},{\"@type\":\"Organization\",\"@id\":\"https:\\\/\\\/www.apaczka.pl\\\/en\\\/#organization\",\"name\":\"Apaczka\",\"url\":\"https:\\\/\\\/www.apaczka.pl\\\/en\\\/\",\"logo\":{\"@type\":\"ImageObject\",\"inLanguage\":\"en-US\",\"@id\":\"https:\\\/\\\/www.apaczka.pl\\\/en\\\/#\\\/schema\\\/logo\\\/image\\\/\",\"url\":\"https:\\\/\\\/www.apaczka.pl\\\/app\\\/uploads\\\/2024\\\/05\\\/cropped-Apaczka-Full-Logotype-Full-Color.png\",\"contentUrl\":\"https:\\\/\\\/www.apaczka.pl\\\/app\\\/uploads\\\/2024\\\/05\\\/cropped-Apaczka-Full-Logotype-Full-Color.png\",\"width\":1337,\"height\":405,\"caption\":\"Apaczka\"},\"image\":{\"@id\":\"https:\\\/\\\/www.apaczka.pl\\\/en\\\/#\\\/schema\\\/logo\\\/image\\\/\"},\"sameAs\":[\"https:\\\/\\\/www.facebook.com\\\/ApaczkaPL\\\/\",\"https:\\\/\\\/www.linkedin.com\\\/company\\\/apaczka-alsendo-sp-z-o-o\\\/\",\"https:\\\/\\\/www.youtube.com\\\/@apaczka-by-alsendo\",\"https:\\\/\\\/g.co\\\/kgs\\\/Ztnp4yQ\",\"https:\\\/\\\/maps.app.goo.gl\\\/iUwRn8EGrQJAk4LB9\",\"https:\\\/\\\/www.trustpilot.com\\\/review\\\/www.apaczka.pl\",\"https:\\\/\\\/www.crunchbase.com\\\/organization\\\/apaczka\",\"https:\\\/\\\/www.ekomi-pl.com\\\/opinie-apaczka.html\",\"https:\\\/\\\/www.wikidata.org\\\/wiki\\\/Q135189453\"],\"description\":\"Apaczka.pl to platforma technologiczna do zarz\u0105dzania wysy\u0142kami i dostawami dla firm. Jeste\u015bmy sprawdzonym partnerem w zakresie proces\u00f3w wysy\u0142kowych dzia\u0142aj\u0105cym od ponad 15 lat na rynku. Integrujemy szeroki wachlarz us\u0142ug kurierskich oraz dedykowanych us\u0142ug w\u0142asnych skierowanych do wszystkich przedsi\u0119biorc\u00f3w, tak\u017ce tych, kt\u00f3rzy dopiero zaczynaj\u0105 swoj\u0105 dzia\u0142alno\u015b\u0107. Oferowane przez nas rozwi\u0105zania s\u0105 wykorzystywane przez firmy z bran\u017cy e-commerce, du\u017ce podmioty typu marketplace, ale r\u00f3wnie\u017c niewielkie firmy nadaj\u0105ce kilkana\u015bcie przesy\u0142ek miesi\u0119cznie. Konsekwentnie wspieramy firmy w rozwoju ich biznesu, udost\u0119pniaj\u0105c bez \u017cadnych op\u0142at gotowe narz\u0119dzia u\u0142atwiaj\u0105ce codzienn\u0105 logistyk\u0119. Nasi Klienci wysy\u0142aj\u0105 ponad 2,5 miliona przesy\u0142ek ka\u017cdego miesi\u0105ca korzystaj\u0105c z naszych unikalnych technologii. Nasze mocne strony: - Mo\u017cliwo\u015b\u0107 por\u00f3wnania ofert wiod\u0105cych firm kurierskich w Polsce i na \u015bwiecie: DHL, UPS, DPD, Fedex, Poczta Polska, Geis, InPost, GLS, Ambro, Hellmann i wielu innych, - Mo\u017cliwo\u015b\u0107 indywidualnego negocjowania stawek w zale\u017cno\u015bci od ilo\u015bci przesy\u0142ek i ich rodzaju (palety, p\u00f3\u0142palety, przesy\u0142ki krajowe, mi\u0119dzynarodowe), - Jedna, prosta integracja API z wieloma platformami e-commerce, marketplace i systemami ERP, WMS., daj\u0105ca dost\u0119p do ca\u0142ej naszej oferty kurierskiej, - Mo\u017cliwo\u015b\u0107 automatyzacji i optymalizacji proces\u00f3w wysy\u0142kowych, -Indywidualny Opiekun Handlowy zapewniaj\u0105cy wsparcie merytoryczne z zakresu rozwi\u0105za\u0144 kurierskich w zale\u017cno\u015bci od bran\u017cy Klienta, rodzaju przesy\u0142ek i metod dostawy, - Bezp\u0142atne integracje z 50 platformami sklepowymi, mo\u017cliwo\u015b\u0107 import\u00f3w (w tym Allegro) oraz wsparcie dzia\u0142u IT, -Personalizacja komunikacji z odbiorcami przesy\u0142ek na etapie post-checkout, modu\u0142 zwrot\u00f3w i analityka danych logistycznych, -Brak minim\u00f3w wysy\u0142kowych i wygodne formy rozlicze\u0144. Apaczka.pl: por\u00f3wnuj ceny kurier\u00f3w, automatyzuj procesy wysy\u0142kowe.\",\"legalName\":\"Alsendo sp. z o.o.\",\"foundingDate\":\"2009-08-17\",\"vatID\":\"PL8971840043\",\"taxID\":\"367328934\",\"numberOfEmployees\":{\"@type\":\"QuantitativeValue\",\"minValue\":\"51\",\"maxValue\":\"200\"}},{\"@type\":\"Person\",\"@id\":\"https:\\\/\\\/www.apaczka.pl\\\/en\\\/#\\\/schema\\\/person\\\/521f09ac7d5e35bdceaee9f99db0a9da\",\"name\":\"Apaczka\",\"image\":{\"@type\":\"ImageObject\",\"inLanguage\":\"en-US\",\"@id\":\"https:\\\/\\\/www.apaczka.pl\\\/app\\\/uploads\\\/2024\\\/07\\\/Alsendo-Favicon-Darker-Violet.svg\",\"url\":\"https:\\\/\\\/www.apaczka.pl\\\/app\\\/uploads\\\/2024\\\/07\\\/Alsendo-Favicon-Darker-Violet.svg\",\"contentUrl\":\"https:\\\/\\\/www.apaczka.pl\\\/app\\\/uploads\\\/2024\\\/07\\\/Alsendo-Favicon-Darker-Violet.svg\",\"caption\":\"Apaczka\"},\"sameAs\":[\"https:\\\/\\\/www.apaczka.pl\\\/wp\"],\"url\":\"https:\\\/\\\/www.apaczka.pl\\\/en\\\/blog\\\/author\\\/mc\\\/\"}]}<\/script>\n<!-- \/ Yoast SEO Premium plugin. -->","yoast_head_json":{"title":"Apaczka.pl rozpocz\u0119\u0142a wsp\u00f3\u0142prac\u0119 z Santander Bank Polska - Apaczka","robots":{"index":"noindex","follow":"follow"},"og_locale":"en_US","og_type":"article","og_title":"Apaczka.pl rozpocz\u0119\u0142a wsp\u00f3\u0142prac\u0119 z Santander Bank Polska","og_description":"Je\u015bli szukasz dodatkowego wsparcia w rozwoju swojego e-biznesu, to pomo\u017ce ci promocja przygotowana wsp\u00f3lnie przez Apaczka.pl i Santander Bank Polska. Oferta skierowana jest do os\u00f3b chc\u0105cych rozpocz\u0105\u0107 sprzeda\u017c w Internecie oraz dla e-sklep\u00f3w, kt\u00f3re ju\u017c funkcjonuj\u0105 w sieci.","og_url":"https:\/\/www.apaczka.pl\/en\/aktualnosci\/apaczka-pl-rozpoczela-wspolprace-z-santander-bank-polska\/","og_site_name":"Apaczka","article_publisher":"https:\/\/www.facebook.com\/ApaczkaPL\/","article_modified_time":"2022-08-18T08:45:17+00:00","og_image":[{"width":1021,"height":456,"url":"https:\/\/www.apaczka.pl\/app\/uploads\/2022\/08\/logosantander_1024x267.png","type":"image\/png"}],"twitter_card":"summary_large_image","twitter_misc":{"Est. reading time":"2 minutes"},"schema":{"@context":"https:\/\/schema.org","@graph":[{"@type":"NewsArticle","@id":"https:\/\/www.apaczka.pl\/en\/aktualnosci\/apaczka-pl-rozpoczela-wspolprace-z-santander-bank-polska\/#article","isPartOf":{"@id":"https:\/\/www.apaczka.pl\/en\/aktualnosci\/apaczka-pl-rozpoczela-wspolprace-z-santander-bank-polska\/"},"author":{"name":"Apaczka","@id":"https:\/\/www.apaczka.pl\/en\/#\/schema\/person\/521f09ac7d5e35bdceaee9f99db0a9da"},"headline":"Apaczka.pl rozpocz\u0119\u0142a wsp\u00f3\u0142prac\u0119 z Santander Bank Polska","datePublished":"2021-11-18T08:30:00+00:00","dateModified":"2022-08-18T08:45:17+00:00","mainEntityOfPage":{"@id":"https:\/\/www.apaczka.pl\/en\/aktualnosci\/apaczka-pl-rozpoczela-wspolprace-z-santander-bank-polska\/"},"wordCount":302,"publisher":{"@id":"https:\/\/www.apaczka.pl\/en\/#organization"},"image":{"@id":"https:\/\/www.apaczka.pl\/en\/aktualnosci\/apaczka-pl-rozpoczela-wspolprace-z-santander-bank-polska\/#primaryimage"},"thumbnailUrl":"https:\/\/www.apaczka.pl\/app\/uploads\/2022\/08\/logosantander_1024x267.png","inLanguage":"en-US"},{"@type":"WebPage","@id":"https:\/\/www.apaczka.pl\/en\/aktualnosci\/apaczka-pl-rozpoczela-wspolprace-z-santander-bank-polska\/","url":"https:\/\/www.apaczka.pl\/en\/aktualnosci\/apaczka-pl-rozpoczela-wspolprace-z-santander-bank-polska\/","name":"Apaczka.pl rozpocz\u0119\u0142a wsp\u00f3\u0142prac\u0119 z Santander Bank Polska - Apaczka","isPartOf":{"@id":"https:\/\/www.apaczka.pl\/en\/#website"},"primaryImageOfPage":{"@id":"https:\/\/www.apaczka.pl\/en\/aktualnosci\/apaczka-pl-rozpoczela-wspolprace-z-santander-bank-polska\/#primaryimage"},"image":{"@id":"https:\/\/www.apaczka.pl\/en\/aktualnosci\/apaczka-pl-rozpoczela-wspolprace-z-santander-bank-polska\/#primaryimage"},"thumbnailUrl":"https:\/\/www.apaczka.pl\/app\/uploads\/2022\/08\/logosantander_1024x267.png","datePublished":"2021-11-18T08:30:00+00:00","dateModified":"2022-08-18T08:45:17+00:00","breadcrumb":{"@id":"https:\/\/www.apaczka.pl\/en\/aktualnosci\/apaczka-pl-rozpoczela-wspolprace-z-santander-bank-polska\/#breadcrumb"},"inLanguage":"en-US","potentialAction":[{"@type":"ReadAction","target":["https:\/\/www.apaczka.pl\/en\/aktualnosci\/apaczka-pl-rozpoczela-wspolprace-z-santander-bank-polska\/"]}]},{"@type":"ImageObject","inLanguage":"en-US","@id":"https:\/\/www.apaczka.pl\/en\/aktualnosci\/apaczka-pl-rozpoczela-wspolprace-z-santander-bank-polska\/#primaryimage","url":"https:\/\/www.apaczka.pl\/app\/uploads\/2022\/08\/logosantander_1024x267.png","contentUrl":"https:\/\/www.apaczka.pl\/app\/uploads\/2022\/08\/logosantander_1024x267.png","width":1021,"height":456},{"@type":"BreadcrumbList","@id":"https:\/\/www.apaczka.pl\/en\/aktualnosci\/apaczka-pl-rozpoczela-wspolprace-z-santander-bank-polska\/#breadcrumb","itemListElement":[{"@type":"ListItem","position":1,"name":"Apaczka","item":"https:\/\/www.apaczka.pl\/en\/"},{"@type":"ListItem","position":2,"name":"Aktualno\u015bci","item":"https:\/\/www.apaczka.pl\/en\/aktualnosci\/"},{"@type":"ListItem","position":3,"name":"Apaczka.pl rozpocz\u0119\u0142a wsp\u00f3\u0142prac\u0119 z Santander Bank Polska"}]},{"@type":"WebSite","@id":"https:\/\/www.apaczka.pl\/en\/#website","url":"https:\/\/www.apaczka.pl\/en\/","name":"Apaczka","description":"Rozwi\u0105zania do zarz\u0105dzania procesami wysy\u0142kowymi dla firm","publisher":{"@id":"https:\/\/www.apaczka.pl\/en\/#organization"},"potentialAction":[{"@type":"SearchAction","target":{"@type":"EntryPoint","urlTemplate":"https:\/\/www.apaczka.pl\/en\/?s={search_term_string}"},"query-input":{"@type":"PropertyValueSpecification","valueRequired":true,"valueName":"search_term_string"}}],"inLanguage":"en-US"},{"@type":"Organization","@id":"https:\/\/www.apaczka.pl\/en\/#organization","name":"Apaczka","url":"https:\/\/www.apaczka.pl\/en\/","logo":{"@type":"ImageObject","inLanguage":"en-US","@id":"https:\/\/www.apaczka.pl\/en\/#\/schema\/logo\/image\/","url":"https:\/\/www.apaczka.pl\/app\/uploads\/2024\/05\/cropped-Apaczka-Full-Logotype-Full-Color.png","contentUrl":"https:\/\/www.apaczka.pl\/app\/uploads\/2024\/05\/cropped-Apaczka-Full-Logotype-Full-Color.png","width":1337,"height":405,"caption":"Apaczka"},"image":{"@id":"https:\/\/www.apaczka.pl\/en\/#\/schema\/logo\/image\/"},"sameAs":["https:\/\/www.facebook.com\/ApaczkaPL\/","https:\/\/www.linkedin.com\/company\/apaczka-alsendo-sp-z-o-o\/","https:\/\/www.youtube.com\/@apaczka-by-alsendo","https:\/\/g.co\/kgs\/Ztnp4yQ","https:\/\/maps.app.goo.gl\/iUwRn8EGrQJAk4LB9","https:\/\/www.trustpilot.com\/review\/www.apaczka.pl","https:\/\/www.crunchbase.com\/organization\/apaczka","https:\/\/www.ekomi-pl.com\/opinie-apaczka.html","https:\/\/www.wikidata.org\/wiki\/Q135189453"],"description":"Apaczka.pl to platforma technologiczna do zarz\u0105dzania wysy\u0142kami i dostawami dla firm. Jeste\u015bmy sprawdzonym partnerem w zakresie proces\u00f3w wysy\u0142kowych dzia\u0142aj\u0105cym od ponad 15 lat na rynku. Integrujemy szeroki wachlarz us\u0142ug kurierskich oraz dedykowanych us\u0142ug w\u0142asnych skierowanych do wszystkich przedsi\u0119biorc\u00f3w, tak\u017ce tych, kt\u00f3rzy dopiero zaczynaj\u0105 swoj\u0105 dzia\u0142alno\u015b\u0107. Oferowane przez nas rozwi\u0105zania s\u0105 wykorzystywane przez firmy z bran\u017cy e-commerce, du\u017ce podmioty typu marketplace, ale r\u00f3wnie\u017c niewielkie firmy nadaj\u0105ce kilkana\u015bcie przesy\u0142ek miesi\u0119cznie. Konsekwentnie wspieramy firmy w rozwoju ich biznesu, udost\u0119pniaj\u0105c bez \u017cadnych op\u0142at gotowe narz\u0119dzia u\u0142atwiaj\u0105ce codzienn\u0105 logistyk\u0119. Nasi Klienci wysy\u0142aj\u0105 ponad 2,5 miliona przesy\u0142ek ka\u017cdego miesi\u0105ca korzystaj\u0105c z naszych unikalnych technologii. Nasze mocne strony: - Mo\u017cliwo\u015b\u0107 por\u00f3wnania ofert wiod\u0105cych firm kurierskich w Polsce i na \u015bwiecie: DHL, UPS, DPD, Fedex, Poczta Polska, Geis, InPost, GLS, Ambro, Hellmann i wielu innych, - Mo\u017cliwo\u015b\u0107 indywidualnego negocjowania stawek w zale\u017cno\u015bci od ilo\u015bci przesy\u0142ek i ich rodzaju (palety, p\u00f3\u0142palety, przesy\u0142ki krajowe, mi\u0119dzynarodowe), - Jedna, prosta integracja API z wieloma platformami e-commerce, marketplace i systemami ERP, WMS., daj\u0105ca dost\u0119p do ca\u0142ej naszej oferty kurierskiej, - Mo\u017cliwo\u015b\u0107 automatyzacji i optymalizacji proces\u00f3w wysy\u0142kowych, -Indywidualny Opiekun Handlowy zapewniaj\u0105cy wsparcie merytoryczne z zakresu rozwi\u0105za\u0144 kurierskich w zale\u017cno\u015bci od bran\u017cy Klienta, rodzaju przesy\u0142ek i metod dostawy, - Bezp\u0142atne integracje z 50 platformami sklepowymi, mo\u017cliwo\u015b\u0107 import\u00f3w (w tym Allegro) oraz wsparcie dzia\u0142u IT, -Personalizacja komunikacji z odbiorcami przesy\u0142ek na etapie post-checkout, modu\u0142 zwrot\u00f3w i analityka danych logistycznych, -Brak minim\u00f3w wysy\u0142kowych i wygodne formy rozlicze\u0144. Apaczka.pl: por\u00f3wnuj ceny kurier\u00f3w, automatyzuj procesy wysy\u0142kowe.","legalName":"Alsendo sp. z o.o.","foundingDate":"2009-08-17","vatID":"PL8971840043","taxID":"367328934","numberOfEmployees":{"@type":"QuantitativeValue","minValue":"51","maxValue":"200"}},{"@type":"Person","@id":"https:\/\/www.apaczka.pl\/en\/#\/schema\/person\/521f09ac7d5e35bdceaee9f99db0a9da","name":"Apaczka","image":{"@type":"ImageObject","inLanguage":"en-US","@id":"https:\/\/www.apaczka.pl\/app\/uploads\/2024\/07\/Alsendo-Favicon-Darker-Violet.svg","url":"https:\/\/www.apaczka.pl\/app\/uploads\/2024\/07\/Alsendo-Favicon-Darker-Violet.svg","contentUrl":"https:\/\/www.apaczka.pl\/app\/uploads\/2024\/07\/Alsendo-Favicon-Darker-Violet.svg","caption":"Apaczka"},"sameAs":["https:\/\/www.apaczka.pl\/wp"],"url":"https:\/\/www.apaczka.pl\/en\/blog\/author\/mc\/"}]}},"_links":{"self":[{"href":"https:\/\/www.apaczka.pl\/en\/wp-json\/wp\/v2\/news\/5965","targetHints":{"allow":["GET"]}}],"collection":[{"href":"https:\/\/www.apaczka.pl\/en\/wp-json\/wp\/v2\/news"}],"about":[{"href":"https:\/\/www.apaczka.pl\/en\/wp-json\/wp\/v2\/types\/news"}],"author":[{"embeddable":true,"href":"https:\/\/www.apaczka.pl\/en\/wp-json\/wp\/v2\/users\/1"}],"version-history":[{"count":2,"href":"https:\/\/www.apaczka.pl\/en\/wp-json\/wp\/v2\/news\/5965\/revisions"}],"predecessor-version":[{"id":5970,"href":"https:\/\/www.apaczka.pl\/en\/wp-json\/wp\/v2\/news\/5965\/revisions\/5970"}],"wp:featuredmedia":[{"embeddable":true,"href":"https:\/\/www.apaczka.pl\/en\/wp-json\/wp\/v2\/media\/5966"}],"wp:attachment":[{"href":"https:\/\/www.apaczka.pl\/en\/wp-json\/wp\/v2\/media?parent=5965"}],"wp:term":[{"taxonomy":"news_category","embeddable":true,"href":"https:\/\/www.apaczka.pl\/en\/wp-json\/wp\/v2\/news_category?post=5965"},{"taxonomy":"news_tag","embeddable":true,"href":"https:\/\/www.apaczka.pl\/en\/wp-json\/wp\/v2\/news_tag?post=5965"}],"curies":[{"name":"wp","href":"https:\/\/api.w.org\/{rel}","templated":true}]}}