{"id":5747,"date":"2018-12-04T10:40:00","date_gmt":"2018-12-04T10:40:00","guid":{"rendered":"https:\/\/www.apaczka.pl\/?post_type=news&#038;p=5747"},"modified":"2022-11-04T16:05:50","modified_gmt":"2022-11-04T16:05:50","slug":"wysylka-do-niemiec-oplata-recyklingowa-nowe-przepisy","status":"publish","type":"news","link":"https:\/\/www.apaczka.pl\/en\/aktualnosci\/wysylka-do-niemiec-oplata-recyklingowa-nowe-przepisy\/","title":{"rendered":"Wysy\u0142ka do Niemiec &#8211; op\u0142ata recyklingowa &#8211; nowe przepisy."},"content":{"rendered":"\n<p><\/p>\n\n\n\n<p>Wszelkie informacje na temat Ustawy oraz Rejestru (Verpackungsregister LUCID) znajduj\u0105 si\u0119 w j. niemieckim na stronie internetowej: www.verpackungsregister.org\/.<\/p>\n\n\n\n<p>Informacje w j\u0119zyku polskim na temat obowi\u0105zywania nowej ustawy uzyska\u0107 mo\u017cna w Polsko- Niemieckiej Izbie Przemys\u0142owo- Handlowej: <a href=\"https:\/\/ahk.pl\/pl\/doradztwo-rynkowe\/oplata-produktowa-w-niemczech\/\" target=\"_blank\" rel=\"noreferrer noopener\">https:\/\/ahk.pl\/pl\/doradztwo-rynkowe\/oplata-produktowa-w-niemczech\/<\/a><\/p>\n\n\n\n<p>Nowe przepisy obejm\u0105 firmy (dotyczy to r\u00f3wnie\u017c sprzedawc\u00f3w internetowych), kt\u00f3re dostarczaj\u0105 do Niemiec towar w pude\u0142kach. Aby dalej kontynuowa\u0107 sw\u0105 dzia\u0142alno\u015b\u0107 b\u0119d\u0105 one musia\u0142y:<\/p>\n\n\n\n<ul class=\"wp-block-list\"><li><strong>zarejestrowa\u0107 si\u0119 w oficjalnym rejestrze opakowa\u0144<\/strong>&nbsp;(<a href=\"https:\/\/www.verpackungsregister.org\/\">Stiftung Zentrale Stelle Verpackungsregister<\/a>),<\/li><li><strong>zadeklarowa\u0107 rodzaj i mas\u0119 opakowa\u0144<\/strong>, kt\u00f3r\u0105 firma wprowadzi na niemiecki rynek w ci\u0105gu roku. Ma by\u0107 od tego naliczana op\u0142ata recyklingowa.<\/li><\/ul>\n\n\n\n<p>Bezp\u0142atna rejestracja jest ju\u017c mo\u017cliwa, trzeba jej dokona\u0107 do 31 grudnia 2018.<\/p>\n\n\n\n<p>Ci, kt\u00f3rzy si\u0119 nie zastosuj\u0105, musz\u0105 si\u0119 liczy\u0107 z surowymi konsekwencjami finansowymi.<\/p>\n\n\n<section\n  data-block_62fcc64570087\n  class=\"section-read-also aligncenter container\"\n  >\n  <div class=\"read-also aligncenter text-center d-flex flex-column align-items-center\njustify-content-center read-also\">\n\n    <h5> Przeczytaj tak\u017ce: <\/h5>\n\n                    <a type=\"\" name=\"\"\n    href=\"\/centrum_pomocy\/folia-stretch\/\"\n    rel=\"dofollow\"\n    class=\"mode-gray link-lg theme-default link-underline \">\n\n          Folia stretch \u2013 jak zapakowa\u0107 przesy\u0142k\u0119?\n    \n    \n    \n    <\/a>\n                                <a type=\"\" name=\"\"\n    href=\"https:\/\/www.apaczka.pl\/blog\/jak-usprawnic-obsluge-zwroty-w-e-sklepie\/\"\n    rel=\"dofollow\"\n    class=\"mode-gray link-lg theme-default link-underline \">\n\n          ZWROT-owy zawr\u00f3t g\u0142owy \u2013 jak usprawni\u0107 obs\u0142ug\u0119 zwrot\u00f3w w e-sklepie?\n    \n    \n    \n    <\/a>\n        \n    \n<\/div>\n<\/section>\n","protected":false},"excerpt":{"rendered":"<p>Od 1 stycznia 2019 r. w Niemczech zacznie obowi\u0105zywa\u0107 ustawa o opakowaniach VerpackG\u00a0&#8211; czyli o poprawie oddzielnego ewidencjonowania odpad\u00f3w zawieraj\u0105cych surowce wt\u00f3rne.<\/p>\n","protected":false},"author":1,"featured_media":5130,"template":"","meta":{"_acf_changed":false,"footnotes":""},"news_category":[],"news_tag":[],"class_list":["post-5747","news","type-news","status-publish","has-post-thumbnail","hentry"],"acf":[],"yoast_head":"<!-- This site is optimized with the Yoast SEO Premium plugin v27.3 (Yoast SEO v27.3) - https:\/\/yoast.com\/product\/yoast-seo-premium-wordpress\/ -->\n<title>Wysy\u0142ka do Niemiec - op\u0142ata recyklingowa - nowe przepisy. - Apaczka<\/title>\n<meta name=\"description\" content=\"Nowe przepisy dotycz\u0105ce opakowa\u0144 obowi\u0105zuj\u0105ce w Niemcach wchodz\u0105 w \u017cycie 1 stycznie 2019 r. Nowe przepisy obejm\u0105 firmy, kt\u00f3re dostarczaj\u0105 do Niemiec towar w pude\u0142kach.\" \/>\n<meta name=\"robots\" content=\"noindex, follow\" \/>\n<meta property=\"og:locale\" content=\"en_US\" \/>\n<meta property=\"og:type\" content=\"article\" \/>\n<meta property=\"og:title\" content=\"Wysy\u0142ka do Niemiec - op\u0142ata recyklingowa - nowe przepisy.\" \/>\n<meta property=\"og:description\" content=\"Nowe przepisy dotycz\u0105ce opakowa\u0144 obowi\u0105zuj\u0105ce w Niemcach wchodz\u0105 w \u017cycie 1 stycznie 2019 r. Nowe przepisy obejm\u0105 firmy, kt\u00f3re dostarczaj\u0105 do Niemiec towar w pude\u0142kach.\" \/>\n<meta property=\"og:url\" content=\"https:\/\/www.apaczka.pl\/en\/aktualnosci\/wysylka-do-niemiec-oplata-recyklingowa-nowe-przepisy\/\" \/>\n<meta property=\"og:site_name\" content=\"Apaczka\" \/>\n<meta property=\"article:publisher\" content=\"https:\/\/www.facebook.com\/ApaczkaPL\/\" \/>\n<meta property=\"article:modified_time\" content=\"2022-11-04T16:05:50+00:00\" \/>\n<meta property=\"og:image\" content=\"https:\/\/www.apaczka.pl\/app\/uploads\/2022\/08\/zdjecie_blog-59.jpg\" \/>\n\t<meta property=\"og:image:width\" content=\"1070\" \/>\n\t<meta property=\"og:image:height\" content=\"456\" \/>\n\t<meta property=\"og:image:type\" content=\"image\/jpeg\" \/>\n<meta name=\"twitter:card\" content=\"summary_large_image\" \/>\n<meta name=\"twitter:label1\" content=\"Est. reading time\" \/>\n\t<meta name=\"twitter:data1\" content=\"1 minute\" \/>\n<script type=\"application\/ld+json\" class=\"yoast-schema-graph\">{\"@context\":\"https:\\\/\\\/schema.org\",\"@graph\":[{\"@type\":\"NewsArticle\",\"@id\":\"https:\\\/\\\/www.apaczka.pl\\\/en\\\/aktualnosci\\\/wysylka-do-niemiec-oplata-recyklingowa-nowe-przepisy\\\/#article\",\"isPartOf\":{\"@id\":\"https:\\\/\\\/www.apaczka.pl\\\/en\\\/aktualnosci\\\/wysylka-do-niemiec-oplata-recyklingowa-nowe-przepisy\\\/\"},\"author\":{\"name\":\"Apaczka\",\"@id\":\"https:\\\/\\\/www.apaczka.pl\\\/en\\\/#\\\/schema\\\/person\\\/521f09ac7d5e35bdceaee9f99db0a9da\"},\"headline\":\"Wysy\u0142ka do Niemiec &#8211; op\u0142ata recyklingowa &#8211; nowe przepisy.\",\"datePublished\":\"2018-12-04T10:40:00+00:00\",\"dateModified\":\"2022-11-04T16:05:50+00:00\",\"mainEntityOfPage\":{\"@id\":\"https:\\\/\\\/www.apaczka.pl\\\/en\\\/aktualnosci\\\/wysylka-do-niemiec-oplata-recyklingowa-nowe-przepisy\\\/\"},\"wordCount\":149,\"publisher\":{\"@id\":\"https:\\\/\\\/www.apaczka.pl\\\/en\\\/#organization\"},\"image\":{\"@id\":\"https:\\\/\\\/www.apaczka.pl\\\/en\\\/aktualnosci\\\/wysylka-do-niemiec-oplata-recyklingowa-nowe-przepisy\\\/#primaryimage\"},\"thumbnailUrl\":\"https:\\\/\\\/www.apaczka.pl\\\/app\\\/uploads\\\/2022\\\/08\\\/zdjecie_blog-59.jpg\",\"inLanguage\":\"en-US\"},{\"@type\":\"WebPage\",\"@id\":\"https:\\\/\\\/www.apaczka.pl\\\/en\\\/aktualnosci\\\/wysylka-do-niemiec-oplata-recyklingowa-nowe-przepisy\\\/\",\"url\":\"https:\\\/\\\/www.apaczka.pl\\\/en\\\/aktualnosci\\\/wysylka-do-niemiec-oplata-recyklingowa-nowe-przepisy\\\/\",\"name\":\"Wysy\u0142ka do Niemiec - op\u0142ata recyklingowa - nowe przepisy. - Apaczka\",\"isPartOf\":{\"@id\":\"https:\\\/\\\/www.apaczka.pl\\\/en\\\/#website\"},\"primaryImageOfPage\":{\"@id\":\"https:\\\/\\\/www.apaczka.pl\\\/en\\\/aktualnosci\\\/wysylka-do-niemiec-oplata-recyklingowa-nowe-przepisy\\\/#primaryimage\"},\"image\":{\"@id\":\"https:\\\/\\\/www.apaczka.pl\\\/en\\\/aktualnosci\\\/wysylka-do-niemiec-oplata-recyklingowa-nowe-przepisy\\\/#primaryimage\"},\"thumbnailUrl\":\"https:\\\/\\\/www.apaczka.pl\\\/app\\\/uploads\\\/2022\\\/08\\\/zdjecie_blog-59.jpg\",\"datePublished\":\"2018-12-04T10:40:00+00:00\",\"dateModified\":\"2022-11-04T16:05:50+00:00\",\"description\":\"Nowe przepisy dotycz\u0105ce opakowa\u0144 obowi\u0105zuj\u0105ce w Niemcach wchodz\u0105 w \u017cycie 1 stycznie 2019 r. Nowe przepisy obejm\u0105 firmy, kt\u00f3re dostarczaj\u0105 do Niemiec towar w pude\u0142kach.\",\"breadcrumb\":{\"@id\":\"https:\\\/\\\/www.apaczka.pl\\\/en\\\/aktualnosci\\\/wysylka-do-niemiec-oplata-recyklingowa-nowe-przepisy\\\/#breadcrumb\"},\"inLanguage\":\"en-US\",\"potentialAction\":[{\"@type\":\"ReadAction\",\"target\":[\"https:\\\/\\\/www.apaczka.pl\\\/en\\\/aktualnosci\\\/wysylka-do-niemiec-oplata-recyklingowa-nowe-przepisy\\\/\"]}]},{\"@type\":\"ImageObject\",\"inLanguage\":\"en-US\",\"@id\":\"https:\\\/\\\/www.apaczka.pl\\\/en\\\/aktualnosci\\\/wysylka-do-niemiec-oplata-recyklingowa-nowe-przepisy\\\/#primaryimage\",\"url\":\"https:\\\/\\\/www.apaczka.pl\\\/app\\\/uploads\\\/2022\\\/08\\\/zdjecie_blog-59.jpg\",\"contentUrl\":\"https:\\\/\\\/www.apaczka.pl\\\/app\\\/uploads\\\/2022\\\/08\\\/zdjecie_blog-59.jpg\",\"width\":1070,\"height\":456},{\"@type\":\"BreadcrumbList\",\"@id\":\"https:\\\/\\\/www.apaczka.pl\\\/en\\\/aktualnosci\\\/wysylka-do-niemiec-oplata-recyklingowa-nowe-przepisy\\\/#breadcrumb\",\"itemListElement\":[{\"@type\":\"ListItem\",\"position\":1,\"name\":\"Apaczka\",\"item\":\"https:\\\/\\\/www.apaczka.pl\\\/en\\\/\"},{\"@type\":\"ListItem\",\"position\":2,\"name\":\"Aktualno\u015bci\",\"item\":\"https:\\\/\\\/www.apaczka.pl\\\/en\\\/aktualnosci\\\/\"},{\"@type\":\"ListItem\",\"position\":3,\"name\":\"Wysy\u0142ka do Niemiec &#8211; op\u0142ata recyklingowa &#8211; nowe przepisy.\"}]},{\"@type\":\"WebSite\",\"@id\":\"https:\\\/\\\/www.apaczka.pl\\\/en\\\/#website\",\"url\":\"https:\\\/\\\/www.apaczka.pl\\\/en\\\/\",\"name\":\"Apaczka\",\"description\":\"Rozwi\u0105zania do zarz\u0105dzania procesami wysy\u0142kowymi dla firm\",\"publisher\":{\"@id\":\"https:\\\/\\\/www.apaczka.pl\\\/en\\\/#organization\"},\"potentialAction\":[{\"@type\":\"SearchAction\",\"target\":{\"@type\":\"EntryPoint\",\"urlTemplate\":\"https:\\\/\\\/www.apaczka.pl\\\/en\\\/?s={search_term_string}\"},\"query-input\":{\"@type\":\"PropertyValueSpecification\",\"valueRequired\":true,\"valueName\":\"search_term_string\"}}],\"inLanguage\":\"en-US\"},{\"@type\":\"Organization\",\"@id\":\"https:\\\/\\\/www.apaczka.pl\\\/en\\\/#organization\",\"name\":\"Apaczka\",\"url\":\"https:\\\/\\\/www.apaczka.pl\\\/en\\\/\",\"logo\":{\"@type\":\"ImageObject\",\"inLanguage\":\"en-US\",\"@id\":\"https:\\\/\\\/www.apaczka.pl\\\/en\\\/#\\\/schema\\\/logo\\\/image\\\/\",\"url\":\"https:\\\/\\\/www.apaczka.pl\\\/app\\\/uploads\\\/2024\\\/05\\\/cropped-Apaczka-Full-Logotype-Full-Color.png\",\"contentUrl\":\"https:\\\/\\\/www.apaczka.pl\\\/app\\\/uploads\\\/2024\\\/05\\\/cropped-Apaczka-Full-Logotype-Full-Color.png\",\"width\":1337,\"height\":405,\"caption\":\"Apaczka\"},\"image\":{\"@id\":\"https:\\\/\\\/www.apaczka.pl\\\/en\\\/#\\\/schema\\\/logo\\\/image\\\/\"},\"sameAs\":[\"https:\\\/\\\/www.facebook.com\\\/ApaczkaPL\\\/\",\"https:\\\/\\\/www.linkedin.com\\\/company\\\/apaczka-alsendo-sp-z-o-o\\\/\",\"https:\\\/\\\/www.youtube.com\\\/@apaczka-by-alsendo\",\"https:\\\/\\\/g.co\\\/kgs\\\/Ztnp4yQ\",\"https:\\\/\\\/maps.app.goo.gl\\\/iUwRn8EGrQJAk4LB9\",\"https:\\\/\\\/www.trustpilot.com\\\/review\\\/www.apaczka.pl\",\"https:\\\/\\\/www.crunchbase.com\\\/organization\\\/apaczka\",\"https:\\\/\\\/www.ekomi-pl.com\\\/opinie-apaczka.html\",\"https:\\\/\\\/www.wikidata.org\\\/wiki\\\/Q135189453\"],\"description\":\"Apaczka.pl to platforma technologiczna do zarz\u0105dzania wysy\u0142kami i dostawami dla firm. Jeste\u015bmy sprawdzonym partnerem w zakresie proces\u00f3w wysy\u0142kowych dzia\u0142aj\u0105cym od ponad 15 lat na rynku. Integrujemy szeroki wachlarz us\u0142ug kurierskich oraz dedykowanych us\u0142ug w\u0142asnych skierowanych do wszystkich przedsi\u0119biorc\u00f3w, tak\u017ce tych, kt\u00f3rzy dopiero zaczynaj\u0105 swoj\u0105 dzia\u0142alno\u015b\u0107. Oferowane przez nas rozwi\u0105zania s\u0105 wykorzystywane przez firmy z bran\u017cy e-commerce, du\u017ce podmioty typu marketplace, ale r\u00f3wnie\u017c niewielkie firmy nadaj\u0105ce kilkana\u015bcie przesy\u0142ek miesi\u0119cznie. Konsekwentnie wspieramy firmy w rozwoju ich biznesu, udost\u0119pniaj\u0105c bez \u017cadnych op\u0142at gotowe narz\u0119dzia u\u0142atwiaj\u0105ce codzienn\u0105 logistyk\u0119. Nasi Klienci wysy\u0142aj\u0105 ponad 2,5 miliona przesy\u0142ek ka\u017cdego miesi\u0105ca korzystaj\u0105c z naszych unikalnych technologii. Nasze mocne strony: - Mo\u017cliwo\u015b\u0107 por\u00f3wnania ofert wiod\u0105cych firm kurierskich w Polsce i na \u015bwiecie: DHL, UPS, DPD, Fedex, Poczta Polska, Geis, InPost, GLS, Ambro, Hellmann i wielu innych, - Mo\u017cliwo\u015b\u0107 indywidualnego negocjowania stawek w zale\u017cno\u015bci od ilo\u015bci przesy\u0142ek i ich rodzaju (palety, p\u00f3\u0142palety, przesy\u0142ki krajowe, mi\u0119dzynarodowe), - Jedna, prosta integracja API z wieloma platformami e-commerce, marketplace i systemami ERP, WMS., daj\u0105ca dost\u0119p do ca\u0142ej naszej oferty kurierskiej, - Mo\u017cliwo\u015b\u0107 automatyzacji i optymalizacji proces\u00f3w wysy\u0142kowych, -Indywidualny Opiekun Handlowy zapewniaj\u0105cy wsparcie merytoryczne z zakresu rozwi\u0105za\u0144 kurierskich w zale\u017cno\u015bci od bran\u017cy Klienta, rodzaju przesy\u0142ek i metod dostawy, - Bezp\u0142atne integracje z 50 platformami sklepowymi, mo\u017cliwo\u015b\u0107 import\u00f3w (w tym Allegro) oraz wsparcie dzia\u0142u IT, -Personalizacja komunikacji z odbiorcami przesy\u0142ek na etapie post-checkout, modu\u0142 zwrot\u00f3w i analityka danych logistycznych, -Brak minim\u00f3w wysy\u0142kowych i wygodne formy rozlicze\u0144. Apaczka.pl: por\u00f3wnuj ceny kurier\u00f3w, automatyzuj procesy wysy\u0142kowe.\",\"legalName\":\"Alsendo sp. z o.o.\",\"foundingDate\":\"2009-08-17\",\"vatID\":\"PL8971840043\",\"taxID\":\"367328934\",\"numberOfEmployees\":{\"@type\":\"QuantitativeValue\",\"minValue\":\"51\",\"maxValue\":\"200\"}},{\"@type\":\"Person\",\"@id\":\"https:\\\/\\\/www.apaczka.pl\\\/en\\\/#\\\/schema\\\/person\\\/521f09ac7d5e35bdceaee9f99db0a9da\",\"name\":\"Apaczka\",\"image\":{\"@type\":\"ImageObject\",\"inLanguage\":\"en-US\",\"@id\":\"https:\\\/\\\/www.apaczka.pl\\\/app\\\/uploads\\\/2024\\\/07\\\/Alsendo-Favicon-Darker-Violet.svg\",\"url\":\"https:\\\/\\\/www.apaczka.pl\\\/app\\\/uploads\\\/2024\\\/07\\\/Alsendo-Favicon-Darker-Violet.svg\",\"contentUrl\":\"https:\\\/\\\/www.apaczka.pl\\\/app\\\/uploads\\\/2024\\\/07\\\/Alsendo-Favicon-Darker-Violet.svg\",\"caption\":\"Apaczka\"},\"sameAs\":[\"https:\\\/\\\/www.apaczka.pl\\\/wp\"],\"url\":\"https:\\\/\\\/www.apaczka.pl\\\/en\\\/blog\\\/author\\\/mc\\\/\"}]}<\/script>\n<!-- \/ Yoast SEO Premium plugin. -->","yoast_head_json":{"title":"Wysy\u0142ka do Niemiec - op\u0142ata recyklingowa - nowe przepisy. - Apaczka","description":"Nowe przepisy dotycz\u0105ce opakowa\u0144 obowi\u0105zuj\u0105ce w Niemcach wchodz\u0105 w \u017cycie 1 stycznie 2019 r. Nowe przepisy obejm\u0105 firmy, kt\u00f3re dostarczaj\u0105 do Niemiec towar w pude\u0142kach.","robots":{"index":"noindex","follow":"follow"},"og_locale":"en_US","og_type":"article","og_title":"Wysy\u0142ka do Niemiec - op\u0142ata recyklingowa - nowe przepisy.","og_description":"Nowe przepisy dotycz\u0105ce opakowa\u0144 obowi\u0105zuj\u0105ce w Niemcach wchodz\u0105 w \u017cycie 1 stycznie 2019 r. Nowe przepisy obejm\u0105 firmy, kt\u00f3re dostarczaj\u0105 do Niemiec towar w pude\u0142kach.","og_url":"https:\/\/www.apaczka.pl\/en\/aktualnosci\/wysylka-do-niemiec-oplata-recyklingowa-nowe-przepisy\/","og_site_name":"Apaczka","article_publisher":"https:\/\/www.facebook.com\/ApaczkaPL\/","article_modified_time":"2022-11-04T16:05:50+00:00","og_image":[{"width":1070,"height":456,"url":"https:\/\/www.apaczka.pl\/app\/uploads\/2022\/08\/zdjecie_blog-59.jpg","type":"image\/jpeg"}],"twitter_card":"summary_large_image","twitter_misc":{"Est. reading time":"1 minute"},"schema":{"@context":"https:\/\/schema.org","@graph":[{"@type":"NewsArticle","@id":"https:\/\/www.apaczka.pl\/en\/aktualnosci\/wysylka-do-niemiec-oplata-recyklingowa-nowe-przepisy\/#article","isPartOf":{"@id":"https:\/\/www.apaczka.pl\/en\/aktualnosci\/wysylka-do-niemiec-oplata-recyklingowa-nowe-przepisy\/"},"author":{"name":"Apaczka","@id":"https:\/\/www.apaczka.pl\/en\/#\/schema\/person\/521f09ac7d5e35bdceaee9f99db0a9da"},"headline":"Wysy\u0142ka do Niemiec &#8211; op\u0142ata recyklingowa &#8211; nowe przepisy.","datePublished":"2018-12-04T10:40:00+00:00","dateModified":"2022-11-04T16:05:50+00:00","mainEntityOfPage":{"@id":"https:\/\/www.apaczka.pl\/en\/aktualnosci\/wysylka-do-niemiec-oplata-recyklingowa-nowe-przepisy\/"},"wordCount":149,"publisher":{"@id":"https:\/\/www.apaczka.pl\/en\/#organization"},"image":{"@id":"https:\/\/www.apaczka.pl\/en\/aktualnosci\/wysylka-do-niemiec-oplata-recyklingowa-nowe-przepisy\/#primaryimage"},"thumbnailUrl":"https:\/\/www.apaczka.pl\/app\/uploads\/2022\/08\/zdjecie_blog-59.jpg","inLanguage":"en-US"},{"@type":"WebPage","@id":"https:\/\/www.apaczka.pl\/en\/aktualnosci\/wysylka-do-niemiec-oplata-recyklingowa-nowe-przepisy\/","url":"https:\/\/www.apaczka.pl\/en\/aktualnosci\/wysylka-do-niemiec-oplata-recyklingowa-nowe-przepisy\/","name":"Wysy\u0142ka do Niemiec - op\u0142ata recyklingowa - nowe przepisy. - Apaczka","isPartOf":{"@id":"https:\/\/www.apaczka.pl\/en\/#website"},"primaryImageOfPage":{"@id":"https:\/\/www.apaczka.pl\/en\/aktualnosci\/wysylka-do-niemiec-oplata-recyklingowa-nowe-przepisy\/#primaryimage"},"image":{"@id":"https:\/\/www.apaczka.pl\/en\/aktualnosci\/wysylka-do-niemiec-oplata-recyklingowa-nowe-przepisy\/#primaryimage"},"thumbnailUrl":"https:\/\/www.apaczka.pl\/app\/uploads\/2022\/08\/zdjecie_blog-59.jpg","datePublished":"2018-12-04T10:40:00+00:00","dateModified":"2022-11-04T16:05:50+00:00","description":"Nowe przepisy dotycz\u0105ce opakowa\u0144 obowi\u0105zuj\u0105ce w Niemcach wchodz\u0105 w \u017cycie 1 stycznie 2019 r. Nowe przepisy obejm\u0105 firmy, kt\u00f3re dostarczaj\u0105 do Niemiec towar w pude\u0142kach.","breadcrumb":{"@id":"https:\/\/www.apaczka.pl\/en\/aktualnosci\/wysylka-do-niemiec-oplata-recyklingowa-nowe-przepisy\/#breadcrumb"},"inLanguage":"en-US","potentialAction":[{"@type":"ReadAction","target":["https:\/\/www.apaczka.pl\/en\/aktualnosci\/wysylka-do-niemiec-oplata-recyklingowa-nowe-przepisy\/"]}]},{"@type":"ImageObject","inLanguage":"en-US","@id":"https:\/\/www.apaczka.pl\/en\/aktualnosci\/wysylka-do-niemiec-oplata-recyklingowa-nowe-przepisy\/#primaryimage","url":"https:\/\/www.apaczka.pl\/app\/uploads\/2022\/08\/zdjecie_blog-59.jpg","contentUrl":"https:\/\/www.apaczka.pl\/app\/uploads\/2022\/08\/zdjecie_blog-59.jpg","width":1070,"height":456},{"@type":"BreadcrumbList","@id":"https:\/\/www.apaczka.pl\/en\/aktualnosci\/wysylka-do-niemiec-oplata-recyklingowa-nowe-przepisy\/#breadcrumb","itemListElement":[{"@type":"ListItem","position":1,"name":"Apaczka","item":"https:\/\/www.apaczka.pl\/en\/"},{"@type":"ListItem","position":2,"name":"Aktualno\u015bci","item":"https:\/\/www.apaczka.pl\/en\/aktualnosci\/"},{"@type":"ListItem","position":3,"name":"Wysy\u0142ka do Niemiec &#8211; op\u0142ata recyklingowa &#8211; nowe przepisy."}]},{"@type":"WebSite","@id":"https:\/\/www.apaczka.pl\/en\/#website","url":"https:\/\/www.apaczka.pl\/en\/","name":"Apaczka","description":"Rozwi\u0105zania do zarz\u0105dzania procesami wysy\u0142kowymi dla firm","publisher":{"@id":"https:\/\/www.apaczka.pl\/en\/#organization"},"potentialAction":[{"@type":"SearchAction","target":{"@type":"EntryPoint","urlTemplate":"https:\/\/www.apaczka.pl\/en\/?s={search_term_string}"},"query-input":{"@type":"PropertyValueSpecification","valueRequired":true,"valueName":"search_term_string"}}],"inLanguage":"en-US"},{"@type":"Organization","@id":"https:\/\/www.apaczka.pl\/en\/#organization","name":"Apaczka","url":"https:\/\/www.apaczka.pl\/en\/","logo":{"@type":"ImageObject","inLanguage":"en-US","@id":"https:\/\/www.apaczka.pl\/en\/#\/schema\/logo\/image\/","url":"https:\/\/www.apaczka.pl\/app\/uploads\/2024\/05\/cropped-Apaczka-Full-Logotype-Full-Color.png","contentUrl":"https:\/\/www.apaczka.pl\/app\/uploads\/2024\/05\/cropped-Apaczka-Full-Logotype-Full-Color.png","width":1337,"height":405,"caption":"Apaczka"},"image":{"@id":"https:\/\/www.apaczka.pl\/en\/#\/schema\/logo\/image\/"},"sameAs":["https:\/\/www.facebook.com\/ApaczkaPL\/","https:\/\/www.linkedin.com\/company\/apaczka-alsendo-sp-z-o-o\/","https:\/\/www.youtube.com\/@apaczka-by-alsendo","https:\/\/g.co\/kgs\/Ztnp4yQ","https:\/\/maps.app.goo.gl\/iUwRn8EGrQJAk4LB9","https:\/\/www.trustpilot.com\/review\/www.apaczka.pl","https:\/\/www.crunchbase.com\/organization\/apaczka","https:\/\/www.ekomi-pl.com\/opinie-apaczka.html","https:\/\/www.wikidata.org\/wiki\/Q135189453"],"description":"Apaczka.pl to platforma technologiczna do zarz\u0105dzania wysy\u0142kami i dostawami dla firm. Jeste\u015bmy sprawdzonym partnerem w zakresie proces\u00f3w wysy\u0142kowych dzia\u0142aj\u0105cym od ponad 15 lat na rynku. Integrujemy szeroki wachlarz us\u0142ug kurierskich oraz dedykowanych us\u0142ug w\u0142asnych skierowanych do wszystkich przedsi\u0119biorc\u00f3w, tak\u017ce tych, kt\u00f3rzy dopiero zaczynaj\u0105 swoj\u0105 dzia\u0142alno\u015b\u0107. Oferowane przez nas rozwi\u0105zania s\u0105 wykorzystywane przez firmy z bran\u017cy e-commerce, du\u017ce podmioty typu marketplace, ale r\u00f3wnie\u017c niewielkie firmy nadaj\u0105ce kilkana\u015bcie przesy\u0142ek miesi\u0119cznie. Konsekwentnie wspieramy firmy w rozwoju ich biznesu, udost\u0119pniaj\u0105c bez \u017cadnych op\u0142at gotowe narz\u0119dzia u\u0142atwiaj\u0105ce codzienn\u0105 logistyk\u0119. Nasi Klienci wysy\u0142aj\u0105 ponad 2,5 miliona przesy\u0142ek ka\u017cdego miesi\u0105ca korzystaj\u0105c z naszych unikalnych technologii. Nasze mocne strony: - Mo\u017cliwo\u015b\u0107 por\u00f3wnania ofert wiod\u0105cych firm kurierskich w Polsce i na \u015bwiecie: DHL, UPS, DPD, Fedex, Poczta Polska, Geis, InPost, GLS, Ambro, Hellmann i wielu innych, - Mo\u017cliwo\u015b\u0107 indywidualnego negocjowania stawek w zale\u017cno\u015bci od ilo\u015bci przesy\u0142ek i ich rodzaju (palety, p\u00f3\u0142palety, przesy\u0142ki krajowe, mi\u0119dzynarodowe), - Jedna, prosta integracja API z wieloma platformami e-commerce, marketplace i systemami ERP, WMS., daj\u0105ca dost\u0119p do ca\u0142ej naszej oferty kurierskiej, - Mo\u017cliwo\u015b\u0107 automatyzacji i optymalizacji proces\u00f3w wysy\u0142kowych, -Indywidualny Opiekun Handlowy zapewniaj\u0105cy wsparcie merytoryczne z zakresu rozwi\u0105za\u0144 kurierskich w zale\u017cno\u015bci od bran\u017cy Klienta, rodzaju przesy\u0142ek i metod dostawy, - Bezp\u0142atne integracje z 50 platformami sklepowymi, mo\u017cliwo\u015b\u0107 import\u00f3w (w tym Allegro) oraz wsparcie dzia\u0142u IT, -Personalizacja komunikacji z odbiorcami przesy\u0142ek na etapie post-checkout, modu\u0142 zwrot\u00f3w i analityka danych logistycznych, -Brak minim\u00f3w wysy\u0142kowych i wygodne formy rozlicze\u0144. Apaczka.pl: por\u00f3wnuj ceny kurier\u00f3w, automatyzuj procesy wysy\u0142kowe.","legalName":"Alsendo sp. z o.o.","foundingDate":"2009-08-17","vatID":"PL8971840043","taxID":"367328934","numberOfEmployees":{"@type":"QuantitativeValue","minValue":"51","maxValue":"200"}},{"@type":"Person","@id":"https:\/\/www.apaczka.pl\/en\/#\/schema\/person\/521f09ac7d5e35bdceaee9f99db0a9da","name":"Apaczka","image":{"@type":"ImageObject","inLanguage":"en-US","@id":"https:\/\/www.apaczka.pl\/app\/uploads\/2024\/07\/Alsendo-Favicon-Darker-Violet.svg","url":"https:\/\/www.apaczka.pl\/app\/uploads\/2024\/07\/Alsendo-Favicon-Darker-Violet.svg","contentUrl":"https:\/\/www.apaczka.pl\/app\/uploads\/2024\/07\/Alsendo-Favicon-Darker-Violet.svg","caption":"Apaczka"},"sameAs":["https:\/\/www.apaczka.pl\/wp"],"url":"https:\/\/www.apaczka.pl\/en\/blog\/author\/mc\/"}]}},"_links":{"self":[{"href":"https:\/\/www.apaczka.pl\/en\/wp-json\/wp\/v2\/news\/5747","targetHints":{"allow":["GET"]}}],"collection":[{"href":"https:\/\/www.apaczka.pl\/en\/wp-json\/wp\/v2\/news"}],"about":[{"href":"https:\/\/www.apaczka.pl\/en\/wp-json\/wp\/v2\/types\/news"}],"author":[{"embeddable":true,"href":"https:\/\/www.apaczka.pl\/en\/wp-json\/wp\/v2\/users\/1"}],"version-history":[{"count":13,"href":"https:\/\/www.apaczka.pl\/en\/wp-json\/wp\/v2\/news\/5747\/revisions"}],"predecessor-version":[{"id":13942,"href":"https:\/\/www.apaczka.pl\/en\/wp-json\/wp\/v2\/news\/5747\/revisions\/13942"}],"wp:featuredmedia":[{"embeddable":true,"href":"https:\/\/www.apaczka.pl\/en\/wp-json\/wp\/v2\/media\/5130"}],"wp:attachment":[{"href":"https:\/\/www.apaczka.pl\/en\/wp-json\/wp\/v2\/media?parent=5747"}],"wp:term":[{"taxonomy":"news_category","embeddable":true,"href":"https:\/\/www.apaczka.pl\/en\/wp-json\/wp\/v2\/news_category?post=5747"},{"taxonomy":"news_tag","embeddable":true,"href":"https:\/\/www.apaczka.pl\/en\/wp-json\/wp\/v2\/news_tag?post=5747"}],"curies":[{"name":"wp","href":"https:\/\/api.w.org\/{rel}","templated":true}]}}