{"id":41193,"date":"2026-04-28T12:11:21","date_gmt":"2026-04-28T12:11:21","guid":{"rendered":"https:\/\/www.apaczka.pl\/?post_type=news&#038;p=41193"},"modified":"2026-04-28T13:32:06","modified_gmt":"2026-04-28T13:32:06","slug":"majowka-2026-harmonogram-pracy-firm-kurierskich","status":"publish","type":"news","link":"https:\/\/www.apaczka.pl\/en\/aktualnosci\/majowka-2026-harmonogram-pracy-firm-kurierskich\/","title":{"rendered":"Maj\u00f3wka 2026 \u2013 harmonogram pracy firm kurierskich"},"content":{"rendered":"\n<p>Maj\u00f3wka w 2026 roku przypada na:<\/p>\n\n\n\n<ul class=\"wp-block-list\">\n<li><strong>1 maja (pi\u0105tek)<\/strong> \u2013 \u015awi\u0119to Pracy<\/li>\n\n\n\n<li><strong>3 maja (niedziela)<\/strong> \u2013 \u015awi\u0119to Konstytucji 3 Maja<\/li>\n<\/ul>\n\n\n\n<p>Oba dni s\u0105 ustawowo wolne od pracy, co oznacza ograniczon\u0105 dzia\u0142alno\u015b\u0107 firm kurierskich oraz transportowych.<\/p>\n\n\n\n<p>Aby unikn\u0105\u0107 op\u00f3\u017anie\u0144 i niespodzianek, zach\u0119camy do zapoznania si\u0119 z harmonogramem pracy przewo\u017anik\u00f3w i zaplanowania wysy\u0142ek z wyprzedzeniem.<\/p>\n\n\n<h2 class=\"wp-block-heading\" id=\"h-najwazniejsze-informacje-ogolne\">Najwa\u017cniejsze informacje og\u00f3lne<\/h2>\n\n\n<ul class=\"wp-block-list\">\n<li><strong>30.04 (czwartek)<\/strong> \u2013 ostatni standardowy dzie\u0144 pracy przed maj\u00f3wk\u0105<\/li>\n\n\n\n<li><strong>01.05 (pi\u0105tek)<\/strong> \u2013 dzie\u0144 wolny od pracy<\/li>\n\n\n\n<li><strong>02.05 (sobota)<\/strong> \u2013 cz\u0119\u015bciowa obs\u0142uga (zale\u017cna od przewo\u017anika)<\/li>\n\n\n\n<li><strong>03.05 (niedziela)<\/strong> \u2013 dzie\u0144 wolny od pracy<\/li>\n\n\n\n<li><strong>04.05 (poniedzia\u0142ek)<\/strong> \u2013 powr\u00f3t do standardowej pracy<\/li>\n<\/ul>\n\n\n<h2 class=\"wp-block-heading\" id=\"h-harmonogram-przewoznikow\">Harmonogram przewo\u017anik\u00f3w<\/h2>\n\n<h3 class=\"wp-block-heading\" id=\"h-inpost\">\ud83d\udd39 InPost<\/h3>\n\n\n<ul class=\"wp-block-list\">\n<li><strong>01.05<\/strong> \u2013 dzie\u0144 wolny od pracy (tylko operacje logistyczne)<\/li>\n\n\n\n<li><strong>02.05 (sobota)<\/strong> \u2013 realizowane dor\u0119czenia<\/li>\n\n\n\n<li><strong>03.05<\/strong> \u2013 dzie\u0144 wolny od pracy<\/li>\n\n\n\n<li><strong>04.05<\/strong> \u2013 standardowa praca<\/li>\n<\/ul>\n\n\n<h3 class=\"wp-block-heading\" id=\"h-dhl\">\ud83d\udd39 DHL<\/h3>\n\n\n<ul class=\"wp-block-list\">\n<li><strong>01.05<\/strong> \u2013 dzie\u0144 wolny od pracy<\/li>\n\n\n\n<li><strong>02.05 (sobota)<\/strong> \u2013 praca w ograniczonych godzinach (ok. 07:00\u201315:00)<\/li>\n\n\n\n<li><strong>03.05<\/strong> \u2013 dzie\u0144 wolny od pracy<\/li>\n\n\n\n<li><strong>04.05<\/strong> \u2013 standardowa praca<\/li>\n<\/ul>\n\n\n<h3 class=\"wp-block-heading\" id=\"h-dpd\">\ud83d\udd39 DPD<\/h3>\n\n\n<ul class=\"wp-block-list\">\n<li><strong>01.05<\/strong> \u2013 dzie\u0144 wolny od pracy<\/li>\n\n\n\n<li><strong>02.05 (sobota)<\/strong> \u2013 realizacja dostaw<\/li>\n<\/ul>\n\n\n<h3 class=\"wp-block-heading\" id=\"h-ups\">\ud83d\udd39 UPS<\/h3>\n\n\n<ul class=\"wp-block-list\">\n<li><strong>01.05<\/strong> \u2013 dzie\u0144 wolny od pracy<\/li>\n\n\n\n<li><strong>02.05 (sobota)<\/strong> \u2013 brak dostaw<\/li>\n<\/ul>\n\n\n<h3 class=\"wp-block-heading\" id=\"h-raben\">\ud83d\udd39 Raben<\/h3>\n\n\n<ul class=\"wp-block-list\">\n<li><strong>01.05<\/strong> \u2013 dzie\u0144 wolny od pracy<\/li>\n\n\n\n<li><strong>02.05 (sobota)<\/strong> \u2013 realizowane dostawy<\/li>\n<\/ul>\n\n\n<h3 class=\"wp-block-heading\" id=\"h-geodis-transport-miedzynarodowy\">\ud83d\udd39 Geodis (transport mi\u0119dzynarodowy)<\/h3>\n\n\n<ul class=\"wp-block-list\">\n<li><strong>01.05 \u2013 03.05<\/strong> \u2013 dzie\u0144 wolny od pracy<\/li>\n\n\n\n<li>Operacje realizowane do <strong>30.04 (czwartek)<\/strong><\/li>\n\n\n\n<li>Wznowienie transport\u00f3w: <strong>04.05 (poniedzia\u0142ek)<\/strong><\/li>\n\n\n\n<li>Szczeg\u00f3\u0142y: <\/li>\n<\/ul>\n\n\n\n<figure class=\"wp-block-image size-full\"><img loading=\"lazy\" decoding=\"async\" width=\"533\" height=\"705\" src=\"https:\/\/www.apaczka.pl\/app\/uploads\/2026\/04\/tabela.png\" alt=\"\" class=\"wp-image-41195\" srcset=\"https:\/\/www.apaczka.pl\/app\/uploads\/2026\/04\/tabela.png 533w, https:\/\/www.apaczka.pl\/app\/uploads\/2026\/04\/tabela-227x300.png 227w\" sizes=\"auto, (max-width: 533px) 100vw, 533px\" \/><\/figure>\n\n\n<h3 class=\"wp-block-heading\" id=\"h-hellmann\">\ud83d\udd39 Hellmann<\/h3>\n\n\n<ul class=\"wp-block-list\">\n<li><strong>01.05 \u2013 03.05<\/strong> \u2013 dzie\u0144 wolny od pracy<\/li>\n\n\n\n<li><strong>02.05<\/strong> \u2013 magazyn zamkni\u0119ty, brak wysy\u0142ek (w tym do NL)<\/li>\n\n\n\n<li>Ostatnie wyjazdy:\n<ul class=\"wp-block-list\">\n<li><strong>DE (Karlsdorf)<\/strong> \u2013 \u015broda<\/li>\n\n\n\n<li>pozosta\u0142e linie \u2013 czwartek (30.04)<\/li>\n<\/ul>\n<\/li>\n\n\n\n<li>Wznowienie: <strong>05.05<\/strong><\/li>\n<\/ul>\n\n\n<h3 class=\"wp-block-heading\" id=\"h-gls\">\ud83d\udd39 GLS<\/h3>\n\n\n<ul class=\"wp-block-list\">\n<li><strong>01.05 \u2013 03.05<\/strong> \u2013 dzie\u0144 wolny od pracy<\/li>\n<\/ul>\n\n\n<h3 class=\"wp-block-heading\" id=\"h-fedex\">\ud83d\udd39 FedEx<\/h3>\n\n\n<ul class=\"wp-block-list\">\n<li><strong>01.05 \u2013 03.05<\/strong> \u2013 dzie\u0144 wolny od pracy<\/li>\n<\/ul>\n\n\n<h3 class=\"wp-block-heading\" id=\"h-orlen-paczka\">\ud83d\udd39 ORLEN Paczka<\/h3>\n\n\n<ul class=\"wp-block-list\">\n<li><strong>01.05 \u2013 03.05<\/strong> \u2013 dzie\u0144 wolny od pracy<\/li>\n<\/ul>\n\n\n<h3 class=\"wp-block-heading\" id=\"h-ambro-express\">\ud83d\udd39 Ambro Express<\/h3>\n\n\n<ul class=\"wp-block-list\">\n<li><strong>01.05 \u2013 03.05<\/strong> \u2013 dzie\u0144 wolny od pracy<\/li>\n<\/ul>\n\n\n<h3 class=\"wp-block-heading\" id=\"h-cbl\">\ud83d\udd39 CBL<\/h3>\n\n\n<ul class=\"wp-block-list\">\n<li><strong>01.05 \u2013 03.05<\/strong> \u2013 dzie\u0144 wolny od pracy<\/li>\n<\/ul>\n\n\n<h3 class=\"wp-block-heading\" id=\"h-log4world\">\ud83d\udd39 Log4World<\/h3>\n\n\n<ul class=\"wp-block-list\">\n<li><strong>01.05 \u2013 03.05<\/strong> \u2013 dzie\u0144 wolny od pracy<\/li>\n<\/ul>\n\n\n<h3 class=\"wp-block-heading\" id=\"h-packeta\">\ud83d\udd39 Packeta<\/h3>\n\n\n<ul class=\"wp-block-list\">\n<li><strong>01.05 \u2013 03.05<\/strong> \u2013 dzie\u0144 wolny od pracy<\/li>\n<\/ul>\n\n\n<h3 class=\"wp-block-heading\" id=\"h-poczta-polska\">\ud83d\udd39 Poczta Polska<\/h3>\n\n\n<ul class=\"wp-block-list\">\n<li><strong>01.05 \u2013 03.05<\/strong> \u2013 dzie\u0144 wolny od pracy<\/li>\n<\/ul>\n\n\n<h3 class=\"wp-block-heading\" id=\"h-rhenus\">\ud83d\udd39 Rhenus<\/h3>\n\n\n<ul class=\"wp-block-list\">\n<li><strong>01.05 \u2013 03.05<\/strong> \u2013 dzie\u0144 wolny od pracy<\/li>\n<\/ul>\n\n\n\n<p><\/p>\n\n\n<h2 class=\"wp-block-heading\" id=\"h-rekomendacje\">Rekomendacje<\/h2>\n\n\n<ul class=\"wp-block-list\">\n<li>Zaplanuj wysy\u0142ki najp\u00f3\u017aniej do <strong>29\u201330 kwietnia<\/strong>.<\/li>\n\n\n\n<li>Uwzgl\u0119dnij mo\u017cliwe wyd\u0142u\u017cone czasy dor\u0119cze\u0144 po maj\u00f3wce.<\/li>\n\n\n\n<li>W przypadku transport\u00f3w mi\u0119dzynarodowych \u2013 skontaktuj si\u0119 wcze\u015bniej z operatorem.<br><\/li>\n<\/ul>\n\n\n\n<p>Zesp\u00f3\u0142 Apaczka<\/p>\n","protected":false},"excerpt":{"rendered":"<p>Maj\u00f3wka w 2026 roku przypada na: Oba dni s\u0105 ustawowo wolne od pracy, co oznacza ograniczon\u0105 dzia\u0142alno\u015b\u0107 firm kurierskich oraz transportowych. Aby unikn\u0105\u0107 op\u00f3\u017anie\u0144 i niespodzianek, zach\u0119camy do zapoznania si\u0119 z harmonogramem pracy przewo\u017anik\u00f3w i zaplanowania wysy\u0142ek z wyprzedzeniem. Najwa\u017cniejsze informacje og\u00f3lne Harmonogram przewo\u017anik\u00f3w \ud83d\udd39 InPost \ud83d\udd39 DHL \ud83d\udd39 DPD \ud83d\udd39 UPS \ud83d\udd39 Raben \ud83d\udd39 &hellip; <a href=\"https:\/\/www.apaczka.pl\/en\/aktualnosci\/majowka-2026-harmonogram-pracy-firm-kurierskich\/\">Continued<\/a><\/p>\n","protected":false},"author":10,"featured_media":25250,"template":"","meta":{"_acf_changed":false,"footnotes":""},"news_category":[],"news_tag":[],"class_list":["post-41193","news","type-news","status-publish","has-post-thumbnail","hentry"],"acf":[],"yoast_head":"<!-- This site is optimized with the Yoast SEO Premium plugin v27.3 (Yoast SEO v27.3) - https:\/\/yoast.com\/product\/yoast-seo-premium-wordpress\/ -->\n<title>Maj\u00f3wka 2026 \u2013 harmonogram pracy firm kurierskich - Apaczka<\/title>\n<meta name=\"robots\" content=\"noindex, follow\" \/>\n<meta property=\"og:locale\" content=\"en_US\" \/>\n<meta property=\"og:type\" content=\"article\" \/>\n<meta property=\"og:title\" content=\"Maj\u00f3wka 2026 \u2013 harmonogram pracy firm kurierskich\" \/>\n<meta property=\"og:description\" content=\"Maj\u00f3wka w 2026 roku przypada na: Oba dni s\u0105 ustawowo wolne od pracy, co oznacza ograniczon\u0105 dzia\u0142alno\u015b\u0107 firm kurierskich oraz transportowych. Aby unikn\u0105\u0107 op\u00f3\u017anie\u0144 i niespodzianek, zach\u0119camy do zapoznania si\u0119 z harmonogramem pracy przewo\u017anik\u00f3w i zaplanowania wysy\u0142ek z wyprzedzeniem. Najwa\u017cniejsze informacje og\u00f3lne Harmonogram przewo\u017anik\u00f3w \ud83d\udd39 InPost \ud83d\udd39 DHL \ud83d\udd39 DPD \ud83d\udd39 UPS \ud83d\udd39 Raben \ud83d\udd39 &hellip; Continued\" \/>\n<meta property=\"og:url\" content=\"https:\/\/www.apaczka.pl\/en\/aktualnosci\/majowka-2026-harmonogram-pracy-firm-kurierskich\/\" \/>\n<meta property=\"og:site_name\" content=\"Apaczka\" \/>\n<meta property=\"article:publisher\" content=\"https:\/\/www.facebook.com\/ApaczkaPL\/\" \/>\n<meta property=\"article:modified_time\" content=\"2026-04-28T13:32:06+00:00\" \/>\n<meta property=\"og:image\" content=\"https:\/\/www.apaczka.pl\/app\/uploads\/2024\/05\/praca_kurierow_apaczka-6.webp\" \/>\n\t<meta property=\"og:image:width\" content=\"1070\" \/>\n\t<meta property=\"og:image:height\" content=\"456\" \/>\n\t<meta property=\"og:image:type\" content=\"image\/webp\" \/>\n<meta name=\"twitter:card\" content=\"summary_large_image\" \/>\n<meta name=\"twitter:label1\" content=\"Est. reading time\" \/>\n\t<meta name=\"twitter:data1\" content=\"1 minute\" \/>\n<script type=\"application\/ld+json\" class=\"yoast-schema-graph\">{\"@context\":\"https:\\\/\\\/schema.org\",\"@graph\":[{\"@type\":\"NewsArticle\",\"@id\":\"https:\\\/\\\/www.apaczka.pl\\\/en\\\/aktualnosci\\\/majowka-2026-harmonogram-pracy-firm-kurierskich\\\/#article\",\"isPartOf\":{\"@id\":\"https:\\\/\\\/www.apaczka.pl\\\/en\\\/aktualnosci\\\/majowka-2026-harmonogram-pracy-firm-kurierskich\\\/\"},\"author\":{\"name\":\"Barbara Bochenek\",\"@id\":\"https:\\\/\\\/www.apaczka.pl\\\/en\\\/#\\\/schema\\\/person\\\/dc9cd6f6196e657b1a062d0c3022d716\"},\"headline\":\"Maj\u00f3wka 2026 \u2013 harmonogram pracy firm kurierskich\",\"datePublished\":\"2026-04-28T12:11:21+00:00\",\"dateModified\":\"2026-04-28T13:32:06+00:00\",\"mainEntityOfPage\":{\"@id\":\"https:\\\/\\\/www.apaczka.pl\\\/en\\\/aktualnosci\\\/majowka-2026-harmonogram-pracy-firm-kurierskich\\\/\"},\"wordCount\":295,\"publisher\":{\"@id\":\"https:\\\/\\\/www.apaczka.pl\\\/en\\\/#organization\"},\"image\":{\"@id\":\"https:\\\/\\\/www.apaczka.pl\\\/en\\\/aktualnosci\\\/majowka-2026-harmonogram-pracy-firm-kurierskich\\\/#primaryimage\"},\"thumbnailUrl\":\"https:\\\/\\\/www.apaczka.pl\\\/app\\\/uploads\\\/2024\\\/05\\\/praca_kurierow_apaczka-6.webp\",\"inLanguage\":\"en-US\"},{\"@type\":\"WebPage\",\"@id\":\"https:\\\/\\\/www.apaczka.pl\\\/en\\\/aktualnosci\\\/majowka-2026-harmonogram-pracy-firm-kurierskich\\\/\",\"url\":\"https:\\\/\\\/www.apaczka.pl\\\/en\\\/aktualnosci\\\/majowka-2026-harmonogram-pracy-firm-kurierskich\\\/\",\"name\":\"Maj\u00f3wka 2026 \u2013 harmonogram pracy firm kurierskich - Apaczka\",\"isPartOf\":{\"@id\":\"https:\\\/\\\/www.apaczka.pl\\\/en\\\/#website\"},\"primaryImageOfPage\":{\"@id\":\"https:\\\/\\\/www.apaczka.pl\\\/en\\\/aktualnosci\\\/majowka-2026-harmonogram-pracy-firm-kurierskich\\\/#primaryimage\"},\"image\":{\"@id\":\"https:\\\/\\\/www.apaczka.pl\\\/en\\\/aktualnosci\\\/majowka-2026-harmonogram-pracy-firm-kurierskich\\\/#primaryimage\"},\"thumbnailUrl\":\"https:\\\/\\\/www.apaczka.pl\\\/app\\\/uploads\\\/2024\\\/05\\\/praca_kurierow_apaczka-6.webp\",\"datePublished\":\"2026-04-28T12:11:21+00:00\",\"dateModified\":\"2026-04-28T13:32:06+00:00\",\"breadcrumb\":{\"@id\":\"https:\\\/\\\/www.apaczka.pl\\\/en\\\/aktualnosci\\\/majowka-2026-harmonogram-pracy-firm-kurierskich\\\/#breadcrumb\"},\"inLanguage\":\"en-US\",\"potentialAction\":[{\"@type\":\"ReadAction\",\"target\":[\"https:\\\/\\\/www.apaczka.pl\\\/en\\\/aktualnosci\\\/majowka-2026-harmonogram-pracy-firm-kurierskich\\\/\"]}]},{\"@type\":\"ImageObject\",\"inLanguage\":\"en-US\",\"@id\":\"https:\\\/\\\/www.apaczka.pl\\\/en\\\/aktualnosci\\\/majowka-2026-harmonogram-pracy-firm-kurierskich\\\/#primaryimage\",\"url\":\"https:\\\/\\\/www.apaczka.pl\\\/app\\\/uploads\\\/2024\\\/05\\\/praca_kurierow_apaczka-6.webp\",\"contentUrl\":\"https:\\\/\\\/www.apaczka.pl\\\/app\\\/uploads\\\/2024\\\/05\\\/praca_kurierow_apaczka-6.webp\",\"width\":1070,\"height\":456,\"caption\":\"harmonogram Bo\u017ce Cia\u0142o\"},{\"@type\":\"BreadcrumbList\",\"@id\":\"https:\\\/\\\/www.apaczka.pl\\\/en\\\/aktualnosci\\\/majowka-2026-harmonogram-pracy-firm-kurierskich\\\/#breadcrumb\",\"itemListElement\":[{\"@type\":\"ListItem\",\"position\":1,\"name\":\"Apaczka\",\"item\":\"https:\\\/\\\/www.apaczka.pl\\\/en\\\/\"},{\"@type\":\"ListItem\",\"position\":2,\"name\":\"Aktualno\u015bci\",\"item\":\"https:\\\/\\\/www.apaczka.pl\\\/en\\\/aktualnosci\\\/\"},{\"@type\":\"ListItem\",\"position\":3,\"name\":\"Maj\u00f3wka 2026 \u2013 harmonogram pracy firm kurierskich\"}]},{\"@type\":\"WebSite\",\"@id\":\"https:\\\/\\\/www.apaczka.pl\\\/en\\\/#website\",\"url\":\"https:\\\/\\\/www.apaczka.pl\\\/en\\\/\",\"name\":\"Apaczka\",\"description\":\"Rozwi\u0105zania do zarz\u0105dzania procesami wysy\u0142kowymi dla firm\",\"publisher\":{\"@id\":\"https:\\\/\\\/www.apaczka.pl\\\/en\\\/#organization\"},\"potentialAction\":[{\"@type\":\"SearchAction\",\"target\":{\"@type\":\"EntryPoint\",\"urlTemplate\":\"https:\\\/\\\/www.apaczka.pl\\\/en\\\/?s={search_term_string}\"},\"query-input\":{\"@type\":\"PropertyValueSpecification\",\"valueRequired\":true,\"valueName\":\"search_term_string\"}}],\"inLanguage\":\"en-US\"},{\"@type\":\"Organization\",\"@id\":\"https:\\\/\\\/www.apaczka.pl\\\/en\\\/#organization\",\"name\":\"Apaczka\",\"url\":\"https:\\\/\\\/www.apaczka.pl\\\/en\\\/\",\"logo\":{\"@type\":\"ImageObject\",\"inLanguage\":\"en-US\",\"@id\":\"https:\\\/\\\/www.apaczka.pl\\\/en\\\/#\\\/schema\\\/logo\\\/image\\\/\",\"url\":\"https:\\\/\\\/www.apaczka.pl\\\/app\\\/uploads\\\/2024\\\/05\\\/cropped-Apaczka-Full-Logotype-Full-Color.png\",\"contentUrl\":\"https:\\\/\\\/www.apaczka.pl\\\/app\\\/uploads\\\/2024\\\/05\\\/cropped-Apaczka-Full-Logotype-Full-Color.png\",\"width\":1337,\"height\":405,\"caption\":\"Apaczka\"},\"image\":{\"@id\":\"https:\\\/\\\/www.apaczka.pl\\\/en\\\/#\\\/schema\\\/logo\\\/image\\\/\"},\"sameAs\":[\"https:\\\/\\\/www.facebook.com\\\/ApaczkaPL\\\/\",\"https:\\\/\\\/www.linkedin.com\\\/company\\\/apaczka-alsendo-sp-z-o-o\\\/\",\"https:\\\/\\\/www.youtube.com\\\/@apaczka-by-alsendo\",\"https:\\\/\\\/g.co\\\/kgs\\\/Ztnp4yQ\",\"https:\\\/\\\/maps.app.goo.gl\\\/iUwRn8EGrQJAk4LB9\",\"https:\\\/\\\/www.trustpilot.com\\\/review\\\/www.apaczka.pl\",\"https:\\\/\\\/www.crunchbase.com\\\/organization\\\/apaczka\",\"https:\\\/\\\/www.ekomi-pl.com\\\/opinie-apaczka.html\",\"https:\\\/\\\/www.wikidata.org\\\/wiki\\\/Q135189453\"],\"description\":\"Apaczka.pl to platforma technologiczna do zarz\u0105dzania wysy\u0142kami i dostawami dla firm. Jeste\u015bmy sprawdzonym partnerem w zakresie proces\u00f3w wysy\u0142kowych dzia\u0142aj\u0105cym od ponad 15 lat na rynku. Integrujemy szeroki wachlarz us\u0142ug kurierskich oraz dedykowanych us\u0142ug w\u0142asnych skierowanych do wszystkich przedsi\u0119biorc\u00f3w, tak\u017ce tych, kt\u00f3rzy dopiero zaczynaj\u0105 swoj\u0105 dzia\u0142alno\u015b\u0107. Oferowane przez nas rozwi\u0105zania s\u0105 wykorzystywane przez firmy z bran\u017cy e-commerce, du\u017ce podmioty typu marketplace, ale r\u00f3wnie\u017c niewielkie firmy nadaj\u0105ce kilkana\u015bcie przesy\u0142ek miesi\u0119cznie. Konsekwentnie wspieramy firmy w rozwoju ich biznesu, udost\u0119pniaj\u0105c bez \u017cadnych op\u0142at gotowe narz\u0119dzia u\u0142atwiaj\u0105ce codzienn\u0105 logistyk\u0119. Nasi Klienci wysy\u0142aj\u0105 ponad 2,5 miliona przesy\u0142ek ka\u017cdego miesi\u0105ca korzystaj\u0105c z naszych unikalnych technologii. Nasze mocne strony: - Mo\u017cliwo\u015b\u0107 por\u00f3wnania ofert wiod\u0105cych firm kurierskich w Polsce i na \u015bwiecie: DHL, UPS, DPD, Fedex, Poczta Polska, Geis, InPost, GLS, Ambro, Hellmann i wielu innych, - Mo\u017cliwo\u015b\u0107 indywidualnego negocjowania stawek w zale\u017cno\u015bci od ilo\u015bci przesy\u0142ek i ich rodzaju (palety, p\u00f3\u0142palety, przesy\u0142ki krajowe, mi\u0119dzynarodowe), - Jedna, prosta integracja API z wieloma platformami e-commerce, marketplace i systemami ERP, WMS., daj\u0105ca dost\u0119p do ca\u0142ej naszej oferty kurierskiej, - Mo\u017cliwo\u015b\u0107 automatyzacji i optymalizacji proces\u00f3w wysy\u0142kowych, -Indywidualny Opiekun Handlowy zapewniaj\u0105cy wsparcie merytoryczne z zakresu rozwi\u0105za\u0144 kurierskich w zale\u017cno\u015bci od bran\u017cy Klienta, rodzaju przesy\u0142ek i metod dostawy, - Bezp\u0142atne integracje z 50 platformami sklepowymi, mo\u017cliwo\u015b\u0107 import\u00f3w (w tym Allegro) oraz wsparcie dzia\u0142u IT, -Personalizacja komunikacji z odbiorcami przesy\u0142ek na etapie post-checkout, modu\u0142 zwrot\u00f3w i analityka danych logistycznych, -Brak minim\u00f3w wysy\u0142kowych i wygodne formy rozlicze\u0144. Apaczka.pl: por\u00f3wnuj ceny kurier\u00f3w, automatyzuj procesy wysy\u0142kowe.\",\"legalName\":\"Alsendo sp. z o.o.\",\"foundingDate\":\"2009-08-17\",\"vatID\":\"PL8971840043\",\"taxID\":\"367328934\",\"numberOfEmployees\":{\"@type\":\"QuantitativeValue\",\"minValue\":\"51\",\"maxValue\":\"200\"}},{\"@type\":\"Person\",\"@id\":\"https:\\\/\\\/www.apaczka.pl\\\/en\\\/#\\\/schema\\\/person\\\/dc9cd6f6196e657b1a062d0c3022d716\",\"name\":\"Barbara Bochenek\",\"image\":{\"@type\":\"ImageObject\",\"inLanguage\":\"en-US\",\"@id\":\"https:\\\/\\\/www.apaczka.pl\\\/app\\\/uploads\\\/2025\\\/04\\\/cropped-Barbara-Bochenek-96x96.jpg\",\"url\":\"https:\\\/\\\/www.apaczka.pl\\\/app\\\/uploads\\\/2025\\\/04\\\/cropped-Barbara-Bochenek-96x96.jpg\",\"contentUrl\":\"https:\\\/\\\/www.apaczka.pl\\\/app\\\/uploads\\\/2025\\\/04\\\/cropped-Barbara-Bochenek-96x96.jpg\",\"caption\":\"Barbara Bochenek\"},\"description\":\"Pomagam firmom sprawniej zarz\u0105dza\u0107 wysy\u0142k\u0105 i budowa\u0107 przewag\u0119 w logistyce dzi\u0119ki trafnej komunikacji i rzetelnym tre\u015bciom. Jako specjalistka ds. komunikacji i content marketingu z pasj\u0105 do innowacji logistycznych tworz\u0119 artyku\u0142y, e-booki, materia\u0142y edukacyjne i case studies, kt\u00f3re pokazuj\u0105, jak rozwi\u0105zania Apaczka usprawniaj\u0105 procesy i wspieraj\u0105 rozw\u00f3j biznesu. W pracy stawiam na jasny przekaz, konkretne dane i tre\u015bci, kt\u00f3re realnie u\u0142atwiaj\u0105 klientom podejmowanie decyzji.\",\"sameAs\":[\"https:\\\/\\\/www.linkedin.com\\\/in\\\/barbarabochenek\\\/\"],\"jobTitle\":\"Junior Content & Social Media Manager\",\"url\":\"https:\\\/\\\/www.apaczka.pl\\\/en\\\/blog\\\/author\\\/barbara-bochenek\\\/\"}]}<\/script>\n<!-- \/ Yoast SEO Premium plugin. -->","yoast_head_json":{"title":"Maj\u00f3wka 2026 \u2013 harmonogram pracy firm kurierskich - Apaczka","robots":{"index":"noindex","follow":"follow"},"og_locale":"en_US","og_type":"article","og_title":"Maj\u00f3wka 2026 \u2013 harmonogram pracy firm kurierskich","og_description":"Maj\u00f3wka w 2026 roku przypada na: Oba dni s\u0105 ustawowo wolne od pracy, co oznacza ograniczon\u0105 dzia\u0142alno\u015b\u0107 firm kurierskich oraz transportowych. Aby unikn\u0105\u0107 op\u00f3\u017anie\u0144 i niespodzianek, zach\u0119camy do zapoznania si\u0119 z harmonogramem pracy przewo\u017anik\u00f3w i zaplanowania wysy\u0142ek z wyprzedzeniem. Najwa\u017cniejsze informacje og\u00f3lne Harmonogram przewo\u017anik\u00f3w \ud83d\udd39 InPost \ud83d\udd39 DHL \ud83d\udd39 DPD \ud83d\udd39 UPS \ud83d\udd39 Raben \ud83d\udd39 &hellip; Continued","og_url":"https:\/\/www.apaczka.pl\/en\/aktualnosci\/majowka-2026-harmonogram-pracy-firm-kurierskich\/","og_site_name":"Apaczka","article_publisher":"https:\/\/www.facebook.com\/ApaczkaPL\/","article_modified_time":"2026-04-28T13:32:06+00:00","og_image":[{"width":1070,"height":456,"url":"https:\/\/www.apaczka.pl\/app\/uploads\/2024\/05\/praca_kurierow_apaczka-6.webp","type":"image\/webp"}],"twitter_card":"summary_large_image","twitter_misc":{"Est. reading time":"1 minute"},"schema":{"@context":"https:\/\/schema.org","@graph":[{"@type":"NewsArticle","@id":"https:\/\/www.apaczka.pl\/en\/aktualnosci\/majowka-2026-harmonogram-pracy-firm-kurierskich\/#article","isPartOf":{"@id":"https:\/\/www.apaczka.pl\/en\/aktualnosci\/majowka-2026-harmonogram-pracy-firm-kurierskich\/"},"author":{"name":"Barbara Bochenek","@id":"https:\/\/www.apaczka.pl\/en\/#\/schema\/person\/dc9cd6f6196e657b1a062d0c3022d716"},"headline":"Maj\u00f3wka 2026 \u2013 harmonogram pracy firm kurierskich","datePublished":"2026-04-28T12:11:21+00:00","dateModified":"2026-04-28T13:32:06+00:00","mainEntityOfPage":{"@id":"https:\/\/www.apaczka.pl\/en\/aktualnosci\/majowka-2026-harmonogram-pracy-firm-kurierskich\/"},"wordCount":295,"publisher":{"@id":"https:\/\/www.apaczka.pl\/en\/#organization"},"image":{"@id":"https:\/\/www.apaczka.pl\/en\/aktualnosci\/majowka-2026-harmonogram-pracy-firm-kurierskich\/#primaryimage"},"thumbnailUrl":"https:\/\/www.apaczka.pl\/app\/uploads\/2024\/05\/praca_kurierow_apaczka-6.webp","inLanguage":"en-US"},{"@type":"WebPage","@id":"https:\/\/www.apaczka.pl\/en\/aktualnosci\/majowka-2026-harmonogram-pracy-firm-kurierskich\/","url":"https:\/\/www.apaczka.pl\/en\/aktualnosci\/majowka-2026-harmonogram-pracy-firm-kurierskich\/","name":"Maj\u00f3wka 2026 \u2013 harmonogram pracy firm kurierskich - Apaczka","isPartOf":{"@id":"https:\/\/www.apaczka.pl\/en\/#website"},"primaryImageOfPage":{"@id":"https:\/\/www.apaczka.pl\/en\/aktualnosci\/majowka-2026-harmonogram-pracy-firm-kurierskich\/#primaryimage"},"image":{"@id":"https:\/\/www.apaczka.pl\/en\/aktualnosci\/majowka-2026-harmonogram-pracy-firm-kurierskich\/#primaryimage"},"thumbnailUrl":"https:\/\/www.apaczka.pl\/app\/uploads\/2024\/05\/praca_kurierow_apaczka-6.webp","datePublished":"2026-04-28T12:11:21+00:00","dateModified":"2026-04-28T13:32:06+00:00","breadcrumb":{"@id":"https:\/\/www.apaczka.pl\/en\/aktualnosci\/majowka-2026-harmonogram-pracy-firm-kurierskich\/#breadcrumb"},"inLanguage":"en-US","potentialAction":[{"@type":"ReadAction","target":["https:\/\/www.apaczka.pl\/en\/aktualnosci\/majowka-2026-harmonogram-pracy-firm-kurierskich\/"]}]},{"@type":"ImageObject","inLanguage":"en-US","@id":"https:\/\/www.apaczka.pl\/en\/aktualnosci\/majowka-2026-harmonogram-pracy-firm-kurierskich\/#primaryimage","url":"https:\/\/www.apaczka.pl\/app\/uploads\/2024\/05\/praca_kurierow_apaczka-6.webp","contentUrl":"https:\/\/www.apaczka.pl\/app\/uploads\/2024\/05\/praca_kurierow_apaczka-6.webp","width":1070,"height":456,"caption":"harmonogram Bo\u017ce Cia\u0142o"},{"@type":"BreadcrumbList","@id":"https:\/\/www.apaczka.pl\/en\/aktualnosci\/majowka-2026-harmonogram-pracy-firm-kurierskich\/#breadcrumb","itemListElement":[{"@type":"ListItem","position":1,"name":"Apaczka","item":"https:\/\/www.apaczka.pl\/en\/"},{"@type":"ListItem","position":2,"name":"Aktualno\u015bci","item":"https:\/\/www.apaczka.pl\/en\/aktualnosci\/"},{"@type":"ListItem","position":3,"name":"Maj\u00f3wka 2026 \u2013 harmonogram pracy firm kurierskich"}]},{"@type":"WebSite","@id":"https:\/\/www.apaczka.pl\/en\/#website","url":"https:\/\/www.apaczka.pl\/en\/","name":"Apaczka","description":"Rozwi\u0105zania do zarz\u0105dzania procesami wysy\u0142kowymi dla firm","publisher":{"@id":"https:\/\/www.apaczka.pl\/en\/#organization"},"potentialAction":[{"@type":"SearchAction","target":{"@type":"EntryPoint","urlTemplate":"https:\/\/www.apaczka.pl\/en\/?s={search_term_string}"},"query-input":{"@type":"PropertyValueSpecification","valueRequired":true,"valueName":"search_term_string"}}],"inLanguage":"en-US"},{"@type":"Organization","@id":"https:\/\/www.apaczka.pl\/en\/#organization","name":"Apaczka","url":"https:\/\/www.apaczka.pl\/en\/","logo":{"@type":"ImageObject","inLanguage":"en-US","@id":"https:\/\/www.apaczka.pl\/en\/#\/schema\/logo\/image\/","url":"https:\/\/www.apaczka.pl\/app\/uploads\/2024\/05\/cropped-Apaczka-Full-Logotype-Full-Color.png","contentUrl":"https:\/\/www.apaczka.pl\/app\/uploads\/2024\/05\/cropped-Apaczka-Full-Logotype-Full-Color.png","width":1337,"height":405,"caption":"Apaczka"},"image":{"@id":"https:\/\/www.apaczka.pl\/en\/#\/schema\/logo\/image\/"},"sameAs":["https:\/\/www.facebook.com\/ApaczkaPL\/","https:\/\/www.linkedin.com\/company\/apaczka-alsendo-sp-z-o-o\/","https:\/\/www.youtube.com\/@apaczka-by-alsendo","https:\/\/g.co\/kgs\/Ztnp4yQ","https:\/\/maps.app.goo.gl\/iUwRn8EGrQJAk4LB9","https:\/\/www.trustpilot.com\/review\/www.apaczka.pl","https:\/\/www.crunchbase.com\/organization\/apaczka","https:\/\/www.ekomi-pl.com\/opinie-apaczka.html","https:\/\/www.wikidata.org\/wiki\/Q135189453"],"description":"Apaczka.pl to platforma technologiczna do zarz\u0105dzania wysy\u0142kami i dostawami dla firm. Jeste\u015bmy sprawdzonym partnerem w zakresie proces\u00f3w wysy\u0142kowych dzia\u0142aj\u0105cym od ponad 15 lat na rynku. Integrujemy szeroki wachlarz us\u0142ug kurierskich oraz dedykowanych us\u0142ug w\u0142asnych skierowanych do wszystkich przedsi\u0119biorc\u00f3w, tak\u017ce tych, kt\u00f3rzy dopiero zaczynaj\u0105 swoj\u0105 dzia\u0142alno\u015b\u0107. Oferowane przez nas rozwi\u0105zania s\u0105 wykorzystywane przez firmy z bran\u017cy e-commerce, du\u017ce podmioty typu marketplace, ale r\u00f3wnie\u017c niewielkie firmy nadaj\u0105ce kilkana\u015bcie przesy\u0142ek miesi\u0119cznie. Konsekwentnie wspieramy firmy w rozwoju ich biznesu, udost\u0119pniaj\u0105c bez \u017cadnych op\u0142at gotowe narz\u0119dzia u\u0142atwiaj\u0105ce codzienn\u0105 logistyk\u0119. Nasi Klienci wysy\u0142aj\u0105 ponad 2,5 miliona przesy\u0142ek ka\u017cdego miesi\u0105ca korzystaj\u0105c z naszych unikalnych technologii. Nasze mocne strony: - Mo\u017cliwo\u015b\u0107 por\u00f3wnania ofert wiod\u0105cych firm kurierskich w Polsce i na \u015bwiecie: DHL, UPS, DPD, Fedex, Poczta Polska, Geis, InPost, GLS, Ambro, Hellmann i wielu innych, - Mo\u017cliwo\u015b\u0107 indywidualnego negocjowania stawek w zale\u017cno\u015bci od ilo\u015bci przesy\u0142ek i ich rodzaju (palety, p\u00f3\u0142palety, przesy\u0142ki krajowe, mi\u0119dzynarodowe), - Jedna, prosta integracja API z wieloma platformami e-commerce, marketplace i systemami ERP, WMS., daj\u0105ca dost\u0119p do ca\u0142ej naszej oferty kurierskiej, - Mo\u017cliwo\u015b\u0107 automatyzacji i optymalizacji proces\u00f3w wysy\u0142kowych, -Indywidualny Opiekun Handlowy zapewniaj\u0105cy wsparcie merytoryczne z zakresu rozwi\u0105za\u0144 kurierskich w zale\u017cno\u015bci od bran\u017cy Klienta, rodzaju przesy\u0142ek i metod dostawy, - Bezp\u0142atne integracje z 50 platformami sklepowymi, mo\u017cliwo\u015b\u0107 import\u00f3w (w tym Allegro) oraz wsparcie dzia\u0142u IT, -Personalizacja komunikacji z odbiorcami przesy\u0142ek na etapie post-checkout, modu\u0142 zwrot\u00f3w i analityka danych logistycznych, -Brak minim\u00f3w wysy\u0142kowych i wygodne formy rozlicze\u0144. Apaczka.pl: por\u00f3wnuj ceny kurier\u00f3w, automatyzuj procesy wysy\u0142kowe.","legalName":"Alsendo sp. z o.o.","foundingDate":"2009-08-17","vatID":"PL8971840043","taxID":"367328934","numberOfEmployees":{"@type":"QuantitativeValue","minValue":"51","maxValue":"200"}},{"@type":"Person","@id":"https:\/\/www.apaczka.pl\/en\/#\/schema\/person\/dc9cd6f6196e657b1a062d0c3022d716","name":"Barbara Bochenek","image":{"@type":"ImageObject","inLanguage":"en-US","@id":"https:\/\/www.apaczka.pl\/app\/uploads\/2025\/04\/cropped-Barbara-Bochenek-96x96.jpg","url":"https:\/\/www.apaczka.pl\/app\/uploads\/2025\/04\/cropped-Barbara-Bochenek-96x96.jpg","contentUrl":"https:\/\/www.apaczka.pl\/app\/uploads\/2025\/04\/cropped-Barbara-Bochenek-96x96.jpg","caption":"Barbara Bochenek"},"description":"Pomagam firmom sprawniej zarz\u0105dza\u0107 wysy\u0142k\u0105 i budowa\u0107 przewag\u0119 w logistyce dzi\u0119ki trafnej komunikacji i rzetelnym tre\u015bciom. Jako specjalistka ds. komunikacji i content marketingu z pasj\u0105 do innowacji logistycznych tworz\u0119 artyku\u0142y, e-booki, materia\u0142y edukacyjne i case studies, kt\u00f3re pokazuj\u0105, jak rozwi\u0105zania Apaczka usprawniaj\u0105 procesy i wspieraj\u0105 rozw\u00f3j biznesu. W pracy stawiam na jasny przekaz, konkretne dane i tre\u015bci, kt\u00f3re realnie u\u0142atwiaj\u0105 klientom podejmowanie decyzji.","sameAs":["https:\/\/www.linkedin.com\/in\/barbarabochenek\/"],"jobTitle":"Junior Content & Social Media Manager","url":"https:\/\/www.apaczka.pl\/en\/blog\/author\/barbara-bochenek\/"}]}},"_links":{"self":[{"href":"https:\/\/www.apaczka.pl\/en\/wp-json\/wp\/v2\/news\/41193","targetHints":{"allow":["GET"]}}],"collection":[{"href":"https:\/\/www.apaczka.pl\/en\/wp-json\/wp\/v2\/news"}],"about":[{"href":"https:\/\/www.apaczka.pl\/en\/wp-json\/wp\/v2\/types\/news"}],"author":[{"embeddable":true,"href":"https:\/\/www.apaczka.pl\/en\/wp-json\/wp\/v2\/users\/10"}],"version-history":[{"count":3,"href":"https:\/\/www.apaczka.pl\/en\/wp-json\/wp\/v2\/news\/41193\/revisions"}],"predecessor-version":[{"id":41198,"href":"https:\/\/www.apaczka.pl\/en\/wp-json\/wp\/v2\/news\/41193\/revisions\/41198"}],"wp:featuredmedia":[{"embeddable":true,"href":"https:\/\/www.apaczka.pl\/en\/wp-json\/wp\/v2\/media\/25250"}],"wp:attachment":[{"href":"https:\/\/www.apaczka.pl\/en\/wp-json\/wp\/v2\/media?parent=41193"}],"wp:term":[{"taxonomy":"news_category","embeddable":true,"href":"https:\/\/www.apaczka.pl\/en\/wp-json\/wp\/v2\/news_category?post=41193"},{"taxonomy":"news_tag","embeddable":true,"href":"https:\/\/www.apaczka.pl\/en\/wp-json\/wp\/v2\/news_tag?post=41193"}],"curies":[{"name":"wp","href":"https:\/\/api.w.org\/{rel}","templated":true}]}}