{"id":40686,"date":"2026-03-27T09:53:59","date_gmt":"2026-03-27T09:53:59","guid":{"rendered":"https:\/\/www.apaczka.pl\/?post_type=news&#038;p=40686"},"modified":"2026-04-03T09:19:33","modified_gmt":"2026-04-03T09:19:33","slug":"harmonogram-pracy-firm-kurierskich-w-okresie-swiat-wielkanocnych-2026","status":"publish","type":"news","link":"https:\/\/www.apaczka.pl\/en\/aktualnosci\/harmonogram-pracy-firm-kurierskich-w-okresie-swiat-wielkanocnych-2026\/","title":{"rendered":"Harmonogram pracy firm kurierskich w okresie \u015awi\u0105t Wielkanocnych 2026"},"content":{"rendered":"\n<p>Wielkanoc to czas, w kt\u00f3rym harmonogram pracy firm kurierskich ulega zmianie. W 2026 roku \u015awi\u0119ta Wielkanocne przypadaj\u0105 na 5 i 6 kwietnia (niedziela i poniedzia\u0142ek), s\u0105 to dni ustawowo wolne od pracy, dlatego wi\u0119kszo\u015b\u0107 przewo\u017anik\u00f3w nie realizuje wtedy odbior\u00f3w ani dor\u0119cze\u0144.<\/p>\n\n\n\n<p>Planuj\u0105c wysy\u0142ki w tym okresie, warto zapozna\u0107 si\u0119 z harmonogramami poszczeg\u00f3lnych operator\u00f3w. Nale\u017cy jednak pami\u0119ta\u0107, \u017ce nadawanie przez platform\u0119 Apaczka dost\u0119pne jest 24\/7, faktyczna realizacja us\u0142ug odbywa si\u0119 zgodnie z harmonogramami firm kurierskich.<\/p>\n\n\n<h2 class=\"simpletoc-title\">Spis tre\u015bci<\/h2>\n<ul class=\"simpletoc-list\">\n<li><a href=\"#h-dpd-polska\">DPD Polska<\/a>\n\n<\/li>\n<li><a href=\"#ups\">UPS<\/a>\n\n<\/li>\n<li><a href=\"#gls\">GLS<\/a>\n\n<\/li>\n<li><a href=\"#geodis\">Geodis<\/a>\n\n<\/li>\n<li><a href=\"#rhenus\">Rhenus<\/a>\n\n<\/li>\n<li><a href=\"#hellmann\">Hellmann<\/a>\n\n<\/li>\n<li><a href=\"#packeta\">Packeta<\/a>\n\n<\/li>\n<li><a href=\"#inpost\">InPost<\/a>\n\n<\/li>\n<li><a href=\"#dhl\">DHL<\/a>\n\n<\/li>\n<li><a href=\"#raben\">Raben<\/a>\n<\/li><\/ul>\n\n<h2 class=\"wp-block-heading\" id=\"h-dpd-polska\">DPD Polska<\/h2>\n\n\n<ul class=\"wp-block-list\">\n<li><strong>03.04 (pi\u0105tek)<\/strong> \u2014 normalna praca. Dor\u0119czenia realizowane we wtorek 07.04.<\/li>\n\n\n\n<li><strong>04.04 (sobota)<\/strong> \u2014 obs\u0142uga w trybie sobotnim.<\/li>\n\n\n\n<li><strong>06.04 (poniedzia\u0142ek)<\/strong> \u2014 Poniedzia\u0142ek Wielkanocny, brak dostaw i odbior\u00f3w.<\/li>\n\n\n\n<li><strong>07.04 (wtorek)<\/strong> \u2014 powr\u00f3t do standardowej pracy.<\/li>\n<\/ul>\n\n\n<h2 class=\"wp-block-heading\" id=\"ups\">UPS<\/h2>\n\n\n<ul class=\"wp-block-list\">\n<li><strong>04.04 (sobota)<\/strong> \u2014 brak dor\u0119cze\u0144.<\/li>\n\n\n\n<li><strong>06.04 (poniedzia\u0142ek)<\/strong> \u2014 brak odbior\u00f3w i dostaw.<\/li>\n<\/ul>\n\n\n<h2 class=\"wp-block-heading\" id=\"gls\">GLS<\/h2>\n\n\n<ul class=\"wp-block-list\">\n<li><strong>06.04 (poniedzia\u0142ek)<\/strong> \u2014 brak dostaw i odbior\u00f3w.<\/li>\n<\/ul>\n\n\n<h2 class=\"wp-block-heading\" id=\"geodis\">Geodis<\/h2>\n\n\n<ul class=\"wp-block-list\">\n<li><strong>03.04 (pi\u0105tek)<\/strong> \u2014 ostatni dzie\u0144 realizacji przed \u015awi\u0119tami.<\/li>\n\n\n\n<li><strong>06.04 (poniedzia\u0142ek)<\/strong> \u2014 brak dostaw i odbior\u00f3w.<\/li>\n\n\n\n<li><strong>07.04 (wtorek)<\/strong> \u2014 wznowienie pracy.<\/li>\n<\/ul>\n\n\n<h2 class=\"wp-block-heading\" id=\"rhenus\">Rhenus<\/h2>\n\n\n<p>Brak ogranicze\u0144 \u2014 praca odbywa si\u0119 standardowo w okresie przed\u015bwi\u0105tecznym.<br><strong>06.04 (poniedzia\u0142ek)<\/strong> \u2014 dzie\u0144 wolny (zgodnie z przepisami).<\/p>\n\n\n<h2 class=\"wp-block-heading\" id=\"hellmann\">Hellmann<\/h2>\n\n\n<p>Ostatnie i pierwsze kursy linii mi\u0119dzynarodowych:<\/p>\n\n\n\n<ul class=\"wp-block-list\">\n<li>wi\u0119kszo\u015b\u0107 kierunk\u00f3w (DE, NL, CZE): <strong>ostatni kurs 02.04<\/strong>, wznowienie <strong>07.04<\/strong><\/li>\n\n\n\n<li>Frankfurt: powr\u00f3t <strong>08.04<\/strong><\/li>\n\n\n\n<li>kraje ba\u0142tyckie: ostatni kurs <strong>03.04<\/strong>, powr\u00f3t <strong>07.04<\/strong><\/li>\n<\/ul>\n\n\n\n<p><strong>Auta eksportowe z NYT<\/strong><\/p>\n\n\n\n<ul class=\"wp-block-list\">\n<li><strong>LEH<\/strong> \u2014 <strong>02.04<\/strong> ostatnie auto \/ <strong>07.04<\/strong> pierwsze auto<\/li>\n\n\n\n<li><strong>HH<\/strong> \u2014 <strong>02.04<\/strong> ostatnie auto \/ <strong>07.04<\/strong> pierwsze auto<\/li>\n\n\n\n<li><strong>BIE<\/strong> \u2014 <strong>02.04<\/strong> ostatnie auto \/ <strong>07.04<\/strong> pierwsze auto<\/li>\n\n\n\n<li><strong>OSN<\/strong> \u2014 <strong>02.04<\/strong> ostatnie auto \/ <strong>07.04<\/strong> pierwsze auto<\/li>\n\n\n\n<li><strong>FU<\/strong> \u2014 <strong>02.04<\/strong> ostatnie auto \/ <strong>08.04<\/strong> pierwsze auto<\/li>\n\n\n\n<li><strong>NL<\/strong> \u2014 <strong>02.04<\/strong> ostatnie auto \/ <strong>07.04<\/strong> pierwsze auto<\/li>\n<\/ul>\n\n\n\n<p><strong>RYZ \u2014 LT\/LV\/EE<\/strong><\/p>\n\n\n\n<ul class=\"wp-block-list\">\n<li><strong>03.04<\/strong> \u2014 ostatnie auto<\/li>\n\n\n\n<li><strong>07.04<\/strong> \u2014 pierwsze auto<\/li>\n<\/ul>\n\n\n\n<p><strong>CZE<\/strong><\/p>\n\n\n\n<ul class=\"wp-block-list\">\n<li><strong>Brno<\/strong> \u2014 ostatnia linia <strong>02.04<\/strong>, pierwsza linia po \u015bwi\u0119tach <strong>07.04<\/strong><\/li>\n<\/ul>\n\n\n\n<p><strong>W\u0142ochy<\/strong><\/p>\n\n\n\n<ul class=\"wp-block-list\">\n<li>Za\u0142adunki po \u015bwi\u0119tach: <strong>07.04<\/strong> oraz <strong>10.04<\/strong><\/li>\n<\/ul>\n\n\n\n<p><strong>WRO<\/strong><\/p>\n\n\n\n<ul class=\"wp-block-list\">\n<li><strong>Karlsdorf<\/strong> \u2014 ostatnia linia <strong>01.04 (\u015broda)<\/strong> \/ start <strong>07.04<\/strong><\/li>\n\n\n\n<li><strong>Ottendorf<\/strong> \u2014 ostatnia linia <strong>02.04 (czwartek)<\/strong> \/ start <strong>07.04<\/strong><\/li>\n\n\n\n<li><strong>Norymberga<\/strong> \u2014 ostatnia linia <strong>02.04 (czwartek)<\/strong> \/ start <strong>07.04<\/strong><\/li>\n\n\n\n<li><strong>Jenec<\/strong> \u2014 ostatnia linia <strong>02.04 (czwartek)<\/strong> \/ start <strong>07.04<\/strong><\/li>\n<\/ul>\n\n\n<h2 class=\"wp-block-heading\" id=\"packeta\">Packeta<\/h2>\n\n\n<ul class=\"wp-block-list\">\n<li><strong>03.04 (pi\u0105tek)<\/strong> \u2014 BOK czynne 8:00\u201317:00.<\/li>\n\n\n\n<li><strong>04\u201306.04<\/strong> \u2014 BOK nieczynne.<\/li>\n\n\n\n<li><strong>07.04 (wtorek)<\/strong> \u2014 powr\u00f3t do standardowych godzin.<\/li>\n<\/ul>\n\n\n<h2 class=\"wp-block-heading\" id=\"inpost\">InPost<\/h2>\n\n\n<ul class=\"wp-block-list\">\n<li><strong>03.04 (pi\u0105tek)<\/strong> \u2014 standardowa praca (odbi\u00f3r i dor\u0119czenia).<\/li>\n\n\n\n<li><strong>04.04 (sobota)<\/strong> \u2014 realizacja us\u0142ug w trybie weekendowym.<\/li>\n\n\n\n<li><strong>05.04 (niedziela)<\/strong> \u2014 brak odbior\u00f3w i dor\u0119cze\u0144.<\/li>\n\n\n\n<li><strong>06.04 (poniedzia\u0142ek)<\/strong> \u2014 brak odbior\u00f3w i dor\u0119cze\u0144.<\/li>\n\n\n\n<li><strong>07.04 (wtorek)<\/strong> \u2014 wznowienie pracy, dor\u0119czenia przesy\u0142ek nadanych przed \u015awi\u0119tami.<\/li>\n\n\n\n<li><strong>08.04 (\u015broda)<\/strong> \u2014 pe\u0142na operacyjno\u015b\u0107.<\/li>\n<\/ul>\n\n\n<h2 class=\"wp-block-heading\" id=\"dhl\">DHL<\/h2>\n\n\n<ul class=\"wp-block-list\">\n<li><strong>03.04 (pi\u0105tek)<\/strong> \u2014 standardowy dzie\u0144 pracy (jak w ka\u017cdy pi\u0105tek)<\/li>\n\n\n\n<li><strong>04.04 (sobota)<\/strong> \u2014 brak realizacji us\u0142ug<\/li>\n\n\n\n<li><strong>05.04 (niedziela)<\/strong> \u2014 brak realizacji us\u0142ug<\/li>\n\n\n\n<li><strong>06.04 (poniedzia\u0142ek)<\/strong> \u2014 brak realizacji us\u0142ug (Poniedzia\u0142ek Wielkanocny)<\/li>\n\n\n\n<li><strong>07.04 (wtorek)<\/strong> \u2014 powr\u00f3t do standardowej pracy<\/li>\n<\/ul>\n\n\n\n<p>Dodatkowo:<\/p>\n\n\n\n<ul class=\"wp-block-list\">\n<li>przesy\u0142ki nadane przed \u015awi\u0119tami mog\u0105 by\u0107 dor\u0119czane od 07.04 (wtorek)<\/li>\n<\/ul>\n\n\n<h2 class=\"wp-block-heading\" id=\"raben\">Raben<\/h2>\n\n\n<ul class=\"wp-block-list\">\n<li><strong>06.04 (poniedzia\u0142ek)<\/strong> \u2014 brak pracy (dzie\u0144 wolny)<\/li>\n<\/ul>\n\n\n\n<p>W pozosta\u0142e dni robocze:<\/p>\n\n\n\n<ul class=\"wp-block-list\">\n<li>odbiory i dor\u0119czenia realizowane standardowo<\/li>\n\n\n\n<li>dostawy mi\u0119dzynarodowe zale\u017cne od kalendarza \u015bwi\u0105t w krajach docelowych<\/li>\n<\/ul>\n\n\n\n<p><\/p>\n\n\n\n<p>Zesp\u00f3\u0142 Apaczka<\/p>\n","protected":false},"excerpt":{"rendered":"<p>Wielkanoc to czas, w kt\u00f3rym harmonogram pracy firm kurierskich ulega zmianie. W 2026 roku \u015awi\u0119ta Wielkanocne przypadaj\u0105 na 5 i 6 kwietnia (niedziela i poniedzia\u0142ek), s\u0105 to dni ustawowo wolne od pracy, dlatego wi\u0119kszo\u015b\u0107 przewo\u017anik\u00f3w nie realizuje wtedy odbior\u00f3w ani dor\u0119cze\u0144. Planuj\u0105c wysy\u0142ki w tym okresie, warto zapozna\u0107 si\u0119 z harmonogramami poszczeg\u00f3lnych operator\u00f3w. Nale\u017cy jednak &hellip; <a href=\"https:\/\/www.apaczka.pl\/en\/aktualnosci\/harmonogram-pracy-firm-kurierskich-w-okresie-swiat-wielkanocnych-2026\/\">Continued<\/a><\/p>\n","protected":false},"author":10,"featured_media":25250,"template":"","meta":{"_acf_changed":false,"footnotes":""},"news_category":[],"news_tag":[],"class_list":["post-40686","news","type-news","status-publish","has-post-thumbnail","hentry"],"acf":[],"yoast_head":"<!-- This site is optimized with the Yoast SEO Premium plugin v27.3 (Yoast SEO v27.3) - https:\/\/yoast.com\/product\/yoast-seo-premium-wordpress\/ -->\n<title>Harmonogram pracy firm kurierskich w okresie \u015awi\u0105t Wielkanocnych 2026 - Apaczka<\/title>\n<meta name=\"robots\" content=\"noindex, follow\" \/>\n<meta property=\"og:locale\" content=\"en_US\" \/>\n<meta property=\"og:type\" content=\"article\" \/>\n<meta property=\"og:title\" content=\"Harmonogram pracy firm kurierskich w okresie \u015awi\u0105t Wielkanocnych 2026\" \/>\n<meta property=\"og:description\" content=\"Wielkanoc to czas, w kt\u00f3rym harmonogram pracy firm kurierskich ulega zmianie. W 2026 roku \u015awi\u0119ta Wielkanocne przypadaj\u0105 na 5 i 6 kwietnia (niedziela i poniedzia\u0142ek), s\u0105 to dni ustawowo wolne od pracy, dlatego wi\u0119kszo\u015b\u0107 przewo\u017anik\u00f3w nie realizuje wtedy odbior\u00f3w ani dor\u0119cze\u0144. Planuj\u0105c wysy\u0142ki w tym okresie, warto zapozna\u0107 si\u0119 z harmonogramami poszczeg\u00f3lnych operator\u00f3w. Nale\u017cy jednak &hellip; Continued\" \/>\n<meta property=\"og:url\" content=\"https:\/\/www.apaczka.pl\/en\/aktualnosci\/harmonogram-pracy-firm-kurierskich-w-okresie-swiat-wielkanocnych-2026\/\" \/>\n<meta property=\"og:site_name\" content=\"Apaczka\" \/>\n<meta property=\"article:publisher\" content=\"https:\/\/www.facebook.com\/ApaczkaPL\/\" \/>\n<meta property=\"article:modified_time\" content=\"2026-04-03T09:19:33+00:00\" \/>\n<meta property=\"og:image\" content=\"https:\/\/www.apaczka.pl\/app\/uploads\/2024\/05\/praca_kurierow_apaczka-6.webp\" \/>\n\t<meta property=\"og:image:width\" content=\"1070\" \/>\n\t<meta property=\"og:image:height\" content=\"456\" \/>\n\t<meta property=\"og:image:type\" content=\"image\/webp\" \/>\n<meta name=\"twitter:card\" content=\"summary_large_image\" \/>\n<meta name=\"twitter:label1\" content=\"Est. reading time\" \/>\n\t<meta name=\"twitter:data1\" content=\"2 minutes\" \/>\n<script type=\"application\/ld+json\" class=\"yoast-schema-graph\">{\"@context\":\"https:\\\/\\\/schema.org\",\"@graph\":[{\"@type\":\"NewsArticle\",\"@id\":\"https:\\\/\\\/www.apaczka.pl\\\/en\\\/aktualnosci\\\/harmonogram-pracy-firm-kurierskich-w-okresie-swiat-wielkanocnych-2026\\\/#article\",\"isPartOf\":{\"@id\":\"https:\\\/\\\/www.apaczka.pl\\\/en\\\/aktualnosci\\\/harmonogram-pracy-firm-kurierskich-w-okresie-swiat-wielkanocnych-2026\\\/\"},\"author\":{\"name\":\"Barbara Bochenek\",\"@id\":\"https:\\\/\\\/www.apaczka.pl\\\/en\\\/#\\\/schema\\\/person\\\/dc9cd6f6196e657b1a062d0c3022d716\"},\"headline\":\"Harmonogram pracy firm kurierskich w okresie \u015awi\u0105t Wielkanocnych 2026\",\"datePublished\":\"2026-03-27T09:53:59+00:00\",\"dateModified\":\"2026-04-03T09:19:33+00:00\",\"mainEntityOfPage\":{\"@id\":\"https:\\\/\\\/www.apaczka.pl\\\/en\\\/aktualnosci\\\/harmonogram-pracy-firm-kurierskich-w-okresie-swiat-wielkanocnych-2026\\\/\"},\"wordCount\":436,\"publisher\":{\"@id\":\"https:\\\/\\\/www.apaczka.pl\\\/en\\\/#organization\"},\"image\":{\"@id\":\"https:\\\/\\\/www.apaczka.pl\\\/en\\\/aktualnosci\\\/harmonogram-pracy-firm-kurierskich-w-okresie-swiat-wielkanocnych-2026\\\/#primaryimage\"},\"thumbnailUrl\":\"https:\\\/\\\/www.apaczka.pl\\\/app\\\/uploads\\\/2024\\\/05\\\/praca_kurierow_apaczka-6.webp\",\"inLanguage\":\"en-US\"},{\"@type\":\"WebPage\",\"@id\":\"https:\\\/\\\/www.apaczka.pl\\\/en\\\/aktualnosci\\\/harmonogram-pracy-firm-kurierskich-w-okresie-swiat-wielkanocnych-2026\\\/\",\"url\":\"https:\\\/\\\/www.apaczka.pl\\\/en\\\/aktualnosci\\\/harmonogram-pracy-firm-kurierskich-w-okresie-swiat-wielkanocnych-2026\\\/\",\"name\":\"Harmonogram pracy firm kurierskich w okresie \u015awi\u0105t Wielkanocnych 2026 - Apaczka\",\"isPartOf\":{\"@id\":\"https:\\\/\\\/www.apaczka.pl\\\/en\\\/#website\"},\"primaryImageOfPage\":{\"@id\":\"https:\\\/\\\/www.apaczka.pl\\\/en\\\/aktualnosci\\\/harmonogram-pracy-firm-kurierskich-w-okresie-swiat-wielkanocnych-2026\\\/#primaryimage\"},\"image\":{\"@id\":\"https:\\\/\\\/www.apaczka.pl\\\/en\\\/aktualnosci\\\/harmonogram-pracy-firm-kurierskich-w-okresie-swiat-wielkanocnych-2026\\\/#primaryimage\"},\"thumbnailUrl\":\"https:\\\/\\\/www.apaczka.pl\\\/app\\\/uploads\\\/2024\\\/05\\\/praca_kurierow_apaczka-6.webp\",\"datePublished\":\"2026-03-27T09:53:59+00:00\",\"dateModified\":\"2026-04-03T09:19:33+00:00\",\"breadcrumb\":{\"@id\":\"https:\\\/\\\/www.apaczka.pl\\\/en\\\/aktualnosci\\\/harmonogram-pracy-firm-kurierskich-w-okresie-swiat-wielkanocnych-2026\\\/#breadcrumb\"},\"inLanguage\":\"en-US\",\"potentialAction\":[{\"@type\":\"ReadAction\",\"target\":[\"https:\\\/\\\/www.apaczka.pl\\\/en\\\/aktualnosci\\\/harmonogram-pracy-firm-kurierskich-w-okresie-swiat-wielkanocnych-2026\\\/\"]}]},{\"@type\":\"ImageObject\",\"inLanguage\":\"en-US\",\"@id\":\"https:\\\/\\\/www.apaczka.pl\\\/en\\\/aktualnosci\\\/harmonogram-pracy-firm-kurierskich-w-okresie-swiat-wielkanocnych-2026\\\/#primaryimage\",\"url\":\"https:\\\/\\\/www.apaczka.pl\\\/app\\\/uploads\\\/2024\\\/05\\\/praca_kurierow_apaczka-6.webp\",\"contentUrl\":\"https:\\\/\\\/www.apaczka.pl\\\/app\\\/uploads\\\/2024\\\/05\\\/praca_kurierow_apaczka-6.webp\",\"width\":1070,\"height\":456,\"caption\":\"harmonogram Bo\u017ce Cia\u0142o\"},{\"@type\":\"BreadcrumbList\",\"@id\":\"https:\\\/\\\/www.apaczka.pl\\\/en\\\/aktualnosci\\\/harmonogram-pracy-firm-kurierskich-w-okresie-swiat-wielkanocnych-2026\\\/#breadcrumb\",\"itemListElement\":[{\"@type\":\"ListItem\",\"position\":1,\"name\":\"Apaczka\",\"item\":\"https:\\\/\\\/www.apaczka.pl\\\/en\\\/\"},{\"@type\":\"ListItem\",\"position\":2,\"name\":\"Aktualno\u015bci\",\"item\":\"https:\\\/\\\/www.apaczka.pl\\\/en\\\/aktualnosci\\\/\"},{\"@type\":\"ListItem\",\"position\":3,\"name\":\"Harmonogram pracy firm kurierskich w okresie \u015awi\u0105t Wielkanocnych 2026\"}]},{\"@type\":\"WebSite\",\"@id\":\"https:\\\/\\\/www.apaczka.pl\\\/en\\\/#website\",\"url\":\"https:\\\/\\\/www.apaczka.pl\\\/en\\\/\",\"name\":\"Apaczka\",\"description\":\"Rozwi\u0105zania do zarz\u0105dzania procesami wysy\u0142kowymi dla firm\",\"publisher\":{\"@id\":\"https:\\\/\\\/www.apaczka.pl\\\/en\\\/#organization\"},\"potentialAction\":[{\"@type\":\"SearchAction\",\"target\":{\"@type\":\"EntryPoint\",\"urlTemplate\":\"https:\\\/\\\/www.apaczka.pl\\\/en\\\/?s={search_term_string}\"},\"query-input\":{\"@type\":\"PropertyValueSpecification\",\"valueRequired\":true,\"valueName\":\"search_term_string\"}}],\"inLanguage\":\"en-US\"},{\"@type\":\"Organization\",\"@id\":\"https:\\\/\\\/www.apaczka.pl\\\/en\\\/#organization\",\"name\":\"Apaczka\",\"url\":\"https:\\\/\\\/www.apaczka.pl\\\/en\\\/\",\"logo\":{\"@type\":\"ImageObject\",\"inLanguage\":\"en-US\",\"@id\":\"https:\\\/\\\/www.apaczka.pl\\\/en\\\/#\\\/schema\\\/logo\\\/image\\\/\",\"url\":\"https:\\\/\\\/www.apaczka.pl\\\/app\\\/uploads\\\/2024\\\/05\\\/cropped-Apaczka-Full-Logotype-Full-Color.png\",\"contentUrl\":\"https:\\\/\\\/www.apaczka.pl\\\/app\\\/uploads\\\/2024\\\/05\\\/cropped-Apaczka-Full-Logotype-Full-Color.png\",\"width\":1337,\"height\":405,\"caption\":\"Apaczka\"},\"image\":{\"@id\":\"https:\\\/\\\/www.apaczka.pl\\\/en\\\/#\\\/schema\\\/logo\\\/image\\\/\"},\"sameAs\":[\"https:\\\/\\\/www.facebook.com\\\/ApaczkaPL\\\/\",\"https:\\\/\\\/www.linkedin.com\\\/company\\\/apaczka-alsendo-sp-z-o-o\\\/\",\"https:\\\/\\\/www.youtube.com\\\/@apaczka-by-alsendo\",\"https:\\\/\\\/g.co\\\/kgs\\\/Ztnp4yQ\",\"https:\\\/\\\/maps.app.goo.gl\\\/iUwRn8EGrQJAk4LB9\",\"https:\\\/\\\/www.trustpilot.com\\\/review\\\/www.apaczka.pl\",\"https:\\\/\\\/www.crunchbase.com\\\/organization\\\/apaczka\",\"https:\\\/\\\/www.ekomi-pl.com\\\/opinie-apaczka.html\",\"https:\\\/\\\/www.wikidata.org\\\/wiki\\\/Q135189453\"],\"description\":\"Apaczka.pl to platforma technologiczna do zarz\u0105dzania wysy\u0142kami i dostawami dla firm. Jeste\u015bmy sprawdzonym partnerem w zakresie proces\u00f3w wysy\u0142kowych dzia\u0142aj\u0105cym od ponad 15 lat na rynku. Integrujemy szeroki wachlarz us\u0142ug kurierskich oraz dedykowanych us\u0142ug w\u0142asnych skierowanych do wszystkich przedsi\u0119biorc\u00f3w, tak\u017ce tych, kt\u00f3rzy dopiero zaczynaj\u0105 swoj\u0105 dzia\u0142alno\u015b\u0107. Oferowane przez nas rozwi\u0105zania s\u0105 wykorzystywane przez firmy z bran\u017cy e-commerce, du\u017ce podmioty typu marketplace, ale r\u00f3wnie\u017c niewielkie firmy nadaj\u0105ce kilkana\u015bcie przesy\u0142ek miesi\u0119cznie. Konsekwentnie wspieramy firmy w rozwoju ich biznesu, udost\u0119pniaj\u0105c bez \u017cadnych op\u0142at gotowe narz\u0119dzia u\u0142atwiaj\u0105ce codzienn\u0105 logistyk\u0119. Nasi Klienci wysy\u0142aj\u0105 ponad 2,5 miliona przesy\u0142ek ka\u017cdego miesi\u0105ca korzystaj\u0105c z naszych unikalnych technologii. Nasze mocne strony: - Mo\u017cliwo\u015b\u0107 por\u00f3wnania ofert wiod\u0105cych firm kurierskich w Polsce i na \u015bwiecie: DHL, UPS, DPD, Fedex, Poczta Polska, Geis, InPost, GLS, Ambro, Hellmann i wielu innych, - Mo\u017cliwo\u015b\u0107 indywidualnego negocjowania stawek w zale\u017cno\u015bci od ilo\u015bci przesy\u0142ek i ich rodzaju (palety, p\u00f3\u0142palety, przesy\u0142ki krajowe, mi\u0119dzynarodowe), - Jedna, prosta integracja API z wieloma platformami e-commerce, marketplace i systemami ERP, WMS., daj\u0105ca dost\u0119p do ca\u0142ej naszej oferty kurierskiej, - Mo\u017cliwo\u015b\u0107 automatyzacji i optymalizacji proces\u00f3w wysy\u0142kowych, -Indywidualny Opiekun Handlowy zapewniaj\u0105cy wsparcie merytoryczne z zakresu rozwi\u0105za\u0144 kurierskich w zale\u017cno\u015bci od bran\u017cy Klienta, rodzaju przesy\u0142ek i metod dostawy, - Bezp\u0142atne integracje z 50 platformami sklepowymi, mo\u017cliwo\u015b\u0107 import\u00f3w (w tym Allegro) oraz wsparcie dzia\u0142u IT, -Personalizacja komunikacji z odbiorcami przesy\u0142ek na etapie post-checkout, modu\u0142 zwrot\u00f3w i analityka danych logistycznych, -Brak minim\u00f3w wysy\u0142kowych i wygodne formy rozlicze\u0144. Apaczka.pl: por\u00f3wnuj ceny kurier\u00f3w, automatyzuj procesy wysy\u0142kowe.\",\"legalName\":\"Alsendo sp. z o.o.\",\"foundingDate\":\"2009-08-17\",\"vatID\":\"PL8971840043\",\"taxID\":\"367328934\",\"numberOfEmployees\":{\"@type\":\"QuantitativeValue\",\"minValue\":\"51\",\"maxValue\":\"200\"}},{\"@type\":\"Person\",\"@id\":\"https:\\\/\\\/www.apaczka.pl\\\/en\\\/#\\\/schema\\\/person\\\/dc9cd6f6196e657b1a062d0c3022d716\",\"name\":\"Barbara Bochenek\",\"image\":{\"@type\":\"ImageObject\",\"inLanguage\":\"en-US\",\"@id\":\"https:\\\/\\\/www.apaczka.pl\\\/app\\\/uploads\\\/2025\\\/04\\\/cropped-Barbara-Bochenek-96x96.jpg\",\"url\":\"https:\\\/\\\/www.apaczka.pl\\\/app\\\/uploads\\\/2025\\\/04\\\/cropped-Barbara-Bochenek-96x96.jpg\",\"contentUrl\":\"https:\\\/\\\/www.apaczka.pl\\\/app\\\/uploads\\\/2025\\\/04\\\/cropped-Barbara-Bochenek-96x96.jpg\",\"caption\":\"Barbara Bochenek\"},\"description\":\"Pomagam firmom sprawniej zarz\u0105dza\u0107 wysy\u0142k\u0105 i budowa\u0107 przewag\u0119 w logistyce dzi\u0119ki trafnej komunikacji i rzetelnym tre\u015bciom. Jako specjalistka ds. komunikacji i content marketingu z pasj\u0105 do innowacji logistycznych tworz\u0119 artyku\u0142y, e-booki, materia\u0142y edukacyjne i case studies, kt\u00f3re pokazuj\u0105, jak rozwi\u0105zania Apaczka usprawniaj\u0105 procesy i wspieraj\u0105 rozw\u00f3j biznesu. W pracy stawiam na jasny przekaz, konkretne dane i tre\u015bci, kt\u00f3re realnie u\u0142atwiaj\u0105 klientom podejmowanie decyzji.\",\"sameAs\":[\"https:\\\/\\\/www.linkedin.com\\\/in\\\/barbarabochenek\\\/\"],\"jobTitle\":\"Junior Content & Social Media Manager\",\"url\":\"https:\\\/\\\/www.apaczka.pl\\\/en\\\/blog\\\/author\\\/barbara-bochenek\\\/\"}]}<\/script>\n<!-- \/ Yoast SEO Premium plugin. -->","yoast_head_json":{"title":"Harmonogram pracy firm kurierskich w okresie \u015awi\u0105t Wielkanocnych 2026 - Apaczka","robots":{"index":"noindex","follow":"follow"},"og_locale":"en_US","og_type":"article","og_title":"Harmonogram pracy firm kurierskich w okresie \u015awi\u0105t Wielkanocnych 2026","og_description":"Wielkanoc to czas, w kt\u00f3rym harmonogram pracy firm kurierskich ulega zmianie. W 2026 roku \u015awi\u0119ta Wielkanocne przypadaj\u0105 na 5 i 6 kwietnia (niedziela i poniedzia\u0142ek), s\u0105 to dni ustawowo wolne od pracy, dlatego wi\u0119kszo\u015b\u0107 przewo\u017anik\u00f3w nie realizuje wtedy odbior\u00f3w ani dor\u0119cze\u0144. Planuj\u0105c wysy\u0142ki w tym okresie, warto zapozna\u0107 si\u0119 z harmonogramami poszczeg\u00f3lnych operator\u00f3w. Nale\u017cy jednak &hellip; Continued","og_url":"https:\/\/www.apaczka.pl\/en\/aktualnosci\/harmonogram-pracy-firm-kurierskich-w-okresie-swiat-wielkanocnych-2026\/","og_site_name":"Apaczka","article_publisher":"https:\/\/www.facebook.com\/ApaczkaPL\/","article_modified_time":"2026-04-03T09:19:33+00:00","og_image":[{"width":1070,"height":456,"url":"https:\/\/www.apaczka.pl\/app\/uploads\/2024\/05\/praca_kurierow_apaczka-6.webp","type":"image\/webp"}],"twitter_card":"summary_large_image","twitter_misc":{"Est. reading time":"2 minutes"},"schema":{"@context":"https:\/\/schema.org","@graph":[{"@type":"NewsArticle","@id":"https:\/\/www.apaczka.pl\/en\/aktualnosci\/harmonogram-pracy-firm-kurierskich-w-okresie-swiat-wielkanocnych-2026\/#article","isPartOf":{"@id":"https:\/\/www.apaczka.pl\/en\/aktualnosci\/harmonogram-pracy-firm-kurierskich-w-okresie-swiat-wielkanocnych-2026\/"},"author":{"name":"Barbara Bochenek","@id":"https:\/\/www.apaczka.pl\/en\/#\/schema\/person\/dc9cd6f6196e657b1a062d0c3022d716"},"headline":"Harmonogram pracy firm kurierskich w okresie \u015awi\u0105t Wielkanocnych 2026","datePublished":"2026-03-27T09:53:59+00:00","dateModified":"2026-04-03T09:19:33+00:00","mainEntityOfPage":{"@id":"https:\/\/www.apaczka.pl\/en\/aktualnosci\/harmonogram-pracy-firm-kurierskich-w-okresie-swiat-wielkanocnych-2026\/"},"wordCount":436,"publisher":{"@id":"https:\/\/www.apaczka.pl\/en\/#organization"},"image":{"@id":"https:\/\/www.apaczka.pl\/en\/aktualnosci\/harmonogram-pracy-firm-kurierskich-w-okresie-swiat-wielkanocnych-2026\/#primaryimage"},"thumbnailUrl":"https:\/\/www.apaczka.pl\/app\/uploads\/2024\/05\/praca_kurierow_apaczka-6.webp","inLanguage":"en-US"},{"@type":"WebPage","@id":"https:\/\/www.apaczka.pl\/en\/aktualnosci\/harmonogram-pracy-firm-kurierskich-w-okresie-swiat-wielkanocnych-2026\/","url":"https:\/\/www.apaczka.pl\/en\/aktualnosci\/harmonogram-pracy-firm-kurierskich-w-okresie-swiat-wielkanocnych-2026\/","name":"Harmonogram pracy firm kurierskich w okresie \u015awi\u0105t Wielkanocnych 2026 - Apaczka","isPartOf":{"@id":"https:\/\/www.apaczka.pl\/en\/#website"},"primaryImageOfPage":{"@id":"https:\/\/www.apaczka.pl\/en\/aktualnosci\/harmonogram-pracy-firm-kurierskich-w-okresie-swiat-wielkanocnych-2026\/#primaryimage"},"image":{"@id":"https:\/\/www.apaczka.pl\/en\/aktualnosci\/harmonogram-pracy-firm-kurierskich-w-okresie-swiat-wielkanocnych-2026\/#primaryimage"},"thumbnailUrl":"https:\/\/www.apaczka.pl\/app\/uploads\/2024\/05\/praca_kurierow_apaczka-6.webp","datePublished":"2026-03-27T09:53:59+00:00","dateModified":"2026-04-03T09:19:33+00:00","breadcrumb":{"@id":"https:\/\/www.apaczka.pl\/en\/aktualnosci\/harmonogram-pracy-firm-kurierskich-w-okresie-swiat-wielkanocnych-2026\/#breadcrumb"},"inLanguage":"en-US","potentialAction":[{"@type":"ReadAction","target":["https:\/\/www.apaczka.pl\/en\/aktualnosci\/harmonogram-pracy-firm-kurierskich-w-okresie-swiat-wielkanocnych-2026\/"]}]},{"@type":"ImageObject","inLanguage":"en-US","@id":"https:\/\/www.apaczka.pl\/en\/aktualnosci\/harmonogram-pracy-firm-kurierskich-w-okresie-swiat-wielkanocnych-2026\/#primaryimage","url":"https:\/\/www.apaczka.pl\/app\/uploads\/2024\/05\/praca_kurierow_apaczka-6.webp","contentUrl":"https:\/\/www.apaczka.pl\/app\/uploads\/2024\/05\/praca_kurierow_apaczka-6.webp","width":1070,"height":456,"caption":"harmonogram Bo\u017ce Cia\u0142o"},{"@type":"BreadcrumbList","@id":"https:\/\/www.apaczka.pl\/en\/aktualnosci\/harmonogram-pracy-firm-kurierskich-w-okresie-swiat-wielkanocnych-2026\/#breadcrumb","itemListElement":[{"@type":"ListItem","position":1,"name":"Apaczka","item":"https:\/\/www.apaczka.pl\/en\/"},{"@type":"ListItem","position":2,"name":"Aktualno\u015bci","item":"https:\/\/www.apaczka.pl\/en\/aktualnosci\/"},{"@type":"ListItem","position":3,"name":"Harmonogram pracy firm kurierskich w okresie \u015awi\u0105t Wielkanocnych 2026"}]},{"@type":"WebSite","@id":"https:\/\/www.apaczka.pl\/en\/#website","url":"https:\/\/www.apaczka.pl\/en\/","name":"Apaczka","description":"Rozwi\u0105zania do zarz\u0105dzania procesami wysy\u0142kowymi dla firm","publisher":{"@id":"https:\/\/www.apaczka.pl\/en\/#organization"},"potentialAction":[{"@type":"SearchAction","target":{"@type":"EntryPoint","urlTemplate":"https:\/\/www.apaczka.pl\/en\/?s={search_term_string}"},"query-input":{"@type":"PropertyValueSpecification","valueRequired":true,"valueName":"search_term_string"}}],"inLanguage":"en-US"},{"@type":"Organization","@id":"https:\/\/www.apaczka.pl\/en\/#organization","name":"Apaczka","url":"https:\/\/www.apaczka.pl\/en\/","logo":{"@type":"ImageObject","inLanguage":"en-US","@id":"https:\/\/www.apaczka.pl\/en\/#\/schema\/logo\/image\/","url":"https:\/\/www.apaczka.pl\/app\/uploads\/2024\/05\/cropped-Apaczka-Full-Logotype-Full-Color.png","contentUrl":"https:\/\/www.apaczka.pl\/app\/uploads\/2024\/05\/cropped-Apaczka-Full-Logotype-Full-Color.png","width":1337,"height":405,"caption":"Apaczka"},"image":{"@id":"https:\/\/www.apaczka.pl\/en\/#\/schema\/logo\/image\/"},"sameAs":["https:\/\/www.facebook.com\/ApaczkaPL\/","https:\/\/www.linkedin.com\/company\/apaczka-alsendo-sp-z-o-o\/","https:\/\/www.youtube.com\/@apaczka-by-alsendo","https:\/\/g.co\/kgs\/Ztnp4yQ","https:\/\/maps.app.goo.gl\/iUwRn8EGrQJAk4LB9","https:\/\/www.trustpilot.com\/review\/www.apaczka.pl","https:\/\/www.crunchbase.com\/organization\/apaczka","https:\/\/www.ekomi-pl.com\/opinie-apaczka.html","https:\/\/www.wikidata.org\/wiki\/Q135189453"],"description":"Apaczka.pl to platforma technologiczna do zarz\u0105dzania wysy\u0142kami i dostawami dla firm. Jeste\u015bmy sprawdzonym partnerem w zakresie proces\u00f3w wysy\u0142kowych dzia\u0142aj\u0105cym od ponad 15 lat na rynku. Integrujemy szeroki wachlarz us\u0142ug kurierskich oraz dedykowanych us\u0142ug w\u0142asnych skierowanych do wszystkich przedsi\u0119biorc\u00f3w, tak\u017ce tych, kt\u00f3rzy dopiero zaczynaj\u0105 swoj\u0105 dzia\u0142alno\u015b\u0107. Oferowane przez nas rozwi\u0105zania s\u0105 wykorzystywane przez firmy z bran\u017cy e-commerce, du\u017ce podmioty typu marketplace, ale r\u00f3wnie\u017c niewielkie firmy nadaj\u0105ce kilkana\u015bcie przesy\u0142ek miesi\u0119cznie. Konsekwentnie wspieramy firmy w rozwoju ich biznesu, udost\u0119pniaj\u0105c bez \u017cadnych op\u0142at gotowe narz\u0119dzia u\u0142atwiaj\u0105ce codzienn\u0105 logistyk\u0119. Nasi Klienci wysy\u0142aj\u0105 ponad 2,5 miliona przesy\u0142ek ka\u017cdego miesi\u0105ca korzystaj\u0105c z naszych unikalnych technologii. Nasze mocne strony: - Mo\u017cliwo\u015b\u0107 por\u00f3wnania ofert wiod\u0105cych firm kurierskich w Polsce i na \u015bwiecie: DHL, UPS, DPD, Fedex, Poczta Polska, Geis, InPost, GLS, Ambro, Hellmann i wielu innych, - Mo\u017cliwo\u015b\u0107 indywidualnego negocjowania stawek w zale\u017cno\u015bci od ilo\u015bci przesy\u0142ek i ich rodzaju (palety, p\u00f3\u0142palety, przesy\u0142ki krajowe, mi\u0119dzynarodowe), - Jedna, prosta integracja API z wieloma platformami e-commerce, marketplace i systemami ERP, WMS., daj\u0105ca dost\u0119p do ca\u0142ej naszej oferty kurierskiej, - Mo\u017cliwo\u015b\u0107 automatyzacji i optymalizacji proces\u00f3w wysy\u0142kowych, -Indywidualny Opiekun Handlowy zapewniaj\u0105cy wsparcie merytoryczne z zakresu rozwi\u0105za\u0144 kurierskich w zale\u017cno\u015bci od bran\u017cy Klienta, rodzaju przesy\u0142ek i metod dostawy, - Bezp\u0142atne integracje z 50 platformami sklepowymi, mo\u017cliwo\u015b\u0107 import\u00f3w (w tym Allegro) oraz wsparcie dzia\u0142u IT, -Personalizacja komunikacji z odbiorcami przesy\u0142ek na etapie post-checkout, modu\u0142 zwrot\u00f3w i analityka danych logistycznych, -Brak minim\u00f3w wysy\u0142kowych i wygodne formy rozlicze\u0144. Apaczka.pl: por\u00f3wnuj ceny kurier\u00f3w, automatyzuj procesy wysy\u0142kowe.","legalName":"Alsendo sp. z o.o.","foundingDate":"2009-08-17","vatID":"PL8971840043","taxID":"367328934","numberOfEmployees":{"@type":"QuantitativeValue","minValue":"51","maxValue":"200"}},{"@type":"Person","@id":"https:\/\/www.apaczka.pl\/en\/#\/schema\/person\/dc9cd6f6196e657b1a062d0c3022d716","name":"Barbara Bochenek","image":{"@type":"ImageObject","inLanguage":"en-US","@id":"https:\/\/www.apaczka.pl\/app\/uploads\/2025\/04\/cropped-Barbara-Bochenek-96x96.jpg","url":"https:\/\/www.apaczka.pl\/app\/uploads\/2025\/04\/cropped-Barbara-Bochenek-96x96.jpg","contentUrl":"https:\/\/www.apaczka.pl\/app\/uploads\/2025\/04\/cropped-Barbara-Bochenek-96x96.jpg","caption":"Barbara Bochenek"},"description":"Pomagam firmom sprawniej zarz\u0105dza\u0107 wysy\u0142k\u0105 i budowa\u0107 przewag\u0119 w logistyce dzi\u0119ki trafnej komunikacji i rzetelnym tre\u015bciom. Jako specjalistka ds. komunikacji i content marketingu z pasj\u0105 do innowacji logistycznych tworz\u0119 artyku\u0142y, e-booki, materia\u0142y edukacyjne i case studies, kt\u00f3re pokazuj\u0105, jak rozwi\u0105zania Apaczka usprawniaj\u0105 procesy i wspieraj\u0105 rozw\u00f3j biznesu. W pracy stawiam na jasny przekaz, konkretne dane i tre\u015bci, kt\u00f3re realnie u\u0142atwiaj\u0105 klientom podejmowanie decyzji.","sameAs":["https:\/\/www.linkedin.com\/in\/barbarabochenek\/"],"jobTitle":"Junior Content & Social Media Manager","url":"https:\/\/www.apaczka.pl\/en\/blog\/author\/barbara-bochenek\/"}]}},"_links":{"self":[{"href":"https:\/\/www.apaczka.pl\/en\/wp-json\/wp\/v2\/news\/40686","targetHints":{"allow":["GET"]}}],"collection":[{"href":"https:\/\/www.apaczka.pl\/en\/wp-json\/wp\/v2\/news"}],"about":[{"href":"https:\/\/www.apaczka.pl\/en\/wp-json\/wp\/v2\/types\/news"}],"author":[{"embeddable":true,"href":"https:\/\/www.apaczka.pl\/en\/wp-json\/wp\/v2\/users\/10"}],"version-history":[{"count":4,"href":"https:\/\/www.apaczka.pl\/en\/wp-json\/wp\/v2\/news\/40686\/revisions"}],"predecessor-version":[{"id":40822,"href":"https:\/\/www.apaczka.pl\/en\/wp-json\/wp\/v2\/news\/40686\/revisions\/40822"}],"wp:featuredmedia":[{"embeddable":true,"href":"https:\/\/www.apaczka.pl\/en\/wp-json\/wp\/v2\/media\/25250"}],"wp:attachment":[{"href":"https:\/\/www.apaczka.pl\/en\/wp-json\/wp\/v2\/media?parent=40686"}],"wp:term":[{"taxonomy":"news_category","embeddable":true,"href":"https:\/\/www.apaczka.pl\/en\/wp-json\/wp\/v2\/news_category?post=40686"},{"taxonomy":"news_tag","embeddable":true,"href":"https:\/\/www.apaczka.pl\/en\/wp-json\/wp\/v2\/news_tag?post=40686"}],"curies":[{"name":"wp","href":"https:\/\/api.w.org\/{rel}","templated":true}]}}