{"id":39353,"date":"2025-12-22T10:49:30","date_gmt":"2025-12-22T10:49:30","guid":{"rendered":"https:\/\/www.apaczka.pl\/?post_type=news&#038;p=39353"},"modified":"2025-12-22T11:53:32","modified_gmt":"2025-12-22T11:53:32","slug":"nowe-wymogi-dotyczace-kodow-pocztowych-dla-przesylek-fedex-do-i-z-irlandii","status":"publish","type":"news","link":"https:\/\/www.apaczka.pl\/en\/aktualnosci\/nowe-wymogi-dotyczace-kodow-pocztowych-dla-przesylek-fedex-do-i-z-irlandii\/","title":{"rendered":"Nowe wymogi dotycz\u0105ce kod\u00f3w pocztowych dla przesy\u0142ek FedEx do i z Irlandii"},"content":{"rendered":"\n<p>Od pocz\u0105tku 2026 roku FedEx wprowadza obowi\u0105zek stosowania kod\u00f3w Eircode dla wszystkich przesy\u0142ek wysy\u0142anych do oraz z Irlandii.<\/p>\n\n\n\n<p><strong>Eircode<\/strong> to inteligentny system kod\u00f3w pocztowych obowi\u0105zuj\u0105cy w Irlandii. Sk\u0142ada si\u0119 z 7 znak\u00f3w i jest przypisany do ka\u017cdego adresu zamieszkania oraz firmy.<\/p>\n\n\n<h3 class=\"wp-block-heading\" id=\"h-co-to-oznacza-w-praktyce\">Co to oznacza w praktyce?<\/h3>\n\n\n<ul class=\"wp-block-list\">\n<li>brak pe\u0142nego i poprawnego Eircode uniemo\u017cliwi utworzenie etykiety wysy\u0142kowej,<\/li>\n\n\n\n<li>zmiana dotyczy wy\u0142\u0105cznie przesy\u0142ek FedEx \u2013 nie obejmuje przesy\u0142ek TNT.<\/li>\n<\/ul>\n\n\n<h3 class=\"wp-block-heading\" id=\"h-jak-sie-przygotowac\">Jak si\u0119 przygotowa\u0107?<\/h3>\n\n\n<p>Zalecamy ju\u017c teraz:<\/p>\n\n\n\n<ul class=\"wp-block-list\">\n<li>sprawdzi\u0107 i zaktualizowa\u0107 adresy w swojej ksi\u0105\u017cce adresowej,<\/li>\n\n\n\n<li>uzupe\u0142ni\u0107 brakuj\u0105ce kody Eircode dla adres\u00f3w w Irlandii.<\/li>\n<\/ul>\n\n\n\n<p>Eircode mo\u017cna znale\u017a\u0107 lub zweryfikowa\u0107 za pomoc\u0105 oficjalnej wyszukiwarki:<br>\ud83d\udc49 <strong><a href=\"https:\/\/finder.eircode.ie\/#\/\">Wyszukiwarka Eircode<\/a><\/strong> (Irlandia \u2013 format 7-znakowy)<\/p>\n\n\n\n<p>W razie pyta\u0144 prosimy o kontakt z Biurem Obs\u0142ugi Klienta lub Opiekunem Handlowym.<\/p>\n\n\n\n<p>Zesp\u00f3\u0142 Apaczka<\/p>\n\n\n\n<p><\/p>\n","protected":false},"excerpt":{"rendered":"<p>Od pocz\u0105tku 2026 roku FedEx wprowadza obowi\u0105zek stosowania kod\u00f3w Eircode dla wszystkich przesy\u0142ek wysy\u0142anych do oraz z Irlandii. Eircode to inteligentny system kod\u00f3w pocztowych obowi\u0105zuj\u0105cy w Irlandii. Sk\u0142ada si\u0119 z 7 znak\u00f3w i jest przypisany do ka\u017cdego adresu zamieszkania oraz firmy. Co to oznacza w praktyce? Jak si\u0119 przygotowa\u0107? Zalecamy ju\u017c teraz: Eircode mo\u017cna znale\u017a\u0107 &hellip; <a href=\"https:\/\/www.apaczka.pl\/en\/aktualnosci\/nowe-wymogi-dotyczace-kodow-pocztowych-dla-przesylek-fedex-do-i-z-irlandii\/\">Continued<\/a><\/p>\n","protected":false},"author":10,"featured_media":39356,"template":"","meta":{"_acf_changed":false,"footnotes":""},"news_category":[],"news_tag":[],"class_list":["post-39353","news","type-news","status-publish","has-post-thumbnail","hentry"],"acf":[],"yoast_head":"<!-- This site is optimized with the Yoast SEO Premium plugin v27.3 (Yoast SEO v27.3) - https:\/\/yoast.com\/product\/yoast-seo-premium-wordpress\/ -->\n<title>Nowe wymogi dotycz\u0105ce kod\u00f3w pocztowych dla przesy\u0142ek FedEx do i z Irlandii - Apaczka<\/title>\n<meta name=\"robots\" content=\"noindex, follow\" \/>\n<meta property=\"og:locale\" content=\"en_US\" \/>\n<meta property=\"og:type\" content=\"article\" \/>\n<meta property=\"og:title\" content=\"Nowe wymogi dotycz\u0105ce kod\u00f3w pocztowych dla przesy\u0142ek FedEx do i z Irlandii\" \/>\n<meta property=\"og:description\" content=\"Od pocz\u0105tku 2026 roku FedEx wprowadza obowi\u0105zek stosowania kod\u00f3w Eircode dla wszystkich przesy\u0142ek wysy\u0142anych do oraz z Irlandii. Eircode to inteligentny system kod\u00f3w pocztowych obowi\u0105zuj\u0105cy w Irlandii. Sk\u0142ada si\u0119 z 7 znak\u00f3w i jest przypisany do ka\u017cdego adresu zamieszkania oraz firmy. Co to oznacza w praktyce? Jak si\u0119 przygotowa\u0107? Zalecamy ju\u017c teraz: Eircode mo\u017cna znale\u017a\u0107 &hellip; Continued\" \/>\n<meta property=\"og:url\" content=\"https:\/\/www.apaczka.pl\/en\/aktualnosci\/nowe-wymogi-dotyczace-kodow-pocztowych-dla-przesylek-fedex-do-i-z-irlandii\/\" \/>\n<meta property=\"og:site_name\" content=\"Apaczka\" \/>\n<meta property=\"article:publisher\" content=\"https:\/\/www.facebook.com\/ApaczkaPL\/\" \/>\n<meta property=\"article:modified_time\" content=\"2025-12-22T11:53:32+00:00\" \/>\n<meta property=\"og:image\" content=\"https:\/\/www.apaczka.pl\/app\/uploads\/2024\/02\/blog_wazne.webp\" \/>\n\t<meta property=\"og:image:width\" content=\"1070\" \/>\n\t<meta property=\"og:image:height\" content=\"456\" \/>\n\t<meta property=\"og:image:type\" content=\"image\/webp\" \/>\n<meta name=\"twitter:card\" content=\"summary_large_image\" \/>\n<meta name=\"twitter:label1\" content=\"Est. reading time\" \/>\n\t<meta name=\"twitter:data1\" content=\"1 minute\" \/>\n<script type=\"application\/ld+json\" class=\"yoast-schema-graph\">{\"@context\":\"https:\\\/\\\/schema.org\",\"@graph\":[{\"@type\":\"NewsArticle\",\"@id\":\"https:\\\/\\\/www.apaczka.pl\\\/en\\\/aktualnosci\\\/nowe-wymogi-dotyczace-kodow-pocztowych-dla-przesylek-fedex-do-i-z-irlandii\\\/#article\",\"isPartOf\":{\"@id\":\"https:\\\/\\\/www.apaczka.pl\\\/en\\\/aktualnosci\\\/nowe-wymogi-dotyczace-kodow-pocztowych-dla-przesylek-fedex-do-i-z-irlandii\\\/\"},\"author\":{\"name\":\"Barbara Bochenek\",\"@id\":\"https:\\\/\\\/www.apaczka.pl\\\/en\\\/#\\\/schema\\\/person\\\/dc9cd6f6196e657b1a062d0c3022d716\"},\"headline\":\"Nowe wymogi dotycz\u0105ce kod\u00f3w pocztowych dla przesy\u0142ek FedEx do i z Irlandii\",\"datePublished\":\"2025-12-22T10:49:30+00:00\",\"dateModified\":\"2025-12-22T11:53:32+00:00\",\"mainEntityOfPage\":{\"@id\":\"https:\\\/\\\/www.apaczka.pl\\\/en\\\/aktualnosci\\\/nowe-wymogi-dotyczace-kodow-pocztowych-dla-przesylek-fedex-do-i-z-irlandii\\\/\"},\"wordCount\":151,\"publisher\":{\"@id\":\"https:\\\/\\\/www.apaczka.pl\\\/en\\\/#organization\"},\"image\":{\"@id\":\"https:\\\/\\\/www.apaczka.pl\\\/en\\\/aktualnosci\\\/nowe-wymogi-dotyczace-kodow-pocztowych-dla-przesylek-fedex-do-i-z-irlandii\\\/#primaryimage\"},\"thumbnailUrl\":\"https:\\\/\\\/www.apaczka.pl\\\/app\\\/uploads\\\/2025\\\/12\\\/nowe_wymogi_dotycz_ce_eircode-1.png\",\"inLanguage\":\"en-US\"},{\"@type\":\"WebPage\",\"@id\":\"https:\\\/\\\/www.apaczka.pl\\\/en\\\/aktualnosci\\\/nowe-wymogi-dotyczace-kodow-pocztowych-dla-przesylek-fedex-do-i-z-irlandii\\\/\",\"url\":\"https:\\\/\\\/www.apaczka.pl\\\/en\\\/aktualnosci\\\/nowe-wymogi-dotyczace-kodow-pocztowych-dla-przesylek-fedex-do-i-z-irlandii\\\/\",\"name\":\"Nowe wymogi dotycz\u0105ce kod\u00f3w pocztowych dla przesy\u0142ek FedEx do i z Irlandii - Apaczka\",\"isPartOf\":{\"@id\":\"https:\\\/\\\/www.apaczka.pl\\\/en\\\/#website\"},\"primaryImageOfPage\":{\"@id\":\"https:\\\/\\\/www.apaczka.pl\\\/en\\\/aktualnosci\\\/nowe-wymogi-dotyczace-kodow-pocztowych-dla-przesylek-fedex-do-i-z-irlandii\\\/#primaryimage\"},\"image\":{\"@id\":\"https:\\\/\\\/www.apaczka.pl\\\/en\\\/aktualnosci\\\/nowe-wymogi-dotyczace-kodow-pocztowych-dla-przesylek-fedex-do-i-z-irlandii\\\/#primaryimage\"},\"thumbnailUrl\":\"https:\\\/\\\/www.apaczka.pl\\\/app\\\/uploads\\\/2025\\\/12\\\/nowe_wymogi_dotycz_ce_eircode-1.png\",\"datePublished\":\"2025-12-22T10:49:30+00:00\",\"dateModified\":\"2025-12-22T11:53:32+00:00\",\"breadcrumb\":{\"@id\":\"https:\\\/\\\/www.apaczka.pl\\\/en\\\/aktualnosci\\\/nowe-wymogi-dotyczace-kodow-pocztowych-dla-przesylek-fedex-do-i-z-irlandii\\\/#breadcrumb\"},\"inLanguage\":\"en-US\",\"potentialAction\":[{\"@type\":\"ReadAction\",\"target\":[\"https:\\\/\\\/www.apaczka.pl\\\/en\\\/aktualnosci\\\/nowe-wymogi-dotyczace-kodow-pocztowych-dla-przesylek-fedex-do-i-z-irlandii\\\/\"]}]},{\"@type\":\"ImageObject\",\"inLanguage\":\"en-US\",\"@id\":\"https:\\\/\\\/www.apaczka.pl\\\/en\\\/aktualnosci\\\/nowe-wymogi-dotyczace-kodow-pocztowych-dla-przesylek-fedex-do-i-z-irlandii\\\/#primaryimage\",\"url\":\"https:\\\/\\\/www.apaczka.pl\\\/app\\\/uploads\\\/2025\\\/12\\\/nowe_wymogi_dotycz_ce_eircode-1.png\",\"contentUrl\":\"https:\\\/\\\/www.apaczka.pl\\\/app\\\/uploads\\\/2025\\\/12\\\/nowe_wymogi_dotycz_ce_eircode-1.png\",\"width\":960,\"height\":409},{\"@type\":\"BreadcrumbList\",\"@id\":\"https:\\\/\\\/www.apaczka.pl\\\/en\\\/aktualnosci\\\/nowe-wymogi-dotyczace-kodow-pocztowych-dla-przesylek-fedex-do-i-z-irlandii\\\/#breadcrumb\",\"itemListElement\":[{\"@type\":\"ListItem\",\"position\":1,\"name\":\"Apaczka\",\"item\":\"https:\\\/\\\/www.apaczka.pl\\\/en\\\/\"},{\"@type\":\"ListItem\",\"position\":2,\"name\":\"Aktualno\u015bci\",\"item\":\"https:\\\/\\\/www.apaczka.pl\\\/en\\\/aktualnosci\\\/\"},{\"@type\":\"ListItem\",\"position\":3,\"name\":\"Nowe wymogi dotycz\u0105ce kod\u00f3w pocztowych dla przesy\u0142ek FedEx do i z Irlandii\"}]},{\"@type\":\"WebSite\",\"@id\":\"https:\\\/\\\/www.apaczka.pl\\\/en\\\/#website\",\"url\":\"https:\\\/\\\/www.apaczka.pl\\\/en\\\/\",\"name\":\"Apaczka\",\"description\":\"Rozwi\u0105zania do zarz\u0105dzania procesami wysy\u0142kowymi dla firm\",\"publisher\":{\"@id\":\"https:\\\/\\\/www.apaczka.pl\\\/en\\\/#organization\"},\"potentialAction\":[{\"@type\":\"SearchAction\",\"target\":{\"@type\":\"EntryPoint\",\"urlTemplate\":\"https:\\\/\\\/www.apaczka.pl\\\/en\\\/?s={search_term_string}\"},\"query-input\":{\"@type\":\"PropertyValueSpecification\",\"valueRequired\":true,\"valueName\":\"search_term_string\"}}],\"inLanguage\":\"en-US\"},{\"@type\":\"Organization\",\"@id\":\"https:\\\/\\\/www.apaczka.pl\\\/en\\\/#organization\",\"name\":\"Apaczka\",\"url\":\"https:\\\/\\\/www.apaczka.pl\\\/en\\\/\",\"logo\":{\"@type\":\"ImageObject\",\"inLanguage\":\"en-US\",\"@id\":\"https:\\\/\\\/www.apaczka.pl\\\/en\\\/#\\\/schema\\\/logo\\\/image\\\/\",\"url\":\"https:\\\/\\\/www.apaczka.pl\\\/app\\\/uploads\\\/2024\\\/05\\\/cropped-Apaczka-Full-Logotype-Full-Color.png\",\"contentUrl\":\"https:\\\/\\\/www.apaczka.pl\\\/app\\\/uploads\\\/2024\\\/05\\\/cropped-Apaczka-Full-Logotype-Full-Color.png\",\"width\":1337,\"height\":405,\"caption\":\"Apaczka\"},\"image\":{\"@id\":\"https:\\\/\\\/www.apaczka.pl\\\/en\\\/#\\\/schema\\\/logo\\\/image\\\/\"},\"sameAs\":[\"https:\\\/\\\/www.facebook.com\\\/ApaczkaPL\\\/\",\"https:\\\/\\\/www.linkedin.com\\\/company\\\/apaczka-alsendo-sp-z-o-o\\\/\",\"https:\\\/\\\/www.youtube.com\\\/@apaczka-by-alsendo\",\"https:\\\/\\\/g.co\\\/kgs\\\/Ztnp4yQ\",\"https:\\\/\\\/maps.app.goo.gl\\\/iUwRn8EGrQJAk4LB9\",\"https:\\\/\\\/www.trustpilot.com\\\/review\\\/www.apaczka.pl\",\"https:\\\/\\\/www.crunchbase.com\\\/organization\\\/apaczka\",\"https:\\\/\\\/www.ekomi-pl.com\\\/opinie-apaczka.html\",\"https:\\\/\\\/www.wikidata.org\\\/wiki\\\/Q135189453\"],\"description\":\"Apaczka.pl to platforma technologiczna do zarz\u0105dzania wysy\u0142kami i dostawami dla firm. Jeste\u015bmy sprawdzonym partnerem w zakresie proces\u00f3w wysy\u0142kowych dzia\u0142aj\u0105cym od ponad 15 lat na rynku. Integrujemy szeroki wachlarz us\u0142ug kurierskich oraz dedykowanych us\u0142ug w\u0142asnych skierowanych do wszystkich przedsi\u0119biorc\u00f3w, tak\u017ce tych, kt\u00f3rzy dopiero zaczynaj\u0105 swoj\u0105 dzia\u0142alno\u015b\u0107. Oferowane przez nas rozwi\u0105zania s\u0105 wykorzystywane przez firmy z bran\u017cy e-commerce, du\u017ce podmioty typu marketplace, ale r\u00f3wnie\u017c niewielkie firmy nadaj\u0105ce kilkana\u015bcie przesy\u0142ek miesi\u0119cznie. Konsekwentnie wspieramy firmy w rozwoju ich biznesu, udost\u0119pniaj\u0105c bez \u017cadnych op\u0142at gotowe narz\u0119dzia u\u0142atwiaj\u0105ce codzienn\u0105 logistyk\u0119. Nasi Klienci wysy\u0142aj\u0105 ponad 2,5 miliona przesy\u0142ek ka\u017cdego miesi\u0105ca korzystaj\u0105c z naszych unikalnych technologii. Nasze mocne strony: - Mo\u017cliwo\u015b\u0107 por\u00f3wnania ofert wiod\u0105cych firm kurierskich w Polsce i na \u015bwiecie: DHL, UPS, DPD, Fedex, Poczta Polska, Geis, InPost, GLS, Ambro, Hellmann i wielu innych, - Mo\u017cliwo\u015b\u0107 indywidualnego negocjowania stawek w zale\u017cno\u015bci od ilo\u015bci przesy\u0142ek i ich rodzaju (palety, p\u00f3\u0142palety, przesy\u0142ki krajowe, mi\u0119dzynarodowe), - Jedna, prosta integracja API z wieloma platformami e-commerce, marketplace i systemami ERP, WMS., daj\u0105ca dost\u0119p do ca\u0142ej naszej oferty kurierskiej, - Mo\u017cliwo\u015b\u0107 automatyzacji i optymalizacji proces\u00f3w wysy\u0142kowych, -Indywidualny Opiekun Handlowy zapewniaj\u0105cy wsparcie merytoryczne z zakresu rozwi\u0105za\u0144 kurierskich w zale\u017cno\u015bci od bran\u017cy Klienta, rodzaju przesy\u0142ek i metod dostawy, - Bezp\u0142atne integracje z 50 platformami sklepowymi, mo\u017cliwo\u015b\u0107 import\u00f3w (w tym Allegro) oraz wsparcie dzia\u0142u IT, -Personalizacja komunikacji z odbiorcami przesy\u0142ek na etapie post-checkout, modu\u0142 zwrot\u00f3w i analityka danych logistycznych, -Brak minim\u00f3w wysy\u0142kowych i wygodne formy rozlicze\u0144. Apaczka.pl: por\u00f3wnuj ceny kurier\u00f3w, automatyzuj procesy wysy\u0142kowe.\",\"legalName\":\"Alsendo sp. z o.o.\",\"foundingDate\":\"2009-08-17\",\"vatID\":\"PL8971840043\",\"taxID\":\"367328934\",\"numberOfEmployees\":{\"@type\":\"QuantitativeValue\",\"minValue\":\"51\",\"maxValue\":\"200\"}},{\"@type\":\"Person\",\"@id\":\"https:\\\/\\\/www.apaczka.pl\\\/en\\\/#\\\/schema\\\/person\\\/dc9cd6f6196e657b1a062d0c3022d716\",\"name\":\"Barbara Bochenek\",\"image\":{\"@type\":\"ImageObject\",\"inLanguage\":\"en-US\",\"@id\":\"https:\\\/\\\/www.apaczka.pl\\\/app\\\/uploads\\\/2025\\\/04\\\/cropped-Barbara-Bochenek-96x96.jpg\",\"url\":\"https:\\\/\\\/www.apaczka.pl\\\/app\\\/uploads\\\/2025\\\/04\\\/cropped-Barbara-Bochenek-96x96.jpg\",\"contentUrl\":\"https:\\\/\\\/www.apaczka.pl\\\/app\\\/uploads\\\/2025\\\/04\\\/cropped-Barbara-Bochenek-96x96.jpg\",\"caption\":\"Barbara Bochenek\"},\"description\":\"Pomagam firmom sprawniej zarz\u0105dza\u0107 wysy\u0142k\u0105 i budowa\u0107 przewag\u0119 w logistyce dzi\u0119ki trafnej komunikacji i rzetelnym tre\u015bciom. Jako specjalistka ds. komunikacji i content marketingu z pasj\u0105 do innowacji logistycznych tworz\u0119 artyku\u0142y, e-booki, materia\u0142y edukacyjne i case studies, kt\u00f3re pokazuj\u0105, jak rozwi\u0105zania Apaczka usprawniaj\u0105 procesy i wspieraj\u0105 rozw\u00f3j biznesu. W pracy stawiam na jasny przekaz, konkretne dane i tre\u015bci, kt\u00f3re realnie u\u0142atwiaj\u0105 klientom podejmowanie decyzji.\",\"sameAs\":[\"https:\\\/\\\/www.linkedin.com\\\/in\\\/barbarabochenek\\\/\"],\"jobTitle\":\"Junior Content & Social Media Manager\",\"url\":\"https:\\\/\\\/www.apaczka.pl\\\/en\\\/blog\\\/author\\\/barbara-bochenek\\\/\"}]}<\/script>\n<!-- \/ Yoast SEO Premium plugin. -->","yoast_head_json":{"title":"Nowe wymogi dotycz\u0105ce kod\u00f3w pocztowych dla przesy\u0142ek FedEx do i z Irlandii - Apaczka","robots":{"index":"noindex","follow":"follow"},"og_locale":"en_US","og_type":"article","og_title":"Nowe wymogi dotycz\u0105ce kod\u00f3w pocztowych dla przesy\u0142ek FedEx do i z Irlandii","og_description":"Od pocz\u0105tku 2026 roku FedEx wprowadza obowi\u0105zek stosowania kod\u00f3w Eircode dla wszystkich przesy\u0142ek wysy\u0142anych do oraz z Irlandii. Eircode to inteligentny system kod\u00f3w pocztowych obowi\u0105zuj\u0105cy w Irlandii. Sk\u0142ada si\u0119 z 7 znak\u00f3w i jest przypisany do ka\u017cdego adresu zamieszkania oraz firmy. Co to oznacza w praktyce? Jak si\u0119 przygotowa\u0107? Zalecamy ju\u017c teraz: Eircode mo\u017cna znale\u017a\u0107 &hellip; Continued","og_url":"https:\/\/www.apaczka.pl\/en\/aktualnosci\/nowe-wymogi-dotyczace-kodow-pocztowych-dla-przesylek-fedex-do-i-z-irlandii\/","og_site_name":"Apaczka","article_publisher":"https:\/\/www.facebook.com\/ApaczkaPL\/","article_modified_time":"2025-12-22T11:53:32+00:00","og_image":[{"width":1070,"height":456,"url":"https:\/\/www.apaczka.pl\/app\/uploads\/2024\/02\/blog_wazne.webp","type":"image\/webp"}],"twitter_card":"summary_large_image","twitter_misc":{"Est. reading time":"1 minute"},"schema":{"@context":"https:\/\/schema.org","@graph":[{"@type":"NewsArticle","@id":"https:\/\/www.apaczka.pl\/en\/aktualnosci\/nowe-wymogi-dotyczace-kodow-pocztowych-dla-przesylek-fedex-do-i-z-irlandii\/#article","isPartOf":{"@id":"https:\/\/www.apaczka.pl\/en\/aktualnosci\/nowe-wymogi-dotyczace-kodow-pocztowych-dla-przesylek-fedex-do-i-z-irlandii\/"},"author":{"name":"Barbara Bochenek","@id":"https:\/\/www.apaczka.pl\/en\/#\/schema\/person\/dc9cd6f6196e657b1a062d0c3022d716"},"headline":"Nowe wymogi dotycz\u0105ce kod\u00f3w pocztowych dla przesy\u0142ek FedEx do i z Irlandii","datePublished":"2025-12-22T10:49:30+00:00","dateModified":"2025-12-22T11:53:32+00:00","mainEntityOfPage":{"@id":"https:\/\/www.apaczka.pl\/en\/aktualnosci\/nowe-wymogi-dotyczace-kodow-pocztowych-dla-przesylek-fedex-do-i-z-irlandii\/"},"wordCount":151,"publisher":{"@id":"https:\/\/www.apaczka.pl\/en\/#organization"},"image":{"@id":"https:\/\/www.apaczka.pl\/en\/aktualnosci\/nowe-wymogi-dotyczace-kodow-pocztowych-dla-przesylek-fedex-do-i-z-irlandii\/#primaryimage"},"thumbnailUrl":"https:\/\/www.apaczka.pl\/app\/uploads\/2025\/12\/nowe_wymogi_dotycz_ce_eircode-1.png","inLanguage":"en-US"},{"@type":"WebPage","@id":"https:\/\/www.apaczka.pl\/en\/aktualnosci\/nowe-wymogi-dotyczace-kodow-pocztowych-dla-przesylek-fedex-do-i-z-irlandii\/","url":"https:\/\/www.apaczka.pl\/en\/aktualnosci\/nowe-wymogi-dotyczace-kodow-pocztowych-dla-przesylek-fedex-do-i-z-irlandii\/","name":"Nowe wymogi dotycz\u0105ce kod\u00f3w pocztowych dla przesy\u0142ek FedEx do i z Irlandii - Apaczka","isPartOf":{"@id":"https:\/\/www.apaczka.pl\/en\/#website"},"primaryImageOfPage":{"@id":"https:\/\/www.apaczka.pl\/en\/aktualnosci\/nowe-wymogi-dotyczace-kodow-pocztowych-dla-przesylek-fedex-do-i-z-irlandii\/#primaryimage"},"image":{"@id":"https:\/\/www.apaczka.pl\/en\/aktualnosci\/nowe-wymogi-dotyczace-kodow-pocztowych-dla-przesylek-fedex-do-i-z-irlandii\/#primaryimage"},"thumbnailUrl":"https:\/\/www.apaczka.pl\/app\/uploads\/2025\/12\/nowe_wymogi_dotycz_ce_eircode-1.png","datePublished":"2025-12-22T10:49:30+00:00","dateModified":"2025-12-22T11:53:32+00:00","breadcrumb":{"@id":"https:\/\/www.apaczka.pl\/en\/aktualnosci\/nowe-wymogi-dotyczace-kodow-pocztowych-dla-przesylek-fedex-do-i-z-irlandii\/#breadcrumb"},"inLanguage":"en-US","potentialAction":[{"@type":"ReadAction","target":["https:\/\/www.apaczka.pl\/en\/aktualnosci\/nowe-wymogi-dotyczace-kodow-pocztowych-dla-przesylek-fedex-do-i-z-irlandii\/"]}]},{"@type":"ImageObject","inLanguage":"en-US","@id":"https:\/\/www.apaczka.pl\/en\/aktualnosci\/nowe-wymogi-dotyczace-kodow-pocztowych-dla-przesylek-fedex-do-i-z-irlandii\/#primaryimage","url":"https:\/\/www.apaczka.pl\/app\/uploads\/2025\/12\/nowe_wymogi_dotycz_ce_eircode-1.png","contentUrl":"https:\/\/www.apaczka.pl\/app\/uploads\/2025\/12\/nowe_wymogi_dotycz_ce_eircode-1.png","width":960,"height":409},{"@type":"BreadcrumbList","@id":"https:\/\/www.apaczka.pl\/en\/aktualnosci\/nowe-wymogi-dotyczace-kodow-pocztowych-dla-przesylek-fedex-do-i-z-irlandii\/#breadcrumb","itemListElement":[{"@type":"ListItem","position":1,"name":"Apaczka","item":"https:\/\/www.apaczka.pl\/en\/"},{"@type":"ListItem","position":2,"name":"Aktualno\u015bci","item":"https:\/\/www.apaczka.pl\/en\/aktualnosci\/"},{"@type":"ListItem","position":3,"name":"Nowe wymogi dotycz\u0105ce kod\u00f3w pocztowych dla przesy\u0142ek FedEx do i z Irlandii"}]},{"@type":"WebSite","@id":"https:\/\/www.apaczka.pl\/en\/#website","url":"https:\/\/www.apaczka.pl\/en\/","name":"Apaczka","description":"Rozwi\u0105zania do zarz\u0105dzania procesami wysy\u0142kowymi dla firm","publisher":{"@id":"https:\/\/www.apaczka.pl\/en\/#organization"},"potentialAction":[{"@type":"SearchAction","target":{"@type":"EntryPoint","urlTemplate":"https:\/\/www.apaczka.pl\/en\/?s={search_term_string}"},"query-input":{"@type":"PropertyValueSpecification","valueRequired":true,"valueName":"search_term_string"}}],"inLanguage":"en-US"},{"@type":"Organization","@id":"https:\/\/www.apaczka.pl\/en\/#organization","name":"Apaczka","url":"https:\/\/www.apaczka.pl\/en\/","logo":{"@type":"ImageObject","inLanguage":"en-US","@id":"https:\/\/www.apaczka.pl\/en\/#\/schema\/logo\/image\/","url":"https:\/\/www.apaczka.pl\/app\/uploads\/2024\/05\/cropped-Apaczka-Full-Logotype-Full-Color.png","contentUrl":"https:\/\/www.apaczka.pl\/app\/uploads\/2024\/05\/cropped-Apaczka-Full-Logotype-Full-Color.png","width":1337,"height":405,"caption":"Apaczka"},"image":{"@id":"https:\/\/www.apaczka.pl\/en\/#\/schema\/logo\/image\/"},"sameAs":["https:\/\/www.facebook.com\/ApaczkaPL\/","https:\/\/www.linkedin.com\/company\/apaczka-alsendo-sp-z-o-o\/","https:\/\/www.youtube.com\/@apaczka-by-alsendo","https:\/\/g.co\/kgs\/Ztnp4yQ","https:\/\/maps.app.goo.gl\/iUwRn8EGrQJAk4LB9","https:\/\/www.trustpilot.com\/review\/www.apaczka.pl","https:\/\/www.crunchbase.com\/organization\/apaczka","https:\/\/www.ekomi-pl.com\/opinie-apaczka.html","https:\/\/www.wikidata.org\/wiki\/Q135189453"],"description":"Apaczka.pl to platforma technologiczna do zarz\u0105dzania wysy\u0142kami i dostawami dla firm. Jeste\u015bmy sprawdzonym partnerem w zakresie proces\u00f3w wysy\u0142kowych dzia\u0142aj\u0105cym od ponad 15 lat na rynku. Integrujemy szeroki wachlarz us\u0142ug kurierskich oraz dedykowanych us\u0142ug w\u0142asnych skierowanych do wszystkich przedsi\u0119biorc\u00f3w, tak\u017ce tych, kt\u00f3rzy dopiero zaczynaj\u0105 swoj\u0105 dzia\u0142alno\u015b\u0107. Oferowane przez nas rozwi\u0105zania s\u0105 wykorzystywane przez firmy z bran\u017cy e-commerce, du\u017ce podmioty typu marketplace, ale r\u00f3wnie\u017c niewielkie firmy nadaj\u0105ce kilkana\u015bcie przesy\u0142ek miesi\u0119cznie. Konsekwentnie wspieramy firmy w rozwoju ich biznesu, udost\u0119pniaj\u0105c bez \u017cadnych op\u0142at gotowe narz\u0119dzia u\u0142atwiaj\u0105ce codzienn\u0105 logistyk\u0119. Nasi Klienci wysy\u0142aj\u0105 ponad 2,5 miliona przesy\u0142ek ka\u017cdego miesi\u0105ca korzystaj\u0105c z naszych unikalnych technologii. Nasze mocne strony: - Mo\u017cliwo\u015b\u0107 por\u00f3wnania ofert wiod\u0105cych firm kurierskich w Polsce i na \u015bwiecie: DHL, UPS, DPD, Fedex, Poczta Polska, Geis, InPost, GLS, Ambro, Hellmann i wielu innych, - Mo\u017cliwo\u015b\u0107 indywidualnego negocjowania stawek w zale\u017cno\u015bci od ilo\u015bci przesy\u0142ek i ich rodzaju (palety, p\u00f3\u0142palety, przesy\u0142ki krajowe, mi\u0119dzynarodowe), - Jedna, prosta integracja API z wieloma platformami e-commerce, marketplace i systemami ERP, WMS., daj\u0105ca dost\u0119p do ca\u0142ej naszej oferty kurierskiej, - Mo\u017cliwo\u015b\u0107 automatyzacji i optymalizacji proces\u00f3w wysy\u0142kowych, -Indywidualny Opiekun Handlowy zapewniaj\u0105cy wsparcie merytoryczne z zakresu rozwi\u0105za\u0144 kurierskich w zale\u017cno\u015bci od bran\u017cy Klienta, rodzaju przesy\u0142ek i metod dostawy, - Bezp\u0142atne integracje z 50 platformami sklepowymi, mo\u017cliwo\u015b\u0107 import\u00f3w (w tym Allegro) oraz wsparcie dzia\u0142u IT, -Personalizacja komunikacji z odbiorcami przesy\u0142ek na etapie post-checkout, modu\u0142 zwrot\u00f3w i analityka danych logistycznych, -Brak minim\u00f3w wysy\u0142kowych i wygodne formy rozlicze\u0144. Apaczka.pl: por\u00f3wnuj ceny kurier\u00f3w, automatyzuj procesy wysy\u0142kowe.","legalName":"Alsendo sp. z o.o.","foundingDate":"2009-08-17","vatID":"PL8971840043","taxID":"367328934","numberOfEmployees":{"@type":"QuantitativeValue","minValue":"51","maxValue":"200"}},{"@type":"Person","@id":"https:\/\/www.apaczka.pl\/en\/#\/schema\/person\/dc9cd6f6196e657b1a062d0c3022d716","name":"Barbara Bochenek","image":{"@type":"ImageObject","inLanguage":"en-US","@id":"https:\/\/www.apaczka.pl\/app\/uploads\/2025\/04\/cropped-Barbara-Bochenek-96x96.jpg","url":"https:\/\/www.apaczka.pl\/app\/uploads\/2025\/04\/cropped-Barbara-Bochenek-96x96.jpg","contentUrl":"https:\/\/www.apaczka.pl\/app\/uploads\/2025\/04\/cropped-Barbara-Bochenek-96x96.jpg","caption":"Barbara Bochenek"},"description":"Pomagam firmom sprawniej zarz\u0105dza\u0107 wysy\u0142k\u0105 i budowa\u0107 przewag\u0119 w logistyce dzi\u0119ki trafnej komunikacji i rzetelnym tre\u015bciom. Jako specjalistka ds. komunikacji i content marketingu z pasj\u0105 do innowacji logistycznych tworz\u0119 artyku\u0142y, e-booki, materia\u0142y edukacyjne i case studies, kt\u00f3re pokazuj\u0105, jak rozwi\u0105zania Apaczka usprawniaj\u0105 procesy i wspieraj\u0105 rozw\u00f3j biznesu. W pracy stawiam na jasny przekaz, konkretne dane i tre\u015bci, kt\u00f3re realnie u\u0142atwiaj\u0105 klientom podejmowanie decyzji.","sameAs":["https:\/\/www.linkedin.com\/in\/barbarabochenek\/"],"jobTitle":"Junior Content & Social Media Manager","url":"https:\/\/www.apaczka.pl\/en\/blog\/author\/barbara-bochenek\/"}]}},"_links":{"self":[{"href":"https:\/\/www.apaczka.pl\/en\/wp-json\/wp\/v2\/news\/39353","targetHints":{"allow":["GET"]}}],"collection":[{"href":"https:\/\/www.apaczka.pl\/en\/wp-json\/wp\/v2\/news"}],"about":[{"href":"https:\/\/www.apaczka.pl\/en\/wp-json\/wp\/v2\/types\/news"}],"author":[{"embeddable":true,"href":"https:\/\/www.apaczka.pl\/en\/wp-json\/wp\/v2\/users\/10"}],"version-history":[{"count":1,"href":"https:\/\/www.apaczka.pl\/en\/wp-json\/wp\/v2\/news\/39353\/revisions"}],"predecessor-version":[{"id":39354,"href":"https:\/\/www.apaczka.pl\/en\/wp-json\/wp\/v2\/news\/39353\/revisions\/39354"}],"wp:featuredmedia":[{"embeddable":true,"href":"https:\/\/www.apaczka.pl\/en\/wp-json\/wp\/v2\/media\/39356"}],"wp:attachment":[{"href":"https:\/\/www.apaczka.pl\/en\/wp-json\/wp\/v2\/media?parent=39353"}],"wp:term":[{"taxonomy":"news_category","embeddable":true,"href":"https:\/\/www.apaczka.pl\/en\/wp-json\/wp\/v2\/news_category?post=39353"},{"taxonomy":"news_tag","embeddable":true,"href":"https:\/\/www.apaczka.pl\/en\/wp-json\/wp\/v2\/news_tag?post=39353"}],"curies":[{"name":"wp","href":"https:\/\/api.w.org\/{rel}","templated":true}]}}