{"id":39061,"date":"2025-12-15T07:32:32","date_gmt":"2025-12-15T07:32:32","guid":{"rendered":"https:\/\/www.apaczka.pl\/?post_type=news&#038;p=39061"},"modified":"2025-12-22T14:10:08","modified_gmt":"2025-12-22T14:10:08","slug":"harmonogram-pracy-firm-kurierskich-w-okresie-swiateczno-noworocznym-2025-2026","status":"publish","type":"news","link":"https:\/\/www.apaczka.pl\/en\/aktualnosci\/harmonogram-pracy-firm-kurierskich-w-okresie-swiateczno-noworocznym-2025-2026\/","title":{"rendered":"Harmonogram pracy firm kurierskich w okresie \u015bwi\u0105teczno-noworocznym 2025\/2026"},"content":{"rendered":"\n<p>Nadszed\u0142 najbardziej wymagaj\u0105cy i pracowity okres w roku. Na podstawie informacji przekazanych przez firmy kurierskie przygotowali\u015bmy harmonogram realizacji odbior\u00f3w i dor\u0119cze\u0144 przesy\u0142ek w okresie \u015bwi\u0105teczno-noworocznym.<\/p>\n\n\n\n<p>Poni\u017cej znajdziesz szczeg\u00f3\u0142owe informacje, kt\u00f3re pomog\u0105 w planowaniu wysy\u0142ek.<\/p>\n\n\n<h2 class=\"simpletoc-title\">Spis tre\u015bci<\/h2>\n<ul class=\"simpletoc-list\">\n<li><a href=\"#h-inpost-kraj\">InPost kraj<\/a>\n\n<\/li>\n<li><a href=\"#h-inpost-international\">InPost International<\/a>\n\n<\/li>\n<li><a href=\"#h-dpd\">DPD<\/a>\n\n<\/li>\n<li><a href=\"#h-dhl\">DHL<\/a>\n\n<\/li>\n<li><a href=\"#h-gls\">GLS<\/a>\n\n<\/li>\n<li><a href=\"#h-ups\">UPS<\/a>\n\n<\/li>\n<li><a href=\"#h-geodis\">GEODIS<\/a>\n\n<\/li>\n<li><a href=\"#h-fedex\">FedEx<\/a>\n\n<\/li>\n<li><a href=\"#h-hellmann-worldwide-logistics-transport-krajowy\">Hellmann Worldwide Logistics- Transport krajowy<\/a>\n\n<\/li>\n<li><a href=\"#h-hellmann-worldwide-logistics-transport-miedzynarodowy\">Hellmann Worldwide Logistics- Transport mi\u0119dzynarodowy<\/a>\n\n<\/li>\n<li><a href=\"#h-orlen\">ORLEN<\/a>\n\n<\/li>\n<li><a href=\"#h-rhenus\">Rhenus<\/a>\n\n<\/li>\n<li><a href=\"#h-geis\">GEIS<\/a>\n\n<\/li>\n<li><a href=\"#h-raben\">Raben<\/a>\n\n<\/li>\n<li><a href=\"#h-log4world-dhl-ecommerce\">Log4World (DHL eCommerce)<\/a>\n\n<\/li>\n<li><a href=\"#h-cbl\">CBL<\/a>\n\n<\/li>\n<li><a href=\"#h-poczta-polska-paczki\">Poczta Polska \u2013 Paczki<\/a>\n\n<\/li>\n<li><a href=\"#h-poczta-polska-palety\">Poczta Polska \u2013 Palety<\/a>\n\n<\/li>\n<li><a href=\"#h-ambro\">AMBRO<\/a>\n<\/li><\/ul>\n\n<h2 class=\"wp-block-heading\" id=\"h-inpost-kraj\">InPost kraj<\/h2>\n\n\n<ul class=\"wp-block-list\">\n<li><strong>23 grudnia (wtorek)<\/strong><br>Standardowy tryb pracy \u2013 realizowane s\u0105 podj\u0119cia i dor\u0119czenia przesy\u0142ek.<br>Paczki nadane tego dnia (bez us\u0142ugi <em>Paczka w Weekend<\/em> oraz bez opcji <em>Dostawa w Sobot\u0119<\/em> dla kuriera) zostan\u0105 dor\u0119czone <strong>29 grudnia 2025 r. (poniedzia\u0142ek)<\/strong>.<\/li>\n\n\n\n<li><strong>24 grudnia (\u015broda, Wigilia)<\/strong><br>Dzie\u0144 wolny \u2013 brak podj\u0119\u0107 i dor\u0119cze\u0144 przesy\u0142ek.<\/li>\n\n\n\n<li><strong>25\u201326 grudnia (czwartek\u2013pi\u0105tek, \u015awi\u0119ta Bo\u017cego Narodzenia)<\/strong><br>Dni ustawowo wolne od pracy \u2013 brak realizacji us\u0142ug.<\/li>\n\n\n\n<li><strong>27 grudnia (sobota)<\/strong><br>Realizowana b\u0119dzie us\u0142uga <strong>InPost Paczka w Weekend<\/strong> (podj\u0119cia i dor\u0119czenia weekendowe).<\/li>\n\n\n\n<li><strong>28 grudnia (niedziela)<\/strong><br>Brak podj\u0119\u0107 \u2013 realizowane s\u0105 wy\u0142\u0105cznie dor\u0119czenia.<\/li>\n\n\n\n<li><strong>29\u201330 grudnia (poniedzia\u0142ek\u2013wtorek)<\/strong><br>Standardowy tryb pracy \u2013 realizowane s\u0105 podj\u0119cia i dor\u0119czenia.<\/li>\n\n\n\n<li><strong>31 grudnia (\u015broda, Sylwester)<\/strong><br>Realizowane s\u0105 <strong>podj\u0119cia<\/strong>, brak dor\u0119cze\u0144 przesy\u0142ek.<br>Paczki nadane tego dnia zostan\u0105 dor\u0119czone <strong>5 stycznia 2026 r. (poniedzia\u0142ek)<\/strong>.<\/li>\n\n\n\n<li><strong>1 stycznia (czwartek, Nowy Rok)<\/strong><br>Dzie\u0144 ustawowo wolny od pracy \u2013 brak realizacji us\u0142ug.<\/li>\n\n\n\n<li><strong>2 stycznia (pi\u0105tek)<\/strong><br>Brak podj\u0119\u0107 \u2013 realizowane s\u0105 dor\u0119czenia.<\/li>\n\n\n\n<li><strong>3 stycznia (sobota)<\/strong><br>Realizowane s\u0105 podj\u0119cia weekendowe (<strong>Paczka w Weekend<\/strong>).<\/li>\n\n\n\n<li><strong>4 stycznia (niedziela)<\/strong><br>Brak podj\u0119\u0107 \u2013 realizowane s\u0105 dor\u0119czenia.<\/li>\n\n\n\n<li><strong>5 stycznia (poniedzia\u0142ek)<\/strong><br>Standardowy tryb pracy \u2013 realizowane s\u0105 podj\u0119cia i dor\u0119czenia.<br>Paczki nadane tego dnia zostan\u0105 dor\u0119czone <strong>7 stycznia 2026 r. (\u015broda)<\/strong>.<\/li>\n\n\n\n<li><strong>6 stycznia (wtorek, \u015awi\u0119to Trzech Kr\u00f3li)<\/strong><br>Dzie\u0144 ustawowo wolny od pracy \u2013 brak realizacji us\u0142ug.<\/li>\n\n\n\n<li><strong>od 7 stycznia (\u015broda)<\/strong><br>Powr\u00f3t do standardowego trybu obs\u0142ugi.<\/li>\n<\/ul>\n\n\n\n<p><strong>Wa\u017cne informacje operacyjne<\/strong>: <\/p>\n\n\n\n<ul class=\"wp-block-list\">\n<li><strong>Weekendowe Nadania w niedziel\u0119<\/strong> oraz <strong>niedzielne odbiory z maszyn Paczkomat\u00ae<\/strong> b\u0119d\u0105 dost\u0119pne <strong>do 21 grudnia 2025 r.<\/strong><br>Od <strong>27 grudnia 2025 r. oraz w 2026 roku<\/strong> us\u0142uga Weekendowych Nada\u0144 b\u0119dzie realizowana <strong>wy\u0142\u0105cznie w soboty<\/strong>.<\/li>\n\n\n\n<li><strong>InPost Paczka w Weekend \u2013 27 grudnia 2025 r.<\/strong><br>Us\u0142uga <strong>Paczka w Weekend<\/strong> b\u0119dzie realizowana <strong>27 grudnia (sobota)<\/strong>.<br>Aby przesy\u0142ki mog\u0142y zosta\u0107 obs\u0142u\u017cone w ramach tej us\u0142ugi, musz\u0105 zosta\u0107:\n<ul class=\"wp-block-list\">\n<li>zarejestrowane i zatwierdzone w systemie od poniedzia\u0142ku 22 grudnia 2025 r. od godz. 18:00<br>do wtorku 23 grudnia 2025 r. do godz. 20:00,<\/li>\n\n\n\n<li>lub zgodnie z indywidualnym harmonogramem tej us\u0142ugi.<\/li>\n<\/ul>\n<\/li>\n<\/ul>\n\n\n<h2 class=\"wp-block-heading\" id=\"h-inpost-international\">InPost International<\/h2>\n\n\n<p>W okresie \u015bwi\u0105teczno-noworocznym (grudzie\u0144 2025 r. \u2013 stycze\u0144 2026 r.) us\u0142ugi InPost w obszarze mi\u0119dzynarodowym, realizowane w ramach InPost International, b\u0119d\u0105 funkcjonowa\u0107 wed\u0142ug specjalnego harmonogramu.<\/p>\n\n\n\n<p>Zakres realizacji odbior\u00f3w i dor\u0119cze\u0144 mo\u017ce r\u00f3\u017cni\u0107 si\u0119 w zale\u017cno\u015bci od kraju docelowego oraz daty nadania. Dotyczy to m.in. przesy\u0142ek kierowanych do kraj\u00f3w europejskich obs\u0142ugiwanych w ramach InPost International.<\/p>\n\n\n\n<p>Szczeg\u00f3\u0142owe informacje dotycz\u0105ce dni realizacji oraz przerw w obs\u0142udze dla poszczeg\u00f3lnych kierunk\u00f3w dost\u0119pne s\u0105 w za\u0142\u0105czonym dokumencie:<br><strong><a href=\"https:\/\/www.apaczka.pl\/app\/uploads\/2025\/12\/InPost-International-harmonogram-uslug.pdf\">Harmonogram InPost International \u2013 grudzie\u0144 2025 \/ stycze\u0144 2026 (PDF)<\/a><\/strong><br><\/p>\n\n\n<h2 class=\"wp-block-heading\" id=\"h-dpd\">DPD <\/h2>\n\n\n<ul class=\"wp-block-list\">\n<li><strong>23 grudnia (wtorek)<\/strong><br>Paczki nadane tego dnia b\u0119d\u0105 dor\u0119czane <strong>29 grudnia (poniedzia\u0142ek)<\/strong>.<\/li>\n\n\n\n<li><strong>24 grudnia (\u015broda, Wigilia)<\/strong><br>Dzie\u0144 wolny \u2013 brak odbior\u00f3w i dor\u0119cze\u0144.<\/li>\n\n\n\n<li><strong>25\u201326 grudnia (czwartek\u2013pi\u0105tek)<\/strong><br>Dni wolne \u2013 brak realizacji us\u0142ug.<\/li>\n\n\n\n<li><strong>27 grudnia (sobota)<\/strong><br>Dzie\u0144 wolny \u2013 brak realizacji us\u0142ug.<\/li>\n\n\n\n<li><strong>30 grudnia (wtorek)<\/strong><br>Odbiory i dor\u0119czenia w normalnym trybie.<br>Dor\u0119czenie paczek: <strong>31 grudnia (\u015broda)<\/strong>.<\/li>\n\n\n\n<li><strong>31 grudnia (\u015broda)<\/strong><br>Praca jak w sobot\u0119 \u2013 do godz. <strong>14:00<\/strong>.<br>Dor\u0119czenie paczek: <strong>5 stycznia 2026<\/strong><br>(z wyj\u0105tkiem us\u0142ugi \u201edostawa w sobot\u0119\u201d).<\/li>\n\n\n\n<li><strong>1 stycznia (czwartek)<\/strong><br>Dzie\u0144 wolny \u2013 brak realizacji us\u0142ug.<\/li>\n\n\n\n<li><strong>2 stycznia (pi\u0105tek)<\/strong><br>Dor\u0119czenie paczek: <strong>5 stycznia<\/strong><br>(z wyj\u0105tkiem \u201edostawy w sobot\u0119\u201d).<\/li>\n\n\n\n<li><strong>3 stycznia (sobota)<\/strong><br>Dor\u0119czenie paczek: <strong>5 stycznia<\/strong>.<\/li>\n\n\n\n<li><strong>5 stycznia (poniedzia\u0142ek)<\/strong><br>Dor\u0119czenie paczek: <strong>7 stycznia<\/strong>.<\/li>\n\n\n\n<li><strong>6 stycznia (wtorek)<\/strong><br>Dzie\u0144 wolny \u2013 brak realizacji us\u0142ug.<\/li>\n<\/ul>\n\n\n<h2 class=\"wp-block-heading\" id=\"h-dhl\">DHL<\/h2>\n\n\n<ul class=\"wp-block-list\">\n<li><strong>24 grudnia 2025 (\u015broda, Wigilia)<\/strong><br>Dor\u0119czane s\u0105 wy\u0142\u0105cznie przesy\u0142ki <strong>AD do BOX<\/strong>.<br>Odbiory z BOX realizowane s\u0105 z dor\u0119czeniem na <strong>30 grudnia 2025 r.<\/strong><br>Brak odbior\u00f3w i dor\u0119cze\u0144 przesy\u0142ek <strong>DR<\/strong>.<br>Praca terminali i kurier\u00f3w maksymalnie do godz. <strong>15:00<\/strong> (zgodnie z lokalnymi ustaleniami).<\/li>\n\n\n\n<li><strong>25\u201326 grudnia 2025 (czwartek\u2013pi\u0105tek)<\/strong><br>Dni wolne od pracy \u2013 DHL <strong>nie \u015bwiadczy us\u0142ug<\/strong>.<\/li>\n\n\n\n<li><strong>27\u201328 grudnia 2025 (sobota\u2013niedziela)<\/strong><br>Dni wolne \u2013 brak realizacji us\u0142ug DHL.<\/li>\n\n\n\n<li><strong>29\u201330 grudnia 2025 (poniedzia\u0142ek\u2013wtorek)<\/strong><br>Praca w <strong>standardowym trybie<\/strong>, zgodnie z godzinami pracy terminali.<\/li>\n\n\n\n<li><strong>31 grudnia 2025 (\u015broda, Sylwester)<\/strong><br>Dor\u0119czenia i odbiory przesy\u0142ek <strong>EX<\/strong> z dor\u0119czeniem na <strong>2 stycznia 2026 r.<\/strong><br><strong>Serwis DR zawieszony<\/strong> \u2013 brak odbior\u00f3w i dor\u0119cze\u0144 przesy\u0142ek DR.<br>Praca terminali skr\u00f3cona (zwykle do godz. <strong>14:00\u201315:00<\/strong>, wg lokalnych ustale\u0144).<\/li>\n\n\n\n<li><strong>1 stycznia 2026 (czwartek, Nowy Rok)<\/strong><br>Dzie\u0144 wolny od pracy \u2013 brak realizacji us\u0142ug DHL.<\/li>\n\n\n\n<li><strong>2 stycznia 2026 (pi\u0105tek)<\/strong><br>Dor\u0119czenia przesy\u0142ek <strong>EX<\/strong> nadanych 31.12.<br>Odbiory nowych przesy\u0142ek <strong>EX<\/strong> z dor\u0119czeniem na <strong>5 stycznia 2026 r.<\/strong><br><strong>Serwis DR pozostaje zawieszony<\/strong> \u2013 brak odbior\u00f3w i dor\u0119cze\u0144.<\/li>\n\n\n\n<li><strong>3 stycznia 2026 (sobota)<\/strong><br>Praca w standardowym trybie sobotnim \u2013 obs\u0142uga <strong>OOH<\/strong> oraz us\u0142ugi <strong>SO<\/strong>.<\/li>\n\n\n\n<li><strong>4 stycznia 2026 (niedziela)<\/strong><br>DHL <strong>nie \u015bwiadczy us\u0142ug<\/strong>.<\/li>\n\n\n\n<li><strong>5 stycznia 2026 (poniedzia\u0142ek)<\/strong><br>Praca w standardowym trybie.<br>Dor\u0119czenia przesy\u0142ek <strong>DR<\/strong> nadanych <strong>30 grudnia<\/strong>.<br>Odbiory nowych przesy\u0142ek <strong>DR<\/strong> z dor\u0119czeniem na <strong>7 stycznia 2026 r.<\/strong><\/li>\n\n\n\n<li><strong>6 stycznia 2026 (wtorek, \u015awi\u0119to Trzech Kr\u00f3li)<\/strong><br>Dzie\u0144 wolny od pracy \u2013 brak realizacji us\u0142ug DHL.<\/li>\n\n\n\n<li><strong>od 7 stycznia 2026 (\u015broda)<\/strong><br>Powr\u00f3t do <strong>standardowego trybu pracy<\/strong>.<\/li>\n<\/ul>\n\n\n\n<p><strong>Wa\u017cne informacje (kraj \/ zagranica \/ palety)<\/strong><\/p>\n\n\n\n<ul class=\"wp-block-list\">\n<li><strong>Serwis paletowy DHL<\/strong> (kraj i zagranica) b\u0119dzie <strong>wstrzymany<\/strong> w dniach:<br><strong>31 grudnia 2025 r.<\/strong> oraz <strong>2 stycznia 2026 r.<\/strong><\/li>\n\n\n\n<li><strong>Odbiory towar\u00f3w o wadze powy\u017cej 31,5 kg<\/strong>, zrealizowane w dniu<br><strong>30 grudnia 2025 r.<\/strong>, zostan\u0105 dor\u0119czone <strong>5 stycznia 2026 r.<\/strong><\/li>\n<\/ul>\n\n\n\n<p><br>W okresie \u015bwi\u0105teczno-noworocznym realizacja przesy\u0142ek <strong>krajowych, zagranicznych oraz paletowych<\/strong> mo\u017ce ulec wyd\u0142u\u017ceniu. Zalecamy planowanie wysy\u0142ek z odpowiednim wyprzedzeniem.<\/p>\n\n\n<h2 class=\"wp-block-heading\" id=\"h-gls\">GLS<\/h2>\n\n\n<ul class=\"wp-block-list\">\n<li><strong>22\u201323 grudnia (poniedzia\u0142ek\u2013wtorek)<\/strong><br>\u2022 Filie i Infolinia pracuj\u0105 w standardowych godzinach<br>\u2022 Paczki odebrane <strong>23.12<\/strong> b\u0119d\u0105 dor\u0119czane <strong>29.12<\/strong><\/li>\n\n\n\n<li><strong>24\u201328 grudnia (\u015broda\u2013niedziela)<\/strong><br>\u2022 Dni wolne od pracy<br>\u2022 Brak odbior\u00f3w i dor\u0119cze\u0144<\/li>\n\n\n\n<li><strong>29\u201330 grudnia (poniedzia\u0142ek\u2013wtorek)<\/strong><br>\u2022 Standardowy tryb pracy<\/li>\n\n\n\n<li><strong>31 grudnia (\u015broda)<\/strong><br>\u2022 Standardowy tryb pracy<br>\u2022 Dor\u0119czenia paczek <strong>od 5 stycznia<\/strong><\/li>\n\n\n\n<li><strong>1 stycznia (czwartek)<\/strong><br>\u2022 Dzie\u0144 wolny<\/li>\n\n\n\n<li><strong>2 stycznia (pi\u0105tek)<\/strong><br>\u2022 Standardowy tryb pracy<\/li>\n\n\n\n<li><strong>3 stycznia (sobota)<\/strong><br>\u2022 Dor\u0119czenia wy\u0142\u0105cznie z us\u0142ug\u0105 <strong>SaturdayService<\/strong><\/li>\n\n\n\n<li><strong>5 stycznia (poniedzia\u0142ek)<\/strong><br>\u2022 Standardowy tryb pracy<\/li>\n\n\n\n<li><strong>6 stycznia (wtorek)<\/strong><br>\u2022 Dzie\u0144 wolny<\/li>\n<\/ul>\n\n\n<h2 class=\"wp-block-heading\" id=\"h-ups\">UPS <\/h2>\n\n\n<ul class=\"wp-block-list\">\n<li><strong>20 grudnia (sobota)<\/strong><br>Realizowane dor\u0119czenia w ramach us\u0142ugi <strong>Express Sobota<\/strong> \u2013 do godz. 14:00.<\/li>\n\n\n\n<li><strong>22\u201323 grudnia (poniedzia\u0142ek\u2013wtorek)<\/strong><br>Realizowane s\u0105 nadania, odbiory i dor\u0119czenia.<br>Dost\u0119pne wszystkie us\u0142ugi UPS, w tym us\u0142ugi Express.<\/li>\n\n\n\n<li><strong>24 grudnia (\u015broda, Wigilia)<\/strong><br>Dzie\u0144 wolny od pracy \u2013 brak nadania, odbior\u00f3w i dor\u0119cze\u0144 przesy\u0142ek.<\/li>\n\n\n\n<li><strong>25\u201326 grudnia (czwartek\u2013pi\u0105tek, Bo\u017ce Narodzenie)<\/strong><br>Dni wolne od pracy \u2013 brak realizacji us\u0142ug UPS.<\/li>\n\n\n\n<li><strong>27 grudnia (sobota)<\/strong><br>Dzie\u0144 wolny od pracy \u2013 brak realizacji us\u0142ug.<\/li>\n\n\n\n<li><strong>29\u201330 grudnia (poniedzia\u0142ek\u2013wtorek)<\/strong><br>Standardowy tryb pracy.<br>Dost\u0119pne wszystkie us\u0142ugi UPS, w tym us\u0142ugi Express.<\/li>\n\n\n\n<li><strong>31 grudnia (\u015broda, Sylwester)<\/strong><br>Skr\u00f3cony dzie\u0144 pracy:\n<ul class=\"wp-block-list\">\n<li>nadania do godz. <strong>14:00<\/strong>,<\/li>\n\n\n\n<li>zlecenia odbioru do godz. <strong>13:00<\/strong>,<\/li>\n\n\n\n<li>najp\u00f3\u017aniejszy odbi\u00f3r do godz. <strong>13:30<\/strong>.<br>Dor\u0119czenia realizowane w standardowym trybie us\u0142ug Express.<\/li>\n<\/ul>\n<\/li>\n\n\n\n<li><strong>1 stycznia (czwartek, Nowy Rok)<\/strong><br>Dzie\u0144 wolny od pracy \u2013 brak realizacji us\u0142ug UPS.<\/li>\n\n\n\n<li><strong>2 stycznia (pi\u0105tek)<\/strong><br>Standardowy tryb pracy.<br>Realizowane s\u0105 wszystkie us\u0142ugi UPS, w tym Express.<\/li>\n\n\n\n<li><strong>3 stycznia (sobota)<\/strong><br>Dzie\u0144 wolny od pracy \u2013 brak realizacji us\u0142ug.<\/li>\n\n\n\n<li><strong>5 stycznia (poniedzia\u0142ek)<\/strong><br>Standardowy tryb pracy.<br>Dost\u0119pne wszystkie us\u0142ugi UPS, w tym Express.<\/li>\n\n\n\n<li><strong>6 stycznia (wtorek, \u015awi\u0119to Trzech Kr\u00f3li)<\/strong><br>Dzie\u0144 wolny od pracy \u2013 brak realizacji us\u0142ug UPS.<\/li>\n\n\n\n<li><strong>od 7 stycznia (\u015broda)<\/strong><br>Powr\u00f3t do standardowego trybu obs\u0142ugi.<\/li>\n<\/ul>\n\n\n<h2 class=\"wp-block-heading\" id=\"h-geodis\">GEODIS <\/h2>\n\n\n<ul class=\"wp-block-list\">\n<li><strong>23 grudnia 2025 (wtorek)<\/strong><br>Odbiory i dostawy realizowane w pe\u0142nym zakresie,<br>z wy\u0142\u0105czeniem odbioru przesy\u0142ek z us\u0142ug\u0105 <strong>temp+<\/strong>.<\/li>\n\n\n\n<li><strong>24 grudnia 2025 (\u015broda)<\/strong><br>Brak odbior\u00f3w i dostaw.<\/li>\n\n\n\n<li><strong>25 grudnia 2025 (czwartek)<\/strong><br>Brak odbior\u00f3w i dostaw.<\/li>\n\n\n\n<li><strong>26 grudnia 2025 (pi\u0105tek)<\/strong><br>Brak odbior\u00f3w i dostaw.<\/li>\n\n\n\n<li><strong>30 grudnia 2025 (wtorek)<\/strong><br>Odbiory i dostawy realizowane w pe\u0142nym zakresie,<br>z wy\u0142\u0105czeniem odbioru przesy\u0142ek z us\u0142ug\u0105 <strong>temp+<\/strong>.<\/li>\n\n\n\n<li><strong>31 grudnia 2025 (\u015broda, Sylwester)<\/strong><br>Brak odbior\u00f3w i dostaw \u2013 terminale nieczynne.<\/li>\n\n\n\n<li><strong>1 stycznia 2026 (czwartek, Nowy Rok)<\/strong><br>Brak odbior\u00f3w i dostaw.<\/li>\n\n\n\n<li><strong>2 stycznia 2026 (pi\u0105tek)<\/strong><br>Brak odbior\u00f3w i dostaw \u2013 terminale nieczynne.<\/li>\n\n\n\n<li><strong>5 stycznia 2026 (poniedzia\u0142ek)<\/strong><br>Odbiory i dostawy realizowane w pe\u0142nym zakresie,<br>z wy\u0142\u0105czeniem odbioru przesy\u0142ek z us\u0142ug\u0105 <strong>temp+<\/strong>.<\/li>\n\n\n\n<li><strong>6 stycznia 2026 (wtorek, \u015awi\u0119to Trzech Kr\u00f3li)<\/strong><br>Brak odbior\u00f3w i dostaw.<\/li>\n<\/ul>\n\n\n<h2 class=\"wp-block-heading\" id=\"h-fedex\">FedEx <\/h2>\n\n\n<ul class=\"wp-block-list\">\n<li><strong>24\u201328 grudnia<\/strong><br>Dni wolne od pracy (okres \u015bwi\u0105teczny).<br>Przesy\u0142ki zostan\u0105 przekazane przewo\u017anikowi <strong>29 grudnia<\/strong>.<\/li>\n\n\n\n<li><strong>31 grudnia (Sylwester)<\/strong><br>Skr\u00f3cony dzie\u0144 pracy \u2013 obs\u0142uga do godziny <strong>14:00<\/strong>.<\/li>\n\n\n\n<li><strong>1 stycznia (Nowy Rok)<\/strong><br>Dzie\u0144 wolny od pracy.<br>Przesy\u0142ki zostan\u0105 przekazane przewo\u017anikowi <strong>2 stycznia<\/strong>.<\/li>\n\n\n\n<li><strong>6 stycznia (\u015awi\u0119to Trzech Kr\u00f3li)<\/strong><br>Dzie\u0144 wolny od pracy.<br>Przesy\u0142ki zostan\u0105 przekazane przewo\u017anikowi <strong>7 stycznia<\/strong>.<\/li>\n<\/ul>\n\n\n<h2 class=\"wp-block-heading\" id=\"h-hellmann-worldwide-logistics-transport-krajowy\">Hellmann Worldwide Logistics- Transport krajowy<\/h2>\n\n\n<p><strong>Uwaga:<\/strong> dy\u017cury operacyjne realizowane s\u0105 wy\u0142\u0105cznie w oddzia\u0142ach HWL. Partnerzy zewn\u0119trzni nie pracuj\u0105. W dniach dy\u017curowych obs\u0142uga ma charakter ograniczony.<\/p>\n\n\n\n<ul class=\"wp-block-list\">\n<li><strong>22\u201323 grudnia (poniedzia\u0142ek\u2013wtorek)<\/strong><br>Realizowane s\u0105 <strong>dostawy, odbiory oraz linie<\/strong> \u2013 standardowy tryb pracy.<\/li>\n\n\n\n<li><strong>24\u201326 grudnia (\u015broda\u2013pi\u0105tek, \u015awi\u0119ta Bo\u017cego Narodzenia)<\/strong><br><strong>Dni \u015bwi\u0105teczne<\/strong> \u2013 brak dostaw, odbior\u00f3w i realizacji linii.<\/li>\n\n\n\n<li><strong>27\u201328 grudnia (sobota\u2013niedziela)<\/strong><br>Weekend \u2013 brak realizacji us\u0142ug.<\/li>\n\n\n\n<li><strong>29\u201330 grudnia (poniedzia\u0142ek\u2013wtorek)<\/strong><br>Standardowy tryb pracy \u2013 realizowane dostawy, odbiory i linie.<\/li>\n\n\n\n<li><strong>31 grudnia (\u015broda, Sylwester)<\/strong><br><strong>Dy\u017cur operacyjny<\/strong> \u2013 brak standardowych dostaw i odbior\u00f3w, linie <strong>nie s\u0105 realizowane<\/strong>.<\/li>\n\n\n\n<li><strong>1 stycznia (czwartek, Nowy Rok)<\/strong><br><strong>Dzie\u0144 \u015bwi\u0105teczny<\/strong> \u2013 brak realizacji us\u0142ug.<\/li>\n\n\n\n<li><strong>2 stycznia (pi\u0105tek)<\/strong><br><strong>Dy\u017cur operacyjny<\/strong> \u2013 brak standardowych dostaw, odbior\u00f3w i linii.<\/li>\n\n\n\n<li><strong>3\u20134 stycznia (sobota\u2013niedziela)<\/strong><br>Weekend \u2013 brak realizacji us\u0142ug.<\/li>\n\n\n\n<li><strong>5 stycznia (poniedzia\u0142ek)<\/strong><br><strong>Dy\u017cur operacyjny<\/strong> \u2013 brak standardowych dostaw, odbior\u00f3w i linii.<\/li>\n\n\n\n<li><strong>6 stycznia (wtorek, \u015awi\u0119to Trzech Kr\u00f3li)<\/strong><br><strong>Dzie\u0144 \u015bwi\u0105teczny<\/strong> \u2013 brak realizacji us\u0142ug.<\/li>\n\n\n\n<li><strong>od 7 stycznia (\u015broda)<\/strong><br>Powr\u00f3t do <strong>standardowego trybu pracy<\/strong> \u2013 realizowane dostawy, odbiory i linie.<\/li>\n<\/ul>\n\n\n<h2 class=\"wp-block-heading\" id=\"h-hellmann-worldwide-logistics-transport-miedzynarodowy\">Hellmann Worldwide Logistics- Transport mi\u0119dzynarodowy<\/h2>\n\n\n<p>Pojawi\u0142y si\u0119 pierwsze informacje dotycz\u0105ce pracy i wysy\u0142ek <strong>mi\u0119dzynarodowych<\/strong>. Harmonogram wyjazd\u00f3w przedstawia si\u0119 nast\u0119puj\u0105co:<\/p>\n\n\n\n<p><strong>Wyjazdy z Nowego Tomy\u015bla<\/strong><\/p>\n\n\n\n<p><strong>Kierunki:<\/strong> Niemcy \u2192 Holandia, Belgia, Szwecja, Francja, Hiszpania, Portugalia<\/p>\n\n\n\n<ul class=\"wp-block-list\">\n<li>Ostatni wyjazd z Polski: <strong>19 grudnia 2025<\/strong><\/li>\n\n\n\n<li>Pierwszy wyjazd po przerwie: <strong>7 stycznia 2026<\/strong><\/li>\n<\/ul>\n\n\n\n<p><strong>Wyjazdy z Wroc\u0142awia<\/strong><\/p>\n\n\n\n<p><strong>Kierunki:<\/strong> Niemcy, Czechy<\/p>\n\n\n\n<ul class=\"wp-block-list\">\n<li>Ostatni wyjazd z Polski: <strong>19 grudnia 2025<\/strong><\/li>\n\n\n\n<li>Pierwszy wyjazd po przerwie: <strong>7 stycznia 2026<\/strong><\/li>\n<\/ul>\n\n\n\n<p><strong>Wyjazdy z Raszyna<\/strong><\/p>\n\n\n\n<p><strong>Kierunki:<\/strong> Litwa, \u0141otwa, Estonia<\/p>\n\n\n\n<ul class=\"wp-block-list\">\n<li>Ostatni wyjazd z Polski: <strong>22 grudnia 2025<\/strong><\/li>\n\n\n\n<li>Pierwszy wyjazd po przerwie: <strong>7 stycznia 2026<\/strong><\/li>\n<\/ul>\n\n\n\n<p><strong>Wa\u017cne!<\/strong><br>Przesy\u0142ki wysy\u0142ane na dalsze kierunki (m.in. Francja, Hiszpania, Portugalia), nawet je\u015bli wyjad\u0105 ostatnim autem z Polski, <strong>mog\u0105 nie dotrze\u0107 przed \u015bwi\u0119tami<\/strong>.<\/p>\n\n\n\n<p><strong>Czelad\u017a \u2013 kierunki Europy \u015arodkowej i Po\u0142udniowej<\/strong><\/p>\n\n\n\n<p><strong>Linia Czelad\u017a \u2013 Brno (import \/ export)<\/strong><\/p>\n\n\n\n<ul class=\"wp-block-list\">\n<li><strong>22 grudnia<\/strong><\/li>\n\n\n\n<li><strong>29\u201330 grudnia<\/strong> (je\u015bli b\u0119dzie towar)<\/li>\n\n\n\n<li><strong>od 7 stycznia<\/strong> \u2013 powr\u00f3t do standardowej pracy<\/li>\n<\/ul>\n\n\n\n<p><strong>W\u0142ochy<\/strong><\/p>\n\n\n\n<ul class=\"wp-block-list\">\n<li>Ostatni eksport z Polski: <strong>16 grudnia 2025<\/strong><\/li>\n\n\n\n<li>Ostatni import do Czeladzi: <strong>22 grudnia 2025<\/strong><\/li>\n\n\n\n<li>Pierwszy eksport po przerwie: <strong>8 stycznia 2026<\/strong>, nast\u0119pnie praca w trybie standardowym<\/li>\n<\/ul>\n\n\n\n<p><\/p>\n\n\n\n<p>Szczeg\u00f3\u0142owy harmonogram wyjazd\u00f3w mi\u0119dzynarodowych Hellmann (z Niemiec do pozosta\u0142ych kraj\u00f3w Europy) dost\u0119pny jest w dokumencie: <a href=\"https:\/\/www.apaczka.pl\/app\/uploads\/2025\/12\/Hamburg-Feiertagsplanung-Winterfahrplan-International-2025_2026.pdf\">Harmonogram wyjazd\u00f3w mi\u0119dzynarodowych \u2013 Zima 2025\/2026 (PDF<\/a><\/p>\n\n\n<h2 class=\"wp-block-heading\" id=\"h-orlen\">ORLEN <\/h2>\n\n\n<ul class=\"wp-block-list\">\n<li><strong>23 grudnia (wtorek)<\/strong><br>Standardowy tryb pracy.<br>Dostawa realizowana z dnia <strong>22 grudnia<\/strong>.<\/li>\n\n\n\n<li><strong>24 grudnia (\u015broda, Wigilia)<\/strong><br><strong>Serwis specjalny<\/strong>* \u2013 skr\u00f3cony czas pracy, ograniczony zakres us\u0142ug.<br>Dostawa realizowana z dnia <strong>23 grudnia<\/strong>.<\/li>\n\n\n\n<li><strong>25\u201328 grudnia (czwartek\u2013niedziela, \u015awi\u0119ta Bo\u017cego Narodzenia)<\/strong><br><strong>Brak serwisu<\/strong> \u2013 brak realizacji dostaw.<\/li>\n\n\n\n<li><strong>29 grudnia (poniedzia\u0142ek)<\/strong><br>Standardowy tryb pracy.<br>Dostawa realizowana z dnia <strong>23\/24 grudnia<\/strong>.<\/li>\n\n\n\n<li><strong>31 grudnia (\u015broda, Sylwester)<\/strong><br><strong>Serwis specjalny<\/strong>* \u2013 skr\u00f3cony czas pracy, ograniczony zakres us\u0142ug.<br>Dostawa realizowana z dnia <strong>30 grudnia<\/strong>.<\/li>\n\n\n\n<li><strong>1 stycznia (czwartek, Nowy Rok)<\/strong><br><strong>Brak serwisu<\/strong> \u2013 brak realizacji dostaw.<\/li>\n\n\n\n<li><strong>2 stycznia (pi\u0105tek)<\/strong><br>Standardowy tryb pracy.<br>Dostawa realizowana z dnia <strong>31 grudnia<\/strong>.<\/li>\n\n\n\n<li><strong>5 stycznia (poniedzia\u0142ek)<\/strong><br>Standardowy tryb pracy.<br>Dostawa realizowana z dnia <strong>3 stycznia<\/strong>.<\/li>\n\n\n\n<li><strong>6 stycznia (wtorek, \u015awi\u0119to Trzech Kr\u00f3li)<\/strong><br><strong>Brak serwisu<\/strong> \u2013 brak realizacji dostaw.<\/li>\n\n\n\n<li><strong>7 stycznia (\u015broda)<\/strong><br>Standardowy tryb pracy.<br>Dostawa realizowana z dnia <strong>5 stycznia<\/strong>.<\/li>\n<\/ul>\n\n\n\n<p><strong>* Serwis specjalny<\/strong> \u2013 skr\u00f3cony czas pracy oraz ograniczony zakres obs\u0142ugi.<\/p>\n\n\n\n<p><strong>Wa\u017cne!<\/strong><br>W dniach oznaczonych jako \u201ebrak serwisu\u201d nie s\u0105 realizowane dostawy, co mo\u017ce wp\u0142yn\u0105\u0107 na wyd\u0142u\u017cenie czasu realizacji przesy\u0142ek.<\/p>\n\n\n<h2 class=\"wp-block-heading\" id=\"h-rhenus\">Rhenus<\/h2>\n\n\n<ul class=\"wp-block-list\">\n<li><strong>Nadania do 22 grudnia 2025 (w\u0142\u0105cznie)<\/strong><br>Dostawa: <strong>23 grudnia 2025<\/strong><br>Realizacja dostaw w <strong>standardowym trybie<\/strong>.<\/li>\n\n\n\n<li><strong>Nadania 23 grudnia 2025<\/strong><br>Dostawa: <strong>29\u201330 grudnia 2025<\/strong><br>Realizacja dostaw w <strong>standardowym trybie<\/strong>.<\/li>\n\n\n\n<li><strong>Nadania 29 grudnia 2025<\/strong><br>Dostawa: <strong>30 grudnia 2025 lub 5 stycznia 2026<\/strong>\n<ul class=\"wp-block-list\">\n<li><strong>30 grudnia<\/strong> \u2013 dostawy standardowe<\/li>\n\n\n\n<li><strong>5 stycznia<\/strong> \u2013 realizacja dostaw w promieniu do <strong>50 km od oddzia\u0142u<\/strong> oraz w miastach:<br><strong>Szczecin, Lublin, Bia\u0142ystok, Rzesz\u00f3w, Bydgoszcz, Olsztyn, Kielce, I\u0142awa<\/strong><\/li>\n<\/ul>\n<\/li>\n\n\n\n<li><strong>Nadania 30 grudnia 2025<\/strong><br>Dostawa: <strong>5 lub 7 stycznia 2026<\/strong>\n<ul class=\"wp-block-list\">\n<li><strong>5 stycznia<\/strong> \u2013 realizacja dostaw w promieniu do <strong>50 km od oddzia\u0142u<\/strong> oraz w miastach:<br><strong>Szczecin, Lublin, Bia\u0142ystok, Rzesz\u00f3w, Bydgoszcz, Olsztyn, Kielce, I\u0142awa<\/strong><\/li>\n<\/ul>\n<\/li>\n\n\n\n<li><strong>Nadania 5 stycznia 2026<\/strong><br>Dostawa: <strong>7 stycznia 2026<\/strong><br>Realizacja dostaw w <strong>standardowym trybie<\/strong>.<\/li>\n<\/ul>\n\n\n\n<p><strong>Wa\u017cne!<\/strong><br>Wskazane ograniczenia wynikaj\u0105 z przepis\u00f3w dotycz\u0105cych ruchu pojazd\u00f3w ci\u0119\u017ckich w okresie \u015bwi\u0105tecznym i mog\u0105 powodowa\u0107 <strong>wyd\u0142u\u017cenie czasu realizacji dostaw<\/strong>, w szczeg\u00f3lno\u015bci na prze\u0142omie roku.<\/p>\n\n\n<h2 class=\"wp-block-heading\" id=\"h-geis\">GEIS <\/h2>\n\n\n<ul class=\"wp-block-list\">\n<li><strong>22 grudnia 2025<\/strong><br>Standardowa dystrybucja przesy\u0142ek krajowych.<\/li>\n\n\n\n<li><strong>23 grudnia 2025 \u2013 5 stycznia 2026<\/strong><br>Serwis odbior\u00f3w oraz dostaw realizowany w <strong>ograniczonym zakresie<\/strong>,<br>dostosowany do mo\u017cliwo\u015bci dystrybucyjnych oraz dost\u0119pno\u015bci nadawc\u00f3w i odbiorc\u00f3w.<br>Dla przesy\u0142ek nadanych w tym okresie <strong>mo\u017ce wyst\u0105pi\u0107 wyd\u0142u\u017cony czas dostawy<\/strong>.<\/li>\n\n\n\n<li><strong>24\u201326 grudnia 2025 (\u015awi\u0119ta Bo\u017cego Narodzenia)<\/strong><br>Brak \u015bwiadczenia us\u0142ug w zakresie odbior\u00f3w oraz dostaw.<\/li>\n\n\n\n<li><strong>1 stycznia 2026 (Nowy Rok)<\/strong><br>Brak \u015bwiadczenia us\u0142ug w zakresie odbior\u00f3w oraz dostaw.<\/li>\n\n\n\n<li><strong>6 stycznia 2026 (\u015awi\u0119to Trzech Kr\u00f3li)<\/strong><br>Brak \u015bwiadczenia us\u0142ug w zakresie odbior\u00f3w oraz dostaw.<\/li>\n<\/ul>\n\n\n\n<p><strong>Wa\u017cne!<\/strong><br>W okresie od <strong>23 grudnia 2025 do 5 stycznia 2026<\/strong> czas realizacji przesy\u0142ek mo\u017ce ulec wyd\u0142u\u017ceniu ze wzgl\u0119du na ograniczon\u0105 dost\u0119pno\u015b\u0107 serwisu.<\/p>\n\n\n<h2 class=\"wp-block-heading\" id=\"h-raben\">Raben <\/h2>\n\n\n<ul class=\"wp-block-list\">\n<li><strong>Ostatnie nadania:<\/strong> 17 grudnia 2025<\/li>\n\n\n\n<li><strong>Przerwa w realizacji us\u0142ug:<\/strong> 18 grudnia 2025 \u2013 6 stycznia 2026<\/li>\n\n\n\n<li><strong>Wznowienie obs\u0142ugi:<\/strong> 7 stycznia 2026<\/li>\n<\/ul>\n\n\n<h2 class=\"wp-block-heading\" id=\"h-log4world-dhl-ecommerce\">Log4World (DHL eCommerce)<\/h2>\n\n\n<p><strong>Wysy\u0142ki z Niemiec<\/strong><\/p>\n\n\n\n<p><em>(Paket, Connect, Paket International)<\/em><\/p>\n\n\n\n<ul class=\"wp-block-list\">\n<li><strong>Niemcy (DE)<\/strong> \u2013 <strong>19.12.2025<\/strong><\/li>\n\n\n\n<li><strong>Austria (AT), Belgia (BE), Francja (FR), Luksemburg (LU), Holandia (NL), Szwajcaria (CH)<\/strong> \u2013 <strong>17.12.2025<\/strong><\/li>\n\n\n\n<li><strong>Czechy (CZ), Dania (DK), W\u0119gry (HU), W\u0142ochy (IT), Polska (PL), S\u0142owacja (SK), S\u0142owenia (SI)<\/strong> \u2013 <strong>17.12.2025<\/strong><\/li>\n\n\n\n<li><strong>Bu\u0142garia (BG), Chorwacja (HR), Wielka Brytania (UK), Irlandia (IE), Portugalia (PT), Rumunia (RO), Szwecja (SE), Hiszpania (ES)<\/strong> \u2013 <strong>15.12.2025<\/strong><\/li>\n\n\n\n<li><strong>Estonia (EE), Finlandia (FI), Grecja (GR), \u0141otwa (LV), Litwa (LT), Malta (MT), Norwegia (NO), Cypr (CY) oraz pozosta\u0142e kraje europejskie<\/strong> \u2013 <strong>12.12.2025<\/strong><\/li>\n\n\n\n<li><strong>Pozosta\u0142e kierunki poza Europ\u0105<\/strong> \u2013 <strong>05.12.2025<\/strong><\/li>\n<\/ul>\n\n\n\n<p><strong>Wysy\u0142ki z Polski (MCL)<\/strong><\/p>\n\n\n\n<p><em>(Paket, Connect, Paket International)<\/em><\/p>\n\n\n\n<ul class=\"wp-block-list\">\n<li><strong>Niemcy (DE), Polska (PL)<\/strong> \u2013 <strong>19.12.2025<\/strong><\/li>\n\n\n\n<li><strong>Austria (AT), Belgia (BE), Czechy (CZ), W\u0119gry (HU), Luksemburg (LU), Holandia (NL)<\/strong> \u2013 <strong>17.12.2025<\/strong><\/li>\n\n\n\n<li><strong>Bu\u0142garia (BG), Cypr (CY), Francja (FR), Chorwacja (HR), Litwa (LT), \u0141otwa (LV), S\u0142owacja (SK)<\/strong> \u2013 <strong>16.12.2025<\/strong><\/li>\n\n\n\n<li><strong>Dania (DK), Estonia (EE), Hiszpania (ES), W\u0142ochy (IT), Rumunia (RO), S\u0142owenia (SI)<\/strong> \u2013 <strong>15.12.2025<\/strong><\/li>\n\n\n\n<li><strong>Finlandia (FI), Wielka Brytania (GB), Grecja (GR), Irlandia (IE), Portugalia (PT), Szwecja (SE) oraz pozosta\u0142e kraje europejskie<\/strong> \u2013 <strong>12.12.2025<\/strong><\/li>\n\n\n\n<li><strong>Pozosta\u0142e kierunki poza Europ\u0105<\/strong> \u2013 <strong>04.12.2025<\/strong><\/li>\n<\/ul>\n\n\n\n<p><strong>Wa\u017cne!<\/strong><br>Podane daty s\u0105 <strong>zalecanymi terminami nadania<\/strong>, kt\u00f3re zwi\u0119kszaj\u0105 szans\u0119 na dor\u0119czenie przesy\u0142ek przed \u015bwi\u0119tami. W okresie szczytu \u015bwi\u0105tecznego mo\u017cliwe s\u0105 op\u00f3\u017anienia niezale\u017cne od przewo\u017anika.<\/p>\n\n\n<h2 class=\"wp-block-heading\" id=\"h-cbl\">CBL <\/h2>\n\n\n<ul class=\"wp-block-list\">\n<li><strong>DPD_PL<\/strong>\n<ul class=\"wp-block-list\">\n<li>Holandia, Francja, Belgia, Luksemburg, Portugalia, Irlandia \u2013 <strong>17 grudnia 2025<\/strong><\/li>\n\n\n\n<li>Polska \u2013 <strong>19 grudnia 2025 (pi\u0105tek)<\/strong><\/li>\n<\/ul>\n<\/li>\n\n\n\n<li><strong>DHL International<\/strong>\n<ul class=\"wp-block-list\">\n<li>Austria, Belgia, Francja, Luksemburg, Holandia, Szwajcaria \u2013 <strong>18 grudnia 2025 (czwartek)<\/strong><\/li>\n\n\n\n<li>Czechy, Dania, W\u0119gry, W\u0142ochy, S\u0142owacja, S\u0142owenia \u2013 <strong>17 grudnia 2025 (\u015broda)<\/strong><\/li>\n\n\n\n<li>Bu\u0142garia, Chorwacja, Irlandia, Portugalia, Rumunia, Hiszpania, Szwecja \u2013 <strong>15 grudnia 2025 (wtorek)<\/strong><\/li>\n\n\n\n<li>Cypr, Estonia, Finlandia, Grecja, \u0141otwa, Litwa, Malta, Norwegia i pozosta\u0142e kraje Europy \u2013 <strong>12 grudnia 2025 (pi\u0105tek)<\/strong><\/li>\n<\/ul>\n<\/li>\n\n\n\n<li><strong>DHL (Niemcy)<\/strong> \u2013 <strong>18 grudnia 2025 (czwartek)<\/strong><\/li>\n\n\n\n<li><strong>CARGUS (Rumunia)<\/strong> \u2013 <strong>18 grudnia 2025 (czwartek)<\/strong><\/li>\n\n\n\n<li><strong>PPL (Czechy)<\/strong> \u2013 <strong>19 grudnia 2025 (pi\u0105tek)<\/strong><\/li>\n\n\n\n<li><strong>Czeska Poczta (Czechy)<\/strong> \u2013 <strong>18 grudnia 2025 (czwartek)<\/strong><\/li>\n\n\n\n<li><strong>SPS (S\u0142owacja)<\/strong> \u2013 <strong>17 grudnia 2025 (\u015broda)<\/strong><\/li>\n\n\n\n<li><strong>Sameday (W\u0119gry)<\/strong> \u2013 <strong>17 grudnia 2025 (\u015broda)<\/strong><\/li>\n\n\n\n<li><strong>Sameday (Rumunia)<\/strong> \u2013 <strong>11 grudnia 2025 (pi\u0105tek)<\/strong><\/li>\n\n\n\n<li><strong>GLS (Austria)<\/strong> \u2013 <strong>19 grudnia 2025 (pi\u0105tek)<\/strong><\/li>\n\n\n\n<li><strong>Geniki Taxydromiki (Grecja)<\/strong> \u2013 <strong>17 grudnia 2025 (\u015broda)<\/strong><\/li>\n<\/ul>\n\n\n\n<p><strong>Informacje organizacyjne \u2013 CBL<\/strong><\/p>\n\n\n\n<ul class=\"wp-block-list\">\n<li><strong>23 grudnia 2025<\/strong>\n<ul class=\"wp-block-list\">\n<li>Hub w <strong>Zielonej G\u00f3rze<\/strong> \u2013 przyj\u0119cia w standardowych godzinach pracy<\/li>\n\n\n\n<li>Hub w <strong>Wodzis\u0142awiu \u015al\u0105skim<\/strong> \u2013 przyj\u0119cia w standardowych godzinach pracy<\/li>\n<\/ul>\n<\/li>\n\n\n\n<li><strong>31 grudnia 2025<\/strong>\n<ul class=\"wp-block-list\">\n<li>Hub w <strong>Zielonej G\u00f3rze<\/strong> \u2013 przyj\u0119cia w standardowych godzinach pracy<\/li>\n\n\n\n<li>Hub w <strong>Wodzis\u0142awiu \u015al\u0105skim<\/strong> \u2013 przyj\u0119cia w standardowych godzinach pracy, <strong>pod nowym adresem<\/strong><\/li>\n<\/ul>\n<\/li>\n\n\n\n<li><strong>1 stycznia 2026<\/strong>\n<ul class=\"wp-block-list\">\n<li>Dzie\u0144 wolny od pracy \u2013 brak obs\u0142ugi<\/li>\n<\/ul>\n<\/li>\n\n\n\n<li><strong>Odbiory realizowane przez CBL<\/strong>\n<ul class=\"wp-block-list\">\n<li><strong>Ostatni odbi\u00f3r przed \u015bwi\u0119tami:<\/strong> <strong>23 grudnia 2025 r.<\/strong><\/li>\n<\/ul>\n<\/li>\n<\/ul>\n\n\n\n<p><strong>Wa\u017cne!<\/strong><br>CBL nie mo\u017ce zagwarantowa\u0107 terminowej dostawy w przypadku op\u00f3\u017anie\u0144 spowodowanych si\u0142\u0105 wy\u017csz\u0105 lub zwi\u0119kszonym wolumenem przesy\u0142ek w okresie \u015bwi\u0105tecznym.<\/p>\n\n\n<h2 class=\"wp-block-heading\" id=\"h-poczta-polska-paczki\">Poczta Polska \u2013 Paczki<\/h2>\n\n\n<ul class=\"wp-block-list\">\n<li><strong>25\u201326 grudnia 2025<\/strong><\/li>\n\n\n\n<li><strong>1 stycznia 2026<\/strong><\/li>\n\n\n\n<li><strong>6 stycznia 2026<\/strong><\/li>\n<\/ul>\n\n\n\n<p>W powy\u017cszych dniach <strong>brak odbior\u00f3w i dor\u0119cze\u0144 paczek<\/strong>.<\/p>\n\n\n<h2 class=\"wp-block-heading\" id=\"h-poczta-polska-palety\">Poczta Polska \u2013 Palety<\/h2>\n\n\n<p><strong>Dni wolne:<\/strong><br><strong>25\u201326 grudnia 2025 r.<\/strong> \u2013 \u015awi\u0119ta Bo\u017cego Narodzenia<\/p>\n\n\n\n<p><strong>1 stycznia 2026 r.<\/strong> \u2013 Nowy Rok<\/p>\n\n\n\n<p><strong>6 stycznia 2026 r.<\/strong> \u2013 \u015awi\u0119to Trzech Kr\u00f3li<\/p>\n\n\n\n<p><strong>Ograniczona obs\u0142uga:<\/strong><br>2.01.2026, 5.01.2026<\/p>\n\n\n<h2 class=\"wp-block-heading\" id=\"h-ambro\">AMBRO<\/h2>\n\n\n<p><strong>Dni ustawowo wolne od pracy:<\/strong><\/p>\n\n\n\n<ul class=\"wp-block-list\">\n<li><strong>25\u201326 grudnia 2025 r.<\/strong> \u2013 \u015awi\u0119ta Bo\u017cego Narodzenia<\/li>\n\n\n\n<li><strong>1 stycznia 2026 r.<\/strong> \u2013 Nowy Rok<\/li>\n\n\n\n<li><strong>6 stycznia 2026 r.<\/strong> \u2013 \u015awi\u0119to Trzech Kr\u00f3li<\/li>\n<\/ul>\n\n\n\n<p>W powy\u017cszych dniach nie s\u0105 realizowane odbiory ani dor\u0119czenia przesy\u0142ek.<\/p>\n\n\n\n<p>Prosimy o uwzgl\u0119dnienie tych informacji w planowaniu Pa\u0144stwa wysy\u0142ek, aby zapewni\u0107 ich sprawn\u0105 realizacj\u0119.<\/p>\n\n\n\n<p>Zesp\u00f3\u0142 Apaczka<\/p>\n","protected":false},"excerpt":{"rendered":"<p>Nadszed\u0142 najbardziej wymagaj\u0105cy i pracowity okres w roku. Na podstawie informacji przekazanych przez firmy kurierskie przygotowali\u015bmy harmonogram realizacji odbior\u00f3w i dor\u0119cze\u0144 przesy\u0142ek w okresie \u015bwi\u0105teczno-noworocznym. Poni\u017cej znajdziesz szczeg\u00f3\u0142owe informacje, kt\u00f3re pomog\u0105 w planowaniu wysy\u0142ek. InPost kraj Wa\u017cne informacje operacyjne: InPost International W okresie \u015bwi\u0105teczno-noworocznym (grudzie\u0144 2025 r. \u2013 stycze\u0144 2026 r.) us\u0142ugi InPost w obszarze &hellip; <a href=\"https:\/\/www.apaczka.pl\/en\/aktualnosci\/harmonogram-pracy-firm-kurierskich-w-okresie-swiateczno-noworocznym-2025-2026\/\">Continued<\/a><\/p>\n","protected":false},"author":10,"featured_media":22651,"template":"","meta":{"_acf_changed":false,"footnotes":""},"news_category":[],"news_tag":[],"class_list":["post-39061","news","type-news","status-publish","has-post-thumbnail","hentry"],"acf":[],"yoast_head":"<!-- This site is optimized with the Yoast SEO Premium plugin v27.3 (Yoast SEO v27.3) - https:\/\/yoast.com\/product\/yoast-seo-premium-wordpress\/ -->\n<title>Harmonogram pracy firm kurierskich w okresie \u015bwi\u0105teczno-noworocznym 2025\/2026 - Apaczka<\/title>\n<meta name=\"robots\" content=\"noindex, follow\" \/>\n<meta property=\"og:locale\" content=\"en_US\" \/>\n<meta property=\"og:type\" content=\"article\" \/>\n<meta property=\"og:title\" content=\"Harmonogram pracy firm kurierskich w okresie \u015bwi\u0105teczno-noworocznym 2025\/2026\" \/>\n<meta property=\"og:description\" content=\"Nadszed\u0142 najbardziej wymagaj\u0105cy i pracowity okres w roku. Na podstawie informacji przekazanych przez firmy kurierskie przygotowali\u015bmy harmonogram realizacji odbior\u00f3w i dor\u0119cze\u0144 przesy\u0142ek w okresie \u015bwi\u0105teczno-noworocznym. Poni\u017cej znajdziesz szczeg\u00f3\u0142owe informacje, kt\u00f3re pomog\u0105 w planowaniu wysy\u0142ek. InPost kraj Wa\u017cne informacje operacyjne: InPost International W okresie \u015bwi\u0105teczno-noworocznym (grudzie\u0144 2025 r. \u2013 stycze\u0144 2026 r.) us\u0142ugi InPost w obszarze &hellip; Continued\" \/>\n<meta property=\"og:url\" content=\"https:\/\/www.apaczka.pl\/en\/aktualnosci\/harmonogram-pracy-firm-kurierskich-w-okresie-swiateczno-noworocznym-2025-2026\/\" \/>\n<meta property=\"og:site_name\" content=\"Apaczka\" \/>\n<meta property=\"article:publisher\" content=\"https:\/\/www.facebook.com\/ApaczkaPL\/\" \/>\n<meta property=\"article:modified_time\" content=\"2025-12-22T14:10:08+00:00\" \/>\n<meta property=\"og:image\" content=\"https:\/\/www.apaczka.pl\/app\/uploads\/2023\/12\/praca_kurierow_apaczka-2.webp\" \/>\n\t<meta property=\"og:image:width\" content=\"1070\" \/>\n\t<meta property=\"og:image:height\" content=\"456\" \/>\n\t<meta property=\"og:image:type\" content=\"image\/webp\" \/>\n<meta name=\"twitter:card\" content=\"summary_large_image\" \/>\n<meta name=\"twitter:label1\" content=\"Est. reading time\" \/>\n\t<meta name=\"twitter:data1\" content=\"13 minutes\" \/>\n<script type=\"application\/ld+json\" class=\"yoast-schema-graph\">{\"@context\":\"https:\\\/\\\/schema.org\",\"@graph\":[{\"@type\":\"NewsArticle\",\"@id\":\"https:\\\/\\\/www.apaczka.pl\\\/en\\\/aktualnosci\\\/harmonogram-pracy-firm-kurierskich-w-okresie-swiateczno-noworocznym-2025-2026\\\/#article\",\"isPartOf\":{\"@id\":\"https:\\\/\\\/www.apaczka.pl\\\/en\\\/aktualnosci\\\/harmonogram-pracy-firm-kurierskich-w-okresie-swiateczno-noworocznym-2025-2026\\\/\"},\"author\":{\"name\":\"Barbara Bochenek\",\"@id\":\"https:\\\/\\\/www.apaczka.pl\\\/en\\\/#\\\/schema\\\/person\\\/dc9cd6f6196e657b1a062d0c3022d716\"},\"headline\":\"Harmonogram pracy firm kurierskich w okresie \u015bwi\u0105teczno-noworocznym 2025\\\/2026\",\"datePublished\":\"2025-12-15T07:32:32+00:00\",\"dateModified\":\"2025-12-22T14:10:08+00:00\",\"mainEntityOfPage\":{\"@id\":\"https:\\\/\\\/www.apaczka.pl\\\/en\\\/aktualnosci\\\/harmonogram-pracy-firm-kurierskich-w-okresie-swiateczno-noworocznym-2025-2026\\\/\"},\"wordCount\":2644,\"publisher\":{\"@id\":\"https:\\\/\\\/www.apaczka.pl\\\/en\\\/#organization\"},\"image\":{\"@id\":\"https:\\\/\\\/www.apaczka.pl\\\/en\\\/aktualnosci\\\/harmonogram-pracy-firm-kurierskich-w-okresie-swiateczno-noworocznym-2025-2026\\\/#primaryimage\"},\"thumbnailUrl\":\"https:\\\/\\\/www.apaczka.pl\\\/app\\\/uploads\\\/2023\\\/12\\\/praca_kurierow_apaczka-2.webp\",\"inLanguage\":\"en-US\"},{\"@type\":\"WebPage\",\"@id\":\"https:\\\/\\\/www.apaczka.pl\\\/en\\\/aktualnosci\\\/harmonogram-pracy-firm-kurierskich-w-okresie-swiateczno-noworocznym-2025-2026\\\/\",\"url\":\"https:\\\/\\\/www.apaczka.pl\\\/en\\\/aktualnosci\\\/harmonogram-pracy-firm-kurierskich-w-okresie-swiateczno-noworocznym-2025-2026\\\/\",\"name\":\"Harmonogram pracy firm kurierskich w okresie \u015bwi\u0105teczno-noworocznym 2025\\\/2026 - Apaczka\",\"isPartOf\":{\"@id\":\"https:\\\/\\\/www.apaczka.pl\\\/en\\\/#website\"},\"primaryImageOfPage\":{\"@id\":\"https:\\\/\\\/www.apaczka.pl\\\/en\\\/aktualnosci\\\/harmonogram-pracy-firm-kurierskich-w-okresie-swiateczno-noworocznym-2025-2026\\\/#primaryimage\"},\"image\":{\"@id\":\"https:\\\/\\\/www.apaczka.pl\\\/en\\\/aktualnosci\\\/harmonogram-pracy-firm-kurierskich-w-okresie-swiateczno-noworocznym-2025-2026\\\/#primaryimage\"},\"thumbnailUrl\":\"https:\\\/\\\/www.apaczka.pl\\\/app\\\/uploads\\\/2023\\\/12\\\/praca_kurierow_apaczka-2.webp\",\"datePublished\":\"2025-12-15T07:32:32+00:00\",\"dateModified\":\"2025-12-22T14:10:08+00:00\",\"breadcrumb\":{\"@id\":\"https:\\\/\\\/www.apaczka.pl\\\/en\\\/aktualnosci\\\/harmonogram-pracy-firm-kurierskich-w-okresie-swiateczno-noworocznym-2025-2026\\\/#breadcrumb\"},\"inLanguage\":\"en-US\",\"potentialAction\":[{\"@type\":\"ReadAction\",\"target\":[\"https:\\\/\\\/www.apaczka.pl\\\/en\\\/aktualnosci\\\/harmonogram-pracy-firm-kurierskich-w-okresie-swiateczno-noworocznym-2025-2026\\\/\"]}]},{\"@type\":\"ImageObject\",\"inLanguage\":\"en-US\",\"@id\":\"https:\\\/\\\/www.apaczka.pl\\\/en\\\/aktualnosci\\\/harmonogram-pracy-firm-kurierskich-w-okresie-swiateczno-noworocznym-2025-2026\\\/#primaryimage\",\"url\":\"https:\\\/\\\/www.apaczka.pl\\\/app\\\/uploads\\\/2023\\\/12\\\/praca_kurierow_apaczka-2.webp\",\"contentUrl\":\"https:\\\/\\\/www.apaczka.pl\\\/app\\\/uploads\\\/2023\\\/12\\\/praca_kurierow_apaczka-2.webp\",\"width\":1070,\"height\":456,\"caption\":\"harmonogram \u015bwi\u0119ta\"},{\"@type\":\"BreadcrumbList\",\"@id\":\"https:\\\/\\\/www.apaczka.pl\\\/en\\\/aktualnosci\\\/harmonogram-pracy-firm-kurierskich-w-okresie-swiateczno-noworocznym-2025-2026\\\/#breadcrumb\",\"itemListElement\":[{\"@type\":\"ListItem\",\"position\":1,\"name\":\"Apaczka\",\"item\":\"https:\\\/\\\/www.apaczka.pl\\\/en\\\/\"},{\"@type\":\"ListItem\",\"position\":2,\"name\":\"Aktualno\u015bci\",\"item\":\"https:\\\/\\\/www.apaczka.pl\\\/en\\\/aktualnosci\\\/\"},{\"@type\":\"ListItem\",\"position\":3,\"name\":\"Harmonogram pracy firm kurierskich w okresie \u015bwi\u0105teczno-noworocznym 2025\\\/2026\"}]},{\"@type\":\"WebSite\",\"@id\":\"https:\\\/\\\/www.apaczka.pl\\\/en\\\/#website\",\"url\":\"https:\\\/\\\/www.apaczka.pl\\\/en\\\/\",\"name\":\"Apaczka\",\"description\":\"Rozwi\u0105zania do zarz\u0105dzania procesami wysy\u0142kowymi dla firm\",\"publisher\":{\"@id\":\"https:\\\/\\\/www.apaczka.pl\\\/en\\\/#organization\"},\"potentialAction\":[{\"@type\":\"SearchAction\",\"target\":{\"@type\":\"EntryPoint\",\"urlTemplate\":\"https:\\\/\\\/www.apaczka.pl\\\/en\\\/?s={search_term_string}\"},\"query-input\":{\"@type\":\"PropertyValueSpecification\",\"valueRequired\":true,\"valueName\":\"search_term_string\"}}],\"inLanguage\":\"en-US\"},{\"@type\":\"Organization\",\"@id\":\"https:\\\/\\\/www.apaczka.pl\\\/en\\\/#organization\",\"name\":\"Apaczka\",\"url\":\"https:\\\/\\\/www.apaczka.pl\\\/en\\\/\",\"logo\":{\"@type\":\"ImageObject\",\"inLanguage\":\"en-US\",\"@id\":\"https:\\\/\\\/www.apaczka.pl\\\/en\\\/#\\\/schema\\\/logo\\\/image\\\/\",\"url\":\"https:\\\/\\\/www.apaczka.pl\\\/app\\\/uploads\\\/2024\\\/05\\\/cropped-Apaczka-Full-Logotype-Full-Color.png\",\"contentUrl\":\"https:\\\/\\\/www.apaczka.pl\\\/app\\\/uploads\\\/2024\\\/05\\\/cropped-Apaczka-Full-Logotype-Full-Color.png\",\"width\":1337,\"height\":405,\"caption\":\"Apaczka\"},\"image\":{\"@id\":\"https:\\\/\\\/www.apaczka.pl\\\/en\\\/#\\\/schema\\\/logo\\\/image\\\/\"},\"sameAs\":[\"https:\\\/\\\/www.facebook.com\\\/ApaczkaPL\\\/\",\"https:\\\/\\\/www.linkedin.com\\\/company\\\/apaczka-alsendo-sp-z-o-o\\\/\",\"https:\\\/\\\/www.youtube.com\\\/@apaczka-by-alsendo\",\"https:\\\/\\\/g.co\\\/kgs\\\/Ztnp4yQ\",\"https:\\\/\\\/maps.app.goo.gl\\\/iUwRn8EGrQJAk4LB9\",\"https:\\\/\\\/www.trustpilot.com\\\/review\\\/www.apaczka.pl\",\"https:\\\/\\\/www.crunchbase.com\\\/organization\\\/apaczka\",\"https:\\\/\\\/www.ekomi-pl.com\\\/opinie-apaczka.html\",\"https:\\\/\\\/www.wikidata.org\\\/wiki\\\/Q135189453\"],\"description\":\"Apaczka.pl to platforma technologiczna do zarz\u0105dzania wysy\u0142kami i dostawami dla firm. Jeste\u015bmy sprawdzonym partnerem w zakresie proces\u00f3w wysy\u0142kowych dzia\u0142aj\u0105cym od ponad 15 lat na rynku. Integrujemy szeroki wachlarz us\u0142ug kurierskich oraz dedykowanych us\u0142ug w\u0142asnych skierowanych do wszystkich przedsi\u0119biorc\u00f3w, tak\u017ce tych, kt\u00f3rzy dopiero zaczynaj\u0105 swoj\u0105 dzia\u0142alno\u015b\u0107. Oferowane przez nas rozwi\u0105zania s\u0105 wykorzystywane przez firmy z bran\u017cy e-commerce, du\u017ce podmioty typu marketplace, ale r\u00f3wnie\u017c niewielkie firmy nadaj\u0105ce kilkana\u015bcie przesy\u0142ek miesi\u0119cznie. Konsekwentnie wspieramy firmy w rozwoju ich biznesu, udost\u0119pniaj\u0105c bez \u017cadnych op\u0142at gotowe narz\u0119dzia u\u0142atwiaj\u0105ce codzienn\u0105 logistyk\u0119. Nasi Klienci wysy\u0142aj\u0105 ponad 2,5 miliona przesy\u0142ek ka\u017cdego miesi\u0105ca korzystaj\u0105c z naszych unikalnych technologii. Nasze mocne strony: - Mo\u017cliwo\u015b\u0107 por\u00f3wnania ofert wiod\u0105cych firm kurierskich w Polsce i na \u015bwiecie: DHL, UPS, DPD, Fedex, Poczta Polska, Geis, InPost, GLS, Ambro, Hellmann i wielu innych, - Mo\u017cliwo\u015b\u0107 indywidualnego negocjowania stawek w zale\u017cno\u015bci od ilo\u015bci przesy\u0142ek i ich rodzaju (palety, p\u00f3\u0142palety, przesy\u0142ki krajowe, mi\u0119dzynarodowe), - Jedna, prosta integracja API z wieloma platformami e-commerce, marketplace i systemami ERP, WMS., daj\u0105ca dost\u0119p do ca\u0142ej naszej oferty kurierskiej, - Mo\u017cliwo\u015b\u0107 automatyzacji i optymalizacji proces\u00f3w wysy\u0142kowych, -Indywidualny Opiekun Handlowy zapewniaj\u0105cy wsparcie merytoryczne z zakresu rozwi\u0105za\u0144 kurierskich w zale\u017cno\u015bci od bran\u017cy Klienta, rodzaju przesy\u0142ek i metod dostawy, - Bezp\u0142atne integracje z 50 platformami sklepowymi, mo\u017cliwo\u015b\u0107 import\u00f3w (w tym Allegro) oraz wsparcie dzia\u0142u IT, -Personalizacja komunikacji z odbiorcami przesy\u0142ek na etapie post-checkout, modu\u0142 zwrot\u00f3w i analityka danych logistycznych, -Brak minim\u00f3w wysy\u0142kowych i wygodne formy rozlicze\u0144. Apaczka.pl: por\u00f3wnuj ceny kurier\u00f3w, automatyzuj procesy wysy\u0142kowe.\",\"legalName\":\"Alsendo sp. z o.o.\",\"foundingDate\":\"2009-08-17\",\"vatID\":\"PL8971840043\",\"taxID\":\"367328934\",\"numberOfEmployees\":{\"@type\":\"QuantitativeValue\",\"minValue\":\"51\",\"maxValue\":\"200\"}},{\"@type\":\"Person\",\"@id\":\"https:\\\/\\\/www.apaczka.pl\\\/en\\\/#\\\/schema\\\/person\\\/dc9cd6f6196e657b1a062d0c3022d716\",\"name\":\"Barbara Bochenek\",\"image\":{\"@type\":\"ImageObject\",\"inLanguage\":\"en-US\",\"@id\":\"https:\\\/\\\/www.apaczka.pl\\\/app\\\/uploads\\\/2025\\\/04\\\/cropped-Barbara-Bochenek-96x96.jpg\",\"url\":\"https:\\\/\\\/www.apaczka.pl\\\/app\\\/uploads\\\/2025\\\/04\\\/cropped-Barbara-Bochenek-96x96.jpg\",\"contentUrl\":\"https:\\\/\\\/www.apaczka.pl\\\/app\\\/uploads\\\/2025\\\/04\\\/cropped-Barbara-Bochenek-96x96.jpg\",\"caption\":\"Barbara Bochenek\"},\"description\":\"Pomagam firmom sprawniej zarz\u0105dza\u0107 wysy\u0142k\u0105 i budowa\u0107 przewag\u0119 w logistyce dzi\u0119ki trafnej komunikacji i rzetelnym tre\u015bciom. Jako specjalistka ds. komunikacji i content marketingu z pasj\u0105 do innowacji logistycznych tworz\u0119 artyku\u0142y, e-booki, materia\u0142y edukacyjne i case studies, kt\u00f3re pokazuj\u0105, jak rozwi\u0105zania Apaczka usprawniaj\u0105 procesy i wspieraj\u0105 rozw\u00f3j biznesu. W pracy stawiam na jasny przekaz, konkretne dane i tre\u015bci, kt\u00f3re realnie u\u0142atwiaj\u0105 klientom podejmowanie decyzji.\",\"sameAs\":[\"https:\\\/\\\/www.linkedin.com\\\/in\\\/barbarabochenek\\\/\"],\"jobTitle\":\"Junior Content & Social Media Manager\",\"url\":\"https:\\\/\\\/www.apaczka.pl\\\/en\\\/blog\\\/author\\\/barbara-bochenek\\\/\"}]}<\/script>\n<!-- \/ Yoast SEO Premium plugin. -->","yoast_head_json":{"title":"Harmonogram pracy firm kurierskich w okresie \u015bwi\u0105teczno-noworocznym 2025\/2026 - Apaczka","robots":{"index":"noindex","follow":"follow"},"og_locale":"en_US","og_type":"article","og_title":"Harmonogram pracy firm kurierskich w okresie \u015bwi\u0105teczno-noworocznym 2025\/2026","og_description":"Nadszed\u0142 najbardziej wymagaj\u0105cy i pracowity okres w roku. Na podstawie informacji przekazanych przez firmy kurierskie przygotowali\u015bmy harmonogram realizacji odbior\u00f3w i dor\u0119cze\u0144 przesy\u0142ek w okresie \u015bwi\u0105teczno-noworocznym. Poni\u017cej znajdziesz szczeg\u00f3\u0142owe informacje, kt\u00f3re pomog\u0105 w planowaniu wysy\u0142ek. InPost kraj Wa\u017cne informacje operacyjne: InPost International W okresie \u015bwi\u0105teczno-noworocznym (grudzie\u0144 2025 r. \u2013 stycze\u0144 2026 r.) us\u0142ugi InPost w obszarze &hellip; Continued","og_url":"https:\/\/www.apaczka.pl\/en\/aktualnosci\/harmonogram-pracy-firm-kurierskich-w-okresie-swiateczno-noworocznym-2025-2026\/","og_site_name":"Apaczka","article_publisher":"https:\/\/www.facebook.com\/ApaczkaPL\/","article_modified_time":"2025-12-22T14:10:08+00:00","og_image":[{"width":1070,"height":456,"url":"https:\/\/www.apaczka.pl\/app\/uploads\/2023\/12\/praca_kurierow_apaczka-2.webp","type":"image\/webp"}],"twitter_card":"summary_large_image","twitter_misc":{"Est. reading time":"13 minutes"},"schema":{"@context":"https:\/\/schema.org","@graph":[{"@type":"NewsArticle","@id":"https:\/\/www.apaczka.pl\/en\/aktualnosci\/harmonogram-pracy-firm-kurierskich-w-okresie-swiateczno-noworocznym-2025-2026\/#article","isPartOf":{"@id":"https:\/\/www.apaczka.pl\/en\/aktualnosci\/harmonogram-pracy-firm-kurierskich-w-okresie-swiateczno-noworocznym-2025-2026\/"},"author":{"name":"Barbara Bochenek","@id":"https:\/\/www.apaczka.pl\/en\/#\/schema\/person\/dc9cd6f6196e657b1a062d0c3022d716"},"headline":"Harmonogram pracy firm kurierskich w okresie \u015bwi\u0105teczno-noworocznym 2025\/2026","datePublished":"2025-12-15T07:32:32+00:00","dateModified":"2025-12-22T14:10:08+00:00","mainEntityOfPage":{"@id":"https:\/\/www.apaczka.pl\/en\/aktualnosci\/harmonogram-pracy-firm-kurierskich-w-okresie-swiateczno-noworocznym-2025-2026\/"},"wordCount":2644,"publisher":{"@id":"https:\/\/www.apaczka.pl\/en\/#organization"},"image":{"@id":"https:\/\/www.apaczka.pl\/en\/aktualnosci\/harmonogram-pracy-firm-kurierskich-w-okresie-swiateczno-noworocznym-2025-2026\/#primaryimage"},"thumbnailUrl":"https:\/\/www.apaczka.pl\/app\/uploads\/2023\/12\/praca_kurierow_apaczka-2.webp","inLanguage":"en-US"},{"@type":"WebPage","@id":"https:\/\/www.apaczka.pl\/en\/aktualnosci\/harmonogram-pracy-firm-kurierskich-w-okresie-swiateczno-noworocznym-2025-2026\/","url":"https:\/\/www.apaczka.pl\/en\/aktualnosci\/harmonogram-pracy-firm-kurierskich-w-okresie-swiateczno-noworocznym-2025-2026\/","name":"Harmonogram pracy firm kurierskich w okresie \u015bwi\u0105teczno-noworocznym 2025\/2026 - Apaczka","isPartOf":{"@id":"https:\/\/www.apaczka.pl\/en\/#website"},"primaryImageOfPage":{"@id":"https:\/\/www.apaczka.pl\/en\/aktualnosci\/harmonogram-pracy-firm-kurierskich-w-okresie-swiateczno-noworocznym-2025-2026\/#primaryimage"},"image":{"@id":"https:\/\/www.apaczka.pl\/en\/aktualnosci\/harmonogram-pracy-firm-kurierskich-w-okresie-swiateczno-noworocznym-2025-2026\/#primaryimage"},"thumbnailUrl":"https:\/\/www.apaczka.pl\/app\/uploads\/2023\/12\/praca_kurierow_apaczka-2.webp","datePublished":"2025-12-15T07:32:32+00:00","dateModified":"2025-12-22T14:10:08+00:00","breadcrumb":{"@id":"https:\/\/www.apaczka.pl\/en\/aktualnosci\/harmonogram-pracy-firm-kurierskich-w-okresie-swiateczno-noworocznym-2025-2026\/#breadcrumb"},"inLanguage":"en-US","potentialAction":[{"@type":"ReadAction","target":["https:\/\/www.apaczka.pl\/en\/aktualnosci\/harmonogram-pracy-firm-kurierskich-w-okresie-swiateczno-noworocznym-2025-2026\/"]}]},{"@type":"ImageObject","inLanguage":"en-US","@id":"https:\/\/www.apaczka.pl\/en\/aktualnosci\/harmonogram-pracy-firm-kurierskich-w-okresie-swiateczno-noworocznym-2025-2026\/#primaryimage","url":"https:\/\/www.apaczka.pl\/app\/uploads\/2023\/12\/praca_kurierow_apaczka-2.webp","contentUrl":"https:\/\/www.apaczka.pl\/app\/uploads\/2023\/12\/praca_kurierow_apaczka-2.webp","width":1070,"height":456,"caption":"harmonogram \u015bwi\u0119ta"},{"@type":"BreadcrumbList","@id":"https:\/\/www.apaczka.pl\/en\/aktualnosci\/harmonogram-pracy-firm-kurierskich-w-okresie-swiateczno-noworocznym-2025-2026\/#breadcrumb","itemListElement":[{"@type":"ListItem","position":1,"name":"Apaczka","item":"https:\/\/www.apaczka.pl\/en\/"},{"@type":"ListItem","position":2,"name":"Aktualno\u015bci","item":"https:\/\/www.apaczka.pl\/en\/aktualnosci\/"},{"@type":"ListItem","position":3,"name":"Harmonogram pracy firm kurierskich w okresie \u015bwi\u0105teczno-noworocznym 2025\/2026"}]},{"@type":"WebSite","@id":"https:\/\/www.apaczka.pl\/en\/#website","url":"https:\/\/www.apaczka.pl\/en\/","name":"Apaczka","description":"Rozwi\u0105zania do zarz\u0105dzania procesami wysy\u0142kowymi dla firm","publisher":{"@id":"https:\/\/www.apaczka.pl\/en\/#organization"},"potentialAction":[{"@type":"SearchAction","target":{"@type":"EntryPoint","urlTemplate":"https:\/\/www.apaczka.pl\/en\/?s={search_term_string}"},"query-input":{"@type":"PropertyValueSpecification","valueRequired":true,"valueName":"search_term_string"}}],"inLanguage":"en-US"},{"@type":"Organization","@id":"https:\/\/www.apaczka.pl\/en\/#organization","name":"Apaczka","url":"https:\/\/www.apaczka.pl\/en\/","logo":{"@type":"ImageObject","inLanguage":"en-US","@id":"https:\/\/www.apaczka.pl\/en\/#\/schema\/logo\/image\/","url":"https:\/\/www.apaczka.pl\/app\/uploads\/2024\/05\/cropped-Apaczka-Full-Logotype-Full-Color.png","contentUrl":"https:\/\/www.apaczka.pl\/app\/uploads\/2024\/05\/cropped-Apaczka-Full-Logotype-Full-Color.png","width":1337,"height":405,"caption":"Apaczka"},"image":{"@id":"https:\/\/www.apaczka.pl\/en\/#\/schema\/logo\/image\/"},"sameAs":["https:\/\/www.facebook.com\/ApaczkaPL\/","https:\/\/www.linkedin.com\/company\/apaczka-alsendo-sp-z-o-o\/","https:\/\/www.youtube.com\/@apaczka-by-alsendo","https:\/\/g.co\/kgs\/Ztnp4yQ","https:\/\/maps.app.goo.gl\/iUwRn8EGrQJAk4LB9","https:\/\/www.trustpilot.com\/review\/www.apaczka.pl","https:\/\/www.crunchbase.com\/organization\/apaczka","https:\/\/www.ekomi-pl.com\/opinie-apaczka.html","https:\/\/www.wikidata.org\/wiki\/Q135189453"],"description":"Apaczka.pl to platforma technologiczna do zarz\u0105dzania wysy\u0142kami i dostawami dla firm. Jeste\u015bmy sprawdzonym partnerem w zakresie proces\u00f3w wysy\u0142kowych dzia\u0142aj\u0105cym od ponad 15 lat na rynku. Integrujemy szeroki wachlarz us\u0142ug kurierskich oraz dedykowanych us\u0142ug w\u0142asnych skierowanych do wszystkich przedsi\u0119biorc\u00f3w, tak\u017ce tych, kt\u00f3rzy dopiero zaczynaj\u0105 swoj\u0105 dzia\u0142alno\u015b\u0107. Oferowane przez nas rozwi\u0105zania s\u0105 wykorzystywane przez firmy z bran\u017cy e-commerce, du\u017ce podmioty typu marketplace, ale r\u00f3wnie\u017c niewielkie firmy nadaj\u0105ce kilkana\u015bcie przesy\u0142ek miesi\u0119cznie. Konsekwentnie wspieramy firmy w rozwoju ich biznesu, udost\u0119pniaj\u0105c bez \u017cadnych op\u0142at gotowe narz\u0119dzia u\u0142atwiaj\u0105ce codzienn\u0105 logistyk\u0119. Nasi Klienci wysy\u0142aj\u0105 ponad 2,5 miliona przesy\u0142ek ka\u017cdego miesi\u0105ca korzystaj\u0105c z naszych unikalnych technologii. Nasze mocne strony: - Mo\u017cliwo\u015b\u0107 por\u00f3wnania ofert wiod\u0105cych firm kurierskich w Polsce i na \u015bwiecie: DHL, UPS, DPD, Fedex, Poczta Polska, Geis, InPost, GLS, Ambro, Hellmann i wielu innych, - Mo\u017cliwo\u015b\u0107 indywidualnego negocjowania stawek w zale\u017cno\u015bci od ilo\u015bci przesy\u0142ek i ich rodzaju (palety, p\u00f3\u0142palety, przesy\u0142ki krajowe, mi\u0119dzynarodowe), - Jedna, prosta integracja API z wieloma platformami e-commerce, marketplace i systemami ERP, WMS., daj\u0105ca dost\u0119p do ca\u0142ej naszej oferty kurierskiej, - Mo\u017cliwo\u015b\u0107 automatyzacji i optymalizacji proces\u00f3w wysy\u0142kowych, -Indywidualny Opiekun Handlowy zapewniaj\u0105cy wsparcie merytoryczne z zakresu rozwi\u0105za\u0144 kurierskich w zale\u017cno\u015bci od bran\u017cy Klienta, rodzaju przesy\u0142ek i metod dostawy, - Bezp\u0142atne integracje z 50 platformami sklepowymi, mo\u017cliwo\u015b\u0107 import\u00f3w (w tym Allegro) oraz wsparcie dzia\u0142u IT, -Personalizacja komunikacji z odbiorcami przesy\u0142ek na etapie post-checkout, modu\u0142 zwrot\u00f3w i analityka danych logistycznych, -Brak minim\u00f3w wysy\u0142kowych i wygodne formy rozlicze\u0144. Apaczka.pl: por\u00f3wnuj ceny kurier\u00f3w, automatyzuj procesy wysy\u0142kowe.","legalName":"Alsendo sp. z o.o.","foundingDate":"2009-08-17","vatID":"PL8971840043","taxID":"367328934","numberOfEmployees":{"@type":"QuantitativeValue","minValue":"51","maxValue":"200"}},{"@type":"Person","@id":"https:\/\/www.apaczka.pl\/en\/#\/schema\/person\/dc9cd6f6196e657b1a062d0c3022d716","name":"Barbara Bochenek","image":{"@type":"ImageObject","inLanguage":"en-US","@id":"https:\/\/www.apaczka.pl\/app\/uploads\/2025\/04\/cropped-Barbara-Bochenek-96x96.jpg","url":"https:\/\/www.apaczka.pl\/app\/uploads\/2025\/04\/cropped-Barbara-Bochenek-96x96.jpg","contentUrl":"https:\/\/www.apaczka.pl\/app\/uploads\/2025\/04\/cropped-Barbara-Bochenek-96x96.jpg","caption":"Barbara Bochenek"},"description":"Pomagam firmom sprawniej zarz\u0105dza\u0107 wysy\u0142k\u0105 i budowa\u0107 przewag\u0119 w logistyce dzi\u0119ki trafnej komunikacji i rzetelnym tre\u015bciom. Jako specjalistka ds. komunikacji i content marketingu z pasj\u0105 do innowacji logistycznych tworz\u0119 artyku\u0142y, e-booki, materia\u0142y edukacyjne i case studies, kt\u00f3re pokazuj\u0105, jak rozwi\u0105zania Apaczka usprawniaj\u0105 procesy i wspieraj\u0105 rozw\u00f3j biznesu. W pracy stawiam na jasny przekaz, konkretne dane i tre\u015bci, kt\u00f3re realnie u\u0142atwiaj\u0105 klientom podejmowanie decyzji.","sameAs":["https:\/\/www.linkedin.com\/in\/barbarabochenek\/"],"jobTitle":"Junior Content & Social Media Manager","url":"https:\/\/www.apaczka.pl\/en\/blog\/author\/barbara-bochenek\/"}]}},"_links":{"self":[{"href":"https:\/\/www.apaczka.pl\/en\/wp-json\/wp\/v2\/news\/39061","targetHints":{"allow":["GET"]}}],"collection":[{"href":"https:\/\/www.apaczka.pl\/en\/wp-json\/wp\/v2\/news"}],"about":[{"href":"https:\/\/www.apaczka.pl\/en\/wp-json\/wp\/v2\/types\/news"}],"author":[{"embeddable":true,"href":"https:\/\/www.apaczka.pl\/en\/wp-json\/wp\/v2\/users\/10"}],"version-history":[{"count":14,"href":"https:\/\/www.apaczka.pl\/en\/wp-json\/wp\/v2\/news\/39061\/revisions"}],"predecessor-version":[{"id":39379,"href":"https:\/\/www.apaczka.pl\/en\/wp-json\/wp\/v2\/news\/39061\/revisions\/39379"}],"wp:featuredmedia":[{"embeddable":true,"href":"https:\/\/www.apaczka.pl\/en\/wp-json\/wp\/v2\/media\/22651"}],"wp:attachment":[{"href":"https:\/\/www.apaczka.pl\/en\/wp-json\/wp\/v2\/media?parent=39061"}],"wp:term":[{"taxonomy":"news_category","embeddable":true,"href":"https:\/\/www.apaczka.pl\/en\/wp-json\/wp\/v2\/news_category?post=39061"},{"taxonomy":"news_tag","embeddable":true,"href":"https:\/\/www.apaczka.pl\/en\/wp-json\/wp\/v2\/news_tag?post=39061"}],"curies":[{"name":"wp","href":"https:\/\/api.w.org\/{rel}","templated":true}]}}