{"id":38317,"date":"2025-10-29T22:56:20","date_gmt":"2025-10-29T22:56:20","guid":{"rendered":"https:\/\/www.apaczka.pl\/?post_type=news&#038;p=38317"},"modified":"2025-11-07T14:01:03","modified_gmt":"2025-11-07T14:01:03","slug":"harmonogram-pracy-firm-kurierskich-w-okresie-swiat-listopadowych-2025","status":"publish","type":"news","link":"https:\/\/www.apaczka.pl\/en\/aktualnosci\/harmonogram-pracy-firm-kurierskich-w-okresie-swiat-listopadowych-2025\/","title":{"rendered":"Harmonogram pracy firm kurierskich w okresie \u015bwi\u0105t listopadowych 2025"},"content":{"rendered":"\n<p>1 listopada i 11 listopada to dni ustawowo wolne od pracy.<br>W zwi\u0105zku z tym firmy kurierskie w te dni nie pracuj\u0105.<\/p>\n\n\n\n<p>Na platformie Apaczka.pl 1 i 11 listopada nadal mo\u017cna sk\u0142ada\u0107 zlecenia, jednak odbi\u00f3r zostanie zaplanowany na kolejne dni robocze.<\/p>\n\n\n<h2 class=\"simpletoc-title\">Spis tre\u015bci<\/h2>\n<ul class=\"simpletoc-list\">\n<li><a href=\"#h-inpost\">InPost<\/a>\n\n<\/li>\n<li><a href=\"#poczta-polska\">Poczta Polska<\/a>\n\n<\/li>\n<li><a href=\"#poczta-polska-palety\">Poczta Polska Palety<\/a>\n\n<\/li>\n<li><a href=\"#gls\">GLS<\/a>\n\n<\/li>\n<li><a href=\"#rhenus\">Rhenus<\/a>\n\n<\/li>\n<li><a href=\"#hellmann-kraj\">Hellmann Kraj<\/a>\n\n<\/li>\n<li><a href=\"#hellmann-zagranica\">Hellmann Zagranica<\/a>\n\n<\/li>\n<li><a href=\"#h-dhl-international\">DHL International<\/a>\n\n<\/li>\n<li><a href=\"#h-geodis\">Geodis<\/a>\n<\/li><\/ul>\n\n<h3 class=\"wp-block-heading\" id=\"h-inpost\">InPost<\/h3>\n\n\n<p><strong>31 pa\u017adziernika (pi\u0105tek)<\/strong> \u2013 Tryb standardowy. Przesy\u0142ki nadane w tym dniu dor\u0119czymy 03.11 (poniedzia\u0142ek).<br><strong>1 listopada (sobota)<\/strong> \u2013 Uroczysto\u015b\u0107 Wszystkich \u015awi\u0119tych.  Dzie\u0144 ustawowo wolny od pracy.<br><strong>3\u20136 listopada (poniedzia\u0142ek\u2013czwartek)<\/strong> \u2013 Tryb standardowy.<br><strong>7 listopada (pi\u0105tek)<\/strong> \u2013 Tryb standardowy. Przesy\u0142ki nadane w tym dniu dor\u0119czymy 10.11 (poniedzia\u0142ek).<br><strong>8 listopada (sobota)<\/strong> \u2013 Dor\u0119czenia w ramach us\u0142ugi <em>InPost Paczka w Weekend<\/em>.<br><strong>10 listopada (poniedzia\u0142ek)<\/strong> \u2013 Tryb standardowy. Przesy\u0142ki nadane w tym dniu dor\u0119czymy 12.11 (\u015broda).<br><strong>11 listopada (wtorek)<\/strong> \u2013 Narodowe \u015awi\u0119to Niepodleg\u0142o\u015bci \u2013 dzie\u0144 wolny.<br><strong>12 listopada (\u015broda)<\/strong> \u2013 Tryb standardowy.<\/p>\n\n\n<h3 class=\"wp-block-heading\" id=\"poczta-polska\">Poczta Polska<\/h3>\n\n\n<p>Brak szczeg\u00f3\u0142owych zmian w harmonogramie \u2013 praca w standardowym trybie poza dniami wolnymi <strong>1 i 11 listopada<\/strong>.<\/p>\n\n\n<h3 class=\"wp-block-heading\" id=\"poczta-polska-palety\">Poczta Polska Palety<\/h3>\n\n\n<blockquote class=\"wp-block-quote is-layout-flow wp-block-quote-is-layout-flow\">\n<p>Informujemy, \u017ce w dniu 10 &#8211; 11 listopada 2025 r. Poczta Polska S.A. nie b\u0119dzie realizowa\u0107 us\u0142ug odbioru ani dor\u0119czenia przesy\u0142ek w ramach us\u0142ugi Przesy\u0142ki Paletowej.<br>Zlecenia zaplanowane na te dni zostan\u0105 zrealizowane w dniu 12 listopada 2025 r.<br>Prosimy o uwzgl\u0119dnienie powy\u017cszej informacji przy planowaniu Pa\u0144stwa zlece\u0144.<\/p>\n\n\n<h3 class=\"wp-block-heading\" id=\"gls\">GLS<\/h3>\n\n\n<blockquote class=\"wp-block-quote is-layout-flow wp-block-quote-is-layout-flow\">\n<p><strong>1\u20132 listopada (sobota\u2013niedziela)<\/strong> \u2013 Dni wolne od pracy dla filii i Infolinii GLS.<br>Przesy\u0142ki nadane 31 pa\u017adziernika (pi\u0105tek) zostan\u0105 dor\u0119czone 3 listopada (poniedzia\u0142ek).<br><strong>1 listopada<\/strong> \u2013 Brak realizacji dor\u0119cze\u0144 <em>SaturdayService<\/em>.<br><strong>3\u20137 listopada<\/strong> \u2013 Godziny pracy filii i Infolinii bez zmian.<br><strong>8 listopada (sobota)<\/strong> \u2013 Dor\u0119czenia z us\u0142ug\u0105 <em>SaturdayService<\/em>. Infolinia czynna w godz. 7:00\u201315:00.<br><strong>9 listopada (niedziela)<\/strong> \u2013 Dzie\u0144 wolny od pracy.<br><strong>10 listopada (poniedzia\u0142ek)<\/strong> \u2013 Standardowy tryb pracy.<br><strong>11 listopada (wtorek)<\/strong> \u2013 Narodowe \u015awi\u0119to Niepodleg\u0142o\u015bci \u2013 dzie\u0144 wolny.<br>Przesy\u0142ki nadane 10 listopada (poniedzia\u0142ek) zostan\u0105 dor\u0119czone 12 listopada (\u015broda).<\/p>\n\n\n<h3 class=\"wp-block-heading\" id=\"rhenus\">Rhenus<\/h3>\n\n\n<p><strong>Komunikat: Ograniczenia w ruchu pojazd\u00f3w, realizacja dostaw do Odbiorc\u00f3w w dniach 7.11.2025 \u2013 12.11.2025<\/strong><br>Ograniczenia dla pojazd\u00f3w &gt;12 t obowi\u0105zuj\u0105 <strong>10 i 11 listopada<\/strong> w godz. <strong>8:00\u201322:00<\/strong>.<\/p>\n\n\n\n<ul class=\"wp-block-list\">\n<li><strong>07.11.2025<\/strong> \u2013 Dostawy w promieniu do 50 km od oddzia\u0142u oraz w miastach: Szczecin, Lublin, Bia\u0142ystok, Rzesz\u00f3w, Bydgoszcz, Olsztyn, Kielce.<\/li>\n\n\n\n<li><strong>10.11.2025<\/strong> \u2013 Dostawy standardowe w dniach <strong>12\u201313.11.2025<\/strong>.<\/li>\n<\/ul>\n<\/blockquote>\n<\/blockquote>\n\n\n<h3 class=\"wp-block-heading\" id=\"hellmann-kraj\">Hellmann Kraj<\/h3>\n\n\n<blockquote class=\"wp-block-quote is-layout-flow wp-block-quote-is-layout-flow\">\n<ul class=\"wp-block-list\">\n<li>W dniu <strong>10\u201311 listopada<\/strong> ograniczamy dystrybucj\u0119 do 25 km od oddzia\u0142u (oczywi\u015bcie je\u015bli oddzia\u0142owi pasuje dystrybucja w dalsze rejony, to spokojnie j\u0105 realizuje). Wi\u0105\u017ce si\u0119 to tak\u017ce z ograniczeniem odbior\u00f3w.<\/li>\n\n\n\n<li><strong>10.11<\/strong> brak linii \u2013 przesy\u0142ki nadane <strong>7.11<\/strong> b\u0119d\u0105 dostarczane dnia <strong>10\u201311 listopada<\/strong> (zale\u017cnie od oddzia\u0142u i dost\u0119pno\u015bci odbiorc\u00f3w, bo dystrybucja 10\u201311 jest ograniczona) lub <strong>12.11<\/strong>.<\/li>\n<\/ul>\n<\/blockquote>\n\n\n\n<blockquote class=\"wp-block-quote is-layout-flow wp-block-quote-is-layout-flow\">\n<p>Je\u017celi kierowca pojedzie z dostaw\u0105 <strong>10 lub 12 listopada<\/strong>, a odbiorcy nie b\u0119dzie \u2013 zostan\u0105 naliczone koszty za ponown\u0105 dostaw\u0119.<br><\/p>\n\n\n<h3 class=\"wp-block-heading\" id=\"hellmann-zagranica\">Hellmann Zagranica<\/h3>\n\n\n<blockquote class=\"wp-block-quote is-layout-flow wp-block-quote-is-layout-flow\">\n<p>Z uwagi na pi\u0105tkowe \u015bwi\u0119to p\u00f3\u0142nocnej cz\u0119\u015bci Niemiec i zwi\u0105zane z nim zakazy jazdy informujemy, \u017ce wszystkie auta eksportowe za\u0142adowane w NYT 31.10 (Oddzia\u0142 Nowy Tomy\u015bl) \u2013 sk\u0105d wysy\u0142ane s\u0105 przesy\u0142ki do Niemiec, Belgii, Holandii, Danii, Szwecji \u2013 dojad\u0105 do naszych niemieckich oddzia\u0142\u00f3w dopiero w poniedzia\u0142ek 03.11.<\/p>\n\n\n\n<ul class=\"wp-block-list\">\n<li>10.11.2025 &#8211; odbiory ograniczone do promienia 25km od oddzia\u0142\u00f3w<\/li>\n\n\n\n<li>odbiory zrealizowane 07.11 oraz 10.11 wyjad\u0105 z Polski 12.11.2025<\/li>\n<\/ul>\n\n\n<h3 class=\"wp-block-heading\" id=\"h-dhl-international\">DHL International<\/h3>\n\n\n<p>31 pa\u017adziernika 2025 r. (pi\u0105tek) jest dniem wolnym od pracy w Niemczech w nast\u0119puj\u0105cych landach: Brandenburgia, Brema, Hamburg, Meklemburgia-Pomorze Przednie, Dolna Saksonia, Saksonia, Saksonia-Anhalt, Szlezwik-Holsztyn i Turyngia.<\/p>\n\n\n\n<p>Paczki z dnia 31.10 zostan\u0105 zatem dodane do sieci DHL w poniedzia\u0142ek 03.11.2025r.<\/p>\n<\/blockquote>\n<\/blockquote>\n\n\n<h3 class=\"wp-block-heading\" id=\"h-geodis\">Geodis<\/h3>\n\n\n<p>Informujemy, \u017ce w dniu 7 listopada jest mo\u017cliwa rejestracja zlece\u0144 odbioru, z dat\u0105 dostawy na&nbsp; poniedzia\u0142ek 10 listopada br.<\/p>\n\n\n\n<ul class=\"wp-block-list\">\n<li><strong>07.11.2025<\/strong> \u2013 Odbiory &#8211; w pe\u0142nym zakresie z planowan\u0105 dat\u0105 dostawy w dniu 12 listopada (\u015broda).&nbsp;Dostawy &#8211; realizowane w pe\u0142nym zakresie<\/li>\n\n\n\n<li><strong>10.11.2025<\/strong> \u2013 Odbiory &#8211; realizowane w ograniczonym zakresie, tj. z brakiem mo\u017cliwo\u015bci zarejestrowania zlecenia zawieraj\u0105cego us\u0142ug\u0119 TEMP+. Dostawy &#8211; realizowane w ograniczonym zakresie &#8211; w pierwszej kolejno\u015bci b\u0119d\u0105 realizowane dostawy przesy\u0142ek z dat\u0105 dostawy na 10 listopada br.<\/li>\n<\/ul>\n","protected":false},"excerpt":{"rendered":"<p>1 listopada i 11 listopada to dni ustawowo wolne od pracy.W zwi\u0105zku z tym firmy kurierskie w te dni nie pracuj\u0105. Na platformie Apaczka.pl 1 i 11 listopada nadal mo\u017cna sk\u0142ada\u0107 zlecenia, jednak odbi\u00f3r zostanie zaplanowany na kolejne dni robocze. InPost 31 pa\u017adziernika (pi\u0105tek) \u2013 Tryb standardowy. Przesy\u0142ki nadane w tym dniu dor\u0119czymy 03.11 (poniedzia\u0142ek).1 &hellip; <a href=\"https:\/\/www.apaczka.pl\/en\/aktualnosci\/harmonogram-pracy-firm-kurierskich-w-okresie-swiat-listopadowych-2025\/\">Continued<\/a><\/p>\n","protected":false},"author":10,"featured_media":22257,"template":"","meta":{"_acf_changed":false,"footnotes":""},"news_category":[906],"news_tag":[],"class_list":["post-38317","news","type-news","status-publish","has-post-thumbnail","hentry","news_category-oferta"],"acf":[],"yoast_head":"<!-- This site is optimized with the Yoast SEO Premium plugin v27.3 (Yoast SEO v27.3) - https:\/\/yoast.com\/product\/yoast-seo-premium-wordpress\/ -->\n<title>Harmonogram pracy firm kurierskich w okresie \u015bwi\u0105t listopadowych 2025 - Apaczka<\/title>\n<meta name=\"robots\" content=\"noindex, follow\" \/>\n<meta property=\"og:locale\" content=\"en_US\" \/>\n<meta property=\"og:type\" content=\"article\" \/>\n<meta property=\"og:title\" content=\"Harmonogram pracy firm kurierskich w okresie \u015bwi\u0105t listopadowych 2025\" \/>\n<meta property=\"og:description\" content=\"1 listopada i 11 listopada to dni ustawowo wolne od pracy.W zwi\u0105zku z tym firmy kurierskie w te dni nie pracuj\u0105. Na platformie Apaczka.pl 1 i 11 listopada nadal mo\u017cna sk\u0142ada\u0107 zlecenia, jednak odbi\u00f3r zostanie zaplanowany na kolejne dni robocze. InPost 31 pa\u017adziernika (pi\u0105tek) \u2013 Tryb standardowy. Przesy\u0142ki nadane w tym dniu dor\u0119czymy 03.11 (poniedzia\u0142ek).1 &hellip; Continued\" \/>\n<meta property=\"og:url\" content=\"https:\/\/www.apaczka.pl\/en\/aktualnosci\/harmonogram-pracy-firm-kurierskich-w-okresie-swiat-listopadowych-2025\/\" \/>\n<meta property=\"og:site_name\" content=\"Apaczka\" \/>\n<meta property=\"article:publisher\" content=\"https:\/\/www.facebook.com\/ApaczkaPL\/\" \/>\n<meta property=\"article:modified_time\" content=\"2025-11-07T14:01:03+00:00\" \/>\n<meta property=\"og:image\" content=\"https:\/\/www.apaczka.pl\/app\/uploads\/2023\/11\/praca_kurierow_apaczka-1.webp\" \/>\n\t<meta property=\"og:image:width\" content=\"1070\" \/>\n\t<meta property=\"og:image:height\" content=\"456\" \/>\n\t<meta property=\"og:image:type\" content=\"image\/webp\" \/>\n<meta name=\"twitter:card\" content=\"summary_large_image\" \/>\n<meta name=\"twitter:label1\" content=\"Est. reading time\" \/>\n\t<meta name=\"twitter:data1\" content=\"3 minutes\" \/>\n<script type=\"application\/ld+json\" class=\"yoast-schema-graph\">{\"@context\":\"https:\\\/\\\/schema.org\",\"@graph\":[{\"@type\":\"NewsArticle\",\"@id\":\"https:\\\/\\\/www.apaczka.pl\\\/en\\\/aktualnosci\\\/harmonogram-pracy-firm-kurierskich-w-okresie-swiat-listopadowych-2025\\\/#article\",\"isPartOf\":{\"@id\":\"https:\\\/\\\/www.apaczka.pl\\\/en\\\/aktualnosci\\\/harmonogram-pracy-firm-kurierskich-w-okresie-swiat-listopadowych-2025\\\/\"},\"author\":{\"name\":\"Barbara Bochenek\",\"@id\":\"https:\\\/\\\/www.apaczka.pl\\\/en\\\/#\\\/schema\\\/person\\\/dc9cd6f6196e657b1a062d0c3022d716\"},\"headline\":\"Harmonogram pracy firm kurierskich w okresie \u015bwi\u0105t listopadowych 2025\",\"datePublished\":\"2025-10-29T22:56:20+00:00\",\"dateModified\":\"2025-11-07T14:01:03+00:00\",\"mainEntityOfPage\":{\"@id\":\"https:\\\/\\\/www.apaczka.pl\\\/en\\\/aktualnosci\\\/harmonogram-pracy-firm-kurierskich-w-okresie-swiat-listopadowych-2025\\\/\"},\"wordCount\":631,\"publisher\":{\"@id\":\"https:\\\/\\\/www.apaczka.pl\\\/en\\\/#organization\"},\"image\":{\"@id\":\"https:\\\/\\\/www.apaczka.pl\\\/en\\\/aktualnosci\\\/harmonogram-pracy-firm-kurierskich-w-okresie-swiat-listopadowych-2025\\\/#primaryimage\"},\"thumbnailUrl\":\"https:\\\/\\\/www.apaczka.pl\\\/app\\\/uploads\\\/2023\\\/11\\\/praca_kurierow_apaczka-1.webp\",\"inLanguage\":\"en-US\"},{\"@type\":\"WebPage\",\"@id\":\"https:\\\/\\\/www.apaczka.pl\\\/en\\\/aktualnosci\\\/harmonogram-pracy-firm-kurierskich-w-okresie-swiat-listopadowych-2025\\\/\",\"url\":\"https:\\\/\\\/www.apaczka.pl\\\/en\\\/aktualnosci\\\/harmonogram-pracy-firm-kurierskich-w-okresie-swiat-listopadowych-2025\\\/\",\"name\":\"Harmonogram pracy firm kurierskich w okresie \u015bwi\u0105t listopadowych 2025 - Apaczka\",\"isPartOf\":{\"@id\":\"https:\\\/\\\/www.apaczka.pl\\\/en\\\/#website\"},\"primaryImageOfPage\":{\"@id\":\"https:\\\/\\\/www.apaczka.pl\\\/en\\\/aktualnosci\\\/harmonogram-pracy-firm-kurierskich-w-okresie-swiat-listopadowych-2025\\\/#primaryimage\"},\"image\":{\"@id\":\"https:\\\/\\\/www.apaczka.pl\\\/en\\\/aktualnosci\\\/harmonogram-pracy-firm-kurierskich-w-okresie-swiat-listopadowych-2025\\\/#primaryimage\"},\"thumbnailUrl\":\"https:\\\/\\\/www.apaczka.pl\\\/app\\\/uploads\\\/2023\\\/11\\\/praca_kurierow_apaczka-1.webp\",\"datePublished\":\"2025-10-29T22:56:20+00:00\",\"dateModified\":\"2025-11-07T14:01:03+00:00\",\"breadcrumb\":{\"@id\":\"https:\\\/\\\/www.apaczka.pl\\\/en\\\/aktualnosci\\\/harmonogram-pracy-firm-kurierskich-w-okresie-swiat-listopadowych-2025\\\/#breadcrumb\"},\"inLanguage\":\"en-US\",\"potentialAction\":[{\"@type\":\"ReadAction\",\"target\":[\"https:\\\/\\\/www.apaczka.pl\\\/en\\\/aktualnosci\\\/harmonogram-pracy-firm-kurierskich-w-okresie-swiat-listopadowych-2025\\\/\"]}]},{\"@type\":\"ImageObject\",\"inLanguage\":\"en-US\",\"@id\":\"https:\\\/\\\/www.apaczka.pl\\\/en\\\/aktualnosci\\\/harmonogram-pracy-firm-kurierskich-w-okresie-swiat-listopadowych-2025\\\/#primaryimage\",\"url\":\"https:\\\/\\\/www.apaczka.pl\\\/app\\\/uploads\\\/2023\\\/11\\\/praca_kurierow_apaczka-1.webp\",\"contentUrl\":\"https:\\\/\\\/www.apaczka.pl\\\/app\\\/uploads\\\/2023\\\/11\\\/praca_kurierow_apaczka-1.webp\",\"width\":1070,\"height\":456,\"caption\":\"harmonogram pracy\"},{\"@type\":\"BreadcrumbList\",\"@id\":\"https:\\\/\\\/www.apaczka.pl\\\/en\\\/aktualnosci\\\/harmonogram-pracy-firm-kurierskich-w-okresie-swiat-listopadowych-2025\\\/#breadcrumb\",\"itemListElement\":[{\"@type\":\"ListItem\",\"position\":1,\"name\":\"Apaczka\",\"item\":\"https:\\\/\\\/www.apaczka.pl\\\/en\\\/\"},{\"@type\":\"ListItem\",\"position\":2,\"name\":\"Aktualno\u015bci\",\"item\":\"https:\\\/\\\/www.apaczka.pl\\\/en\\\/aktualnosci\\\/\"},{\"@type\":\"ListItem\",\"position\":3,\"name\":\"Oferta\",\"item\":\"https:\\\/\\\/www.apaczka.pl\\\/en\\\/aktualnosci\\\/category\\\/oferta\\\/\"},{\"@type\":\"ListItem\",\"position\":4,\"name\":\"Harmonogram pracy firm kurierskich w okresie \u015bwi\u0105t listopadowych 2025\"}]},{\"@type\":\"WebSite\",\"@id\":\"https:\\\/\\\/www.apaczka.pl\\\/en\\\/#website\",\"url\":\"https:\\\/\\\/www.apaczka.pl\\\/en\\\/\",\"name\":\"Apaczka\",\"description\":\"Rozwi\u0105zania do zarz\u0105dzania procesami wysy\u0142kowymi dla firm\",\"publisher\":{\"@id\":\"https:\\\/\\\/www.apaczka.pl\\\/en\\\/#organization\"},\"potentialAction\":[{\"@type\":\"SearchAction\",\"target\":{\"@type\":\"EntryPoint\",\"urlTemplate\":\"https:\\\/\\\/www.apaczka.pl\\\/en\\\/?s={search_term_string}\"},\"query-input\":{\"@type\":\"PropertyValueSpecification\",\"valueRequired\":true,\"valueName\":\"search_term_string\"}}],\"inLanguage\":\"en-US\"},{\"@type\":\"Organization\",\"@id\":\"https:\\\/\\\/www.apaczka.pl\\\/en\\\/#organization\",\"name\":\"Apaczka\",\"url\":\"https:\\\/\\\/www.apaczka.pl\\\/en\\\/\",\"logo\":{\"@type\":\"ImageObject\",\"inLanguage\":\"en-US\",\"@id\":\"https:\\\/\\\/www.apaczka.pl\\\/en\\\/#\\\/schema\\\/logo\\\/image\\\/\",\"url\":\"https:\\\/\\\/www.apaczka.pl\\\/app\\\/uploads\\\/2024\\\/05\\\/cropped-Apaczka-Full-Logotype-Full-Color.png\",\"contentUrl\":\"https:\\\/\\\/www.apaczka.pl\\\/app\\\/uploads\\\/2024\\\/05\\\/cropped-Apaczka-Full-Logotype-Full-Color.png\",\"width\":1337,\"height\":405,\"caption\":\"Apaczka\"},\"image\":{\"@id\":\"https:\\\/\\\/www.apaczka.pl\\\/en\\\/#\\\/schema\\\/logo\\\/image\\\/\"},\"sameAs\":[\"https:\\\/\\\/www.facebook.com\\\/ApaczkaPL\\\/\",\"https:\\\/\\\/www.linkedin.com\\\/company\\\/apaczka-alsendo-sp-z-o-o\\\/\",\"https:\\\/\\\/www.youtube.com\\\/@apaczka-by-alsendo\",\"https:\\\/\\\/g.co\\\/kgs\\\/Ztnp4yQ\",\"https:\\\/\\\/maps.app.goo.gl\\\/iUwRn8EGrQJAk4LB9\",\"https:\\\/\\\/www.trustpilot.com\\\/review\\\/www.apaczka.pl\",\"https:\\\/\\\/www.crunchbase.com\\\/organization\\\/apaczka\",\"https:\\\/\\\/www.ekomi-pl.com\\\/opinie-apaczka.html\",\"https:\\\/\\\/www.wikidata.org\\\/wiki\\\/Q135189453\"],\"description\":\"Apaczka.pl to platforma technologiczna do zarz\u0105dzania wysy\u0142kami i dostawami dla firm. Jeste\u015bmy sprawdzonym partnerem w zakresie proces\u00f3w wysy\u0142kowych dzia\u0142aj\u0105cym od ponad 15 lat na rynku. Integrujemy szeroki wachlarz us\u0142ug kurierskich oraz dedykowanych us\u0142ug w\u0142asnych skierowanych do wszystkich przedsi\u0119biorc\u00f3w, tak\u017ce tych, kt\u00f3rzy dopiero zaczynaj\u0105 swoj\u0105 dzia\u0142alno\u015b\u0107. Oferowane przez nas rozwi\u0105zania s\u0105 wykorzystywane przez firmy z bran\u017cy e-commerce, du\u017ce podmioty typu marketplace, ale r\u00f3wnie\u017c niewielkie firmy nadaj\u0105ce kilkana\u015bcie przesy\u0142ek miesi\u0119cznie. Konsekwentnie wspieramy firmy w rozwoju ich biznesu, udost\u0119pniaj\u0105c bez \u017cadnych op\u0142at gotowe narz\u0119dzia u\u0142atwiaj\u0105ce codzienn\u0105 logistyk\u0119. Nasi Klienci wysy\u0142aj\u0105 ponad 2,5 miliona przesy\u0142ek ka\u017cdego miesi\u0105ca korzystaj\u0105c z naszych unikalnych technologii. Nasze mocne strony: - Mo\u017cliwo\u015b\u0107 por\u00f3wnania ofert wiod\u0105cych firm kurierskich w Polsce i na \u015bwiecie: DHL, UPS, DPD, Fedex, Poczta Polska, Geis, InPost, GLS, Ambro, Hellmann i wielu innych, - Mo\u017cliwo\u015b\u0107 indywidualnego negocjowania stawek w zale\u017cno\u015bci od ilo\u015bci przesy\u0142ek i ich rodzaju (palety, p\u00f3\u0142palety, przesy\u0142ki krajowe, mi\u0119dzynarodowe), - Jedna, prosta integracja API z wieloma platformami e-commerce, marketplace i systemami ERP, WMS., daj\u0105ca dost\u0119p do ca\u0142ej naszej oferty kurierskiej, - Mo\u017cliwo\u015b\u0107 automatyzacji i optymalizacji proces\u00f3w wysy\u0142kowych, -Indywidualny Opiekun Handlowy zapewniaj\u0105cy wsparcie merytoryczne z zakresu rozwi\u0105za\u0144 kurierskich w zale\u017cno\u015bci od bran\u017cy Klienta, rodzaju przesy\u0142ek i metod dostawy, - Bezp\u0142atne integracje z 50 platformami sklepowymi, mo\u017cliwo\u015b\u0107 import\u00f3w (w tym Allegro) oraz wsparcie dzia\u0142u IT, -Personalizacja komunikacji z odbiorcami przesy\u0142ek na etapie post-checkout, modu\u0142 zwrot\u00f3w i analityka danych logistycznych, -Brak minim\u00f3w wysy\u0142kowych i wygodne formy rozlicze\u0144. Apaczka.pl: por\u00f3wnuj ceny kurier\u00f3w, automatyzuj procesy wysy\u0142kowe.\",\"legalName\":\"Alsendo sp. z o.o.\",\"foundingDate\":\"2009-08-17\",\"vatID\":\"PL8971840043\",\"taxID\":\"367328934\",\"numberOfEmployees\":{\"@type\":\"QuantitativeValue\",\"minValue\":\"51\",\"maxValue\":\"200\"}},{\"@type\":\"Person\",\"@id\":\"https:\\\/\\\/www.apaczka.pl\\\/en\\\/#\\\/schema\\\/person\\\/dc9cd6f6196e657b1a062d0c3022d716\",\"name\":\"Barbara Bochenek\",\"image\":{\"@type\":\"ImageObject\",\"inLanguage\":\"en-US\",\"@id\":\"https:\\\/\\\/www.apaczka.pl\\\/app\\\/uploads\\\/2025\\\/04\\\/cropped-Barbara-Bochenek-96x96.jpg\",\"url\":\"https:\\\/\\\/www.apaczka.pl\\\/app\\\/uploads\\\/2025\\\/04\\\/cropped-Barbara-Bochenek-96x96.jpg\",\"contentUrl\":\"https:\\\/\\\/www.apaczka.pl\\\/app\\\/uploads\\\/2025\\\/04\\\/cropped-Barbara-Bochenek-96x96.jpg\",\"caption\":\"Barbara Bochenek\"},\"description\":\"Pomagam firmom sprawniej zarz\u0105dza\u0107 wysy\u0142k\u0105 i budowa\u0107 przewag\u0119 w logistyce dzi\u0119ki trafnej komunikacji i rzetelnym tre\u015bciom. Jako specjalistka ds. komunikacji i content marketingu z pasj\u0105 do innowacji logistycznych tworz\u0119 artyku\u0142y, e-booki, materia\u0142y edukacyjne i case studies, kt\u00f3re pokazuj\u0105, jak rozwi\u0105zania Apaczka usprawniaj\u0105 procesy i wspieraj\u0105 rozw\u00f3j biznesu. W pracy stawiam na jasny przekaz, konkretne dane i tre\u015bci, kt\u00f3re realnie u\u0142atwiaj\u0105 klientom podejmowanie decyzji.\",\"sameAs\":[\"https:\\\/\\\/www.linkedin.com\\\/in\\\/barbarabochenek\\\/\"],\"jobTitle\":\"Junior Content & Social Media Manager\",\"url\":\"https:\\\/\\\/www.apaczka.pl\\\/en\\\/blog\\\/author\\\/barbara-bochenek\\\/\"}]}<\/script>\n<!-- \/ Yoast SEO Premium plugin. -->","yoast_head_json":{"title":"Harmonogram pracy firm kurierskich w okresie \u015bwi\u0105t listopadowych 2025 - Apaczka","robots":{"index":"noindex","follow":"follow"},"og_locale":"en_US","og_type":"article","og_title":"Harmonogram pracy firm kurierskich w okresie \u015bwi\u0105t listopadowych 2025","og_description":"1 listopada i 11 listopada to dni ustawowo wolne od pracy.W zwi\u0105zku z tym firmy kurierskie w te dni nie pracuj\u0105. Na platformie Apaczka.pl 1 i 11 listopada nadal mo\u017cna sk\u0142ada\u0107 zlecenia, jednak odbi\u00f3r zostanie zaplanowany na kolejne dni robocze. InPost 31 pa\u017adziernika (pi\u0105tek) \u2013 Tryb standardowy. Przesy\u0142ki nadane w tym dniu dor\u0119czymy 03.11 (poniedzia\u0142ek).1 &hellip; Continued","og_url":"https:\/\/www.apaczka.pl\/en\/aktualnosci\/harmonogram-pracy-firm-kurierskich-w-okresie-swiat-listopadowych-2025\/","og_site_name":"Apaczka","article_publisher":"https:\/\/www.facebook.com\/ApaczkaPL\/","article_modified_time":"2025-11-07T14:01:03+00:00","og_image":[{"width":1070,"height":456,"url":"https:\/\/www.apaczka.pl\/app\/uploads\/2023\/11\/praca_kurierow_apaczka-1.webp","type":"image\/webp"}],"twitter_card":"summary_large_image","twitter_misc":{"Est. reading time":"3 minutes"},"schema":{"@context":"https:\/\/schema.org","@graph":[{"@type":"NewsArticle","@id":"https:\/\/www.apaczka.pl\/en\/aktualnosci\/harmonogram-pracy-firm-kurierskich-w-okresie-swiat-listopadowych-2025\/#article","isPartOf":{"@id":"https:\/\/www.apaczka.pl\/en\/aktualnosci\/harmonogram-pracy-firm-kurierskich-w-okresie-swiat-listopadowych-2025\/"},"author":{"name":"Barbara Bochenek","@id":"https:\/\/www.apaczka.pl\/en\/#\/schema\/person\/dc9cd6f6196e657b1a062d0c3022d716"},"headline":"Harmonogram pracy firm kurierskich w okresie \u015bwi\u0105t listopadowych 2025","datePublished":"2025-10-29T22:56:20+00:00","dateModified":"2025-11-07T14:01:03+00:00","mainEntityOfPage":{"@id":"https:\/\/www.apaczka.pl\/en\/aktualnosci\/harmonogram-pracy-firm-kurierskich-w-okresie-swiat-listopadowych-2025\/"},"wordCount":631,"publisher":{"@id":"https:\/\/www.apaczka.pl\/en\/#organization"},"image":{"@id":"https:\/\/www.apaczka.pl\/en\/aktualnosci\/harmonogram-pracy-firm-kurierskich-w-okresie-swiat-listopadowych-2025\/#primaryimage"},"thumbnailUrl":"https:\/\/www.apaczka.pl\/app\/uploads\/2023\/11\/praca_kurierow_apaczka-1.webp","inLanguage":"en-US"},{"@type":"WebPage","@id":"https:\/\/www.apaczka.pl\/en\/aktualnosci\/harmonogram-pracy-firm-kurierskich-w-okresie-swiat-listopadowych-2025\/","url":"https:\/\/www.apaczka.pl\/en\/aktualnosci\/harmonogram-pracy-firm-kurierskich-w-okresie-swiat-listopadowych-2025\/","name":"Harmonogram pracy firm kurierskich w okresie \u015bwi\u0105t listopadowych 2025 - Apaczka","isPartOf":{"@id":"https:\/\/www.apaczka.pl\/en\/#website"},"primaryImageOfPage":{"@id":"https:\/\/www.apaczka.pl\/en\/aktualnosci\/harmonogram-pracy-firm-kurierskich-w-okresie-swiat-listopadowych-2025\/#primaryimage"},"image":{"@id":"https:\/\/www.apaczka.pl\/en\/aktualnosci\/harmonogram-pracy-firm-kurierskich-w-okresie-swiat-listopadowych-2025\/#primaryimage"},"thumbnailUrl":"https:\/\/www.apaczka.pl\/app\/uploads\/2023\/11\/praca_kurierow_apaczka-1.webp","datePublished":"2025-10-29T22:56:20+00:00","dateModified":"2025-11-07T14:01:03+00:00","breadcrumb":{"@id":"https:\/\/www.apaczka.pl\/en\/aktualnosci\/harmonogram-pracy-firm-kurierskich-w-okresie-swiat-listopadowych-2025\/#breadcrumb"},"inLanguage":"en-US","potentialAction":[{"@type":"ReadAction","target":["https:\/\/www.apaczka.pl\/en\/aktualnosci\/harmonogram-pracy-firm-kurierskich-w-okresie-swiat-listopadowych-2025\/"]}]},{"@type":"ImageObject","inLanguage":"en-US","@id":"https:\/\/www.apaczka.pl\/en\/aktualnosci\/harmonogram-pracy-firm-kurierskich-w-okresie-swiat-listopadowych-2025\/#primaryimage","url":"https:\/\/www.apaczka.pl\/app\/uploads\/2023\/11\/praca_kurierow_apaczka-1.webp","contentUrl":"https:\/\/www.apaczka.pl\/app\/uploads\/2023\/11\/praca_kurierow_apaczka-1.webp","width":1070,"height":456,"caption":"harmonogram pracy"},{"@type":"BreadcrumbList","@id":"https:\/\/www.apaczka.pl\/en\/aktualnosci\/harmonogram-pracy-firm-kurierskich-w-okresie-swiat-listopadowych-2025\/#breadcrumb","itemListElement":[{"@type":"ListItem","position":1,"name":"Apaczka","item":"https:\/\/www.apaczka.pl\/en\/"},{"@type":"ListItem","position":2,"name":"Aktualno\u015bci","item":"https:\/\/www.apaczka.pl\/en\/aktualnosci\/"},{"@type":"ListItem","position":3,"name":"Oferta","item":"https:\/\/www.apaczka.pl\/en\/aktualnosci\/category\/oferta\/"},{"@type":"ListItem","position":4,"name":"Harmonogram pracy firm kurierskich w okresie \u015bwi\u0105t listopadowych 2025"}]},{"@type":"WebSite","@id":"https:\/\/www.apaczka.pl\/en\/#website","url":"https:\/\/www.apaczka.pl\/en\/","name":"Apaczka","description":"Rozwi\u0105zania do zarz\u0105dzania procesami wysy\u0142kowymi dla firm","publisher":{"@id":"https:\/\/www.apaczka.pl\/en\/#organization"},"potentialAction":[{"@type":"SearchAction","target":{"@type":"EntryPoint","urlTemplate":"https:\/\/www.apaczka.pl\/en\/?s={search_term_string}"},"query-input":{"@type":"PropertyValueSpecification","valueRequired":true,"valueName":"search_term_string"}}],"inLanguage":"en-US"},{"@type":"Organization","@id":"https:\/\/www.apaczka.pl\/en\/#organization","name":"Apaczka","url":"https:\/\/www.apaczka.pl\/en\/","logo":{"@type":"ImageObject","inLanguage":"en-US","@id":"https:\/\/www.apaczka.pl\/en\/#\/schema\/logo\/image\/","url":"https:\/\/www.apaczka.pl\/app\/uploads\/2024\/05\/cropped-Apaczka-Full-Logotype-Full-Color.png","contentUrl":"https:\/\/www.apaczka.pl\/app\/uploads\/2024\/05\/cropped-Apaczka-Full-Logotype-Full-Color.png","width":1337,"height":405,"caption":"Apaczka"},"image":{"@id":"https:\/\/www.apaczka.pl\/en\/#\/schema\/logo\/image\/"},"sameAs":["https:\/\/www.facebook.com\/ApaczkaPL\/","https:\/\/www.linkedin.com\/company\/apaczka-alsendo-sp-z-o-o\/","https:\/\/www.youtube.com\/@apaczka-by-alsendo","https:\/\/g.co\/kgs\/Ztnp4yQ","https:\/\/maps.app.goo.gl\/iUwRn8EGrQJAk4LB9","https:\/\/www.trustpilot.com\/review\/www.apaczka.pl","https:\/\/www.crunchbase.com\/organization\/apaczka","https:\/\/www.ekomi-pl.com\/opinie-apaczka.html","https:\/\/www.wikidata.org\/wiki\/Q135189453"],"description":"Apaczka.pl to platforma technologiczna do zarz\u0105dzania wysy\u0142kami i dostawami dla firm. Jeste\u015bmy sprawdzonym partnerem w zakresie proces\u00f3w wysy\u0142kowych dzia\u0142aj\u0105cym od ponad 15 lat na rynku. Integrujemy szeroki wachlarz us\u0142ug kurierskich oraz dedykowanych us\u0142ug w\u0142asnych skierowanych do wszystkich przedsi\u0119biorc\u00f3w, tak\u017ce tych, kt\u00f3rzy dopiero zaczynaj\u0105 swoj\u0105 dzia\u0142alno\u015b\u0107. Oferowane przez nas rozwi\u0105zania s\u0105 wykorzystywane przez firmy z bran\u017cy e-commerce, du\u017ce podmioty typu marketplace, ale r\u00f3wnie\u017c niewielkie firmy nadaj\u0105ce kilkana\u015bcie przesy\u0142ek miesi\u0119cznie. Konsekwentnie wspieramy firmy w rozwoju ich biznesu, udost\u0119pniaj\u0105c bez \u017cadnych op\u0142at gotowe narz\u0119dzia u\u0142atwiaj\u0105ce codzienn\u0105 logistyk\u0119. Nasi Klienci wysy\u0142aj\u0105 ponad 2,5 miliona przesy\u0142ek ka\u017cdego miesi\u0105ca korzystaj\u0105c z naszych unikalnych technologii. Nasze mocne strony: - Mo\u017cliwo\u015b\u0107 por\u00f3wnania ofert wiod\u0105cych firm kurierskich w Polsce i na \u015bwiecie: DHL, UPS, DPD, Fedex, Poczta Polska, Geis, InPost, GLS, Ambro, Hellmann i wielu innych, - Mo\u017cliwo\u015b\u0107 indywidualnego negocjowania stawek w zale\u017cno\u015bci od ilo\u015bci przesy\u0142ek i ich rodzaju (palety, p\u00f3\u0142palety, przesy\u0142ki krajowe, mi\u0119dzynarodowe), - Jedna, prosta integracja API z wieloma platformami e-commerce, marketplace i systemami ERP, WMS., daj\u0105ca dost\u0119p do ca\u0142ej naszej oferty kurierskiej, - Mo\u017cliwo\u015b\u0107 automatyzacji i optymalizacji proces\u00f3w wysy\u0142kowych, -Indywidualny Opiekun Handlowy zapewniaj\u0105cy wsparcie merytoryczne z zakresu rozwi\u0105za\u0144 kurierskich w zale\u017cno\u015bci od bran\u017cy Klienta, rodzaju przesy\u0142ek i metod dostawy, - Bezp\u0142atne integracje z 50 platformami sklepowymi, mo\u017cliwo\u015b\u0107 import\u00f3w (w tym Allegro) oraz wsparcie dzia\u0142u IT, -Personalizacja komunikacji z odbiorcami przesy\u0142ek na etapie post-checkout, modu\u0142 zwrot\u00f3w i analityka danych logistycznych, -Brak minim\u00f3w wysy\u0142kowych i wygodne formy rozlicze\u0144. Apaczka.pl: por\u00f3wnuj ceny kurier\u00f3w, automatyzuj procesy wysy\u0142kowe.","legalName":"Alsendo sp. z o.o.","foundingDate":"2009-08-17","vatID":"PL8971840043","taxID":"367328934","numberOfEmployees":{"@type":"QuantitativeValue","minValue":"51","maxValue":"200"}},{"@type":"Person","@id":"https:\/\/www.apaczka.pl\/en\/#\/schema\/person\/dc9cd6f6196e657b1a062d0c3022d716","name":"Barbara Bochenek","image":{"@type":"ImageObject","inLanguage":"en-US","@id":"https:\/\/www.apaczka.pl\/app\/uploads\/2025\/04\/cropped-Barbara-Bochenek-96x96.jpg","url":"https:\/\/www.apaczka.pl\/app\/uploads\/2025\/04\/cropped-Barbara-Bochenek-96x96.jpg","contentUrl":"https:\/\/www.apaczka.pl\/app\/uploads\/2025\/04\/cropped-Barbara-Bochenek-96x96.jpg","caption":"Barbara Bochenek"},"description":"Pomagam firmom sprawniej zarz\u0105dza\u0107 wysy\u0142k\u0105 i budowa\u0107 przewag\u0119 w logistyce dzi\u0119ki trafnej komunikacji i rzetelnym tre\u015bciom. Jako specjalistka ds. komunikacji i content marketingu z pasj\u0105 do innowacji logistycznych tworz\u0119 artyku\u0142y, e-booki, materia\u0142y edukacyjne i case studies, kt\u00f3re pokazuj\u0105, jak rozwi\u0105zania Apaczka usprawniaj\u0105 procesy i wspieraj\u0105 rozw\u00f3j biznesu. W pracy stawiam na jasny przekaz, konkretne dane i tre\u015bci, kt\u00f3re realnie u\u0142atwiaj\u0105 klientom podejmowanie decyzji.","sameAs":["https:\/\/www.linkedin.com\/in\/barbarabochenek\/"],"jobTitle":"Junior Content & Social Media Manager","url":"https:\/\/www.apaczka.pl\/en\/blog\/author\/barbara-bochenek\/"}]}},"_links":{"self":[{"href":"https:\/\/www.apaczka.pl\/en\/wp-json\/wp\/v2\/news\/38317","targetHints":{"allow":["GET"]}}],"collection":[{"href":"https:\/\/www.apaczka.pl\/en\/wp-json\/wp\/v2\/news"}],"about":[{"href":"https:\/\/www.apaczka.pl\/en\/wp-json\/wp\/v2\/types\/news"}],"author":[{"embeddable":true,"href":"https:\/\/www.apaczka.pl\/en\/wp-json\/wp\/v2\/users\/10"}],"version-history":[{"count":10,"href":"https:\/\/www.apaczka.pl\/en\/wp-json\/wp\/v2\/news\/38317\/revisions"}],"predecessor-version":[{"id":38676,"href":"https:\/\/www.apaczka.pl\/en\/wp-json\/wp\/v2\/news\/38317\/revisions\/38676"}],"wp:featuredmedia":[{"embeddable":true,"href":"https:\/\/www.apaczka.pl\/en\/wp-json\/wp\/v2\/media\/22257"}],"wp:attachment":[{"href":"https:\/\/www.apaczka.pl\/en\/wp-json\/wp\/v2\/media?parent=38317"}],"wp:term":[{"taxonomy":"news_category","embeddable":true,"href":"https:\/\/www.apaczka.pl\/en\/wp-json\/wp\/v2\/news_category?post=38317"},{"taxonomy":"news_tag","embeddable":true,"href":"https:\/\/www.apaczka.pl\/en\/wp-json\/wp\/v2\/news_tag?post=38317"}],"curies":[{"name":"wp","href":"https:\/\/api.w.org\/{rel}","templated":true}]}}