{"id":35997,"date":"2025-07-30T13:15:41","date_gmt":"2025-07-30T13:15:41","guid":{"rendered":"https:\/\/www.apaczka.pl\/?post_type=news&#038;p=35997"},"modified":"2025-08-08T13:47:21","modified_gmt":"2025-08-08T13:47:21","slug":"palety-opoznienia-w-transporcie-z-i-do-wloch-hiszpanii-francji-grecji","status":"publish","type":"news","link":"https:\/\/www.apaczka.pl\/en\/aktualnosci\/palety-opoznienia-w-transporcie-z-i-do-wloch-hiszpanii-francji-grecji\/","title":{"rendered":"Palety &#8211; op\u00f3\u017anienia w transporcie z i do: W\u0142och, Hiszpanii, Francji, Grecji"},"content":{"rendered":"\n<p>Informujemy, \u017ce w zwi\u0105zku z przerw\u0105 urlopow\u0105 znacz\u0105cej liczby przedsi\u0119biorstw we W\u0142oszech, Hiszpanii, Francji oraz Grecji wyst\u0119puj\u0105 op\u00f3\u017anienia w odbiorach i dor\u0119czeniach przesy\u0142ek paletowych, kt\u00f3re potrwaj\u0105 do ko\u0144ca sierpnia. <\/p>\n\n\n\n<p>Poni\u017cej harmonogram prac na sierpie\u0144 oraz terminy wznowienia prac w standardowym trybie u poszczeg\u00f3lnych przewo\u017anik\u00f3w:<\/p>\n\n\n\n<p><strong>Geodis<\/strong><\/p>\n\n\n\n<ul class=\"wp-block-list\">\n<li>30.07-22.08.2025 r. zawieszony kierunek z Polski do W\u0142och<\/li>\n\n\n\n<li>28.07-29.08 r. zawieszony kierunek z W\u0142och do Polski<\/li>\n\n\n\n<li>11-22.08.2025 r. ograniczony kierunek z Polski do Hiszpanii<\/li>\n\n\n\n<li>26.08.2025 r. wznowienie kierunku z Polski do W\u0142och<\/li>\n\n\n\n<li>29.08.2025 r. wznowienie kierunku z W\u0142och do Polski<\/li>\n\n\n\n<li>Op\u00f3\u017anienia mog\u0105 wyst\u0119powa\u0107 w sierpniu r\u00f3wnie\u017c na kierunkach z i do: Francji.<\/li>\n<\/ul>\n\n\n\n<p><strong>Raben<\/strong><\/p>\n\n\n\n<ul class=\"wp-block-list\">\n<li>07-22.08.2025 r. zawieszony kierunek z Polski do W\u0142och oraz z W\u0142och do Polski.<\/li>\n\n\n\n<li>22.08.2025 r. wznowienie kierunku z Polski do W\u0142och<\/li>\n\n\n\n<li>25.08.2025 r. wznowienie kierunku z W\u0142och do Polski<\/li>\n\n\n\n<li>Op\u00f3\u017anienia mog\u0105 wyst\u0119powa\u0107 w sierpniu r\u00f3wnie\u017c na kierunkach z i do: Hiszpanii, Grecji, Francji.<\/li>\n<\/ul>\n\n\n\n<p><strong>Hellmann<\/strong><\/p>\n\n\n\n<ul class=\"wp-block-list\">\n<li>01-16.08.2025 r. op\u00f3\u017anienia kierunku z W\u0142och do Polski (przewo\u017anik nie wysy\u0142a aut liniowych do W\u0142och do 19.08, a auta importowe do 22.08).<\/li>\n<\/ul>\n\n\n\n<p><\/p>\n","protected":false},"excerpt":{"rendered":"<p>Informujemy, \u017ce w zwi\u0105zku z przerw\u0105 urlopow\u0105 znacz\u0105cej liczby przedsi\u0119biorstw we W\u0142oszech, Hiszpanii, Francji oraz Grecji wyst\u0119puj\u0105 op\u00f3\u017anienia w odbiorach i dor\u0119czeniach przesy\u0142ek paletowych, kt\u00f3re potrwaj\u0105 do ko\u0144ca sierpnia. Poni\u017cej harmonogram prac na sierpie\u0144 oraz terminy wznowienia prac w standardowym trybie u poszczeg\u00f3lnych przewo\u017anik\u00f3w: Geodis Raben Hellmann<\/p>\n","protected":false},"author":7,"featured_media":23125,"template":"","meta":{"_acf_changed":false,"footnotes":""},"news_category":[],"news_tag":[],"class_list":["post-35997","news","type-news","status-publish","has-post-thumbnail","hentry"],"acf":[],"yoast_head":"<!-- This site is optimized with the Yoast SEO Premium plugin v27.3 (Yoast SEO v27.3) - https:\/\/yoast.com\/product\/yoast-seo-premium-wordpress\/ -->\n<title>Palety - op\u00f3\u017anienia w transporcie z i do: W\u0142och, Hiszpanii, Francji, Grecji - Apaczka<\/title>\n<meta name=\"robots\" content=\"noindex, follow\" \/>\n<meta property=\"og:locale\" content=\"en_US\" \/>\n<meta property=\"og:type\" content=\"article\" \/>\n<meta property=\"og:title\" content=\"Palety - op\u00f3\u017anienia w transporcie z i do: W\u0142och, Hiszpanii, Francji, Grecji\" \/>\n<meta property=\"og:description\" content=\"Informujemy, \u017ce w zwi\u0105zku z przerw\u0105 urlopow\u0105 znacz\u0105cej liczby przedsi\u0119biorstw we W\u0142oszech, Hiszpanii, Francji oraz Grecji wyst\u0119puj\u0105 op\u00f3\u017anienia w odbiorach i dor\u0119czeniach przesy\u0142ek paletowych, kt\u00f3re potrwaj\u0105 do ko\u0144ca sierpnia. Poni\u017cej harmonogram prac na sierpie\u0144 oraz terminy wznowienia prac w standardowym trybie u poszczeg\u00f3lnych przewo\u017anik\u00f3w: Geodis Raben Hellmann\" \/>\n<meta property=\"og:url\" content=\"https:\/\/www.apaczka.pl\/en\/aktualnosci\/palety-opoznienia-w-transporcie-z-i-do-wloch-hiszpanii-francji-grecji\/\" \/>\n<meta property=\"og:site_name\" content=\"Apaczka\" \/>\n<meta property=\"article:publisher\" content=\"https:\/\/www.facebook.com\/ApaczkaPL\/\" \/>\n<meta property=\"article:modified_time\" content=\"2025-08-08T13:47:21+00:00\" \/>\n<meta property=\"og:image\" content=\"https:\/\/www.apaczka.pl\/app\/uploads\/2024\/02\/blog_wazne.webp\" \/>\n\t<meta property=\"og:image:width\" content=\"1070\" \/>\n\t<meta property=\"og:image:height\" content=\"456\" \/>\n\t<meta property=\"og:image:type\" content=\"image\/webp\" \/>\n<meta name=\"twitter:card\" content=\"summary_large_image\" \/>\n<meta name=\"twitter:label1\" content=\"Est. reading time\" \/>\n\t<meta name=\"twitter:data1\" content=\"1 minute\" \/>\n<script type=\"application\/ld+json\" class=\"yoast-schema-graph\">{\"@context\":\"https:\\\/\\\/schema.org\",\"@graph\":[{\"@type\":\"NewsArticle\",\"@id\":\"https:\\\/\\\/www.apaczka.pl\\\/en\\\/aktualnosci\\\/palety-opoznienia-w-transporcie-z-i-do-wloch-hiszpanii-francji-grecji\\\/#article\",\"isPartOf\":{\"@id\":\"https:\\\/\\\/www.apaczka.pl\\\/en\\\/aktualnosci\\\/palety-opoznienia-w-transporcie-z-i-do-wloch-hiszpanii-francji-grecji\\\/\"},\"author\":{\"name\":\"Emilia Kowalczyk\",\"@id\":\"https:\\\/\\\/www.apaczka.pl\\\/en\\\/#\\\/schema\\\/person\\\/d38f7b640f705b127d9c02b12741e46d\"},\"headline\":\"Palety &#8211; op\u00f3\u017anienia w transporcie z i do: W\u0142och, Hiszpanii, Francji, Grecji\",\"datePublished\":\"2025-07-30T13:15:41+00:00\",\"dateModified\":\"2025-08-08T13:47:21+00:00\",\"mainEntityOfPage\":{\"@id\":\"https:\\\/\\\/www.apaczka.pl\\\/en\\\/aktualnosci\\\/palety-opoznienia-w-transporcie-z-i-do-wloch-hiszpanii-francji-grecji\\\/\"},\"wordCount\":205,\"publisher\":{\"@id\":\"https:\\\/\\\/www.apaczka.pl\\\/en\\\/#organization\"},\"image\":{\"@id\":\"https:\\\/\\\/www.apaczka.pl\\\/en\\\/aktualnosci\\\/palety-opoznienia-w-transporcie-z-i-do-wloch-hiszpanii-francji-grecji\\\/#primaryimage\"},\"thumbnailUrl\":\"https:\\\/\\\/www.apaczka.pl\\\/app\\\/uploads\\\/2024\\\/02\\\/blog_wazne.webp\",\"inLanguage\":\"en-US\"},{\"@type\":\"WebPage\",\"@id\":\"https:\\\/\\\/www.apaczka.pl\\\/en\\\/aktualnosci\\\/palety-opoznienia-w-transporcie-z-i-do-wloch-hiszpanii-francji-grecji\\\/\",\"url\":\"https:\\\/\\\/www.apaczka.pl\\\/en\\\/aktualnosci\\\/palety-opoznienia-w-transporcie-z-i-do-wloch-hiszpanii-francji-grecji\\\/\",\"name\":\"Palety - op\u00f3\u017anienia w transporcie z i do: W\u0142och, Hiszpanii, Francji, Grecji - Apaczka\",\"isPartOf\":{\"@id\":\"https:\\\/\\\/www.apaczka.pl\\\/en\\\/#website\"},\"primaryImageOfPage\":{\"@id\":\"https:\\\/\\\/www.apaczka.pl\\\/en\\\/aktualnosci\\\/palety-opoznienia-w-transporcie-z-i-do-wloch-hiszpanii-francji-grecji\\\/#primaryimage\"},\"image\":{\"@id\":\"https:\\\/\\\/www.apaczka.pl\\\/en\\\/aktualnosci\\\/palety-opoznienia-w-transporcie-z-i-do-wloch-hiszpanii-francji-grecji\\\/#primaryimage\"},\"thumbnailUrl\":\"https:\\\/\\\/www.apaczka.pl\\\/app\\\/uploads\\\/2024\\\/02\\\/blog_wazne.webp\",\"datePublished\":\"2025-07-30T13:15:41+00:00\",\"dateModified\":\"2025-08-08T13:47:21+00:00\",\"breadcrumb\":{\"@id\":\"https:\\\/\\\/www.apaczka.pl\\\/en\\\/aktualnosci\\\/palety-opoznienia-w-transporcie-z-i-do-wloch-hiszpanii-francji-grecji\\\/#breadcrumb\"},\"inLanguage\":\"en-US\",\"potentialAction\":[{\"@type\":\"ReadAction\",\"target\":[\"https:\\\/\\\/www.apaczka.pl\\\/en\\\/aktualnosci\\\/palety-opoznienia-w-transporcie-z-i-do-wloch-hiszpanii-francji-grecji\\\/\"]}]},{\"@type\":\"ImageObject\",\"inLanguage\":\"en-US\",\"@id\":\"https:\\\/\\\/www.apaczka.pl\\\/en\\\/aktualnosci\\\/palety-opoznienia-w-transporcie-z-i-do-wloch-hiszpanii-francji-grecji\\\/#primaryimage\",\"url\":\"https:\\\/\\\/www.apaczka.pl\\\/app\\\/uploads\\\/2024\\\/02\\\/blog_wazne.webp\",\"contentUrl\":\"https:\\\/\\\/www.apaczka.pl\\\/app\\\/uploads\\\/2024\\\/02\\\/blog_wazne.webp\",\"width\":1070,\"height\":456,\"caption\":\"wa\u017cne\"},{\"@type\":\"BreadcrumbList\",\"@id\":\"https:\\\/\\\/www.apaczka.pl\\\/en\\\/aktualnosci\\\/palety-opoznienia-w-transporcie-z-i-do-wloch-hiszpanii-francji-grecji\\\/#breadcrumb\",\"itemListElement\":[{\"@type\":\"ListItem\",\"position\":1,\"name\":\"Apaczka\",\"item\":\"https:\\\/\\\/www.apaczka.pl\\\/en\\\/\"},{\"@type\":\"ListItem\",\"position\":2,\"name\":\"Aktualno\u015bci\",\"item\":\"https:\\\/\\\/www.apaczka.pl\\\/en\\\/aktualnosci\\\/\"},{\"@type\":\"ListItem\",\"position\":3,\"name\":\"Palety &#8211; op\u00f3\u017anienia w transporcie z i do: W\u0142och, Hiszpanii, Francji, Grecji\"}]},{\"@type\":\"WebSite\",\"@id\":\"https:\\\/\\\/www.apaczka.pl\\\/en\\\/#website\",\"url\":\"https:\\\/\\\/www.apaczka.pl\\\/en\\\/\",\"name\":\"Apaczka\",\"description\":\"Rozwi\u0105zania do zarz\u0105dzania procesami wysy\u0142kowymi dla firm\",\"publisher\":{\"@id\":\"https:\\\/\\\/www.apaczka.pl\\\/en\\\/#organization\"},\"potentialAction\":[{\"@type\":\"SearchAction\",\"target\":{\"@type\":\"EntryPoint\",\"urlTemplate\":\"https:\\\/\\\/www.apaczka.pl\\\/en\\\/?s={search_term_string}\"},\"query-input\":{\"@type\":\"PropertyValueSpecification\",\"valueRequired\":true,\"valueName\":\"search_term_string\"}}],\"inLanguage\":\"en-US\"},{\"@type\":\"Organization\",\"@id\":\"https:\\\/\\\/www.apaczka.pl\\\/en\\\/#organization\",\"name\":\"Apaczka\",\"url\":\"https:\\\/\\\/www.apaczka.pl\\\/en\\\/\",\"logo\":{\"@type\":\"ImageObject\",\"inLanguage\":\"en-US\",\"@id\":\"https:\\\/\\\/www.apaczka.pl\\\/en\\\/#\\\/schema\\\/logo\\\/image\\\/\",\"url\":\"https:\\\/\\\/www.apaczka.pl\\\/app\\\/uploads\\\/2024\\\/05\\\/cropped-Apaczka-Full-Logotype-Full-Color.png\",\"contentUrl\":\"https:\\\/\\\/www.apaczka.pl\\\/app\\\/uploads\\\/2024\\\/05\\\/cropped-Apaczka-Full-Logotype-Full-Color.png\",\"width\":1337,\"height\":405,\"caption\":\"Apaczka\"},\"image\":{\"@id\":\"https:\\\/\\\/www.apaczka.pl\\\/en\\\/#\\\/schema\\\/logo\\\/image\\\/\"},\"sameAs\":[\"https:\\\/\\\/www.facebook.com\\\/ApaczkaPL\\\/\",\"https:\\\/\\\/www.linkedin.com\\\/company\\\/apaczka-alsendo-sp-z-o-o\\\/\",\"https:\\\/\\\/www.youtube.com\\\/@apaczka-by-alsendo\",\"https:\\\/\\\/g.co\\\/kgs\\\/Ztnp4yQ\",\"https:\\\/\\\/maps.app.goo.gl\\\/iUwRn8EGrQJAk4LB9\",\"https:\\\/\\\/www.trustpilot.com\\\/review\\\/www.apaczka.pl\",\"https:\\\/\\\/www.crunchbase.com\\\/organization\\\/apaczka\",\"https:\\\/\\\/www.ekomi-pl.com\\\/opinie-apaczka.html\",\"https:\\\/\\\/www.wikidata.org\\\/wiki\\\/Q135189453\"],\"description\":\"Apaczka.pl to platforma technologiczna do zarz\u0105dzania wysy\u0142kami i dostawami dla firm. Jeste\u015bmy sprawdzonym partnerem w zakresie proces\u00f3w wysy\u0142kowych dzia\u0142aj\u0105cym od ponad 15 lat na rynku. Integrujemy szeroki wachlarz us\u0142ug kurierskich oraz dedykowanych us\u0142ug w\u0142asnych skierowanych do wszystkich przedsi\u0119biorc\u00f3w, tak\u017ce tych, kt\u00f3rzy dopiero zaczynaj\u0105 swoj\u0105 dzia\u0142alno\u015b\u0107. Oferowane przez nas rozwi\u0105zania s\u0105 wykorzystywane przez firmy z bran\u017cy e-commerce, du\u017ce podmioty typu marketplace, ale r\u00f3wnie\u017c niewielkie firmy nadaj\u0105ce kilkana\u015bcie przesy\u0142ek miesi\u0119cznie. Konsekwentnie wspieramy firmy w rozwoju ich biznesu, udost\u0119pniaj\u0105c bez \u017cadnych op\u0142at gotowe narz\u0119dzia u\u0142atwiaj\u0105ce codzienn\u0105 logistyk\u0119. Nasi Klienci wysy\u0142aj\u0105 ponad 2,5 miliona przesy\u0142ek ka\u017cdego miesi\u0105ca korzystaj\u0105c z naszych unikalnych technologii. Nasze mocne strony: - Mo\u017cliwo\u015b\u0107 por\u00f3wnania ofert wiod\u0105cych firm kurierskich w Polsce i na \u015bwiecie: DHL, UPS, DPD, Fedex, Poczta Polska, Geis, InPost, GLS, Ambro, Hellmann i wielu innych, - Mo\u017cliwo\u015b\u0107 indywidualnego negocjowania stawek w zale\u017cno\u015bci od ilo\u015bci przesy\u0142ek i ich rodzaju (palety, p\u00f3\u0142palety, przesy\u0142ki krajowe, mi\u0119dzynarodowe), - Jedna, prosta integracja API z wieloma platformami e-commerce, marketplace i systemami ERP, WMS., daj\u0105ca dost\u0119p do ca\u0142ej naszej oferty kurierskiej, - Mo\u017cliwo\u015b\u0107 automatyzacji i optymalizacji proces\u00f3w wysy\u0142kowych, -Indywidualny Opiekun Handlowy zapewniaj\u0105cy wsparcie merytoryczne z zakresu rozwi\u0105za\u0144 kurierskich w zale\u017cno\u015bci od bran\u017cy Klienta, rodzaju przesy\u0142ek i metod dostawy, - Bezp\u0142atne integracje z 50 platformami sklepowymi, mo\u017cliwo\u015b\u0107 import\u00f3w (w tym Allegro) oraz wsparcie dzia\u0142u IT, -Personalizacja komunikacji z odbiorcami przesy\u0142ek na etapie post-checkout, modu\u0142 zwrot\u00f3w i analityka danych logistycznych, -Brak minim\u00f3w wysy\u0142kowych i wygodne formy rozlicze\u0144. Apaczka.pl: por\u00f3wnuj ceny kurier\u00f3w, automatyzuj procesy wysy\u0142kowe.\",\"legalName\":\"Alsendo sp. z o.o.\",\"foundingDate\":\"2009-08-17\",\"vatID\":\"PL8971840043\",\"taxID\":\"367328934\",\"numberOfEmployees\":{\"@type\":\"QuantitativeValue\",\"minValue\":\"51\",\"maxValue\":\"200\"}},{\"@type\":\"Person\",\"@id\":\"https:\\\/\\\/www.apaczka.pl\\\/en\\\/#\\\/schema\\\/person\\\/d38f7b640f705b127d9c02b12741e46d\",\"name\":\"Emilia Kowalczyk\",\"image\":{\"@type\":\"ImageObject\",\"inLanguage\":\"en-US\",\"@id\":\"https:\\\/\\\/secure.gravatar.com\\\/avatar\\\/33c9ad307b7b859bb8ff56eff57cf1293d3b757b2ec0499d5e176a854c10a90e?s=96&d=mm&r=g\",\"url\":\"https:\\\/\\\/secure.gravatar.com\\\/avatar\\\/33c9ad307b7b859bb8ff56eff57cf1293d3b757b2ec0499d5e176a854c10a90e?s=96&d=mm&r=g\",\"contentUrl\":\"https:\\\/\\\/secure.gravatar.com\\\/avatar\\\/33c9ad307b7b859bb8ff56eff57cf1293d3b757b2ec0499d5e176a854c10a90e?s=96&d=mm&r=g\",\"caption\":\"Emilia Kowalczyk\"},\"url\":\"https:\\\/\\\/www.apaczka.pl\\\/en\\\/blog\\\/author\\\/emilia-kowalczyk\\\/\"}]}<\/script>\n<!-- \/ Yoast SEO Premium plugin. -->","yoast_head_json":{"title":"Palety - op\u00f3\u017anienia w transporcie z i do: W\u0142och, Hiszpanii, Francji, Grecji - Apaczka","robots":{"index":"noindex","follow":"follow"},"og_locale":"en_US","og_type":"article","og_title":"Palety - op\u00f3\u017anienia w transporcie z i do: W\u0142och, Hiszpanii, Francji, Grecji","og_description":"Informujemy, \u017ce w zwi\u0105zku z przerw\u0105 urlopow\u0105 znacz\u0105cej liczby przedsi\u0119biorstw we W\u0142oszech, Hiszpanii, Francji oraz Grecji wyst\u0119puj\u0105 op\u00f3\u017anienia w odbiorach i dor\u0119czeniach przesy\u0142ek paletowych, kt\u00f3re potrwaj\u0105 do ko\u0144ca sierpnia. Poni\u017cej harmonogram prac na sierpie\u0144 oraz terminy wznowienia prac w standardowym trybie u poszczeg\u00f3lnych przewo\u017anik\u00f3w: Geodis Raben Hellmann","og_url":"https:\/\/www.apaczka.pl\/en\/aktualnosci\/palety-opoznienia-w-transporcie-z-i-do-wloch-hiszpanii-francji-grecji\/","og_site_name":"Apaczka","article_publisher":"https:\/\/www.facebook.com\/ApaczkaPL\/","article_modified_time":"2025-08-08T13:47:21+00:00","og_image":[{"width":1070,"height":456,"url":"https:\/\/www.apaczka.pl\/app\/uploads\/2024\/02\/blog_wazne.webp","type":"image\/webp"}],"twitter_card":"summary_large_image","twitter_misc":{"Est. reading time":"1 minute"},"schema":{"@context":"https:\/\/schema.org","@graph":[{"@type":"NewsArticle","@id":"https:\/\/www.apaczka.pl\/en\/aktualnosci\/palety-opoznienia-w-transporcie-z-i-do-wloch-hiszpanii-francji-grecji\/#article","isPartOf":{"@id":"https:\/\/www.apaczka.pl\/en\/aktualnosci\/palety-opoznienia-w-transporcie-z-i-do-wloch-hiszpanii-francji-grecji\/"},"author":{"name":"Emilia Kowalczyk","@id":"https:\/\/www.apaczka.pl\/en\/#\/schema\/person\/d38f7b640f705b127d9c02b12741e46d"},"headline":"Palety &#8211; op\u00f3\u017anienia w transporcie z i do: W\u0142och, Hiszpanii, Francji, Grecji","datePublished":"2025-07-30T13:15:41+00:00","dateModified":"2025-08-08T13:47:21+00:00","mainEntityOfPage":{"@id":"https:\/\/www.apaczka.pl\/en\/aktualnosci\/palety-opoznienia-w-transporcie-z-i-do-wloch-hiszpanii-francji-grecji\/"},"wordCount":205,"publisher":{"@id":"https:\/\/www.apaczka.pl\/en\/#organization"},"image":{"@id":"https:\/\/www.apaczka.pl\/en\/aktualnosci\/palety-opoznienia-w-transporcie-z-i-do-wloch-hiszpanii-francji-grecji\/#primaryimage"},"thumbnailUrl":"https:\/\/www.apaczka.pl\/app\/uploads\/2024\/02\/blog_wazne.webp","inLanguage":"en-US"},{"@type":"WebPage","@id":"https:\/\/www.apaczka.pl\/en\/aktualnosci\/palety-opoznienia-w-transporcie-z-i-do-wloch-hiszpanii-francji-grecji\/","url":"https:\/\/www.apaczka.pl\/en\/aktualnosci\/palety-opoznienia-w-transporcie-z-i-do-wloch-hiszpanii-francji-grecji\/","name":"Palety - op\u00f3\u017anienia w transporcie z i do: W\u0142och, Hiszpanii, Francji, Grecji - Apaczka","isPartOf":{"@id":"https:\/\/www.apaczka.pl\/en\/#website"},"primaryImageOfPage":{"@id":"https:\/\/www.apaczka.pl\/en\/aktualnosci\/palety-opoznienia-w-transporcie-z-i-do-wloch-hiszpanii-francji-grecji\/#primaryimage"},"image":{"@id":"https:\/\/www.apaczka.pl\/en\/aktualnosci\/palety-opoznienia-w-transporcie-z-i-do-wloch-hiszpanii-francji-grecji\/#primaryimage"},"thumbnailUrl":"https:\/\/www.apaczka.pl\/app\/uploads\/2024\/02\/blog_wazne.webp","datePublished":"2025-07-30T13:15:41+00:00","dateModified":"2025-08-08T13:47:21+00:00","breadcrumb":{"@id":"https:\/\/www.apaczka.pl\/en\/aktualnosci\/palety-opoznienia-w-transporcie-z-i-do-wloch-hiszpanii-francji-grecji\/#breadcrumb"},"inLanguage":"en-US","potentialAction":[{"@type":"ReadAction","target":["https:\/\/www.apaczka.pl\/en\/aktualnosci\/palety-opoznienia-w-transporcie-z-i-do-wloch-hiszpanii-francji-grecji\/"]}]},{"@type":"ImageObject","inLanguage":"en-US","@id":"https:\/\/www.apaczka.pl\/en\/aktualnosci\/palety-opoznienia-w-transporcie-z-i-do-wloch-hiszpanii-francji-grecji\/#primaryimage","url":"https:\/\/www.apaczka.pl\/app\/uploads\/2024\/02\/blog_wazne.webp","contentUrl":"https:\/\/www.apaczka.pl\/app\/uploads\/2024\/02\/blog_wazne.webp","width":1070,"height":456,"caption":"wa\u017cne"},{"@type":"BreadcrumbList","@id":"https:\/\/www.apaczka.pl\/en\/aktualnosci\/palety-opoznienia-w-transporcie-z-i-do-wloch-hiszpanii-francji-grecji\/#breadcrumb","itemListElement":[{"@type":"ListItem","position":1,"name":"Apaczka","item":"https:\/\/www.apaczka.pl\/en\/"},{"@type":"ListItem","position":2,"name":"Aktualno\u015bci","item":"https:\/\/www.apaczka.pl\/en\/aktualnosci\/"},{"@type":"ListItem","position":3,"name":"Palety &#8211; op\u00f3\u017anienia w transporcie z i do: W\u0142och, Hiszpanii, Francji, Grecji"}]},{"@type":"WebSite","@id":"https:\/\/www.apaczka.pl\/en\/#website","url":"https:\/\/www.apaczka.pl\/en\/","name":"Apaczka","description":"Rozwi\u0105zania do zarz\u0105dzania procesami wysy\u0142kowymi dla firm","publisher":{"@id":"https:\/\/www.apaczka.pl\/en\/#organization"},"potentialAction":[{"@type":"SearchAction","target":{"@type":"EntryPoint","urlTemplate":"https:\/\/www.apaczka.pl\/en\/?s={search_term_string}"},"query-input":{"@type":"PropertyValueSpecification","valueRequired":true,"valueName":"search_term_string"}}],"inLanguage":"en-US"},{"@type":"Organization","@id":"https:\/\/www.apaczka.pl\/en\/#organization","name":"Apaczka","url":"https:\/\/www.apaczka.pl\/en\/","logo":{"@type":"ImageObject","inLanguage":"en-US","@id":"https:\/\/www.apaczka.pl\/en\/#\/schema\/logo\/image\/","url":"https:\/\/www.apaczka.pl\/app\/uploads\/2024\/05\/cropped-Apaczka-Full-Logotype-Full-Color.png","contentUrl":"https:\/\/www.apaczka.pl\/app\/uploads\/2024\/05\/cropped-Apaczka-Full-Logotype-Full-Color.png","width":1337,"height":405,"caption":"Apaczka"},"image":{"@id":"https:\/\/www.apaczka.pl\/en\/#\/schema\/logo\/image\/"},"sameAs":["https:\/\/www.facebook.com\/ApaczkaPL\/","https:\/\/www.linkedin.com\/company\/apaczka-alsendo-sp-z-o-o\/","https:\/\/www.youtube.com\/@apaczka-by-alsendo","https:\/\/g.co\/kgs\/Ztnp4yQ","https:\/\/maps.app.goo.gl\/iUwRn8EGrQJAk4LB9","https:\/\/www.trustpilot.com\/review\/www.apaczka.pl","https:\/\/www.crunchbase.com\/organization\/apaczka","https:\/\/www.ekomi-pl.com\/opinie-apaczka.html","https:\/\/www.wikidata.org\/wiki\/Q135189453"],"description":"Apaczka.pl to platforma technologiczna do zarz\u0105dzania wysy\u0142kami i dostawami dla firm. Jeste\u015bmy sprawdzonym partnerem w zakresie proces\u00f3w wysy\u0142kowych dzia\u0142aj\u0105cym od ponad 15 lat na rynku. Integrujemy szeroki wachlarz us\u0142ug kurierskich oraz dedykowanych us\u0142ug w\u0142asnych skierowanych do wszystkich przedsi\u0119biorc\u00f3w, tak\u017ce tych, kt\u00f3rzy dopiero zaczynaj\u0105 swoj\u0105 dzia\u0142alno\u015b\u0107. Oferowane przez nas rozwi\u0105zania s\u0105 wykorzystywane przez firmy z bran\u017cy e-commerce, du\u017ce podmioty typu marketplace, ale r\u00f3wnie\u017c niewielkie firmy nadaj\u0105ce kilkana\u015bcie przesy\u0142ek miesi\u0119cznie. Konsekwentnie wspieramy firmy w rozwoju ich biznesu, udost\u0119pniaj\u0105c bez \u017cadnych op\u0142at gotowe narz\u0119dzia u\u0142atwiaj\u0105ce codzienn\u0105 logistyk\u0119. Nasi Klienci wysy\u0142aj\u0105 ponad 2,5 miliona przesy\u0142ek ka\u017cdego miesi\u0105ca korzystaj\u0105c z naszych unikalnych technologii. Nasze mocne strony: - Mo\u017cliwo\u015b\u0107 por\u00f3wnania ofert wiod\u0105cych firm kurierskich w Polsce i na \u015bwiecie: DHL, UPS, DPD, Fedex, Poczta Polska, Geis, InPost, GLS, Ambro, Hellmann i wielu innych, - Mo\u017cliwo\u015b\u0107 indywidualnego negocjowania stawek w zale\u017cno\u015bci od ilo\u015bci przesy\u0142ek i ich rodzaju (palety, p\u00f3\u0142palety, przesy\u0142ki krajowe, mi\u0119dzynarodowe), - Jedna, prosta integracja API z wieloma platformami e-commerce, marketplace i systemami ERP, WMS., daj\u0105ca dost\u0119p do ca\u0142ej naszej oferty kurierskiej, - Mo\u017cliwo\u015b\u0107 automatyzacji i optymalizacji proces\u00f3w wysy\u0142kowych, -Indywidualny Opiekun Handlowy zapewniaj\u0105cy wsparcie merytoryczne z zakresu rozwi\u0105za\u0144 kurierskich w zale\u017cno\u015bci od bran\u017cy Klienta, rodzaju przesy\u0142ek i metod dostawy, - Bezp\u0142atne integracje z 50 platformami sklepowymi, mo\u017cliwo\u015b\u0107 import\u00f3w (w tym Allegro) oraz wsparcie dzia\u0142u IT, -Personalizacja komunikacji z odbiorcami przesy\u0142ek na etapie post-checkout, modu\u0142 zwrot\u00f3w i analityka danych logistycznych, -Brak minim\u00f3w wysy\u0142kowych i wygodne formy rozlicze\u0144. Apaczka.pl: por\u00f3wnuj ceny kurier\u00f3w, automatyzuj procesy wysy\u0142kowe.","legalName":"Alsendo sp. z o.o.","foundingDate":"2009-08-17","vatID":"PL8971840043","taxID":"367328934","numberOfEmployees":{"@type":"QuantitativeValue","minValue":"51","maxValue":"200"}},{"@type":"Person","@id":"https:\/\/www.apaczka.pl\/en\/#\/schema\/person\/d38f7b640f705b127d9c02b12741e46d","name":"Emilia Kowalczyk","image":{"@type":"ImageObject","inLanguage":"en-US","@id":"https:\/\/secure.gravatar.com\/avatar\/33c9ad307b7b859bb8ff56eff57cf1293d3b757b2ec0499d5e176a854c10a90e?s=96&d=mm&r=g","url":"https:\/\/secure.gravatar.com\/avatar\/33c9ad307b7b859bb8ff56eff57cf1293d3b757b2ec0499d5e176a854c10a90e?s=96&d=mm&r=g","contentUrl":"https:\/\/secure.gravatar.com\/avatar\/33c9ad307b7b859bb8ff56eff57cf1293d3b757b2ec0499d5e176a854c10a90e?s=96&d=mm&r=g","caption":"Emilia Kowalczyk"},"url":"https:\/\/www.apaczka.pl\/en\/blog\/author\/emilia-kowalczyk\/"}]}},"_links":{"self":[{"href":"https:\/\/www.apaczka.pl\/en\/wp-json\/wp\/v2\/news\/35997","targetHints":{"allow":["GET"]}}],"collection":[{"href":"https:\/\/www.apaczka.pl\/en\/wp-json\/wp\/v2\/news"}],"about":[{"href":"https:\/\/www.apaczka.pl\/en\/wp-json\/wp\/v2\/types\/news"}],"author":[{"embeddable":true,"href":"https:\/\/www.apaczka.pl\/en\/wp-json\/wp\/v2\/users\/7"}],"version-history":[{"count":5,"href":"https:\/\/www.apaczka.pl\/en\/wp-json\/wp\/v2\/news\/35997\/revisions"}],"predecessor-version":[{"id":36004,"href":"https:\/\/www.apaczka.pl\/en\/wp-json\/wp\/v2\/news\/35997\/revisions\/36004"}],"wp:featuredmedia":[{"embeddable":true,"href":"https:\/\/www.apaczka.pl\/en\/wp-json\/wp\/v2\/media\/23125"}],"wp:attachment":[{"href":"https:\/\/www.apaczka.pl\/en\/wp-json\/wp\/v2\/media?parent=35997"}],"wp:term":[{"taxonomy":"news_category","embeddable":true,"href":"https:\/\/www.apaczka.pl\/en\/wp-json\/wp\/v2\/news_category?post=35997"},{"taxonomy":"news_tag","embeddable":true,"href":"https:\/\/www.apaczka.pl\/en\/wp-json\/wp\/v2\/news_tag?post=35997"}],"curies":[{"name":"wp","href":"https:\/\/api.w.org\/{rel}","templated":true}]}}