{"id":34372,"date":"2025-06-11T09:19:59","date_gmt":"2025-06-11T09:19:59","guid":{"rendered":"https:\/\/www.apaczka.pl\/?post_type=news&#038;p=34372"},"modified":"2025-06-13T06:22:01","modified_gmt":"2025-06-13T06:22:01","slug":"harmonogram-pracy-przewoznikow-w-boze-cialo-2025","status":"publish","type":"news","link":"https:\/\/www.apaczka.pl\/en\/aktualnosci\/harmonogram-pracy-przewoznikow-w-boze-cialo-2025\/","title":{"rendered":"Harmonogram pracy Przewo\u017anik\u00f3w w Bo\u017ce Cia\u0142o 2025"},"content":{"rendered":"\n<p>Czy firmy kurierskie pracuj\u0105 w Bo\u017ce Cia\u0142o? Jak wygl\u0105da harmonogram ich pracy w czasie d\u0142ugiego weekendu? Zebrali\u015bmy dla Was najwa\u017cniejsze informacje.<\/p>\n\n\n<h2 class=\"simpletoc-title\">Spis tre\u015bci<\/h2>\n<ul class=\"simpletoc-list\">\n<li><a href=\"#h-1-poczta-polska-paczki\">1. Poczta Polska \u2013 paczki<\/a>\n\n<\/li>\n<li><a href=\"#h-2-poczta-polska-palety\">2. Poczta Polska \u2013 palety<\/a>\n\n<\/li>\n<li><a href=\"#h-3-ups\">3. UPS<\/a>\n\n<\/li>\n<li><a href=\"#h-4-geodis\">4. Geodis<\/a>\n\n<\/li>\n<li><a href=\"#h-5-dhl\">5. DHL<\/a>\n\n<\/li>\n<li><a href=\"#h-6-fedex\">6. FedEx<\/a>\n\n<\/li>\n<li><a href=\"#h-7-hellmann-kraj\">7. Hellmann \u2013 kraj<\/a>\n\n<\/li>\n<li><a href=\"#h-8-hellmann-miedzynarodowy\">8. Hellmann \u2013 mi\u0119dzynarodowy<\/a>\n\n<\/li>\n<li><a href=\"#h-9-rhenus\">9. Rhenus<\/a>\n\n<\/li>\n<li><a href=\"#h-10-raben\">10. Raben<\/a>\n\n<\/li>\n<li><a href=\"#h-11-orlen-paczka\">11. Orlen Paczka<\/a>\n\n<\/li>\n<li><a href=\"#h-12-geis\">12. Geis<\/a>\n\n<\/li>\n<li><a href=\"#h-13-inpost\">13. InPost<\/a>\n<\/li><\/ul>\n\n<h2 class=\"wp-block-heading\" id=\"h-1-poczta-polska-paczki\"><strong>1. Poczta Polska \u2013 paczki<\/strong><\/h2>\n\n\n<ul class=\"wp-block-list\">\n<li><strong>19.06.2025 (czwartek)<\/strong> \u2013 brak pracy z racji \u015bwi\u0119ta.<\/li>\n\n\n\n<li>W pozosta\u0142e dni (18.06 i 20.06) firma pracuje w standardowym trybie.<\/li>\n<\/ul>\n\n\n<h2 class=\"wp-block-heading\" id=\"h-2-poczta-polska-palety\"><strong>2. Poczta Polska \u2013 palety<\/strong><\/h2>\n\n\n<ul class=\"wp-block-list\">\n<li><strong>19.06.2025 (czwartek)<\/strong> \u2013 brak pracy z racji \u015bwi\u0119ta.<\/li>\n\n\n\n<li><strong>20.06.2025 (pi\u0105tek)<\/strong> \u2013 nie b\u0119d\u0105 realizowane podj\u0119cia i odbiory przesy\u0142ek paletowych.<\/li>\n<\/ul>\n\n\n<h2 class=\"wp-block-heading\" id=\"h-3-ups\"><strong>3. UPS<\/strong><\/h2>\n\n\n<ul class=\"wp-block-list\">\n<li><strong>19.06.2025 (czwartek)<\/strong> \u2013 brak pracy z racji \u015bwi\u0119ta.<\/li>\n\n\n\n<li><strong>20.06.2025 (pi\u0105tek)<\/strong> \u2013 serwis b\u0119dzie realizowany standardowo.<\/li>\n<\/ul>\n\n\n<h2 class=\"wp-block-heading\" id=\"h-4-geodis\"><strong>4. Geodis<\/strong><\/h2>\n\n\n<ul class=\"wp-block-list\">\n<li><strong>18.06.2025 (\u015broda)<\/strong>&#8211; odbiory i dostawy realizowane w standardowym trybie. Przesy\u0142ki nadane 18.06 s\u0105 planowane do dostawy na 20.06.<\/li>\n\n\n\n<li><strong>19.06.2025 (czwartek)<\/strong> \u2013 brak pracy z racji \u015bwi\u0119ta.<\/li>\n\n\n\n<li><strong>20.06.2025 (pi\u0105tek)<\/strong> &#8211; odbiory i dostawy b\u0119d\u0105 realizowane z ograniczonym dost\u0119pem, wynikaj\u0105cym g\u0142\u00f3wnie z nieobecno\u015bci klient\u00f3w.<\/li>\n<\/ul>\n\n\n<h2 class=\"wp-block-heading\" id=\"h-5-dhl\"><strong>5. DHL<\/strong><\/h2>\n\n\n<ul class=\"wp-block-list\">\n<li><strong>18.06 (\u015broda)<\/strong> \u2013 praca jak w ka\u017cd\u0105 \u015brod\u0119, w zale\u017cno\u015bci od godzin terminala.<\/li>\n\n\n\n<li><strong>19.06.2025 (czwartek)<\/strong> \u2013 brak pracy z racji \u015bwi\u0119ta.<\/li>\n\n\n\n<li><strong>20.06 (pi\u0105tek)<\/strong> \u2013 praca jak w ka\u017cdy pi\u0105tek.<\/li>\n\n\n\n<li><strong>21.06 (sobota)<\/strong> \u2013 praca jak w ka\u017cd\u0105 sobot\u0119, zale\u017cnie od godzin pracy terminala.<\/li>\n<\/ul>\n\n\n<h2 class=\"wp-block-heading\" id=\"h-6-fedex\"><strong>6. FedEx<\/strong><\/h2>\n\n\n<ul class=\"wp-block-list\">\n<li><strong>19.06.2025 (czwartek) <\/strong>\u2013 brak pracy z racji \u015bwi\u0119ta.<\/li>\n\n\n\n<li>Pozosta\u0142e dni \u2013 standardowy tryb pracy.&nbsp;&nbsp;<\/li>\n<\/ul>\n\n\n<h2 class=\"wp-block-heading\" id=\"h-7-hellmann-kraj\"><strong>7. Hellmann \u2013 kraj<\/strong><\/h2>\n\n\n<ul class=\"wp-block-list\">\n<li><strong>18.06 (\u015broda)<\/strong> \u2013 zmniejszona liczba linii.<\/li>\n\n\n\n<li><strong>19.06.2025 (czwartek)<\/strong> \u2013 brak pracy z racji \u015bwi\u0119ta.<\/li>\n\n\n\n<li><strong>20.06.2025 (pi\u0105tek)<\/strong>:\n<ul class=\"wp-block-list\">\n<li>Dystrybucja ograniczona do 25 km od oddzia\u0142\u00f3w, lub mo\u017ce by\u0107 wstrzymana w zale\u017cno\u015bci od wolumenu i mo\u017cliwo\u015bci lokalnych oddzia\u0142\u00f3w.<\/li>\n\n\n\n<li>Oddzia\u0142 w Bia\u0142ymstoku nie pracuje \u2013 brak dostaw w tym regionie.<\/li>\n\n\n\n<li>Zalecenie: przed zg\u0142oszeniem zlecenia upewni\u0107 si\u0119, czy odbiorca jest dost\u0119pny; w przeciwnym razie mo\u017ce zosta\u0107 naliczona op\u0142ata za ponowny kurs.<\/li>\n<\/ul>\n<\/li>\n<\/ul>\n\n\n<h2 class=\"wp-block-heading\" id=\"h-8-hellmann-miedzynarodowy\"><strong>8. Hellmann \u2013 mi\u0119dzynarodowy<\/strong><\/h2>\n\n\n<ul class=\"wp-block-list\">\n<li><strong>18.06.2025 (\u015broda)<\/strong> \u2013 linie mi\u0119dzynarodowe wyje\u017cd\u017caj\u0105 normalnie.<\/li>\n\n\n\n<li><strong>19.06.2025 (czwartek)<\/strong> \u2013 brak pracy z racji \u015bwi\u0119ta.<\/li>\n\n\n\n<li><strong>20.06.2025 (pi\u0105tek)<\/strong> \u2013 Dystrybucja r\u00f3wnie\u017c ograniczana do 25 km od oddzia\u0142\u00f3w. Przewo\u017anik prosi o samodzieln\u0105 decyzj\u0119, czy dostawa ma by\u0107 na 20.06 czy 23.06 \u2013 je\u015bli odbiorca nie b\u0119dzie dost\u0119pny, firma naliczy koszt za drugi podjazd.<\/li>\n<\/ul>\n\n\n<h2 class=\"wp-block-heading\" id=\"h-9-rhenus\"><strong>9. Rhenus<\/strong><\/h2>\n\n\n<ul class=\"wp-block-list\">\n<li><strong>17\u201318.06.2025<\/strong> \u2013 przesy\u0142ki nadane do tych dat b\u0119d\u0105 dor\u0119czane standardowo 18\u201320.06.<\/li>\n\n\n\n<li><strong>19.06.2025 (czwartek)<\/strong> \u2013 brak pracy z racji \u015bwi\u0119ta.<\/li>\n\n\n\n<li><strong>20.06.2025 (pi\u0105tek)<\/strong> &#8211; realizacja dostaw tylko w promieniu do 50 km od Oddzia\u0142u Rhenus lub w wybranych miastach: Szczecin, Lublin, Bia\u0142ystok, Rzesz\u00f3w, Bydgoszcz, Olsztyn, Kielce, I\u0142awa.<\/li>\n\n\n\n<li><strong>23.06<\/strong> \u2013 realizacja przesy\u0142ek nadanych 20.06 (je\u015bli b\u0119d\u0105 przyj\u0119te).<\/li>\n<\/ul>\n\n\n\n<figure class=\"wp-block-image size-full is-resized\"><img loading=\"lazy\" decoding=\"async\" width=\"503\" height=\"393\" src=\"https:\/\/www.apaczka.pl\/app\/uploads\/2025\/06\/Zrzut-ekranu-2025-06-11-111614.png\" alt=\"mapa rhenus\" class=\"wp-image-34383\" style=\"width:282px;height:auto\" srcset=\"https:\/\/www.apaczka.pl\/app\/uploads\/2025\/06\/Zrzut-ekranu-2025-06-11-111614.png 503w, https:\/\/www.apaczka.pl\/app\/uploads\/2025\/06\/Zrzut-ekranu-2025-06-11-111614-300x234.png 300w\" sizes=\"auto, (max-width: 503px) 100vw, 503px\" \/><\/figure>\n\n\n\n<blockquote class=\"wp-block-quote is-layout-flow wp-block-quote-is-layout-flow\">\n<p>Informacja uwzgl\u0119dnia zakaz ruchu pojazd\u00f3w ci\u0119\u017carowych w dniu 19.06 w godz. 8:00\u201322:00.<\/p>\n<\/blockquote>\n\n\n<h2 class=\"wp-block-heading\" id=\"h-10-raben\"><strong>10. Raben<\/strong><\/h2>\n\n\n<ul class=\"wp-block-list\">\n<li><strong>19.06.2025 (czwartek)<\/strong> &#8211; brak pracy w krajach: Austria, Chorwacja, Liechtenstein, Monako, Polska, Portugalia, Hiszpania, Szwajcaria.<\/li>\n\n\n\n<li><strong>19.06.2025 (czwartek)<\/strong> &#8211; nie b\u0119d\u0105 realizowane odbiory ani dostawy, brak eksport\u00f3w i import\u00f3w w tym dniu.<\/li>\n<\/ul>\n\n\n<h2 class=\"wp-block-heading\" id=\"h-11-orlen-paczka\"><strong>11. Orlen Paczka<\/strong><\/h2>\n\n\n<ul class=\"wp-block-list\">\n<li><strong>18.06 (\u015broda)<\/strong> \u2013 odbiory i dostawy realizowane w standardowym trybie.<\/li>\n\n\n\n<li><strong>19.06.2025 (czwartek)<\/strong> \u2013 brak pracy z racji \u015bwi\u0119ta.<\/li>\n\n\n\n<li><strong>20.06 (pi\u0105tek)<\/strong> \u2013 odbiory i dostawy realizowane w standardowym trybie.<\/li>\n\n\n\n<li><strong>21.06 (sobota)<\/strong> \u2013 serwis SOBOTA, dostawa z dnia 20.06.<\/li>\n\n\n\n<li><strong>23.06 (poniedzia\u0142ek)<\/strong> \u2013 odbiory i dostawy realizowane w standardowym trybie.<\/li>\n<\/ul>\n\n\n<h2 class=\"wp-block-heading\" id=\"h-12-geis\"><strong>12. Geis<\/strong><\/h2>\n\n\n<p><strong>Serwis krajowy:<\/strong><\/p>\n\n\n\n<ul class=\"wp-block-list\">\n<li><strong>20.06.2025 (pi\u0105tek)<\/strong>:\n<ul class=\"wp-block-list\">\n<li>Serwis odbior\u00f3w oraz dostaw b\u0119dzie ograniczony<strong> <\/strong>i dostosowany do mo\u017cliwo\u015bci dystrybucyjnych oddzia\u0142\u00f3w.<\/li>\n<\/ul>\n<\/li>\n\n\n\n<li>Przesy\u0142ki nadane w dniach 18.06 i 20.06.2025 b\u0119d\u0105 mia\u0142y wyd\u0142u\u017cony termin dor\u0119czenia z powodu:\n<ul class=\"wp-block-list\">\n<li>ogranicze\u0144 dystrybucyjnych,<\/li>\n\n\n\n<li>spi\u0119trzenia przesy\u0142ek,<\/li>\n\n\n\n<li>ograniczonej dost\u0119pno\u015bci nadawc\u00f3w i odbiorc\u00f3w.<\/li>\n<\/ul>\n<\/li>\n\n\n\n<li><strong>Obs\u0142uga Klienta (Customer Service):<\/strong>\n<ul class=\"wp-block-list\">\n<li><strong>18.06.2025<\/strong> (\u015broda): pracuje w godzinach 8:00\u201314:00.<\/li>\n\n\n\n<li><strong>20.06.2025<\/strong> (pi\u0105tek): brak dost\u0119pno\u015bci, Centrum Obs\u0142ugi Klienta b\u0119dzie zamkni\u0119te.<\/li>\n<\/ul>\n<\/li>\n<\/ul>\n\n\n\n<p><strong>Serwis mi\u0119dzynarodowy:<\/strong><\/p>\n\n\n\n<ul class=\"wp-block-list\">\n<li>Przesy\u0142ki wyje\u017cd\u017caj\u0105ce liniami w dniach 16.06\u201320.06.2025 mog\u0105 mie\u0107 czas tranzytu wyd\u0142u\u017cony o 2\u20133 dni robocze, w zale\u017cno\u015bci od kierunku.<\/li>\n\n\n\n<li>Przesy\u0142ki nadane po ostatnim wyje\u017adzie linii eksportowej przed d\u0142ugim weekendem mog\u0105 zosta\u0107 obci\u0105\u017cone kosztem sk\u0142adowania.<\/li>\n<\/ul>\n\n\n\n<figure class=\"wp-block-image size-full\"><img loading=\"lazy\" decoding=\"async\" width=\"671\" height=\"540\" src=\"https:\/\/www.apaczka.pl\/app\/uploads\/2025\/06\/Zrzut-ekranu-2025-06-11-144416.png\" alt=\"tabela\" class=\"wp-image-34399\" srcset=\"https:\/\/www.apaczka.pl\/app\/uploads\/2025\/06\/Zrzut-ekranu-2025-06-11-144416.png 671w, https:\/\/www.apaczka.pl\/app\/uploads\/2025\/06\/Zrzut-ekranu-2025-06-11-144416-300x241.png 300w\" sizes=\"auto, (max-width: 671px) 100vw, 671px\" \/><\/figure>\n\n\n<h2 class=\"wp-block-heading\" id=\"h-13-inpost\"><strong>13. InPost<\/strong><\/h2>\n\n\n<ul class=\"wp-block-list\">\n<li><strong>18.06 (\u015broda)<\/strong> \u2013 odbiory od Klient\u00f3w (w tym r\u00f3wnie\u017c z urz\u0105dze\u0144 Paczkomat\u00ae i PaczkoPunkt\u00f3w) oraz dor\u0119czenia przesy\u0142ek realizowane w trybie standardowym. Wa\u017cne: przesy\u0142ki nadane tego dnia zostan\u0105 dor\u0119czone 20 czerwca (pi\u0105tek),<\/li>\n\n\n\n<li><strong>19.06.2025 (czwartek) <\/strong>\u2013 brak pracy z racji \u015bwi\u0119ta.<\/li>\n\n\n\n<li><strong>20.06 (pi\u0105tek)<\/strong> \u2013 odbiory od Klient\u00f3w (w tym r\u00f3wnie\u017c z urz\u0105dze\u0144 Paczkomat\u00ae i PaczkoPunkt\u00f3w) oraz dor\u0119czenia przesy\u0142ek realizowane w trybie standardowym.<\/li>\n\n\n\n<li><strong>21.06 (sobota)<\/strong> \u2013 odbiory od Klient\u00f3w b\u0119d\u0105 realizowane w trybie Weekendowych Nada\u0144 w formie\n<ul class=\"wp-block-list\">\n<li>odbior\u00f3w kurierskich zaplanowanych zgodnie ze sta\u0142ym harmonogramem lub jako zlecenia w trybie na tzw. \u201cna \u017c\u0105danie\u201d (ad-hoc),<\/li>\n\n\n\n<li>odbior\u00f3w z urz\u0105dze\u0144 Paczkomat\u00ae, realizowanych dla paczek nadanych do godziny 12:00. Wa\u017cne: Przesy\u0142ki odebrane 21 czerwca (sobota) zostan\u0105 dor\u0119czone 23 czerwca (poniedzia\u0142ek),<\/li>\n<\/ul>\n<\/li>\n\n\n\n<li><strong>23.06 (poniedzia\u0142ek) <\/strong>\u2013 odbiory i dostawy realizowane w standardowym trybie.<\/li>\n<\/ul>\n\n\n\n<p>Nadawanie przesy\u0142ek z platform\u0105&nbsp;<strong>Apaczka.pl&nbsp;<\/strong>odbywa si\u0119 online, a zlecenia mo\u017cna sk\u0142ada\u0107 w dowolnym momencie (r\u00f3wnie\u017c w \u015bwi\u0119ta), trzeba jednak pami\u0119ta\u0107, \u017ce odbiory i dor\u0119czenia przesy\u0142ek b\u0119d\u0105 realizowane zgodnie z harmonogramem pracy firm kurierskich.&nbsp;<\/p>\n","protected":false},"excerpt":{"rendered":"<p>Czy firmy kurierskie pracuj\u0105 w Bo\u017ce Cia\u0142o? Jak wygl\u0105da harmonogram ich pracy w czasie d\u0142ugiego weekendu? Zebrali\u015bmy dla Was najwa\u017cniejsze informacje. 1. Poczta Polska \u2013 paczki 2. Poczta Polska \u2013 palety 3. UPS 4. Geodis 5. DHL 6. FedEx 7. Hellmann \u2013 kraj 8. Hellmann \u2013 mi\u0119dzynarodowy 9. Rhenus Informacja uwzgl\u0119dnia zakaz ruchu pojazd\u00f3w ci\u0119\u017carowych &hellip; <a href=\"https:\/\/www.apaczka.pl\/en\/aktualnosci\/harmonogram-pracy-przewoznikow-w-boze-cialo-2025\/\">Continued<\/a><\/p>\n","protected":false},"author":10,"featured_media":25250,"template":"","meta":{"_acf_changed":false,"footnotes":""},"news_category":[],"news_tag":[],"class_list":["post-34372","news","type-news","status-publish","has-post-thumbnail","hentry"],"acf":[],"yoast_head":"<!-- This site is optimized with the Yoast SEO Premium plugin v27.3 (Yoast SEO v27.3) - https:\/\/yoast.com\/product\/yoast-seo-premium-wordpress\/ -->\n<title>Harmonogram pracy Przewo\u017anik\u00f3w w Bo\u017ce Cia\u0142o 2025 - Apaczka<\/title>\n<meta name=\"robots\" content=\"noindex, follow\" \/>\n<meta property=\"og:locale\" content=\"en_US\" \/>\n<meta property=\"og:type\" content=\"article\" \/>\n<meta property=\"og:title\" content=\"Harmonogram pracy Przewo\u017anik\u00f3w w Bo\u017ce Cia\u0142o 2025\" \/>\n<meta property=\"og:description\" content=\"Czy firmy kurierskie pracuj\u0105 w Bo\u017ce Cia\u0142o? Jak wygl\u0105da harmonogram ich pracy w czasie d\u0142ugiego weekendu? Zebrali\u015bmy dla Was najwa\u017cniejsze informacje. 1. Poczta Polska \u2013 paczki 2. Poczta Polska \u2013 palety 3. UPS 4. Geodis 5. DHL 6. FedEx 7. Hellmann \u2013 kraj 8. Hellmann \u2013 mi\u0119dzynarodowy 9. Rhenus Informacja uwzgl\u0119dnia zakaz ruchu pojazd\u00f3w ci\u0119\u017carowych &hellip; Continued\" \/>\n<meta property=\"og:url\" content=\"https:\/\/www.apaczka.pl\/en\/aktualnosci\/harmonogram-pracy-przewoznikow-w-boze-cialo-2025\/\" \/>\n<meta property=\"og:site_name\" content=\"Apaczka\" \/>\n<meta property=\"article:publisher\" content=\"https:\/\/www.facebook.com\/ApaczkaPL\/\" \/>\n<meta property=\"article:modified_time\" content=\"2025-06-13T06:22:01+00:00\" \/>\n<meta property=\"og:image\" content=\"https:\/\/www.apaczka.pl\/app\/uploads\/2024\/05\/praca_kurierow_apaczka-6.webp\" \/>\n\t<meta property=\"og:image:width\" content=\"1070\" \/>\n\t<meta property=\"og:image:height\" content=\"456\" \/>\n\t<meta property=\"og:image:type\" content=\"image\/webp\" \/>\n<meta name=\"twitter:card\" content=\"summary_large_image\" \/>\n<meta name=\"twitter:label1\" content=\"Est. reading time\" \/>\n\t<meta name=\"twitter:data1\" content=\"4 minutes\" \/>\n<script type=\"application\/ld+json\" class=\"yoast-schema-graph\">{\"@context\":\"https:\\\/\\\/schema.org\",\"@graph\":[{\"@type\":\"NewsArticle\",\"@id\":\"https:\\\/\\\/www.apaczka.pl\\\/en\\\/aktualnosci\\\/harmonogram-pracy-przewoznikow-w-boze-cialo-2025\\\/#article\",\"isPartOf\":{\"@id\":\"https:\\\/\\\/www.apaczka.pl\\\/en\\\/aktualnosci\\\/harmonogram-pracy-przewoznikow-w-boze-cialo-2025\\\/\"},\"author\":{\"name\":\"Barbara Bochenek\",\"@id\":\"https:\\\/\\\/www.apaczka.pl\\\/en\\\/#\\\/schema\\\/person\\\/dc9cd6f6196e657b1a062d0c3022d716\"},\"headline\":\"Harmonogram pracy Przewo\u017anik\u00f3w w Bo\u017ce Cia\u0142o 2025\",\"datePublished\":\"2025-06-11T09:19:59+00:00\",\"dateModified\":\"2025-06-13T06:22:01+00:00\",\"mainEntityOfPage\":{\"@id\":\"https:\\\/\\\/www.apaczka.pl\\\/en\\\/aktualnosci\\\/harmonogram-pracy-przewoznikow-w-boze-cialo-2025\\\/\"},\"wordCount\":789,\"publisher\":{\"@id\":\"https:\\\/\\\/www.apaczka.pl\\\/en\\\/#organization\"},\"image\":{\"@id\":\"https:\\\/\\\/www.apaczka.pl\\\/en\\\/aktualnosci\\\/harmonogram-pracy-przewoznikow-w-boze-cialo-2025\\\/#primaryimage\"},\"thumbnailUrl\":\"https:\\\/\\\/www.apaczka.pl\\\/app\\\/uploads\\\/2024\\\/05\\\/praca_kurierow_apaczka-6.webp\",\"inLanguage\":\"en-US\"},{\"@type\":\"WebPage\",\"@id\":\"https:\\\/\\\/www.apaczka.pl\\\/en\\\/aktualnosci\\\/harmonogram-pracy-przewoznikow-w-boze-cialo-2025\\\/\",\"url\":\"https:\\\/\\\/www.apaczka.pl\\\/en\\\/aktualnosci\\\/harmonogram-pracy-przewoznikow-w-boze-cialo-2025\\\/\",\"name\":\"Harmonogram pracy Przewo\u017anik\u00f3w w Bo\u017ce Cia\u0142o 2025 - Apaczka\",\"isPartOf\":{\"@id\":\"https:\\\/\\\/www.apaczka.pl\\\/en\\\/#website\"},\"primaryImageOfPage\":{\"@id\":\"https:\\\/\\\/www.apaczka.pl\\\/en\\\/aktualnosci\\\/harmonogram-pracy-przewoznikow-w-boze-cialo-2025\\\/#primaryimage\"},\"image\":{\"@id\":\"https:\\\/\\\/www.apaczka.pl\\\/en\\\/aktualnosci\\\/harmonogram-pracy-przewoznikow-w-boze-cialo-2025\\\/#primaryimage\"},\"thumbnailUrl\":\"https:\\\/\\\/www.apaczka.pl\\\/app\\\/uploads\\\/2024\\\/05\\\/praca_kurierow_apaczka-6.webp\",\"datePublished\":\"2025-06-11T09:19:59+00:00\",\"dateModified\":\"2025-06-13T06:22:01+00:00\",\"breadcrumb\":{\"@id\":\"https:\\\/\\\/www.apaczka.pl\\\/en\\\/aktualnosci\\\/harmonogram-pracy-przewoznikow-w-boze-cialo-2025\\\/#breadcrumb\"},\"inLanguage\":\"en-US\",\"potentialAction\":[{\"@type\":\"ReadAction\",\"target\":[\"https:\\\/\\\/www.apaczka.pl\\\/en\\\/aktualnosci\\\/harmonogram-pracy-przewoznikow-w-boze-cialo-2025\\\/\"]}]},{\"@type\":\"ImageObject\",\"inLanguage\":\"en-US\",\"@id\":\"https:\\\/\\\/www.apaczka.pl\\\/en\\\/aktualnosci\\\/harmonogram-pracy-przewoznikow-w-boze-cialo-2025\\\/#primaryimage\",\"url\":\"https:\\\/\\\/www.apaczka.pl\\\/app\\\/uploads\\\/2024\\\/05\\\/praca_kurierow_apaczka-6.webp\",\"contentUrl\":\"https:\\\/\\\/www.apaczka.pl\\\/app\\\/uploads\\\/2024\\\/05\\\/praca_kurierow_apaczka-6.webp\",\"width\":1070,\"height\":456,\"caption\":\"harmonogram Bo\u017ce Cia\u0142o\"},{\"@type\":\"BreadcrumbList\",\"@id\":\"https:\\\/\\\/www.apaczka.pl\\\/en\\\/aktualnosci\\\/harmonogram-pracy-przewoznikow-w-boze-cialo-2025\\\/#breadcrumb\",\"itemListElement\":[{\"@type\":\"ListItem\",\"position\":1,\"name\":\"Apaczka\",\"item\":\"https:\\\/\\\/www.apaczka.pl\\\/en\\\/\"},{\"@type\":\"ListItem\",\"position\":2,\"name\":\"Aktualno\u015bci\",\"item\":\"https:\\\/\\\/www.apaczka.pl\\\/en\\\/aktualnosci\\\/\"},{\"@type\":\"ListItem\",\"position\":3,\"name\":\"Harmonogram pracy Przewo\u017anik\u00f3w w Bo\u017ce Cia\u0142o 2025\"}]},{\"@type\":\"WebSite\",\"@id\":\"https:\\\/\\\/www.apaczka.pl\\\/en\\\/#website\",\"url\":\"https:\\\/\\\/www.apaczka.pl\\\/en\\\/\",\"name\":\"Apaczka\",\"description\":\"Rozwi\u0105zania do zarz\u0105dzania procesami wysy\u0142kowymi dla firm\",\"publisher\":{\"@id\":\"https:\\\/\\\/www.apaczka.pl\\\/en\\\/#organization\"},\"potentialAction\":[{\"@type\":\"SearchAction\",\"target\":{\"@type\":\"EntryPoint\",\"urlTemplate\":\"https:\\\/\\\/www.apaczka.pl\\\/en\\\/?s={search_term_string}\"},\"query-input\":{\"@type\":\"PropertyValueSpecification\",\"valueRequired\":true,\"valueName\":\"search_term_string\"}}],\"inLanguage\":\"en-US\"},{\"@type\":\"Organization\",\"@id\":\"https:\\\/\\\/www.apaczka.pl\\\/en\\\/#organization\",\"name\":\"Apaczka\",\"url\":\"https:\\\/\\\/www.apaczka.pl\\\/en\\\/\",\"logo\":{\"@type\":\"ImageObject\",\"inLanguage\":\"en-US\",\"@id\":\"https:\\\/\\\/www.apaczka.pl\\\/en\\\/#\\\/schema\\\/logo\\\/image\\\/\",\"url\":\"https:\\\/\\\/www.apaczka.pl\\\/app\\\/uploads\\\/2024\\\/05\\\/cropped-Apaczka-Full-Logotype-Full-Color.png\",\"contentUrl\":\"https:\\\/\\\/www.apaczka.pl\\\/app\\\/uploads\\\/2024\\\/05\\\/cropped-Apaczka-Full-Logotype-Full-Color.png\",\"width\":1337,\"height\":405,\"caption\":\"Apaczka\"},\"image\":{\"@id\":\"https:\\\/\\\/www.apaczka.pl\\\/en\\\/#\\\/schema\\\/logo\\\/image\\\/\"},\"sameAs\":[\"https:\\\/\\\/www.facebook.com\\\/ApaczkaPL\\\/\",\"https:\\\/\\\/www.linkedin.com\\\/company\\\/apaczka-alsendo-sp-z-o-o\\\/\",\"https:\\\/\\\/www.youtube.com\\\/@apaczka-by-alsendo\",\"https:\\\/\\\/g.co\\\/kgs\\\/Ztnp4yQ\",\"https:\\\/\\\/maps.app.goo.gl\\\/iUwRn8EGrQJAk4LB9\",\"https:\\\/\\\/www.trustpilot.com\\\/review\\\/www.apaczka.pl\",\"https:\\\/\\\/www.crunchbase.com\\\/organization\\\/apaczka\",\"https:\\\/\\\/www.ekomi-pl.com\\\/opinie-apaczka.html\",\"https:\\\/\\\/www.wikidata.org\\\/wiki\\\/Q135189453\"],\"description\":\"Apaczka.pl to platforma technologiczna do zarz\u0105dzania wysy\u0142kami i dostawami dla firm. Jeste\u015bmy sprawdzonym partnerem w zakresie proces\u00f3w wysy\u0142kowych dzia\u0142aj\u0105cym od ponad 15 lat na rynku. Integrujemy szeroki wachlarz us\u0142ug kurierskich oraz dedykowanych us\u0142ug w\u0142asnych skierowanych do wszystkich przedsi\u0119biorc\u00f3w, tak\u017ce tych, kt\u00f3rzy dopiero zaczynaj\u0105 swoj\u0105 dzia\u0142alno\u015b\u0107. Oferowane przez nas rozwi\u0105zania s\u0105 wykorzystywane przez firmy z bran\u017cy e-commerce, du\u017ce podmioty typu marketplace, ale r\u00f3wnie\u017c niewielkie firmy nadaj\u0105ce kilkana\u015bcie przesy\u0142ek miesi\u0119cznie. Konsekwentnie wspieramy firmy w rozwoju ich biznesu, udost\u0119pniaj\u0105c bez \u017cadnych op\u0142at gotowe narz\u0119dzia u\u0142atwiaj\u0105ce codzienn\u0105 logistyk\u0119. Nasi Klienci wysy\u0142aj\u0105 ponad 2,5 miliona przesy\u0142ek ka\u017cdego miesi\u0105ca korzystaj\u0105c z naszych unikalnych technologii. Nasze mocne strony: - Mo\u017cliwo\u015b\u0107 por\u00f3wnania ofert wiod\u0105cych firm kurierskich w Polsce i na \u015bwiecie: DHL, UPS, DPD, Fedex, Poczta Polska, Geis, InPost, GLS, Ambro, Hellmann i wielu innych, - Mo\u017cliwo\u015b\u0107 indywidualnego negocjowania stawek w zale\u017cno\u015bci od ilo\u015bci przesy\u0142ek i ich rodzaju (palety, p\u00f3\u0142palety, przesy\u0142ki krajowe, mi\u0119dzynarodowe), - Jedna, prosta integracja API z wieloma platformami e-commerce, marketplace i systemami ERP, WMS., daj\u0105ca dost\u0119p do ca\u0142ej naszej oferty kurierskiej, - Mo\u017cliwo\u015b\u0107 automatyzacji i optymalizacji proces\u00f3w wysy\u0142kowych, -Indywidualny Opiekun Handlowy zapewniaj\u0105cy wsparcie merytoryczne z zakresu rozwi\u0105za\u0144 kurierskich w zale\u017cno\u015bci od bran\u017cy Klienta, rodzaju przesy\u0142ek i metod dostawy, - Bezp\u0142atne integracje z 50 platformami sklepowymi, mo\u017cliwo\u015b\u0107 import\u00f3w (w tym Allegro) oraz wsparcie dzia\u0142u IT, -Personalizacja komunikacji z odbiorcami przesy\u0142ek na etapie post-checkout, modu\u0142 zwrot\u00f3w i analityka danych logistycznych, -Brak minim\u00f3w wysy\u0142kowych i wygodne formy rozlicze\u0144. Apaczka.pl: por\u00f3wnuj ceny kurier\u00f3w, automatyzuj procesy wysy\u0142kowe.\",\"legalName\":\"Alsendo sp. z o.o.\",\"foundingDate\":\"2009-08-17\",\"vatID\":\"PL8971840043\",\"taxID\":\"367328934\",\"numberOfEmployees\":{\"@type\":\"QuantitativeValue\",\"minValue\":\"51\",\"maxValue\":\"200\"}},{\"@type\":\"Person\",\"@id\":\"https:\\\/\\\/www.apaczka.pl\\\/en\\\/#\\\/schema\\\/person\\\/dc9cd6f6196e657b1a062d0c3022d716\",\"name\":\"Barbara Bochenek\",\"image\":{\"@type\":\"ImageObject\",\"inLanguage\":\"en-US\",\"@id\":\"https:\\\/\\\/www.apaczka.pl\\\/app\\\/uploads\\\/2025\\\/04\\\/cropped-Barbara-Bochenek-96x96.jpg\",\"url\":\"https:\\\/\\\/www.apaczka.pl\\\/app\\\/uploads\\\/2025\\\/04\\\/cropped-Barbara-Bochenek-96x96.jpg\",\"contentUrl\":\"https:\\\/\\\/www.apaczka.pl\\\/app\\\/uploads\\\/2025\\\/04\\\/cropped-Barbara-Bochenek-96x96.jpg\",\"caption\":\"Barbara Bochenek\"},\"description\":\"Pomagam firmom sprawniej zarz\u0105dza\u0107 wysy\u0142k\u0105 i budowa\u0107 przewag\u0119 w logistyce dzi\u0119ki trafnej komunikacji i rzetelnym tre\u015bciom. Jako specjalistka ds. komunikacji i content marketingu z pasj\u0105 do innowacji logistycznych tworz\u0119 artyku\u0142y, e-booki, materia\u0142y edukacyjne i case studies, kt\u00f3re pokazuj\u0105, jak rozwi\u0105zania Apaczka usprawniaj\u0105 procesy i wspieraj\u0105 rozw\u00f3j biznesu. W pracy stawiam na jasny przekaz, konkretne dane i tre\u015bci, kt\u00f3re realnie u\u0142atwiaj\u0105 klientom podejmowanie decyzji.\",\"sameAs\":[\"https:\\\/\\\/www.linkedin.com\\\/in\\\/barbarabochenek\\\/\"],\"jobTitle\":\"Junior Content & Social Media Manager\",\"url\":\"https:\\\/\\\/www.apaczka.pl\\\/en\\\/blog\\\/author\\\/barbara-bochenek\\\/\"}]}<\/script>\n<!-- \/ Yoast SEO Premium plugin. -->","yoast_head_json":{"title":"Harmonogram pracy Przewo\u017anik\u00f3w w Bo\u017ce Cia\u0142o 2025 - Apaczka","robots":{"index":"noindex","follow":"follow"},"og_locale":"en_US","og_type":"article","og_title":"Harmonogram pracy Przewo\u017anik\u00f3w w Bo\u017ce Cia\u0142o 2025","og_description":"Czy firmy kurierskie pracuj\u0105 w Bo\u017ce Cia\u0142o? Jak wygl\u0105da harmonogram ich pracy w czasie d\u0142ugiego weekendu? Zebrali\u015bmy dla Was najwa\u017cniejsze informacje. 1. Poczta Polska \u2013 paczki 2. Poczta Polska \u2013 palety 3. UPS 4. Geodis 5. DHL 6. FedEx 7. Hellmann \u2013 kraj 8. Hellmann \u2013 mi\u0119dzynarodowy 9. Rhenus Informacja uwzgl\u0119dnia zakaz ruchu pojazd\u00f3w ci\u0119\u017carowych &hellip; Continued","og_url":"https:\/\/www.apaczka.pl\/en\/aktualnosci\/harmonogram-pracy-przewoznikow-w-boze-cialo-2025\/","og_site_name":"Apaczka","article_publisher":"https:\/\/www.facebook.com\/ApaczkaPL\/","article_modified_time":"2025-06-13T06:22:01+00:00","og_image":[{"width":1070,"height":456,"url":"https:\/\/www.apaczka.pl\/app\/uploads\/2024\/05\/praca_kurierow_apaczka-6.webp","type":"image\/webp"}],"twitter_card":"summary_large_image","twitter_misc":{"Est. reading time":"4 minutes"},"schema":{"@context":"https:\/\/schema.org","@graph":[{"@type":"NewsArticle","@id":"https:\/\/www.apaczka.pl\/en\/aktualnosci\/harmonogram-pracy-przewoznikow-w-boze-cialo-2025\/#article","isPartOf":{"@id":"https:\/\/www.apaczka.pl\/en\/aktualnosci\/harmonogram-pracy-przewoznikow-w-boze-cialo-2025\/"},"author":{"name":"Barbara Bochenek","@id":"https:\/\/www.apaczka.pl\/en\/#\/schema\/person\/dc9cd6f6196e657b1a062d0c3022d716"},"headline":"Harmonogram pracy Przewo\u017anik\u00f3w w Bo\u017ce Cia\u0142o 2025","datePublished":"2025-06-11T09:19:59+00:00","dateModified":"2025-06-13T06:22:01+00:00","mainEntityOfPage":{"@id":"https:\/\/www.apaczka.pl\/en\/aktualnosci\/harmonogram-pracy-przewoznikow-w-boze-cialo-2025\/"},"wordCount":789,"publisher":{"@id":"https:\/\/www.apaczka.pl\/en\/#organization"},"image":{"@id":"https:\/\/www.apaczka.pl\/en\/aktualnosci\/harmonogram-pracy-przewoznikow-w-boze-cialo-2025\/#primaryimage"},"thumbnailUrl":"https:\/\/www.apaczka.pl\/app\/uploads\/2024\/05\/praca_kurierow_apaczka-6.webp","inLanguage":"en-US"},{"@type":"WebPage","@id":"https:\/\/www.apaczka.pl\/en\/aktualnosci\/harmonogram-pracy-przewoznikow-w-boze-cialo-2025\/","url":"https:\/\/www.apaczka.pl\/en\/aktualnosci\/harmonogram-pracy-przewoznikow-w-boze-cialo-2025\/","name":"Harmonogram pracy Przewo\u017anik\u00f3w w Bo\u017ce Cia\u0142o 2025 - Apaczka","isPartOf":{"@id":"https:\/\/www.apaczka.pl\/en\/#website"},"primaryImageOfPage":{"@id":"https:\/\/www.apaczka.pl\/en\/aktualnosci\/harmonogram-pracy-przewoznikow-w-boze-cialo-2025\/#primaryimage"},"image":{"@id":"https:\/\/www.apaczka.pl\/en\/aktualnosci\/harmonogram-pracy-przewoznikow-w-boze-cialo-2025\/#primaryimage"},"thumbnailUrl":"https:\/\/www.apaczka.pl\/app\/uploads\/2024\/05\/praca_kurierow_apaczka-6.webp","datePublished":"2025-06-11T09:19:59+00:00","dateModified":"2025-06-13T06:22:01+00:00","breadcrumb":{"@id":"https:\/\/www.apaczka.pl\/en\/aktualnosci\/harmonogram-pracy-przewoznikow-w-boze-cialo-2025\/#breadcrumb"},"inLanguage":"en-US","potentialAction":[{"@type":"ReadAction","target":["https:\/\/www.apaczka.pl\/en\/aktualnosci\/harmonogram-pracy-przewoznikow-w-boze-cialo-2025\/"]}]},{"@type":"ImageObject","inLanguage":"en-US","@id":"https:\/\/www.apaczka.pl\/en\/aktualnosci\/harmonogram-pracy-przewoznikow-w-boze-cialo-2025\/#primaryimage","url":"https:\/\/www.apaczka.pl\/app\/uploads\/2024\/05\/praca_kurierow_apaczka-6.webp","contentUrl":"https:\/\/www.apaczka.pl\/app\/uploads\/2024\/05\/praca_kurierow_apaczka-6.webp","width":1070,"height":456,"caption":"harmonogram Bo\u017ce Cia\u0142o"},{"@type":"BreadcrumbList","@id":"https:\/\/www.apaczka.pl\/en\/aktualnosci\/harmonogram-pracy-przewoznikow-w-boze-cialo-2025\/#breadcrumb","itemListElement":[{"@type":"ListItem","position":1,"name":"Apaczka","item":"https:\/\/www.apaczka.pl\/en\/"},{"@type":"ListItem","position":2,"name":"Aktualno\u015bci","item":"https:\/\/www.apaczka.pl\/en\/aktualnosci\/"},{"@type":"ListItem","position":3,"name":"Harmonogram pracy Przewo\u017anik\u00f3w w Bo\u017ce Cia\u0142o 2025"}]},{"@type":"WebSite","@id":"https:\/\/www.apaczka.pl\/en\/#website","url":"https:\/\/www.apaczka.pl\/en\/","name":"Apaczka","description":"Rozwi\u0105zania do zarz\u0105dzania procesami wysy\u0142kowymi dla firm","publisher":{"@id":"https:\/\/www.apaczka.pl\/en\/#organization"},"potentialAction":[{"@type":"SearchAction","target":{"@type":"EntryPoint","urlTemplate":"https:\/\/www.apaczka.pl\/en\/?s={search_term_string}"},"query-input":{"@type":"PropertyValueSpecification","valueRequired":true,"valueName":"search_term_string"}}],"inLanguage":"en-US"},{"@type":"Organization","@id":"https:\/\/www.apaczka.pl\/en\/#organization","name":"Apaczka","url":"https:\/\/www.apaczka.pl\/en\/","logo":{"@type":"ImageObject","inLanguage":"en-US","@id":"https:\/\/www.apaczka.pl\/en\/#\/schema\/logo\/image\/","url":"https:\/\/www.apaczka.pl\/app\/uploads\/2024\/05\/cropped-Apaczka-Full-Logotype-Full-Color.png","contentUrl":"https:\/\/www.apaczka.pl\/app\/uploads\/2024\/05\/cropped-Apaczka-Full-Logotype-Full-Color.png","width":1337,"height":405,"caption":"Apaczka"},"image":{"@id":"https:\/\/www.apaczka.pl\/en\/#\/schema\/logo\/image\/"},"sameAs":["https:\/\/www.facebook.com\/ApaczkaPL\/","https:\/\/www.linkedin.com\/company\/apaczka-alsendo-sp-z-o-o\/","https:\/\/www.youtube.com\/@apaczka-by-alsendo","https:\/\/g.co\/kgs\/Ztnp4yQ","https:\/\/maps.app.goo.gl\/iUwRn8EGrQJAk4LB9","https:\/\/www.trustpilot.com\/review\/www.apaczka.pl","https:\/\/www.crunchbase.com\/organization\/apaczka","https:\/\/www.ekomi-pl.com\/opinie-apaczka.html","https:\/\/www.wikidata.org\/wiki\/Q135189453"],"description":"Apaczka.pl to platforma technologiczna do zarz\u0105dzania wysy\u0142kami i dostawami dla firm. Jeste\u015bmy sprawdzonym partnerem w zakresie proces\u00f3w wysy\u0142kowych dzia\u0142aj\u0105cym od ponad 15 lat na rynku. Integrujemy szeroki wachlarz us\u0142ug kurierskich oraz dedykowanych us\u0142ug w\u0142asnych skierowanych do wszystkich przedsi\u0119biorc\u00f3w, tak\u017ce tych, kt\u00f3rzy dopiero zaczynaj\u0105 swoj\u0105 dzia\u0142alno\u015b\u0107. Oferowane przez nas rozwi\u0105zania s\u0105 wykorzystywane przez firmy z bran\u017cy e-commerce, du\u017ce podmioty typu marketplace, ale r\u00f3wnie\u017c niewielkie firmy nadaj\u0105ce kilkana\u015bcie przesy\u0142ek miesi\u0119cznie. Konsekwentnie wspieramy firmy w rozwoju ich biznesu, udost\u0119pniaj\u0105c bez \u017cadnych op\u0142at gotowe narz\u0119dzia u\u0142atwiaj\u0105ce codzienn\u0105 logistyk\u0119. Nasi Klienci wysy\u0142aj\u0105 ponad 2,5 miliona przesy\u0142ek ka\u017cdego miesi\u0105ca korzystaj\u0105c z naszych unikalnych technologii. Nasze mocne strony: - Mo\u017cliwo\u015b\u0107 por\u00f3wnania ofert wiod\u0105cych firm kurierskich w Polsce i na \u015bwiecie: DHL, UPS, DPD, Fedex, Poczta Polska, Geis, InPost, GLS, Ambro, Hellmann i wielu innych, - Mo\u017cliwo\u015b\u0107 indywidualnego negocjowania stawek w zale\u017cno\u015bci od ilo\u015bci przesy\u0142ek i ich rodzaju (palety, p\u00f3\u0142palety, przesy\u0142ki krajowe, mi\u0119dzynarodowe), - Jedna, prosta integracja API z wieloma platformami e-commerce, marketplace i systemami ERP, WMS., daj\u0105ca dost\u0119p do ca\u0142ej naszej oferty kurierskiej, - Mo\u017cliwo\u015b\u0107 automatyzacji i optymalizacji proces\u00f3w wysy\u0142kowych, -Indywidualny Opiekun Handlowy zapewniaj\u0105cy wsparcie merytoryczne z zakresu rozwi\u0105za\u0144 kurierskich w zale\u017cno\u015bci od bran\u017cy Klienta, rodzaju przesy\u0142ek i metod dostawy, - Bezp\u0142atne integracje z 50 platformami sklepowymi, mo\u017cliwo\u015b\u0107 import\u00f3w (w tym Allegro) oraz wsparcie dzia\u0142u IT, -Personalizacja komunikacji z odbiorcami przesy\u0142ek na etapie post-checkout, modu\u0142 zwrot\u00f3w i analityka danych logistycznych, -Brak minim\u00f3w wysy\u0142kowych i wygodne formy rozlicze\u0144. Apaczka.pl: por\u00f3wnuj ceny kurier\u00f3w, automatyzuj procesy wysy\u0142kowe.","legalName":"Alsendo sp. z o.o.","foundingDate":"2009-08-17","vatID":"PL8971840043","taxID":"367328934","numberOfEmployees":{"@type":"QuantitativeValue","minValue":"51","maxValue":"200"}},{"@type":"Person","@id":"https:\/\/www.apaczka.pl\/en\/#\/schema\/person\/dc9cd6f6196e657b1a062d0c3022d716","name":"Barbara Bochenek","image":{"@type":"ImageObject","inLanguage":"en-US","@id":"https:\/\/www.apaczka.pl\/app\/uploads\/2025\/04\/cropped-Barbara-Bochenek-96x96.jpg","url":"https:\/\/www.apaczka.pl\/app\/uploads\/2025\/04\/cropped-Barbara-Bochenek-96x96.jpg","contentUrl":"https:\/\/www.apaczka.pl\/app\/uploads\/2025\/04\/cropped-Barbara-Bochenek-96x96.jpg","caption":"Barbara Bochenek"},"description":"Pomagam firmom sprawniej zarz\u0105dza\u0107 wysy\u0142k\u0105 i budowa\u0107 przewag\u0119 w logistyce dzi\u0119ki trafnej komunikacji i rzetelnym tre\u015bciom. Jako specjalistka ds. komunikacji i content marketingu z pasj\u0105 do innowacji logistycznych tworz\u0119 artyku\u0142y, e-booki, materia\u0142y edukacyjne i case studies, kt\u00f3re pokazuj\u0105, jak rozwi\u0105zania Apaczka usprawniaj\u0105 procesy i wspieraj\u0105 rozw\u00f3j biznesu. W pracy stawiam na jasny przekaz, konkretne dane i tre\u015bci, kt\u00f3re realnie u\u0142atwiaj\u0105 klientom podejmowanie decyzji.","sameAs":["https:\/\/www.linkedin.com\/in\/barbarabochenek\/"],"jobTitle":"Junior Content & Social Media Manager","url":"https:\/\/www.apaczka.pl\/en\/blog\/author\/barbara-bochenek\/"}]}},"_links":{"self":[{"href":"https:\/\/www.apaczka.pl\/en\/wp-json\/wp\/v2\/news\/34372","targetHints":{"allow":["GET"]}}],"collection":[{"href":"https:\/\/www.apaczka.pl\/en\/wp-json\/wp\/v2\/news"}],"about":[{"href":"https:\/\/www.apaczka.pl\/en\/wp-json\/wp\/v2\/types\/news"}],"author":[{"embeddable":true,"href":"https:\/\/www.apaczka.pl\/en\/wp-json\/wp\/v2\/users\/10"}],"version-history":[{"count":6,"href":"https:\/\/www.apaczka.pl\/en\/wp-json\/wp\/v2\/news\/34372\/revisions"}],"predecessor-version":[{"id":34406,"href":"https:\/\/www.apaczka.pl\/en\/wp-json\/wp\/v2\/news\/34372\/revisions\/34406"}],"wp:featuredmedia":[{"embeddable":true,"href":"https:\/\/www.apaczka.pl\/en\/wp-json\/wp\/v2\/media\/25250"}],"wp:attachment":[{"href":"https:\/\/www.apaczka.pl\/en\/wp-json\/wp\/v2\/media?parent=34372"}],"wp:term":[{"taxonomy":"news_category","embeddable":true,"href":"https:\/\/www.apaczka.pl\/en\/wp-json\/wp\/v2\/news_category?post=34372"},{"taxonomy":"news_tag","embeddable":true,"href":"https:\/\/www.apaczka.pl\/en\/wp-json\/wp\/v2\/news_tag?post=34372"}],"curies":[{"name":"wp","href":"https:\/\/api.w.org\/{rel}","templated":true}]}}