{"id":33860,"date":"2025-05-29T10:31:50","date_gmt":"2025-05-29T10:31:50","guid":{"rendered":"https:\/\/www.apaczka.pl\/?post_type=news&#038;p=33860"},"modified":"2025-05-29T10:31:50","modified_gmt":"2025-05-29T10:31:50","slug":"gwarancja-dostaw-inpost-paczkomat-przed-dniem-dziecka","status":"publish","type":"news","link":"https:\/\/www.apaczka.pl\/en\/aktualnosci\/gwarancja-dostaw-inpost-paczkomat-przed-dniem-dziecka\/","title":{"rendered":"Gwarancja dostaw InPost Paczkomat\u00ae przed Dniem Dziecka"},"content":{"rendered":"\n<p>Drodzy Klienci,<\/p>\n\n\n\n<p>Informujemy, \u017ce przewo\u017anik InPost<strong>\u00a0<\/strong>wprowadza<strong>\u00a0gwarancj\u0119 dostawy przed Dniem Dziecka<\/strong>\u00a0dla przesy\u0142ek nadanych za po\u015brednictwem us\u0142ugi InPost Paczkomat\u00ae.\u00a0<br>\u00a0<br>Gwarancja obejmuje przesy\u0142ki krajowe nadane do odbioru w urz\u0105dzeniach Paczkomat\u00ae, do pi\u0105tku (30 maja\u00a02025), zgodnie z godzinami granicznymi przypisanymi do poszczeg\u00f3lnych kod\u00f3w pocztowych\u00a0(w ramach nada\u0144 przez Paczkomat, PaczkoPunkt i odbi\u00f3r kurierski na tzw. \u201e\u017c\u0105danie\u201d) lub w ramach sta\u0142ych zlece\u0144 odbior\u00f3w kurierskich;\u00a0przesy\u0142ki zostan\u0105 dor\u0119czone w sobot\u0119 (31 maja 2025), przed Dniem Dziecka.\u00a0Gwarancja obowi\u0105zuje bez dodatkowych op\u0142at.\u00a0<br>\u00a0<br>Finalna godzina nadania paczki, kt\u00f3r\u0105 obejmuje gwarancja dostawy zale\u017cy od strefy przydzielonej do danego kodu pocztowego. Szczeg\u00f3\u0142owe informacje na temat stref i przypisanych do nich kod\u00f3w pocztowych znajdziesz tu:\u00a0<a href=\"https:\/\/inpost.salesmanago.pl\/smrd.htm?url=https%3A%2F%2Finpost.pl%2Fgodziny-odbiorow&amp;smclient=7ee5f9df-f6d5-11ec-bd8f-40a6b73c97e4&amp;utm_medium=email&amp;utm_campaign=default&amp;utm_source=salesmanago&amp;smconv=e1ca8e2a-36b2-4dd6-ae37-a9ffd0ca5082&amp;smlid=3\" target=\"_blank\" rel=\"noreferrer noopener\">https:\/\/inpost.pl\/godziny-odbiorow<\/a>. Je\u015bli korzystasz z opcji sta\u0142ych odbior\u00f3w paczek, w pi\u0105tek obowi\u0105zuje godzina odbioru ustalona z InPost.\u00a0\u00a0<\/p>\n\n\n\n<p>Pozdrawiamy,&nbsp;<\/p>\n\n\n\n<p>Zesp\u00f3\u0142 Apaczka.pl&nbsp;<\/p>\n","protected":false},"excerpt":{"rendered":"<p>Drodzy Klienci, Informujemy, \u017ce przewo\u017anik InPost\u00a0wprowadza\u00a0gwarancj\u0119 dostawy przed Dniem Dziecka\u00a0dla przesy\u0142ek nadanych za po\u015brednictwem us\u0142ugi InPost Paczkomat\u00ae.\u00a0\u00a0Gwarancja obejmuje przesy\u0142ki krajowe nadane do odbioru w urz\u0105dzeniach Paczkomat\u00ae, do pi\u0105tku (30 maja\u00a02025), zgodnie z godzinami granicznymi przypisanymi do poszczeg\u00f3lnych kod\u00f3w pocztowych\u00a0(w ramach nada\u0144 przez Paczkomat, PaczkoPunkt i odbi\u00f3r kurierski na tzw. \u201e\u017c\u0105danie\u201d) lub w ramach sta\u0142ych zlece\u0144 &hellip; <a href=\"https:\/\/www.apaczka.pl\/en\/aktualnosci\/gwarancja-dostaw-inpost-paczkomat-przed-dniem-dziecka\/\">Continued<\/a><\/p>\n","protected":false},"author":8,"featured_media":33861,"template":"","meta":{"_acf_changed":false,"footnotes":""},"news_category":[],"news_tag":[],"class_list":["post-33860","news","type-news","status-publish","has-post-thumbnail","hentry"],"acf":[],"yoast_head":"<!-- This site is optimized with the Yoast SEO Premium plugin v27.3 (Yoast SEO v27.3) - https:\/\/yoast.com\/product\/yoast-seo-premium-wordpress\/ -->\n<title>Gwarancja dostaw InPost Paczkomat\u00ae przed Dniem Dziecka - Apaczka<\/title>\n<meta name=\"robots\" content=\"noindex, follow\" \/>\n<meta property=\"og:locale\" content=\"en_US\" \/>\n<meta property=\"og:type\" content=\"article\" \/>\n<meta property=\"og:title\" content=\"Gwarancja dostaw InPost Paczkomat\u00ae przed Dniem Dziecka\" \/>\n<meta property=\"og:description\" content=\"Drodzy Klienci, Informujemy, \u017ce przewo\u017anik InPost\u00a0wprowadza\u00a0gwarancj\u0119 dostawy przed Dniem Dziecka\u00a0dla przesy\u0142ek nadanych za po\u015brednictwem us\u0142ugi InPost Paczkomat\u00ae.\u00a0\u00a0Gwarancja obejmuje przesy\u0142ki krajowe nadane do odbioru w urz\u0105dzeniach Paczkomat\u00ae, do pi\u0105tku (30 maja\u00a02025), zgodnie z godzinami granicznymi przypisanymi do poszczeg\u00f3lnych kod\u00f3w pocztowych\u00a0(w ramach nada\u0144 przez Paczkomat, PaczkoPunkt i odbi\u00f3r kurierski na tzw. \u201e\u017c\u0105danie\u201d) lub w ramach sta\u0142ych zlece\u0144 &hellip; Continued\" \/>\n<meta property=\"og:url\" content=\"https:\/\/www.apaczka.pl\/en\/aktualnosci\/gwarancja-dostaw-inpost-paczkomat-przed-dniem-dziecka\/\" \/>\n<meta property=\"og:site_name\" content=\"Apaczka\" \/>\n<meta property=\"article:publisher\" content=\"https:\/\/www.facebook.com\/ApaczkaPL\/\" \/>\n<meta property=\"og:image\" content=\"https:\/\/www.apaczka.pl\/app\/uploads\/2025\/05\/apaczka_dzien_dziecka_gwarancja_dostawy-1.webp\" \/>\n\t<meta property=\"og:image:width\" content=\"1070\" \/>\n\t<meta property=\"og:image:height\" content=\"456\" \/>\n\t<meta property=\"og:image:type\" content=\"image\/webp\" \/>\n<meta name=\"twitter:card\" content=\"summary_large_image\" \/>\n<meta name=\"twitter:label1\" content=\"Est. reading time\" \/>\n\t<meta name=\"twitter:data1\" content=\"1 minute\" \/>\n<script type=\"application\/ld+json\" class=\"yoast-schema-graph\">{\"@context\":\"https:\\\/\\\/schema.org\",\"@graph\":[{\"@type\":\"NewsArticle\",\"@id\":\"https:\\\/\\\/www.apaczka.pl\\\/en\\\/aktualnosci\\\/gwarancja-dostaw-inpost-paczkomat-przed-dniem-dziecka\\\/#article\",\"isPartOf\":{\"@id\":\"https:\\\/\\\/www.apaczka.pl\\\/en\\\/aktualnosci\\\/gwarancja-dostaw-inpost-paczkomat-przed-dniem-dziecka\\\/\"},\"author\":{\"name\":\"Alicja Wierzbicka\",\"@id\":\"https:\\\/\\\/www.apaczka.pl\\\/en\\\/#\\\/schema\\\/person\\\/903d98808f808e917439385fc64afef7\"},\"headline\":\"Gwarancja dostaw InPost Paczkomat\u00ae przed Dniem Dziecka\",\"datePublished\":\"2025-05-29T10:31:50+00:00\",\"mainEntityOfPage\":{\"@id\":\"https:\\\/\\\/www.apaczka.pl\\\/en\\\/aktualnosci\\\/gwarancja-dostaw-inpost-paczkomat-przed-dniem-dziecka\\\/\"},\"wordCount\":161,\"publisher\":{\"@id\":\"https:\\\/\\\/www.apaczka.pl\\\/en\\\/#organization\"},\"image\":{\"@id\":\"https:\\\/\\\/www.apaczka.pl\\\/en\\\/aktualnosci\\\/gwarancja-dostaw-inpost-paczkomat-przed-dniem-dziecka\\\/#primaryimage\"},\"thumbnailUrl\":\"https:\\\/\\\/www.apaczka.pl\\\/app\\\/uploads\\\/2025\\\/05\\\/apaczka_dzien_dziecka_gwarancja_dostawy-1.webp\",\"inLanguage\":\"en-US\"},{\"@type\":\"WebPage\",\"@id\":\"https:\\\/\\\/www.apaczka.pl\\\/en\\\/aktualnosci\\\/gwarancja-dostaw-inpost-paczkomat-przed-dniem-dziecka\\\/\",\"url\":\"https:\\\/\\\/www.apaczka.pl\\\/en\\\/aktualnosci\\\/gwarancja-dostaw-inpost-paczkomat-przed-dniem-dziecka\\\/\",\"name\":\"Gwarancja dostaw InPost Paczkomat\u00ae przed Dniem Dziecka - Apaczka\",\"isPartOf\":{\"@id\":\"https:\\\/\\\/www.apaczka.pl\\\/en\\\/#website\"},\"primaryImageOfPage\":{\"@id\":\"https:\\\/\\\/www.apaczka.pl\\\/en\\\/aktualnosci\\\/gwarancja-dostaw-inpost-paczkomat-przed-dniem-dziecka\\\/#primaryimage\"},\"image\":{\"@id\":\"https:\\\/\\\/www.apaczka.pl\\\/en\\\/aktualnosci\\\/gwarancja-dostaw-inpost-paczkomat-przed-dniem-dziecka\\\/#primaryimage\"},\"thumbnailUrl\":\"https:\\\/\\\/www.apaczka.pl\\\/app\\\/uploads\\\/2025\\\/05\\\/apaczka_dzien_dziecka_gwarancja_dostawy-1.webp\",\"datePublished\":\"2025-05-29T10:31:50+00:00\",\"breadcrumb\":{\"@id\":\"https:\\\/\\\/www.apaczka.pl\\\/en\\\/aktualnosci\\\/gwarancja-dostaw-inpost-paczkomat-przed-dniem-dziecka\\\/#breadcrumb\"},\"inLanguage\":\"en-US\",\"potentialAction\":[{\"@type\":\"ReadAction\",\"target\":[\"https:\\\/\\\/www.apaczka.pl\\\/en\\\/aktualnosci\\\/gwarancja-dostaw-inpost-paczkomat-przed-dniem-dziecka\\\/\"]}]},{\"@type\":\"ImageObject\",\"inLanguage\":\"en-US\",\"@id\":\"https:\\\/\\\/www.apaczka.pl\\\/en\\\/aktualnosci\\\/gwarancja-dostaw-inpost-paczkomat-przed-dniem-dziecka\\\/#primaryimage\",\"url\":\"https:\\\/\\\/www.apaczka.pl\\\/app\\\/uploads\\\/2025\\\/05\\\/apaczka_dzien_dziecka_gwarancja_dostawy-1.webp\",\"contentUrl\":\"https:\\\/\\\/www.apaczka.pl\\\/app\\\/uploads\\\/2025\\\/05\\\/apaczka_dzien_dziecka_gwarancja_dostawy-1.webp\",\"width\":1070,\"height\":456},{\"@type\":\"BreadcrumbList\",\"@id\":\"https:\\\/\\\/www.apaczka.pl\\\/en\\\/aktualnosci\\\/gwarancja-dostaw-inpost-paczkomat-przed-dniem-dziecka\\\/#breadcrumb\",\"itemListElement\":[{\"@type\":\"ListItem\",\"position\":1,\"name\":\"Apaczka\",\"item\":\"https:\\\/\\\/www.apaczka.pl\\\/en\\\/\"},{\"@type\":\"ListItem\",\"position\":2,\"name\":\"Aktualno\u015bci\",\"item\":\"https:\\\/\\\/www.apaczka.pl\\\/en\\\/aktualnosci\\\/\"},{\"@type\":\"ListItem\",\"position\":3,\"name\":\"Gwarancja dostaw InPost Paczkomat\u00ae przed Dniem Dziecka\"}]},{\"@type\":\"WebSite\",\"@id\":\"https:\\\/\\\/www.apaczka.pl\\\/en\\\/#website\",\"url\":\"https:\\\/\\\/www.apaczka.pl\\\/en\\\/\",\"name\":\"Apaczka\",\"description\":\"Rozwi\u0105zania do zarz\u0105dzania procesami wysy\u0142kowymi dla firm\",\"publisher\":{\"@id\":\"https:\\\/\\\/www.apaczka.pl\\\/en\\\/#organization\"},\"potentialAction\":[{\"@type\":\"SearchAction\",\"target\":{\"@type\":\"EntryPoint\",\"urlTemplate\":\"https:\\\/\\\/www.apaczka.pl\\\/en\\\/?s={search_term_string}\"},\"query-input\":{\"@type\":\"PropertyValueSpecification\",\"valueRequired\":true,\"valueName\":\"search_term_string\"}}],\"inLanguage\":\"en-US\"},{\"@type\":\"Organization\",\"@id\":\"https:\\\/\\\/www.apaczka.pl\\\/en\\\/#organization\",\"name\":\"Apaczka\",\"url\":\"https:\\\/\\\/www.apaczka.pl\\\/en\\\/\",\"logo\":{\"@type\":\"ImageObject\",\"inLanguage\":\"en-US\",\"@id\":\"https:\\\/\\\/www.apaczka.pl\\\/en\\\/#\\\/schema\\\/logo\\\/image\\\/\",\"url\":\"https:\\\/\\\/www.apaczka.pl\\\/app\\\/uploads\\\/2024\\\/05\\\/cropped-Apaczka-Full-Logotype-Full-Color.png\",\"contentUrl\":\"https:\\\/\\\/www.apaczka.pl\\\/app\\\/uploads\\\/2024\\\/05\\\/cropped-Apaczka-Full-Logotype-Full-Color.png\",\"width\":1337,\"height\":405,\"caption\":\"Apaczka\"},\"image\":{\"@id\":\"https:\\\/\\\/www.apaczka.pl\\\/en\\\/#\\\/schema\\\/logo\\\/image\\\/\"},\"sameAs\":[\"https:\\\/\\\/www.facebook.com\\\/ApaczkaPL\\\/\",\"https:\\\/\\\/www.linkedin.com\\\/company\\\/apaczka-alsendo-sp-z-o-o\\\/\",\"https:\\\/\\\/www.youtube.com\\\/@apaczka-by-alsendo\",\"https:\\\/\\\/g.co\\\/kgs\\\/Ztnp4yQ\",\"https:\\\/\\\/maps.app.goo.gl\\\/iUwRn8EGrQJAk4LB9\",\"https:\\\/\\\/www.trustpilot.com\\\/review\\\/www.apaczka.pl\",\"https:\\\/\\\/www.crunchbase.com\\\/organization\\\/apaczka\",\"https:\\\/\\\/www.ekomi-pl.com\\\/opinie-apaczka.html\",\"https:\\\/\\\/www.wikidata.org\\\/wiki\\\/Q135189453\"],\"description\":\"Apaczka.pl to platforma technologiczna do zarz\u0105dzania wysy\u0142kami i dostawami dla firm. Jeste\u015bmy sprawdzonym partnerem w zakresie proces\u00f3w wysy\u0142kowych dzia\u0142aj\u0105cym od ponad 15 lat na rynku. Integrujemy szeroki wachlarz us\u0142ug kurierskich oraz dedykowanych us\u0142ug w\u0142asnych skierowanych do wszystkich przedsi\u0119biorc\u00f3w, tak\u017ce tych, kt\u00f3rzy dopiero zaczynaj\u0105 swoj\u0105 dzia\u0142alno\u015b\u0107. Oferowane przez nas rozwi\u0105zania s\u0105 wykorzystywane przez firmy z bran\u017cy e-commerce, du\u017ce podmioty typu marketplace, ale r\u00f3wnie\u017c niewielkie firmy nadaj\u0105ce kilkana\u015bcie przesy\u0142ek miesi\u0119cznie. Konsekwentnie wspieramy firmy w rozwoju ich biznesu, udost\u0119pniaj\u0105c bez \u017cadnych op\u0142at gotowe narz\u0119dzia u\u0142atwiaj\u0105ce codzienn\u0105 logistyk\u0119. Nasi Klienci wysy\u0142aj\u0105 ponad 2,5 miliona przesy\u0142ek ka\u017cdego miesi\u0105ca korzystaj\u0105c z naszych unikalnych technologii. Nasze mocne strony: - Mo\u017cliwo\u015b\u0107 por\u00f3wnania ofert wiod\u0105cych firm kurierskich w Polsce i na \u015bwiecie: DHL, UPS, DPD, Fedex, Poczta Polska, Geis, InPost, GLS, Ambro, Hellmann i wielu innych, - Mo\u017cliwo\u015b\u0107 indywidualnego negocjowania stawek w zale\u017cno\u015bci od ilo\u015bci przesy\u0142ek i ich rodzaju (palety, p\u00f3\u0142palety, przesy\u0142ki krajowe, mi\u0119dzynarodowe), - Jedna, prosta integracja API z wieloma platformami e-commerce, marketplace i systemami ERP, WMS., daj\u0105ca dost\u0119p do ca\u0142ej naszej oferty kurierskiej, - Mo\u017cliwo\u015b\u0107 automatyzacji i optymalizacji proces\u00f3w wysy\u0142kowych, -Indywidualny Opiekun Handlowy zapewniaj\u0105cy wsparcie merytoryczne z zakresu rozwi\u0105za\u0144 kurierskich w zale\u017cno\u015bci od bran\u017cy Klienta, rodzaju przesy\u0142ek i metod dostawy, - Bezp\u0142atne integracje z 50 platformami sklepowymi, mo\u017cliwo\u015b\u0107 import\u00f3w (w tym Allegro) oraz wsparcie dzia\u0142u IT, -Personalizacja komunikacji z odbiorcami przesy\u0142ek na etapie post-checkout, modu\u0142 zwrot\u00f3w i analityka danych logistycznych, -Brak minim\u00f3w wysy\u0142kowych i wygodne formy rozlicze\u0144. Apaczka.pl: por\u00f3wnuj ceny kurier\u00f3w, automatyzuj procesy wysy\u0142kowe.\",\"legalName\":\"Alsendo sp. z o.o.\",\"foundingDate\":\"2009-08-17\",\"vatID\":\"PL8971840043\",\"taxID\":\"367328934\",\"numberOfEmployees\":{\"@type\":\"QuantitativeValue\",\"minValue\":\"51\",\"maxValue\":\"200\"}},{\"@type\":\"Person\",\"@id\":\"https:\\\/\\\/www.apaczka.pl\\\/en\\\/#\\\/schema\\\/person\\\/903d98808f808e917439385fc64afef7\",\"name\":\"Alicja Wierzbicka\",\"image\":{\"@type\":\"ImageObject\",\"inLanguage\":\"en-US\",\"@id\":\"https:\\\/\\\/secure.gravatar.com\\\/avatar\\\/17a6de25aa19655d5080c2685a95535adda171a04e11a41d6c191c19c36c0ad1?s=96&d=mm&r=g\",\"url\":\"https:\\\/\\\/secure.gravatar.com\\\/avatar\\\/17a6de25aa19655d5080c2685a95535adda171a04e11a41d6c191c19c36c0ad1?s=96&d=mm&r=g\",\"contentUrl\":\"https:\\\/\\\/secure.gravatar.com\\\/avatar\\\/17a6de25aa19655d5080c2685a95535adda171a04e11a41d6c191c19c36c0ad1?s=96&d=mm&r=g\",\"caption\":\"Alicja Wierzbicka\"},\"url\":\"https:\\\/\\\/www.apaczka.pl\\\/en\\\/blog\\\/author\\\/alicja-wierzbicka\\\/\"}]}<\/script>\n<!-- \/ Yoast SEO Premium plugin. -->","yoast_head_json":{"title":"Gwarancja dostaw InPost Paczkomat\u00ae przed Dniem Dziecka - Apaczka","robots":{"index":"noindex","follow":"follow"},"og_locale":"en_US","og_type":"article","og_title":"Gwarancja dostaw InPost Paczkomat\u00ae przed Dniem Dziecka","og_description":"Drodzy Klienci, Informujemy, \u017ce przewo\u017anik InPost\u00a0wprowadza\u00a0gwarancj\u0119 dostawy przed Dniem Dziecka\u00a0dla przesy\u0142ek nadanych za po\u015brednictwem us\u0142ugi InPost Paczkomat\u00ae.\u00a0\u00a0Gwarancja obejmuje przesy\u0142ki krajowe nadane do odbioru w urz\u0105dzeniach Paczkomat\u00ae, do pi\u0105tku (30 maja\u00a02025), zgodnie z godzinami granicznymi przypisanymi do poszczeg\u00f3lnych kod\u00f3w pocztowych\u00a0(w ramach nada\u0144 przez Paczkomat, PaczkoPunkt i odbi\u00f3r kurierski na tzw. \u201e\u017c\u0105danie\u201d) lub w ramach sta\u0142ych zlece\u0144 &hellip; Continued","og_url":"https:\/\/www.apaczka.pl\/en\/aktualnosci\/gwarancja-dostaw-inpost-paczkomat-przed-dniem-dziecka\/","og_site_name":"Apaczka","article_publisher":"https:\/\/www.facebook.com\/ApaczkaPL\/","og_image":[{"width":1070,"height":456,"url":"https:\/\/www.apaczka.pl\/app\/uploads\/2025\/05\/apaczka_dzien_dziecka_gwarancja_dostawy-1.webp","type":"image\/webp"}],"twitter_card":"summary_large_image","twitter_misc":{"Est. reading time":"1 minute"},"schema":{"@context":"https:\/\/schema.org","@graph":[{"@type":"NewsArticle","@id":"https:\/\/www.apaczka.pl\/en\/aktualnosci\/gwarancja-dostaw-inpost-paczkomat-przed-dniem-dziecka\/#article","isPartOf":{"@id":"https:\/\/www.apaczka.pl\/en\/aktualnosci\/gwarancja-dostaw-inpost-paczkomat-przed-dniem-dziecka\/"},"author":{"name":"Alicja Wierzbicka","@id":"https:\/\/www.apaczka.pl\/en\/#\/schema\/person\/903d98808f808e917439385fc64afef7"},"headline":"Gwarancja dostaw InPost Paczkomat\u00ae przed Dniem Dziecka","datePublished":"2025-05-29T10:31:50+00:00","mainEntityOfPage":{"@id":"https:\/\/www.apaczka.pl\/en\/aktualnosci\/gwarancja-dostaw-inpost-paczkomat-przed-dniem-dziecka\/"},"wordCount":161,"publisher":{"@id":"https:\/\/www.apaczka.pl\/en\/#organization"},"image":{"@id":"https:\/\/www.apaczka.pl\/en\/aktualnosci\/gwarancja-dostaw-inpost-paczkomat-przed-dniem-dziecka\/#primaryimage"},"thumbnailUrl":"https:\/\/www.apaczka.pl\/app\/uploads\/2025\/05\/apaczka_dzien_dziecka_gwarancja_dostawy-1.webp","inLanguage":"en-US"},{"@type":"WebPage","@id":"https:\/\/www.apaczka.pl\/en\/aktualnosci\/gwarancja-dostaw-inpost-paczkomat-przed-dniem-dziecka\/","url":"https:\/\/www.apaczka.pl\/en\/aktualnosci\/gwarancja-dostaw-inpost-paczkomat-przed-dniem-dziecka\/","name":"Gwarancja dostaw InPost Paczkomat\u00ae przed Dniem Dziecka - Apaczka","isPartOf":{"@id":"https:\/\/www.apaczka.pl\/en\/#website"},"primaryImageOfPage":{"@id":"https:\/\/www.apaczka.pl\/en\/aktualnosci\/gwarancja-dostaw-inpost-paczkomat-przed-dniem-dziecka\/#primaryimage"},"image":{"@id":"https:\/\/www.apaczka.pl\/en\/aktualnosci\/gwarancja-dostaw-inpost-paczkomat-przed-dniem-dziecka\/#primaryimage"},"thumbnailUrl":"https:\/\/www.apaczka.pl\/app\/uploads\/2025\/05\/apaczka_dzien_dziecka_gwarancja_dostawy-1.webp","datePublished":"2025-05-29T10:31:50+00:00","breadcrumb":{"@id":"https:\/\/www.apaczka.pl\/en\/aktualnosci\/gwarancja-dostaw-inpost-paczkomat-przed-dniem-dziecka\/#breadcrumb"},"inLanguage":"en-US","potentialAction":[{"@type":"ReadAction","target":["https:\/\/www.apaczka.pl\/en\/aktualnosci\/gwarancja-dostaw-inpost-paczkomat-przed-dniem-dziecka\/"]}]},{"@type":"ImageObject","inLanguage":"en-US","@id":"https:\/\/www.apaczka.pl\/en\/aktualnosci\/gwarancja-dostaw-inpost-paczkomat-przed-dniem-dziecka\/#primaryimage","url":"https:\/\/www.apaczka.pl\/app\/uploads\/2025\/05\/apaczka_dzien_dziecka_gwarancja_dostawy-1.webp","contentUrl":"https:\/\/www.apaczka.pl\/app\/uploads\/2025\/05\/apaczka_dzien_dziecka_gwarancja_dostawy-1.webp","width":1070,"height":456},{"@type":"BreadcrumbList","@id":"https:\/\/www.apaczka.pl\/en\/aktualnosci\/gwarancja-dostaw-inpost-paczkomat-przed-dniem-dziecka\/#breadcrumb","itemListElement":[{"@type":"ListItem","position":1,"name":"Apaczka","item":"https:\/\/www.apaczka.pl\/en\/"},{"@type":"ListItem","position":2,"name":"Aktualno\u015bci","item":"https:\/\/www.apaczka.pl\/en\/aktualnosci\/"},{"@type":"ListItem","position":3,"name":"Gwarancja dostaw InPost Paczkomat\u00ae przed Dniem Dziecka"}]},{"@type":"WebSite","@id":"https:\/\/www.apaczka.pl\/en\/#website","url":"https:\/\/www.apaczka.pl\/en\/","name":"Apaczka","description":"Rozwi\u0105zania do zarz\u0105dzania procesami wysy\u0142kowymi dla firm","publisher":{"@id":"https:\/\/www.apaczka.pl\/en\/#organization"},"potentialAction":[{"@type":"SearchAction","target":{"@type":"EntryPoint","urlTemplate":"https:\/\/www.apaczka.pl\/en\/?s={search_term_string}"},"query-input":{"@type":"PropertyValueSpecification","valueRequired":true,"valueName":"search_term_string"}}],"inLanguage":"en-US"},{"@type":"Organization","@id":"https:\/\/www.apaczka.pl\/en\/#organization","name":"Apaczka","url":"https:\/\/www.apaczka.pl\/en\/","logo":{"@type":"ImageObject","inLanguage":"en-US","@id":"https:\/\/www.apaczka.pl\/en\/#\/schema\/logo\/image\/","url":"https:\/\/www.apaczka.pl\/app\/uploads\/2024\/05\/cropped-Apaczka-Full-Logotype-Full-Color.png","contentUrl":"https:\/\/www.apaczka.pl\/app\/uploads\/2024\/05\/cropped-Apaczka-Full-Logotype-Full-Color.png","width":1337,"height":405,"caption":"Apaczka"},"image":{"@id":"https:\/\/www.apaczka.pl\/en\/#\/schema\/logo\/image\/"},"sameAs":["https:\/\/www.facebook.com\/ApaczkaPL\/","https:\/\/www.linkedin.com\/company\/apaczka-alsendo-sp-z-o-o\/","https:\/\/www.youtube.com\/@apaczka-by-alsendo","https:\/\/g.co\/kgs\/Ztnp4yQ","https:\/\/maps.app.goo.gl\/iUwRn8EGrQJAk4LB9","https:\/\/www.trustpilot.com\/review\/www.apaczka.pl","https:\/\/www.crunchbase.com\/organization\/apaczka","https:\/\/www.ekomi-pl.com\/opinie-apaczka.html","https:\/\/www.wikidata.org\/wiki\/Q135189453"],"description":"Apaczka.pl to platforma technologiczna do zarz\u0105dzania wysy\u0142kami i dostawami dla firm. Jeste\u015bmy sprawdzonym partnerem w zakresie proces\u00f3w wysy\u0142kowych dzia\u0142aj\u0105cym od ponad 15 lat na rynku. Integrujemy szeroki wachlarz us\u0142ug kurierskich oraz dedykowanych us\u0142ug w\u0142asnych skierowanych do wszystkich przedsi\u0119biorc\u00f3w, tak\u017ce tych, kt\u00f3rzy dopiero zaczynaj\u0105 swoj\u0105 dzia\u0142alno\u015b\u0107. Oferowane przez nas rozwi\u0105zania s\u0105 wykorzystywane przez firmy z bran\u017cy e-commerce, du\u017ce podmioty typu marketplace, ale r\u00f3wnie\u017c niewielkie firmy nadaj\u0105ce kilkana\u015bcie przesy\u0142ek miesi\u0119cznie. Konsekwentnie wspieramy firmy w rozwoju ich biznesu, udost\u0119pniaj\u0105c bez \u017cadnych op\u0142at gotowe narz\u0119dzia u\u0142atwiaj\u0105ce codzienn\u0105 logistyk\u0119. Nasi Klienci wysy\u0142aj\u0105 ponad 2,5 miliona przesy\u0142ek ka\u017cdego miesi\u0105ca korzystaj\u0105c z naszych unikalnych technologii. Nasze mocne strony: - Mo\u017cliwo\u015b\u0107 por\u00f3wnania ofert wiod\u0105cych firm kurierskich w Polsce i na \u015bwiecie: DHL, UPS, DPD, Fedex, Poczta Polska, Geis, InPost, GLS, Ambro, Hellmann i wielu innych, - Mo\u017cliwo\u015b\u0107 indywidualnego negocjowania stawek w zale\u017cno\u015bci od ilo\u015bci przesy\u0142ek i ich rodzaju (palety, p\u00f3\u0142palety, przesy\u0142ki krajowe, mi\u0119dzynarodowe), - Jedna, prosta integracja API z wieloma platformami e-commerce, marketplace i systemami ERP, WMS., daj\u0105ca dost\u0119p do ca\u0142ej naszej oferty kurierskiej, - Mo\u017cliwo\u015b\u0107 automatyzacji i optymalizacji proces\u00f3w wysy\u0142kowych, -Indywidualny Opiekun Handlowy zapewniaj\u0105cy wsparcie merytoryczne z zakresu rozwi\u0105za\u0144 kurierskich w zale\u017cno\u015bci od bran\u017cy Klienta, rodzaju przesy\u0142ek i metod dostawy, - Bezp\u0142atne integracje z 50 platformami sklepowymi, mo\u017cliwo\u015b\u0107 import\u00f3w (w tym Allegro) oraz wsparcie dzia\u0142u IT, -Personalizacja komunikacji z odbiorcami przesy\u0142ek na etapie post-checkout, modu\u0142 zwrot\u00f3w i analityka danych logistycznych, -Brak minim\u00f3w wysy\u0142kowych i wygodne formy rozlicze\u0144. Apaczka.pl: por\u00f3wnuj ceny kurier\u00f3w, automatyzuj procesy wysy\u0142kowe.","legalName":"Alsendo sp. z o.o.","foundingDate":"2009-08-17","vatID":"PL8971840043","taxID":"367328934","numberOfEmployees":{"@type":"QuantitativeValue","minValue":"51","maxValue":"200"}},{"@type":"Person","@id":"https:\/\/www.apaczka.pl\/en\/#\/schema\/person\/903d98808f808e917439385fc64afef7","name":"Alicja Wierzbicka","image":{"@type":"ImageObject","inLanguage":"en-US","@id":"https:\/\/secure.gravatar.com\/avatar\/17a6de25aa19655d5080c2685a95535adda171a04e11a41d6c191c19c36c0ad1?s=96&d=mm&r=g","url":"https:\/\/secure.gravatar.com\/avatar\/17a6de25aa19655d5080c2685a95535adda171a04e11a41d6c191c19c36c0ad1?s=96&d=mm&r=g","contentUrl":"https:\/\/secure.gravatar.com\/avatar\/17a6de25aa19655d5080c2685a95535adda171a04e11a41d6c191c19c36c0ad1?s=96&d=mm&r=g","caption":"Alicja Wierzbicka"},"url":"https:\/\/www.apaczka.pl\/en\/blog\/author\/alicja-wierzbicka\/"}]}},"_links":{"self":[{"href":"https:\/\/www.apaczka.pl\/en\/wp-json\/wp\/v2\/news\/33860","targetHints":{"allow":["GET"]}}],"collection":[{"href":"https:\/\/www.apaczka.pl\/en\/wp-json\/wp\/v2\/news"}],"about":[{"href":"https:\/\/www.apaczka.pl\/en\/wp-json\/wp\/v2\/types\/news"}],"author":[{"embeddable":true,"href":"https:\/\/www.apaczka.pl\/en\/wp-json\/wp\/v2\/users\/8"}],"version-history":[{"count":1,"href":"https:\/\/www.apaczka.pl\/en\/wp-json\/wp\/v2\/news\/33860\/revisions"}],"predecessor-version":[{"id":33863,"href":"https:\/\/www.apaczka.pl\/en\/wp-json\/wp\/v2\/news\/33860\/revisions\/33863"}],"wp:featuredmedia":[{"embeddable":true,"href":"https:\/\/www.apaczka.pl\/en\/wp-json\/wp\/v2\/media\/33861"}],"wp:attachment":[{"href":"https:\/\/www.apaczka.pl\/en\/wp-json\/wp\/v2\/media?parent=33860"}],"wp:term":[{"taxonomy":"news_category","embeddable":true,"href":"https:\/\/www.apaczka.pl\/en\/wp-json\/wp\/v2\/news_category?post=33860"},{"taxonomy":"news_tag","embeddable":true,"href":"https:\/\/www.apaczka.pl\/en\/wp-json\/wp\/v2\/news_tag?post=33860"}],"curies":[{"name":"wp","href":"https:\/\/api.w.org\/{rel}","templated":true}]}}