{"id":32919,"date":"2025-04-14T07:06:00","date_gmt":"2025-04-14T07:06:00","guid":{"rendered":"https:\/\/www.apaczka.pl\/?post_type=news&#038;p=32919"},"modified":"2025-04-28T13:04:54","modified_gmt":"2025-04-28T13:04:54","slug":"harmonogram-pracy-firm-kurierskich-w-okresie-swiat-wielkanocnych-2025-i-majowki","status":"publish","type":"news","link":"https:\/\/www.apaczka.pl\/en\/aktualnosci\/harmonogram-pracy-firm-kurierskich-w-okresie-swiat-wielkanocnych-2025-i-majowki\/","title":{"rendered":"Harmonogram pracy firm kurierskich w okresie \u015awi\u0105t Wielkanocnych i maj\u00f3wki"},"content":{"rendered":"\n<p>Wielkanoc oraz Maj\u00f3wka to czas, w kt\u00f3rym harmonogram pracy firm kurierskich ulega zmianie. W 2025 roku \u015awi\u0119ta Wielkanocne przypadaj\u0105 na <strong>20 i 21 kwietnia (niedziela i poniedzia\u0142ek)<\/strong> \u2014 s\u0105 to dni ustawowo wolne od pracy, dlatego firmy kurierskie nie realizuj\u0105 wtedy odbior\u00f3w ani dor\u0119cze\u0144.<\/p>\n\n\n\n<p>Maj\u00f3wka w tym roku to <strong>1 maja (czwartek, \u015awi\u0119to Pracy)<\/strong> oraz <strong>3 maja (sobota, \u015awi\u0119to Konstytucji 3 Maja)<\/strong>, oba dni r\u00f3wnie\u017c s\u0105 ustawowo wolne od pracy, co oznacza ograniczon\u0105 dost\u0119pno\u015b\u0107 us\u0142ug kurierskich.<\/p>\n\n\n\n<p>Aby unikn\u0105\u0107 op\u00f3\u017anie\u0144 i niespodzianek, zach\u0119camy do zapoznania si\u0119 z przygotowanym harmonogramem pracy firm kurierskich na okres Wielkanocy i Maj\u00f3wki. Sprawd\u017a, jak dzia\u0142aj\u0105 przewo\u017anicy w tych dniach i zaplanuj wysy\u0142ki z wyprzedzeniem!<\/p>\n\n\n<h2 class=\"simpletoc-title\">Spis tre\u015bci<\/h2>\n<ul class=\"simpletoc-list\">\n<li><a href=\"#h-inpost\">InPost<\/a>\n\n<\/li>\n<li><a href=\"#h-poczta-polska\">Poczta Polska<\/a>\n\n<\/li>\n<li><a href=\"#h-poczta-polska-palety\">Poczta Polska Palety<\/a>\n\n<\/li>\n<li><a href=\"#h-geodis\">Geodis<\/a>\n\n<\/li>\n<li><a href=\"#h-gls\">GLS<\/a>\n\n<\/li>\n<li><a href=\"#h-dpd-polska\">DPD Polska<\/a>\n\n<\/li>\n<li><a href=\"#h-ambro\">Ambro<\/a>\n\n<\/li>\n<li><a href=\"#h-fedex\">FedEx<\/a>\n\n<\/li>\n<li><a href=\"#h-hellmann\">Hellmann<\/a>\n\n<\/li>\n<li><a href=\"#h-dhl\">DHL<\/a>\n\n<\/li>\n<li><a href=\"#h-geis\">Geis<\/a>\n\n<\/li>\n<li><a href=\"#h-orlen-paczka\">Orlen Paczka<\/a>\n\n<\/li>\n<li><a href=\"#h-raben\">Raben<\/a>\n\n<\/li>\n<li><a href=\"#h-rhenus\">Rhenus<\/a>\n\n<\/li>\n<li><a href=\"#h-ups\">UPS<\/a>\n<\/li><\/ul>\n\n<h2 class=\"wp-block-heading\" id=\"h-inpost\">InPost<\/h2>\n\n\n<p><strong>18.04 (pi\u0105tek)<\/strong><br>Standardowy dzie\u0144 pracy. Podj\u0119cia i dor\u0119czenia realizowane. Linehaul przyje\u017cd\u017ca i wyje\u017cd\u017ca z oddzia\u0142u oraz SORR. Sortownie i podsortownie pracuj\u0105 normalnie.<\/p>\n\n\n\n<p><strong>19.04 (sobota)<\/strong><br>Weekend (PwW). Podj\u0119cia i dor\u0119czenia realizowane w trybie sobotnim. Linehaul przyje\u017cd\u017ca do oddzia\u0142u, ale nie wyje\u017cd\u017ca. Sortownie i podsortownie maj\u0105 wolne.<\/p>\n\n\n\n<p><strong>20.04 (niedziela, Wielkanoc)<\/strong><br>Plac\u00f3wki nie pracuj\u0105. Brak podj\u0119\u0107, dor\u0119cze\u0144, transport\u00f3w Linehaul i pracy w sortowniach i podsortowniach.<\/p>\n\n\n\n<p><strong>21.04 (poniedzia\u0142ek, Poniedzia\u0142ek Wielkanocny)<\/strong><br>Plac\u00f3wki nie pracuj\u0105. Brak podj\u0119\u0107, dor\u0119cze\u0144, transport\u00f3w Linehaul i pracy w sortowniach i podsortowniach.<\/p>\n\n\n\n<p><strong>22.04 (wtorek)<\/strong><br>Standardowy dzie\u0144 pracy. Podj\u0119cia i dor\u0119czenia realizowane. Linehaul wyje\u017cd\u017ca z oddzia\u0142u i SORR, ale nie przyje\u017cd\u017ca do oddzia\u0142u. Sortownie i podsortownie pracuj\u0105 normalnie.<\/p>\n\n\n\n<p><strong>23.04 (\u015broda)<\/strong><br>Standardowy dzie\u0144 pracy. Podj\u0119cia i dor\u0119czenia realizowane. Linehaul przyje\u017cd\u017ca i wyje\u017cd\u017ca z oddzia\u0142u oraz SORR. Sortownie i podsortownie pracuj\u0105 normalnie.<\/p>\n\n\n\n<p><strong>InPost \u2013 Gwarancja dostawy przed \u015awi\u0119tami Wielkanocnymi<\/strong><br>Przesy\u0142ki krajowe nadane do Paczkomat\u00ae do pi\u0105tku (18 kwietnia 2025), zgodnie z godzinami granicznymi dla danego kodu pocztowego, zostan\u0105 dor\u0119czone w sobot\u0119 (19 kwietnia 2025) \u2014 bez dodatkowych op\u0142at i bez konieczno\u015bci zg\u0142aszania us\u0142ugi.<\/p>\n\n\n\n<p>Strefy odbioru:<\/p>\n\n\n\n<ul class=\"wp-block-list\">\n<li>Strefa D \u2013 do godz. 13:00<\/li>\n\n\n\n<li>Strefa C \u2013 do godz. 14:00<\/li>\n\n\n\n<li>Strefa B \u2013 do godz. 15:00<\/li>\n\n\n\n<li>Strefa A \u2013 do godz. 16:00<\/li>\n<\/ul>\n\n\n\n<p>Wi\u0119cej informacji: <a class=\"\" href=\"https:\/\/inpost.pl\/godziny-odbiorow\">https:\/\/inpost.pl\/godziny-odbiorow<\/a><\/p>\n\n\n\n<p><strong>30 kwietnia 2025 (\u015broda)<\/strong> \u2013 plac\u00f3wki pracuj\u0105 standardowo, realizowane b\u0119d\u0105 podj\u0119cia i dor\u0119czenia, sortowanie i podsortowanie bez zmian.<\/p>\n\n\n\n<p><strong>1 maja 2025 (czwartek, \u015awi\u0119to Pracy)<\/strong> \u2013 plac\u00f3wki nieczynne, brak podj\u0119\u0107, dor\u0119cze\u0144 oraz pracy sortowni.<\/p>\n\n\n\n<p><strong>2 maja 2025 (pi\u0105tek)<\/strong> \u2013 plac\u00f3wki pracuj\u0105 standardowo, realizowane b\u0119d\u0105 podj\u0119cia i dor\u0119czenia LH, sortowanie i podsortowanie bez zmian.<\/p>\n\n\n\n<p><strong>3 maja 2025 (sobota, \u015awi\u0119to Konstytucji 3 Maja)<\/strong> \u2013 plac\u00f3wki nieczynne, brak podj\u0119\u0107, dor\u0119cze\u0144 oraz pracy sortowni.<\/p>\n\n\n\n<p><strong>4 maja 2025 (niedziela)<\/strong> \u2013 realizowane b\u0119d\u0105 podj\u0119cia i dor\u0119czenia do APM, sortowanie pracuje, podsortownie wolne.<\/p>\n\n\n\n<p><strong>5 maja 2025 (poniedzia\u0142ek)<\/strong> \u2013 plac\u00f3wki pracuj\u0105 standardowo, realizowane b\u0119d\u0105 podj\u0119cia i dor\u0119czenia, sortowanie i podsortowanie bez zmian.<\/p>\n\n\n<h2 class=\"wp-block-heading\" id=\"h-poczta-polska\">Poczta Polska <\/h2>\n\n\n<p><strong>Wielkanoc:<\/strong><\/p>\n\n\n\n<ul class=\"wp-block-list\">\n<li>19 kwietnia 2025 (Wielka Sobota)<br>Plac\u00f3wki Poczty Polskiej czynne do godziny 13:00 \u2014 dotyczy r\u00f3wnie\u017c plac\u00f3wek ca\u0142odobowych oraz tych o najd\u0142u\u017cszych godzinach otwarcia w wojew\u00f3dztwie.<br>W wyj\u0105tkowych przypadkach (np. zamkni\u0119cie obiektu, w kt\u00f3rym dzia\u0142a plac\u00f3wka) mo\u017cliwe wyd\u0142u\u017cenie godzin pracy w innym dniu tego samego tygodnia do godz. 20:00, w zamian za zamkni\u0119cie w sobot\u0119.<br>Plac\u00f3wki w galeriach handlowych dostosowuj\u0105 godziny otwarcia do pracy obiektu, o ile nie ustalono inaczej.<\/li>\n\n\n\n<li>20 kwietnia 2025 (Niedziela Wielkanocna)<br>Wszystkie plac\u00f3wki, w tym ca\u0142odobowe, pozostaj\u0105 nieczynne.<\/li>\n\n\n\n<li>21 kwietnia 2025 (Poniedzia\u0142ek Wielkanocny)<br>Wszystkie plac\u00f3wki, w tym ca\u0142odobowe, pozostaj\u0105 nieczynne.<\/li>\n\n\n\n<li>22 kwietnia 2025 (Wtorek)<br>Plac\u00f3wki pracuj\u0105 zgodnie ze standardowym czasem pracy dla dnia roboczego.<br>Plac\u00f3wki ca\u0142odobowe wznawiaj\u0105 prac\u0119 w godzinach porannych, rekomendowany przedzia\u0142: 06:00 \u2013 08:00.<\/li>\n<\/ul>\n\n\n\n<p><strong>Weekend Majowy:<\/strong><\/p>\n\n\n\n<ul class=\"wp-block-list\">\n<li>30 kwietnia 2025 (\u015aroda)<br>Plac\u00f3wki czynne w standardowych godzinach, a plac\u00f3wki ca\u0142odobowe dost\u0119pne dla klient\u00f3w do godziny 24:00.<\/li>\n\n\n\n<li>1 maja 2025 (Czwartek, \u015awi\u0119to Pracy)<br>Wszystkie plac\u00f3wki pocztowe nieczynne.<\/li>\n\n\n\n<li>2 maja 2025 (Pi\u0105tek)<br>Plac\u00f3wki wznawiaj\u0105 prac\u0119 zgodnie ze standardowym harmonogramem.<br>Plac\u00f3wki ca\u0142odobowe otwieraj\u0105 si\u0119 w przedziale 06:00 \u2013 08:00.<br>Tego dnia wszystkie plac\u00f3wki (r\u00f3wnie\u017c ca\u0142odobowe) b\u0119d\u0105 dost\u0119pne maksymalnie do godziny 22:00.<\/li>\n\n\n\n<li>3 maja 2025 (Sobota, \u015awi\u0119to Konstytucji 3 Maja)<br>Plac\u00f3wki pocztowe pozostaj\u0105 nieczynne.<\/li>\n\n\n\n<li>4 maja 2025 (Niedziela niehandlowa)<br>Praca plac\u00f3wek zgodnie ze standardowym czasem dla niedzieli.<br>Plac\u00f3wki ca\u0142odobowe wznawiaj\u0105 prac\u0119 w przedziale 06:00 \u2013 08:00.<\/li>\n<\/ul>\n\n\n<h2 class=\"wp-block-heading\" id=\"h-poczta-polska-palety\">Poczta Polska Palety<\/h2>\n\n\n<ul class=\"wp-block-list\">\n<li>Do pi\u0105tku 18.04 \u2014 praca normalna.<\/li>\n\n\n\n<li>Po \u015bwi\u0119tach \u2014 start we wtorek 22.04 w pe\u0142nym zakresie.<\/li>\n<\/ul>\n\n\n\n<p><strong>Maj\u00f3wka:<\/strong><\/p>\n\n\n\n<ul class=\"wp-block-list\">\n<li>2 maja \u2014 nie pracujemy.<\/li>\n\n\n\n<li>Pozosta\u0142e dni \u2014 bez zmian.<\/li>\n<\/ul>\n\n\n<h2 class=\"wp-block-heading\" id=\"h-geodis\">Geodis<\/h2>\n\n\n<p><strong>18.04 (Wielki Pi\u0105tek)<\/strong><br>Odbiory i dostawy w standardowym trybie. Pe\u0142na sesja sort z przyjazdami w nocy 18\/19 kwietnia.<br>Odbiory z 18 kwietnia zaplanowane s\u0105 do dostawy na dzie\u0144 22 kwietnia.<\/p>\n\n\n\n<p><strong>22.04 (wtorek)<\/strong><br>Odbiory i dostawy w standardowym trybie. Przesy\u0142ki z 18.04 dostarczane 22.04.<\/p>\n\n\n\n<p><strong>\u015aroda, 30 kwietnia<\/strong><br>Odbiory w pe\u0142nym zakresie z planowan\u0105 dostaw\u0105 na 2 maja (pi\u0105tek); wymagane potwierdzenie przyj\u0119cia towaru, dostawy w pe\u0142nym zakresie.<\/p>\n\n\n\n<p><strong>Pi\u0105tek, 2 maja<\/strong><br>Odbiory w pe\u0142nym zakresie z planowan\u0105 dat\u0105 dostawy na 5 maja (poniedzia\u0142ek), dostawy w pe\u0142nym zakresie.<\/p>\n\n\n<h2 class=\"wp-block-heading\" id=\"h-gls\">GLS<\/h2>\n\n\n<p><strong>Wielkanoc:<\/strong><\/p>\n\n\n\n<ul class=\"wp-block-list\">\n<li>19 kwietnia 2025 (sobota \u2014 Wielka Sobota)<br>Godziny pracy filii GLS oraz Infolinii pozostaj\u0105 bez zmian.<br>Dor\u0119czane b\u0119d\u0105 przesy\u0142ki z us\u0142ug\u0105 <strong>SaturdayService<\/strong>.<\/li>\n\n\n\n<li>20 kwietnia 2025 (niedziela \u2014 Wielkanoc)<br>Dzie\u0144 wolny od pracy dla filii oraz Infolinii GLS. Brak dor\u0119cze\u0144 i odbior\u00f3w.<\/li>\n\n\n\n<li>21 kwietnia 2025 (poniedzia\u0142ek \u2014 drugi dzie\u0144 \u015awi\u0105t Wielkanocnych)<br>Dzie\u0144 wolny od pracy dla filii oraz Infolinii GLS. Brak dor\u0119cze\u0144 i odbior\u00f3w.<\/li>\n<\/ul>\n\n\n\n<p>Przesy\u0142ki nadane w pi\u0105tek (18.04) b\u0119d\u0105 dor\u0119czane we wtorek (22.04).<\/p>\n\n\n\n<p><strong>Weekend majowy:<\/strong><\/p>\n\n\n\n<ul class=\"wp-block-list\">\n<li>30 kwietnia 2025 (\u015broda)<br>Praca odbywa si\u0119 zgodnie ze standardowym harmonogramem. Realizowane b\u0119d\u0105 zar\u00f3wno odbiory, jak i dor\u0119czenia.<\/li>\n\n\n\n<li>1 maja 2025 (czwartek \u2014 \u015awi\u0119to Pracy)<br>Dzie\u0144 wolny od pracy dla filii oraz Infolinii GLS. Brak dor\u0119cze\u0144 i odbior\u00f3w.<\/li>\n\n\n\n<li>2 maja 2025 (pi\u0105tek)<br>Praca odbywa si\u0119 zgodnie ze standardowym harmonogramem. Realizowane b\u0119d\u0105 odbiory i dor\u0119czenia.<\/li>\n\n\n\n<li>3 maja 2025 (sobota \u2014 \u015awi\u0119to Konstytucji 3 Maja)<br>Dzie\u0144 wolny od pracy dla filii oraz Infolinii GLS. Brak dor\u0119cze\u0144 i odbior\u00f3w.<\/li>\n<\/ul>\n\n\n\n<p>Przesy\u0142ki nadane w \u015brod\u0119 (30.04) b\u0119d\u0105 dor\u0119czane w pi\u0105tek (02.05).<\/p>\n\n\n<h2 class=\"wp-block-heading\" id=\"h-dpd-polska\">DPD Polska<\/h2>\n\n\n<p><strong>Wielkanoc:<\/strong><\/p>\n\n\n\n<ul class=\"wp-block-list\">\n<li>18.04 (pi\u0105tek) \u2014 przesy\u0142ki nadane tego dnia dor\u0119czane 22.04 (wtorek).<\/li>\n\n\n\n<li>19.04 (sobota) \u2014 tryb sobotni, dor\u0119czenia 23.04 (\u015broda).<\/li>\n\n\n\n<li>21.04 (poniedzia\u0142ek) \u2014 dzie\u0144 wolny, brak obs\u0142ugi.<\/li>\n<\/ul>\n\n\n\n<p><strong>Maj\u00f3wka:<\/strong><\/p>\n\n\n\n<ul class=\"wp-block-list\">\n<li>30.04 (\u015broda) \u2014 dor\u0119czenia planowane na 2.05 (pi\u0105tek).<\/li>\n\n\n\n<li>1.05 (czwartek) \u2014 dzie\u0144 wolny.<\/li>\n\n\n\n<li>2.05 (pi\u0105tek) \u2014 przesy\u0142ki dor\u0119czane 5.05 (poniedzia\u0142ek).<\/li>\n\n\n\n<li>3.05 (sobota) \u2014 dzie\u0144 wolny.<\/li>\n<\/ul>\n\n\n<h2 class=\"wp-block-heading\" id=\"h-ambro\">Ambro<\/h2>\n\n\n<ul class=\"wp-block-list\">\n<li>1.05 (czwartek) \u2014 dzie\u0144 wolny.<\/li>\n\n\n\n<li>2.05 (pi\u0105tek) \u2014 dzie\u0144 pracuj\u0105cy. <\/li>\n\n\n\n<li>3.05 (sobota) \u2014 dzie\u0144 wolny.<\/li>\n<\/ul>\n\n\n<h2 class=\"wp-block-heading\" id=\"h-fedex\">FedEx<\/h2>\n\n\n<p>Aktualne informacje dost\u0119pne pod linkiem:<br><a class=\"\" href=\"https:\/\/www.fedex.com\/pl-pl\/about\/holiday-schedule.html\">https:\/\/www.fedex.com\/pl-pl\/about\/holiday-schedule.html<\/a><\/p>\n\n\n<h2 class=\"wp-block-heading\" id=\"h-hellmann\">Hellmann<\/h2>\n\n\n<ul class=\"wp-block-list\">\n<li>Przesy\u0142ki odebrane w dniach <strong>16.04, 17.04 i 18.04<\/strong> wyjad\u0105 z Polski dopiero <strong>22.04<\/strong>.<\/li>\n<\/ul>\n\n\n\n<p><strong>Mi\u0119dzynarodowe wyjazdy liniowe:<\/strong><\/p>\n\n\n\n<ul class=\"wp-block-list\">\n<li><strong>Brno (Czechy, S\u0142owacja):<\/strong> Ostatnie auto wyje\u017cd\u017ca <strong>17.04<\/strong>, pierwsze po przerwie rusza <strong>22.04<\/strong>.<\/li>\n\n\n\n<li><strong>W\u0142ochy:<\/strong> Bez zmian, w tygodniu 18 wyje\u017cd\u017ca tylko jedno auto.<\/li>\n<\/ul>\n\n\n\n<p><strong>Wroc\u0142aw \u2014 Niemcy, Czechy:<\/strong><\/p>\n\n\n\n<ul class=\"wp-block-list\">\n<li><strong>Ottendorf:<\/strong> Ostatnie auto wyje\u017cd\u017ca <strong>17.04<\/strong>, start po przerwie <strong>22.04<\/strong>.<\/li>\n\n\n\n<li><strong>Karlsdorf:<\/strong> Ostatnie auto wyje\u017cd\u017ca <strong>16.04<\/strong>, start po przerwie <strong>22.04<\/strong>.<\/li>\n\n\n\n<li><strong>Jenec + Augsburg:<\/strong> Ostatnie auto wyje\u017cd\u017ca <strong>16.04<\/strong>, start po przerwie <strong>22.04<\/strong>.<\/li>\n<\/ul>\n\n\n\n<p><strong>Niemcy, Holandia, Belgia:<\/strong><\/p>\n\n\n\n<ul class=\"wp-block-list\">\n<li><strong>LEH:<\/strong> Ostatnie auto <strong>17.04<\/strong>, pierwsze auto <strong>22.04<\/strong>.<\/li>\n\n\n\n<li><strong>HH:<\/strong> Ostatnie auto <strong>17.04<\/strong>, pierwsze auto <strong>22.04<\/strong>.<\/li>\n\n\n\n<li><strong>BIE:<\/strong> Ostatnie auto <strong>17.04<\/strong>, pierwsze auto <strong>22.04<\/strong>.<\/li>\n\n\n\n<li><strong>OSN:<\/strong> Ostatnie auto <strong>17.04<\/strong>, pierwsze auto <strong>22.04<\/strong>.<\/li>\n\n\n\n<li><strong>FU:<\/strong> Ostatnie auto <strong>17.04<\/strong>, pierwsze auto <strong>23.04<\/strong>.<\/li>\n\n\n\n<li><strong>NL:<\/strong> Ostatnie auto <strong>16.04<\/strong>, pierwsze auto <strong>22.04<\/strong>.<\/li>\n<\/ul>\n\n\n\n<p><strong>Maj\u00f3wka<\/strong><\/p>\n\n\n\n<ol class=\"wp-block-list\">\n<li><strong>Ograniczenie dystrybucji do 25 km od oddzia\u0142u w dniu 2 maja<\/strong> (dotyczy tylko sytuacji, gdy klient nie pracuje lub odbiorca nie przyjmuje towaru \u2013 aby unikn\u0105\u0107 powt\u00f3rnych dostaw na koszt klienta). Je\u015bli dany oddzia\u0142 mo\u017ce realizowa\u0107 dalsze rejony, dystrybucja odbywa si\u0119 normalnie.<\/li>\n\n\n\n<li>W zwi\u0105zku z pracami remontowymi u naszego partnera w Lublinie dostawy w tych rejonach 2.05 b\u0119d\u0105 wstrzymane.<\/li>\n\n\n\n<li>Klient musi wskaza\u0107, czy dostawa ma by\u0107 <strong>2.05 czy 5.05<\/strong> \u2013 szczeg\u00f3lnie istotne przy dostawach mi\u0119dzynarodowych (Niemcy maj\u0105 w tym czasie wiele dni wolnych).<\/li>\n\n\n\n<li>Odbiory zaplanowane na 2.05 nale\u017cy <strong>sprawdzi\u0107 pod k\u0105tem pracy odbiorcy i gotowo\u015bci towaru do wydania<\/strong>.<\/li>\n\n\n\n<li>Przesy\u0142ki odebrane 02 maja b\u0119d\u0105 planowane na dostawy 06 maja (02-05.05 nie ma sesji prze\u0142adunkowych).<\/li>\n\n\n\n<li>Dodatkowo nasze oddzia\u0142y partnerskie w Lublinie, Olsztynie, Bia\u0142ymstoku, Koszalinie nie pracuj\u0105 2.05<strong>.<\/strong>\u00a0Nie realizujemy tego dnia dostaw i odbior\u00f3w w tych rejonach.<\/li>\n<\/ol>\n\n\n\n<p><strong>Harmonogram wyjazd\u00f3w do Niemiec \u2013 maj 2025<\/strong><\/p>\n\n\n\n<p>Ze wzgl\u0119du na du\u017c\u0105 liczb\u0119 dni wolnych w Niemczech, poni\u017cej prezentujemy aktualny harmonogram wyjazd\u00f3w linii z Wroc\u0142awia:<\/p>\n\n\n\n<p><strong>Karlrsdorf<\/strong><\/p>\n\n\n\n<figure class=\"wp-block-table\"><table class=\"has-fixed-layout\"><thead><tr><th>Tydzie\u0144<\/th><th>Pon<\/th><th>Wt<\/th><th>\u015ar<\/th><th>Czw<\/th><th>Pt<\/th><\/tr><\/thead><tbody><tr><td>18<\/td><td>X<\/td><td><\/td><td>X<\/td><td><\/td><td>X<\/td><\/tr><tr><td>19<\/td><td><\/td><td><\/td><td><\/td><td><\/td><td>X<\/td><\/tr><tr><td>20<\/td><td><\/td><td>X<\/td><td><\/td><td><\/td><td><\/td><\/tr><tr><td>21<\/td><td>X<\/td><td><\/td><td>X<\/td><td><\/td><td><\/td><\/tr><tr><td>22<\/td><td><\/td><td><\/td><td>X<\/td><td><\/td><td>X<\/td><\/tr><\/tbody><\/table><\/figure>\n\n\n\n<p><strong>Ottendorf<\/strong><\/p>\n\n\n\n<figure class=\"wp-block-table\"><table class=\"has-fixed-layout\"><thead><tr><th>Tydzie\u0144<\/th><th>Pon<\/th><th>Wt<\/th><th>\u015ar<\/th><th>Czw<\/th><th>Pt<\/th><\/tr><\/thead><tbody><tr><td>18<\/td><td>X<\/td><td>X<\/td><td>X<\/td><td><\/td><td>X<\/td><\/tr><tr><td>19<\/td><td><\/td><td><\/td><td><\/td><td>X<\/td><td>X<\/td><\/tr><tr><td>20<\/td><td><\/td><td><\/td><td><\/td><td>X<\/td><td><\/td><\/tr><tr><td>21<\/td><td>X<\/td><td>X<\/td><td><\/td><td><\/td><td><\/td><\/tr><tr><td>22<\/td><td><\/td><td>X<\/td><td>X<\/td><td>X<\/td><td>X<\/td><\/tr><\/tbody><\/table><\/figure>\n\n\n\n<p><strong>Jenec + Augsburg<\/strong><\/p>\n\n\n\n<figure class=\"wp-block-table\"><table class=\"has-fixed-layout\"><thead><tr><th>Tydzie\u0144<\/th><th>Pon<\/th><th>Wt<\/th><th>\u015ar<\/th><th>Czw<\/th><th>Pt<\/th><\/tr><\/thead><tbody><tr><td>18<\/td><td>X<\/td><td>X<\/td><td>X<\/td><td>X<\/td><td>X<\/td><\/tr><tr><td>19<\/td><td><\/td><td>X<\/td><td>X<\/td><td><\/td><td>X<\/td><\/tr><tr><td>20<\/td><td><\/td><td><\/td><td><\/td><td>X<\/td><td><\/td><\/tr><tr><td>21<\/td><td>X<\/td><td>X<\/td><td>X<\/td><td><\/td><td><\/td><\/tr><tr><td>22<\/td><td><\/td><td><\/td><td><\/td><td><\/td><td>X<\/td><\/tr><\/tbody><\/table><\/figure>\n\n\n\n<p>Prosimy o bie\u017c\u0105ce \u015bledzenie harmonogramu i dostosowanie zam\u00f3wie\u0144 zgodnie z datami wyjazd\u00f3w oraz dost\u0119pno\u015bci\u0105 klient\u00f3w.<\/p>\n\n\n<h2 class=\"wp-block-heading\" id=\"h-dhl\">DHL<\/h2>\n\n\n<p><strong>18 kwietnia 2025 (pi\u0105tek)<\/strong><br>Rozpocz\u0119cie i zako\u0144czenie pracy jak w ka\u017cdy pi\u0105tek (zale\u017cnie od godzin pracy Terminala).<\/p>\n\n\n\n<p><strong>19 kwietnia 2025 (sobota)<\/strong><br>Wielka Sobota \u2014 DHL \u015bwiadczy us\u0142ugi jak w ka\u017cd\u0105 sobot\u0119.<\/p>\n\n\n\n<p><strong>20 kwietnia 2025 (niedziela)<\/strong><br>Niedziela Wielkanocna \u2014 DHL nie \u015bwiadczy us\u0142ug, dzie\u0144 wolny od pracy.<\/p>\n\n\n\n<p><strong>21 kwietnia 2025 (poniedzia\u0142ek)<\/strong><br>Poniedzia\u0142ek Wielkanocny \u2014 DHL nie \u015bwiadczy us\u0142ug, dzie\u0144 wolny od pracy.<\/p>\n\n\n\n<p><strong>22 kwietnia 2025 (wtorek)<\/strong><br>Rozpocz\u0119cie i zako\u0144czenie pracy jak w ka\u017cdy wtorek.<\/p>\n\n\n\n<p><strong>30 kwietnia 2025 (\u015broda)<\/strong><br>Rozpocz\u0119cie i zako\u0144czenie pracy jak w ka\u017cd\u0105 \u015brod\u0119 (zale\u017cnie od godzin pracy Terminala).<\/p>\n\n\n\n<p><strong>1 maja 2025 (czwartek)<\/strong><br>\u015awi\u0119to 1-go Maja \u2014 DHL nie \u015bwiadczy us\u0142ug, dzie\u0144 wolny od pracy.<br>Kurierzy nie odbieraj\u0105 przesy\u0142ek z dor\u0119czeniem na pi\u0105tek 2 maja.<\/p>\n\n\n\n<p><strong>2 maja 2025 (pi\u0105tek)<\/strong><br>Rozpocz\u0119cie i zako\u0144czenie pracy jak w ka\u017cdy pi\u0105tek (zale\u017cnie od godzin pracy Terminala).<\/p>\n\n\n\n<p><strong>3 maja 2025 (sobota)<\/strong><br>\u015awi\u0119to Konstytucji 3-go Maja \u2014 DHL nie \u015bwiadczy us\u0142ug, dzie\u0144 wolny od pracy.<\/p>\n\n\n\n<p><strong>4 maja 2025 (niedziela)<\/strong><br>Niedziela \u2014 DHL nie \u015bwiadczy us\u0142ug, dzie\u0144 wolny od pracy.<\/p>\n\n\n\n<p><strong>5 maja 2025 (poniedzia\u0142ek)<\/strong><br>Rozpocz\u0119cie i zako\u0144czenie pracy jak w ka\u017cdy poniedzia\u0142ek (zale\u017cnie od godzin pracy Terminala).<\/p>\n\n\n<h2 class=\"wp-block-heading\" id=\"h-geis\">Geis<\/h2>\n\n\n<p>Praca w systemie drobnicowym krajowym bez ogranicze\u0144 do 18.04.2025 (pi\u0105tek)<\/p>\n\n\n\n<p>Nale\u017cy jednak pami\u0119ta\u0107, \u017ce 21.04.2025 (poniedzia\u0142ek) jest dniem wolnym, wi\u0119c zaczynamy po \u015awi\u0119tach od 22.04.2025.<\/p>\n\n\n\n<p>MAJ\u00d3WKA:<\/p>\n\n\n\n<p>Serwis przesy\u0142ek krajowych:<br><strong>02.05.2025<\/strong> serwis odbior\u00f3w kolekcji oraz dostaw b\u0119dzie ograniczony i dostosowany do mo\u017cliwo\u015bci dystrybucyjnych.<\/p>\n\n\n\n<p>Przesy\u0142ki nadane w dniu 29.04 &#8211; 30.04 b\u0119d\u0105 mia\u0142y wyd\u0142u\u017cony termin dor\u0119cze\u0144 w zwi\u0105zku z ograniczeniem dystrybucji, spi\u0119trzeniem przesy\u0142ek w tym okresie, a tak\u017ce dost\u0119pno\u015bci nadawc\u00f3w i odbiorc\u00f3w.<\/p>\n\n\n\n<p>UWAGA: Brak dost\u0119pno\u015bci Centrum Obs\u0142ugi Klienta w dniu 02.05.2025.<\/p>\n\n\n<h2 class=\"wp-block-heading\" id=\"h-orlen-paczka\">Orlen Paczka<\/h2>\n\n\n<ul class=\"wp-block-list\">\n<li>16-18.04 &#8211; odbi\u00f3r standardowy, dor\u0119czenia nast\u0119pnego dnia.<\/li>\n\n\n\n<li>19.04 &#8211; odbi\u00f3r po ustaleniach, dor\u0119czenie 22.04.<\/li>\n\n\n\n<li>20-21.04 &#8211; brak odbior\u00f3w i dor\u0119cze\u0144.<\/li>\n\n\n\n<li>22-30.04 &#8211; praca standardowa.<\/li>\n\n\n\n<li>01.05, 03.05 &#8211; brak obs\u0142ugi (dni wolne).<\/li>\n\n\n\n<li>02.05 &#8211; odbi\u00f3r standardowy, dor\u0119czenie 5.05.<\/li>\n<\/ul>\n\n\n<h2 class=\"wp-block-heading\" id=\"h-raben\">Raben<\/h2>\n\n\n<ul class=\"wp-block-list\">\n<li>Biuro i odbiory \u2014 codziennie w dni robocze.<\/li>\n\n\n\n<li>Dor\u0119czenia importowe \u2014 tak.<\/li>\n\n\n\n<li>Dor\u0119czenia eksportowe \u2014 zale\u017cne od \u015bwi\u0105t w kraju odbiorcy.<\/li>\n<\/ul>\n\n\n<h2 class=\"wp-block-heading\" id=\"h-rhenus\">Rhenus<\/h2>\n\n\n<p>uprzejmie informujemy, \u017ce w zwi\u0105zku z ograniczeniami w ruchu drogowym wynikaj\u0105cymi z rozporz\u0105dzenia Ministra Transportu oraz nadchodz\u0105cym okresem maj\u00f3wki, zmianie ulegnie harmonogram dor\u0119cze\u0144 i odbior\u00f3w przesy\u0142ek realizowanych przez sie\u0107 drobnicow\u0105 Rhenus Freight Logistics.<\/p>\n\n\n\n<p>Poni\u017cej przedstawiamy szczeg\u00f3\u0142owy harmonogram nadawania i dostaw w tym okresie:<\/p>\n\n\n\n<figure class=\"wp-block-table\"><table class=\"has-fixed-layout\"><thead><tr><th><strong>Data nadania<\/strong><\/th><th><strong>Data dostawy<\/strong><\/th><th><strong>Uwagi<\/strong><\/th><\/tr><\/thead><tbody><tr><td>28.04.2025 i wcze\u015bniejsze<\/td><td>29.04.2025<\/td><td>Dostawy standardowo<\/td><\/tr><tr><td>29.04.2025<\/td><td>30.04.2025<\/td><td>Dostawy standardowo<\/td><\/tr><tr><td>30.04.2025<\/td><td>05\u201306.05.2025<\/td><td>Dostawy standardowo<\/td><\/tr><tr><td>05.05.2025<\/td><td>06\u201307.05.2025<\/td><td>Dostawy standardowo<\/td><\/tr><\/tbody><\/table><\/figure>\n\n\n\n<p>Dodatkowo informujemy, \u017ce <strong>02.05.2025 r.<\/strong> sie\u0107 transportowa <strong>Rhenus<\/strong> nie b\u0119dzie funkcjonowa\u0107. Tego dnia nie b\u0119d\u0105 realizowane odbiory ani dostawy towar\u00f3w.<\/p>\n\n\n<h2 class=\"wp-block-heading\" id=\"h-ups\">UPS<\/h2>\n\n\n<p><strong>Krajowa Sie\u0107 Drogowa:<\/strong><\/p>\n\n\n\n<ul class=\"wp-block-list\">\n<li>17.04 (czwartek) \u2014 operacja standardowa.<\/li>\n\n\n\n<li>18.04 (pi\u0105tek) \u2014 operacja standardowa, po sortowaniu wyjazd feeder\u00f3w.<\/li>\n\n\n\n<li>21.04 (poniedzia\u0142ek) \u2014 brak operacji.<\/li>\n\n\n\n<li>22.04 (wtorek) \u2014 operacja standardowa.<\/li>\n<\/ul>\n\n\n\n<p><strong>Operacja Lotnicza Warszawa:<\/strong><\/p>\n\n\n\n<ul class=\"wp-block-list\">\n<li>17-18.04 \u2014 operacja standardowa.<\/li>\n\n\n\n<li>19.04 \u2014 operacja standardowa, transport do CGN anulowany.<\/li>\n\n\n\n<li>21.04 \u2014 brak operacji.<\/li>\n\n\n\n<li>22.04 \u2014 operacja standardowa, brak przylotu LH z CGN.<\/li>\n<\/ul>\n\n\n\n<p><strong>Sortownia \u0141AZY:<\/strong><\/p>\n\n\n\n<ul class=\"wp-block-list\">\n<li>17-18.04 \u2014 operacja standardowa, eksport i import bez zmian.<\/li>\n\n\n\n<li>19.04 i 21.04 \u2014 brak operacji.<\/li>\n\n\n\n<li>22.04 \u2014 operacja standardowa.<\/li>\n<\/ul>\n\n\n\n<p>Nadawanie przesy\u0142ek z platform\u0105&nbsp;<strong>Apaczka.pl&nbsp;<\/strong>odbywa si\u0119 online, a zlecenia mo\u017cna sk\u0142ada\u0107 w dowolnym momencie (r\u00f3wnie\u017c w \u015bwi\u0119ta), trzeba jednak pami\u0119ta\u0107, \u017ce odbiory i dor\u0119czenia przesy\u0142ek b\u0119d\u0105 realizowane zgodnie z harmonogramem pracy firm kurierskich.&nbsp;<\/p>\n","protected":false},"excerpt":{"rendered":"<p>Wielkanoc oraz Maj\u00f3wka to czas, w kt\u00f3rym harmonogram pracy firm kurierskich ulega zmianie. W 2025 roku \u015awi\u0119ta Wielkanocne przypadaj\u0105 na 20 i 21 kwietnia (niedziela i poniedzia\u0142ek) \u2014 s\u0105 to dni ustawowo wolne od pracy, dlatego firmy kurierskie nie realizuj\u0105 wtedy odbior\u00f3w ani dor\u0119cze\u0144. Maj\u00f3wka w tym roku to 1 maja (czwartek, \u015awi\u0119to Pracy) oraz &hellip; <a href=\"https:\/\/www.apaczka.pl\/en\/aktualnosci\/harmonogram-pracy-firm-kurierskich-w-okresie-swiat-wielkanocnych-2025-i-majowki\/\">Continued<\/a><\/p>\n","protected":false},"author":10,"featured_media":25250,"template":"","meta":{"_acf_changed":false,"footnotes":""},"news_category":[],"news_tag":[],"class_list":["post-32919","news","type-news","status-publish","has-post-thumbnail","hentry"],"acf":[],"yoast_head":"<!-- This site is optimized with the Yoast SEO Premium plugin v27.3 (Yoast SEO v27.3) - https:\/\/yoast.com\/product\/yoast-seo-premium-wordpress\/ -->\n<title>Harmonogram pracy firm kurierskich w okresie \u015awi\u0105t Wielkanocnych i maj\u00f3wki - Apaczka<\/title>\n<meta name=\"robots\" content=\"noindex, follow\" \/>\n<meta property=\"og:locale\" content=\"en_US\" \/>\n<meta property=\"og:type\" content=\"article\" \/>\n<meta property=\"og:title\" content=\"Harmonogram pracy firm kurierskich w okresie \u015awi\u0105t Wielkanocnych i maj\u00f3wki\" \/>\n<meta property=\"og:description\" content=\"Wielkanoc oraz Maj\u00f3wka to czas, w kt\u00f3rym harmonogram pracy firm kurierskich ulega zmianie. W 2025 roku \u015awi\u0119ta Wielkanocne przypadaj\u0105 na 20 i 21 kwietnia (niedziela i poniedzia\u0142ek) \u2014 s\u0105 to dni ustawowo wolne od pracy, dlatego firmy kurierskie nie realizuj\u0105 wtedy odbior\u00f3w ani dor\u0119cze\u0144. Maj\u00f3wka w tym roku to 1 maja (czwartek, \u015awi\u0119to Pracy) oraz &hellip; Continued\" \/>\n<meta property=\"og:url\" content=\"https:\/\/www.apaczka.pl\/en\/aktualnosci\/harmonogram-pracy-firm-kurierskich-w-okresie-swiat-wielkanocnych-2025-i-majowki\/\" \/>\n<meta property=\"og:site_name\" content=\"Apaczka\" \/>\n<meta property=\"article:publisher\" content=\"https:\/\/www.facebook.com\/ApaczkaPL\/\" \/>\n<meta property=\"article:modified_time\" content=\"2025-04-28T13:04:54+00:00\" \/>\n<meta property=\"og:image\" content=\"https:\/\/www.apaczka.pl\/app\/uploads\/2024\/05\/praca_kurierow_apaczka-6.webp\" \/>\n\t<meta property=\"og:image:width\" content=\"1070\" \/>\n\t<meta property=\"og:image:height\" content=\"456\" \/>\n\t<meta property=\"og:image:type\" content=\"image\/webp\" \/>\n<meta name=\"twitter:card\" content=\"summary_large_image\" \/>\n<meta name=\"twitter:label1\" content=\"Est. reading time\" \/>\n\t<meta name=\"twitter:data1\" content=\"10 minutes\" \/>\n<script type=\"application\/ld+json\" class=\"yoast-schema-graph\">{\"@context\":\"https:\\\/\\\/schema.org\",\"@graph\":[{\"@type\":\"NewsArticle\",\"@id\":\"https:\\\/\\\/www.apaczka.pl\\\/en\\\/aktualnosci\\\/harmonogram-pracy-firm-kurierskich-w-okresie-swiat-wielkanocnych-2025-i-majowki\\\/#article\",\"isPartOf\":{\"@id\":\"https:\\\/\\\/www.apaczka.pl\\\/en\\\/aktualnosci\\\/harmonogram-pracy-firm-kurierskich-w-okresie-swiat-wielkanocnych-2025-i-majowki\\\/\"},\"author\":{\"name\":\"Barbara Bochenek\",\"@id\":\"https:\\\/\\\/www.apaczka.pl\\\/en\\\/#\\\/schema\\\/person\\\/dc9cd6f6196e657b1a062d0c3022d716\"},\"headline\":\"Harmonogram pracy firm kurierskich w okresie \u015awi\u0105t Wielkanocnych i maj\u00f3wki\",\"datePublished\":\"2025-04-14T07:06:00+00:00\",\"dateModified\":\"2025-04-28T13:04:54+00:00\",\"mainEntityOfPage\":{\"@id\":\"https:\\\/\\\/www.apaczka.pl\\\/en\\\/aktualnosci\\\/harmonogram-pracy-firm-kurierskich-w-okresie-swiat-wielkanocnych-2025-i-majowki\\\/\"},\"wordCount\":1966,\"publisher\":{\"@id\":\"https:\\\/\\\/www.apaczka.pl\\\/en\\\/#organization\"},\"image\":{\"@id\":\"https:\\\/\\\/www.apaczka.pl\\\/en\\\/aktualnosci\\\/harmonogram-pracy-firm-kurierskich-w-okresie-swiat-wielkanocnych-2025-i-majowki\\\/#primaryimage\"},\"thumbnailUrl\":\"https:\\\/\\\/www.apaczka.pl\\\/app\\\/uploads\\\/2024\\\/05\\\/praca_kurierow_apaczka-6.webp\",\"inLanguage\":\"en-US\"},{\"@type\":\"WebPage\",\"@id\":\"https:\\\/\\\/www.apaczka.pl\\\/en\\\/aktualnosci\\\/harmonogram-pracy-firm-kurierskich-w-okresie-swiat-wielkanocnych-2025-i-majowki\\\/\",\"url\":\"https:\\\/\\\/www.apaczka.pl\\\/en\\\/aktualnosci\\\/harmonogram-pracy-firm-kurierskich-w-okresie-swiat-wielkanocnych-2025-i-majowki\\\/\",\"name\":\"Harmonogram pracy firm kurierskich w okresie \u015awi\u0105t Wielkanocnych i maj\u00f3wki - Apaczka\",\"isPartOf\":{\"@id\":\"https:\\\/\\\/www.apaczka.pl\\\/en\\\/#website\"},\"primaryImageOfPage\":{\"@id\":\"https:\\\/\\\/www.apaczka.pl\\\/en\\\/aktualnosci\\\/harmonogram-pracy-firm-kurierskich-w-okresie-swiat-wielkanocnych-2025-i-majowki\\\/#primaryimage\"},\"image\":{\"@id\":\"https:\\\/\\\/www.apaczka.pl\\\/en\\\/aktualnosci\\\/harmonogram-pracy-firm-kurierskich-w-okresie-swiat-wielkanocnych-2025-i-majowki\\\/#primaryimage\"},\"thumbnailUrl\":\"https:\\\/\\\/www.apaczka.pl\\\/app\\\/uploads\\\/2024\\\/05\\\/praca_kurierow_apaczka-6.webp\",\"datePublished\":\"2025-04-14T07:06:00+00:00\",\"dateModified\":\"2025-04-28T13:04:54+00:00\",\"breadcrumb\":{\"@id\":\"https:\\\/\\\/www.apaczka.pl\\\/en\\\/aktualnosci\\\/harmonogram-pracy-firm-kurierskich-w-okresie-swiat-wielkanocnych-2025-i-majowki\\\/#breadcrumb\"},\"inLanguage\":\"en-US\",\"potentialAction\":[{\"@type\":\"ReadAction\",\"target\":[\"https:\\\/\\\/www.apaczka.pl\\\/en\\\/aktualnosci\\\/harmonogram-pracy-firm-kurierskich-w-okresie-swiat-wielkanocnych-2025-i-majowki\\\/\"]}]},{\"@type\":\"ImageObject\",\"inLanguage\":\"en-US\",\"@id\":\"https:\\\/\\\/www.apaczka.pl\\\/en\\\/aktualnosci\\\/harmonogram-pracy-firm-kurierskich-w-okresie-swiat-wielkanocnych-2025-i-majowki\\\/#primaryimage\",\"url\":\"https:\\\/\\\/www.apaczka.pl\\\/app\\\/uploads\\\/2024\\\/05\\\/praca_kurierow_apaczka-6.webp\",\"contentUrl\":\"https:\\\/\\\/www.apaczka.pl\\\/app\\\/uploads\\\/2024\\\/05\\\/praca_kurierow_apaczka-6.webp\",\"width\":1070,\"height\":456,\"caption\":\"harmonogram Bo\u017ce Cia\u0142o\"},{\"@type\":\"BreadcrumbList\",\"@id\":\"https:\\\/\\\/www.apaczka.pl\\\/en\\\/aktualnosci\\\/harmonogram-pracy-firm-kurierskich-w-okresie-swiat-wielkanocnych-2025-i-majowki\\\/#breadcrumb\",\"itemListElement\":[{\"@type\":\"ListItem\",\"position\":1,\"name\":\"Apaczka\",\"item\":\"https:\\\/\\\/www.apaczka.pl\\\/en\\\/\"},{\"@type\":\"ListItem\",\"position\":2,\"name\":\"Aktualno\u015bci\",\"item\":\"https:\\\/\\\/www.apaczka.pl\\\/en\\\/aktualnosci\\\/\"},{\"@type\":\"ListItem\",\"position\":3,\"name\":\"Harmonogram pracy firm kurierskich w okresie \u015awi\u0105t Wielkanocnych i maj\u00f3wki\"}]},{\"@type\":\"WebSite\",\"@id\":\"https:\\\/\\\/www.apaczka.pl\\\/en\\\/#website\",\"url\":\"https:\\\/\\\/www.apaczka.pl\\\/en\\\/\",\"name\":\"Apaczka\",\"description\":\"Rozwi\u0105zania do zarz\u0105dzania procesami wysy\u0142kowymi dla firm\",\"publisher\":{\"@id\":\"https:\\\/\\\/www.apaczka.pl\\\/en\\\/#organization\"},\"potentialAction\":[{\"@type\":\"SearchAction\",\"target\":{\"@type\":\"EntryPoint\",\"urlTemplate\":\"https:\\\/\\\/www.apaczka.pl\\\/en\\\/?s={search_term_string}\"},\"query-input\":{\"@type\":\"PropertyValueSpecification\",\"valueRequired\":true,\"valueName\":\"search_term_string\"}}],\"inLanguage\":\"en-US\"},{\"@type\":\"Organization\",\"@id\":\"https:\\\/\\\/www.apaczka.pl\\\/en\\\/#organization\",\"name\":\"Apaczka\",\"url\":\"https:\\\/\\\/www.apaczka.pl\\\/en\\\/\",\"logo\":{\"@type\":\"ImageObject\",\"inLanguage\":\"en-US\",\"@id\":\"https:\\\/\\\/www.apaczka.pl\\\/en\\\/#\\\/schema\\\/logo\\\/image\\\/\",\"url\":\"https:\\\/\\\/www.apaczka.pl\\\/app\\\/uploads\\\/2024\\\/05\\\/cropped-Apaczka-Full-Logotype-Full-Color.png\",\"contentUrl\":\"https:\\\/\\\/www.apaczka.pl\\\/app\\\/uploads\\\/2024\\\/05\\\/cropped-Apaczka-Full-Logotype-Full-Color.png\",\"width\":1337,\"height\":405,\"caption\":\"Apaczka\"},\"image\":{\"@id\":\"https:\\\/\\\/www.apaczka.pl\\\/en\\\/#\\\/schema\\\/logo\\\/image\\\/\"},\"sameAs\":[\"https:\\\/\\\/www.facebook.com\\\/ApaczkaPL\\\/\",\"https:\\\/\\\/www.linkedin.com\\\/company\\\/apaczka-alsendo-sp-z-o-o\\\/\",\"https:\\\/\\\/www.youtube.com\\\/@apaczka-by-alsendo\",\"https:\\\/\\\/g.co\\\/kgs\\\/Ztnp4yQ\",\"https:\\\/\\\/maps.app.goo.gl\\\/iUwRn8EGrQJAk4LB9\",\"https:\\\/\\\/www.trustpilot.com\\\/review\\\/www.apaczka.pl\",\"https:\\\/\\\/www.crunchbase.com\\\/organization\\\/apaczka\",\"https:\\\/\\\/www.ekomi-pl.com\\\/opinie-apaczka.html\",\"https:\\\/\\\/www.wikidata.org\\\/wiki\\\/Q135189453\"],\"description\":\"Apaczka.pl to platforma technologiczna do zarz\u0105dzania wysy\u0142kami i dostawami dla firm. Jeste\u015bmy sprawdzonym partnerem w zakresie proces\u00f3w wysy\u0142kowych dzia\u0142aj\u0105cym od ponad 15 lat na rynku. Integrujemy szeroki wachlarz us\u0142ug kurierskich oraz dedykowanych us\u0142ug w\u0142asnych skierowanych do wszystkich przedsi\u0119biorc\u00f3w, tak\u017ce tych, kt\u00f3rzy dopiero zaczynaj\u0105 swoj\u0105 dzia\u0142alno\u015b\u0107. Oferowane przez nas rozwi\u0105zania s\u0105 wykorzystywane przez firmy z bran\u017cy e-commerce, du\u017ce podmioty typu marketplace, ale r\u00f3wnie\u017c niewielkie firmy nadaj\u0105ce kilkana\u015bcie przesy\u0142ek miesi\u0119cznie. Konsekwentnie wspieramy firmy w rozwoju ich biznesu, udost\u0119pniaj\u0105c bez \u017cadnych op\u0142at gotowe narz\u0119dzia u\u0142atwiaj\u0105ce codzienn\u0105 logistyk\u0119. Nasi Klienci wysy\u0142aj\u0105 ponad 2,5 miliona przesy\u0142ek ka\u017cdego miesi\u0105ca korzystaj\u0105c z naszych unikalnych technologii. Nasze mocne strony: - Mo\u017cliwo\u015b\u0107 por\u00f3wnania ofert wiod\u0105cych firm kurierskich w Polsce i na \u015bwiecie: DHL, UPS, DPD, Fedex, Poczta Polska, Geis, InPost, GLS, Ambro, Hellmann i wielu innych, - Mo\u017cliwo\u015b\u0107 indywidualnego negocjowania stawek w zale\u017cno\u015bci od ilo\u015bci przesy\u0142ek i ich rodzaju (palety, p\u00f3\u0142palety, przesy\u0142ki krajowe, mi\u0119dzynarodowe), - Jedna, prosta integracja API z wieloma platformami e-commerce, marketplace i systemami ERP, WMS., daj\u0105ca dost\u0119p do ca\u0142ej naszej oferty kurierskiej, - Mo\u017cliwo\u015b\u0107 automatyzacji i optymalizacji proces\u00f3w wysy\u0142kowych, -Indywidualny Opiekun Handlowy zapewniaj\u0105cy wsparcie merytoryczne z zakresu rozwi\u0105za\u0144 kurierskich w zale\u017cno\u015bci od bran\u017cy Klienta, rodzaju przesy\u0142ek i metod dostawy, - Bezp\u0142atne integracje z 50 platformami sklepowymi, mo\u017cliwo\u015b\u0107 import\u00f3w (w tym Allegro) oraz wsparcie dzia\u0142u IT, -Personalizacja komunikacji z odbiorcami przesy\u0142ek na etapie post-checkout, modu\u0142 zwrot\u00f3w i analityka danych logistycznych, -Brak minim\u00f3w wysy\u0142kowych i wygodne formy rozlicze\u0144. Apaczka.pl: por\u00f3wnuj ceny kurier\u00f3w, automatyzuj procesy wysy\u0142kowe.\",\"legalName\":\"Alsendo sp. z o.o.\",\"foundingDate\":\"2009-08-17\",\"vatID\":\"PL8971840043\",\"taxID\":\"367328934\",\"numberOfEmployees\":{\"@type\":\"QuantitativeValue\",\"minValue\":\"51\",\"maxValue\":\"200\"}},{\"@type\":\"Person\",\"@id\":\"https:\\\/\\\/www.apaczka.pl\\\/en\\\/#\\\/schema\\\/person\\\/dc9cd6f6196e657b1a062d0c3022d716\",\"name\":\"Barbara Bochenek\",\"image\":{\"@type\":\"ImageObject\",\"inLanguage\":\"en-US\",\"@id\":\"https:\\\/\\\/www.apaczka.pl\\\/app\\\/uploads\\\/2025\\\/04\\\/cropped-Barbara-Bochenek-96x96.jpg\",\"url\":\"https:\\\/\\\/www.apaczka.pl\\\/app\\\/uploads\\\/2025\\\/04\\\/cropped-Barbara-Bochenek-96x96.jpg\",\"contentUrl\":\"https:\\\/\\\/www.apaczka.pl\\\/app\\\/uploads\\\/2025\\\/04\\\/cropped-Barbara-Bochenek-96x96.jpg\",\"caption\":\"Barbara Bochenek\"},\"description\":\"Pomagam firmom sprawniej zarz\u0105dza\u0107 wysy\u0142k\u0105 i budowa\u0107 przewag\u0119 w logistyce dzi\u0119ki trafnej komunikacji i rzetelnym tre\u015bciom. Jako specjalistka ds. komunikacji i content marketingu z pasj\u0105 do innowacji logistycznych tworz\u0119 artyku\u0142y, e-booki, materia\u0142y edukacyjne i case studies, kt\u00f3re pokazuj\u0105, jak rozwi\u0105zania Apaczka usprawniaj\u0105 procesy i wspieraj\u0105 rozw\u00f3j biznesu. W pracy stawiam na jasny przekaz, konkretne dane i tre\u015bci, kt\u00f3re realnie u\u0142atwiaj\u0105 klientom podejmowanie decyzji.\",\"sameAs\":[\"https:\\\/\\\/www.linkedin.com\\\/in\\\/barbarabochenek\\\/\"],\"jobTitle\":\"Junior Content & Social Media Manager\",\"url\":\"https:\\\/\\\/www.apaczka.pl\\\/en\\\/blog\\\/author\\\/barbara-bochenek\\\/\"}]}<\/script>\n<!-- \/ Yoast SEO Premium plugin. -->","yoast_head_json":{"title":"Harmonogram pracy firm kurierskich w okresie \u015awi\u0105t Wielkanocnych i maj\u00f3wki - Apaczka","robots":{"index":"noindex","follow":"follow"},"og_locale":"en_US","og_type":"article","og_title":"Harmonogram pracy firm kurierskich w okresie \u015awi\u0105t Wielkanocnych i maj\u00f3wki","og_description":"Wielkanoc oraz Maj\u00f3wka to czas, w kt\u00f3rym harmonogram pracy firm kurierskich ulega zmianie. W 2025 roku \u015awi\u0119ta Wielkanocne przypadaj\u0105 na 20 i 21 kwietnia (niedziela i poniedzia\u0142ek) \u2014 s\u0105 to dni ustawowo wolne od pracy, dlatego firmy kurierskie nie realizuj\u0105 wtedy odbior\u00f3w ani dor\u0119cze\u0144. Maj\u00f3wka w tym roku to 1 maja (czwartek, \u015awi\u0119to Pracy) oraz &hellip; Continued","og_url":"https:\/\/www.apaczka.pl\/en\/aktualnosci\/harmonogram-pracy-firm-kurierskich-w-okresie-swiat-wielkanocnych-2025-i-majowki\/","og_site_name":"Apaczka","article_publisher":"https:\/\/www.facebook.com\/ApaczkaPL\/","article_modified_time":"2025-04-28T13:04:54+00:00","og_image":[{"width":1070,"height":456,"url":"https:\/\/www.apaczka.pl\/app\/uploads\/2024\/05\/praca_kurierow_apaczka-6.webp","type":"image\/webp"}],"twitter_card":"summary_large_image","twitter_misc":{"Est. reading time":"10 minutes"},"schema":{"@context":"https:\/\/schema.org","@graph":[{"@type":"NewsArticle","@id":"https:\/\/www.apaczka.pl\/en\/aktualnosci\/harmonogram-pracy-firm-kurierskich-w-okresie-swiat-wielkanocnych-2025-i-majowki\/#article","isPartOf":{"@id":"https:\/\/www.apaczka.pl\/en\/aktualnosci\/harmonogram-pracy-firm-kurierskich-w-okresie-swiat-wielkanocnych-2025-i-majowki\/"},"author":{"name":"Barbara Bochenek","@id":"https:\/\/www.apaczka.pl\/en\/#\/schema\/person\/dc9cd6f6196e657b1a062d0c3022d716"},"headline":"Harmonogram pracy firm kurierskich w okresie \u015awi\u0105t Wielkanocnych i maj\u00f3wki","datePublished":"2025-04-14T07:06:00+00:00","dateModified":"2025-04-28T13:04:54+00:00","mainEntityOfPage":{"@id":"https:\/\/www.apaczka.pl\/en\/aktualnosci\/harmonogram-pracy-firm-kurierskich-w-okresie-swiat-wielkanocnych-2025-i-majowki\/"},"wordCount":1966,"publisher":{"@id":"https:\/\/www.apaczka.pl\/en\/#organization"},"image":{"@id":"https:\/\/www.apaczka.pl\/en\/aktualnosci\/harmonogram-pracy-firm-kurierskich-w-okresie-swiat-wielkanocnych-2025-i-majowki\/#primaryimage"},"thumbnailUrl":"https:\/\/www.apaczka.pl\/app\/uploads\/2024\/05\/praca_kurierow_apaczka-6.webp","inLanguage":"en-US"},{"@type":"WebPage","@id":"https:\/\/www.apaczka.pl\/en\/aktualnosci\/harmonogram-pracy-firm-kurierskich-w-okresie-swiat-wielkanocnych-2025-i-majowki\/","url":"https:\/\/www.apaczka.pl\/en\/aktualnosci\/harmonogram-pracy-firm-kurierskich-w-okresie-swiat-wielkanocnych-2025-i-majowki\/","name":"Harmonogram pracy firm kurierskich w okresie \u015awi\u0105t Wielkanocnych i maj\u00f3wki - Apaczka","isPartOf":{"@id":"https:\/\/www.apaczka.pl\/en\/#website"},"primaryImageOfPage":{"@id":"https:\/\/www.apaczka.pl\/en\/aktualnosci\/harmonogram-pracy-firm-kurierskich-w-okresie-swiat-wielkanocnych-2025-i-majowki\/#primaryimage"},"image":{"@id":"https:\/\/www.apaczka.pl\/en\/aktualnosci\/harmonogram-pracy-firm-kurierskich-w-okresie-swiat-wielkanocnych-2025-i-majowki\/#primaryimage"},"thumbnailUrl":"https:\/\/www.apaczka.pl\/app\/uploads\/2024\/05\/praca_kurierow_apaczka-6.webp","datePublished":"2025-04-14T07:06:00+00:00","dateModified":"2025-04-28T13:04:54+00:00","breadcrumb":{"@id":"https:\/\/www.apaczka.pl\/en\/aktualnosci\/harmonogram-pracy-firm-kurierskich-w-okresie-swiat-wielkanocnych-2025-i-majowki\/#breadcrumb"},"inLanguage":"en-US","potentialAction":[{"@type":"ReadAction","target":["https:\/\/www.apaczka.pl\/en\/aktualnosci\/harmonogram-pracy-firm-kurierskich-w-okresie-swiat-wielkanocnych-2025-i-majowki\/"]}]},{"@type":"ImageObject","inLanguage":"en-US","@id":"https:\/\/www.apaczka.pl\/en\/aktualnosci\/harmonogram-pracy-firm-kurierskich-w-okresie-swiat-wielkanocnych-2025-i-majowki\/#primaryimage","url":"https:\/\/www.apaczka.pl\/app\/uploads\/2024\/05\/praca_kurierow_apaczka-6.webp","contentUrl":"https:\/\/www.apaczka.pl\/app\/uploads\/2024\/05\/praca_kurierow_apaczka-6.webp","width":1070,"height":456,"caption":"harmonogram Bo\u017ce Cia\u0142o"},{"@type":"BreadcrumbList","@id":"https:\/\/www.apaczka.pl\/en\/aktualnosci\/harmonogram-pracy-firm-kurierskich-w-okresie-swiat-wielkanocnych-2025-i-majowki\/#breadcrumb","itemListElement":[{"@type":"ListItem","position":1,"name":"Apaczka","item":"https:\/\/www.apaczka.pl\/en\/"},{"@type":"ListItem","position":2,"name":"Aktualno\u015bci","item":"https:\/\/www.apaczka.pl\/en\/aktualnosci\/"},{"@type":"ListItem","position":3,"name":"Harmonogram pracy firm kurierskich w okresie \u015awi\u0105t Wielkanocnych i maj\u00f3wki"}]},{"@type":"WebSite","@id":"https:\/\/www.apaczka.pl\/en\/#website","url":"https:\/\/www.apaczka.pl\/en\/","name":"Apaczka","description":"Rozwi\u0105zania do zarz\u0105dzania procesami wysy\u0142kowymi dla firm","publisher":{"@id":"https:\/\/www.apaczka.pl\/en\/#organization"},"potentialAction":[{"@type":"SearchAction","target":{"@type":"EntryPoint","urlTemplate":"https:\/\/www.apaczka.pl\/en\/?s={search_term_string}"},"query-input":{"@type":"PropertyValueSpecification","valueRequired":true,"valueName":"search_term_string"}}],"inLanguage":"en-US"},{"@type":"Organization","@id":"https:\/\/www.apaczka.pl\/en\/#organization","name":"Apaczka","url":"https:\/\/www.apaczka.pl\/en\/","logo":{"@type":"ImageObject","inLanguage":"en-US","@id":"https:\/\/www.apaczka.pl\/en\/#\/schema\/logo\/image\/","url":"https:\/\/www.apaczka.pl\/app\/uploads\/2024\/05\/cropped-Apaczka-Full-Logotype-Full-Color.png","contentUrl":"https:\/\/www.apaczka.pl\/app\/uploads\/2024\/05\/cropped-Apaczka-Full-Logotype-Full-Color.png","width":1337,"height":405,"caption":"Apaczka"},"image":{"@id":"https:\/\/www.apaczka.pl\/en\/#\/schema\/logo\/image\/"},"sameAs":["https:\/\/www.facebook.com\/ApaczkaPL\/","https:\/\/www.linkedin.com\/company\/apaczka-alsendo-sp-z-o-o\/","https:\/\/www.youtube.com\/@apaczka-by-alsendo","https:\/\/g.co\/kgs\/Ztnp4yQ","https:\/\/maps.app.goo.gl\/iUwRn8EGrQJAk4LB9","https:\/\/www.trustpilot.com\/review\/www.apaczka.pl","https:\/\/www.crunchbase.com\/organization\/apaczka","https:\/\/www.ekomi-pl.com\/opinie-apaczka.html","https:\/\/www.wikidata.org\/wiki\/Q135189453"],"description":"Apaczka.pl to platforma technologiczna do zarz\u0105dzania wysy\u0142kami i dostawami dla firm. Jeste\u015bmy sprawdzonym partnerem w zakresie proces\u00f3w wysy\u0142kowych dzia\u0142aj\u0105cym od ponad 15 lat na rynku. Integrujemy szeroki wachlarz us\u0142ug kurierskich oraz dedykowanych us\u0142ug w\u0142asnych skierowanych do wszystkich przedsi\u0119biorc\u00f3w, tak\u017ce tych, kt\u00f3rzy dopiero zaczynaj\u0105 swoj\u0105 dzia\u0142alno\u015b\u0107. Oferowane przez nas rozwi\u0105zania s\u0105 wykorzystywane przez firmy z bran\u017cy e-commerce, du\u017ce podmioty typu marketplace, ale r\u00f3wnie\u017c niewielkie firmy nadaj\u0105ce kilkana\u015bcie przesy\u0142ek miesi\u0119cznie. Konsekwentnie wspieramy firmy w rozwoju ich biznesu, udost\u0119pniaj\u0105c bez \u017cadnych op\u0142at gotowe narz\u0119dzia u\u0142atwiaj\u0105ce codzienn\u0105 logistyk\u0119. Nasi Klienci wysy\u0142aj\u0105 ponad 2,5 miliona przesy\u0142ek ka\u017cdego miesi\u0105ca korzystaj\u0105c z naszych unikalnych technologii. Nasze mocne strony: - Mo\u017cliwo\u015b\u0107 por\u00f3wnania ofert wiod\u0105cych firm kurierskich w Polsce i na \u015bwiecie: DHL, UPS, DPD, Fedex, Poczta Polska, Geis, InPost, GLS, Ambro, Hellmann i wielu innych, - Mo\u017cliwo\u015b\u0107 indywidualnego negocjowania stawek w zale\u017cno\u015bci od ilo\u015bci przesy\u0142ek i ich rodzaju (palety, p\u00f3\u0142palety, przesy\u0142ki krajowe, mi\u0119dzynarodowe), - Jedna, prosta integracja API z wieloma platformami e-commerce, marketplace i systemami ERP, WMS., daj\u0105ca dost\u0119p do ca\u0142ej naszej oferty kurierskiej, - Mo\u017cliwo\u015b\u0107 automatyzacji i optymalizacji proces\u00f3w wysy\u0142kowych, -Indywidualny Opiekun Handlowy zapewniaj\u0105cy wsparcie merytoryczne z zakresu rozwi\u0105za\u0144 kurierskich w zale\u017cno\u015bci od bran\u017cy Klienta, rodzaju przesy\u0142ek i metod dostawy, - Bezp\u0142atne integracje z 50 platformami sklepowymi, mo\u017cliwo\u015b\u0107 import\u00f3w (w tym Allegro) oraz wsparcie dzia\u0142u IT, -Personalizacja komunikacji z odbiorcami przesy\u0142ek na etapie post-checkout, modu\u0142 zwrot\u00f3w i analityka danych logistycznych, -Brak minim\u00f3w wysy\u0142kowych i wygodne formy rozlicze\u0144. Apaczka.pl: por\u00f3wnuj ceny kurier\u00f3w, automatyzuj procesy wysy\u0142kowe.","legalName":"Alsendo sp. z o.o.","foundingDate":"2009-08-17","vatID":"PL8971840043","taxID":"367328934","numberOfEmployees":{"@type":"QuantitativeValue","minValue":"51","maxValue":"200"}},{"@type":"Person","@id":"https:\/\/www.apaczka.pl\/en\/#\/schema\/person\/dc9cd6f6196e657b1a062d0c3022d716","name":"Barbara Bochenek","image":{"@type":"ImageObject","inLanguage":"en-US","@id":"https:\/\/www.apaczka.pl\/app\/uploads\/2025\/04\/cropped-Barbara-Bochenek-96x96.jpg","url":"https:\/\/www.apaczka.pl\/app\/uploads\/2025\/04\/cropped-Barbara-Bochenek-96x96.jpg","contentUrl":"https:\/\/www.apaczka.pl\/app\/uploads\/2025\/04\/cropped-Barbara-Bochenek-96x96.jpg","caption":"Barbara Bochenek"},"description":"Pomagam firmom sprawniej zarz\u0105dza\u0107 wysy\u0142k\u0105 i budowa\u0107 przewag\u0119 w logistyce dzi\u0119ki trafnej komunikacji i rzetelnym tre\u015bciom. Jako specjalistka ds. komunikacji i content marketingu z pasj\u0105 do innowacji logistycznych tworz\u0119 artyku\u0142y, e-booki, materia\u0142y edukacyjne i case studies, kt\u00f3re pokazuj\u0105, jak rozwi\u0105zania Apaczka usprawniaj\u0105 procesy i wspieraj\u0105 rozw\u00f3j biznesu. W pracy stawiam na jasny przekaz, konkretne dane i tre\u015bci, kt\u00f3re realnie u\u0142atwiaj\u0105 klientom podejmowanie decyzji.","sameAs":["https:\/\/www.linkedin.com\/in\/barbarabochenek\/"],"jobTitle":"Junior Content & Social Media Manager","url":"https:\/\/www.apaczka.pl\/en\/blog\/author\/barbara-bochenek\/"}]}},"_links":{"self":[{"href":"https:\/\/www.apaczka.pl\/en\/wp-json\/wp\/v2\/news\/32919","targetHints":{"allow":["GET"]}}],"collection":[{"href":"https:\/\/www.apaczka.pl\/en\/wp-json\/wp\/v2\/news"}],"about":[{"href":"https:\/\/www.apaczka.pl\/en\/wp-json\/wp\/v2\/types\/news"}],"author":[{"embeddable":true,"href":"https:\/\/www.apaczka.pl\/en\/wp-json\/wp\/v2\/users\/10"}],"version-history":[{"count":17,"href":"https:\/\/www.apaczka.pl\/en\/wp-json\/wp\/v2\/news\/32919\/revisions"}],"predecessor-version":[{"id":33164,"href":"https:\/\/www.apaczka.pl\/en\/wp-json\/wp\/v2\/news\/32919\/revisions\/33164"}],"wp:featuredmedia":[{"embeddable":true,"href":"https:\/\/www.apaczka.pl\/en\/wp-json\/wp\/v2\/media\/25250"}],"wp:attachment":[{"href":"https:\/\/www.apaczka.pl\/en\/wp-json\/wp\/v2\/media?parent=32919"}],"wp:term":[{"taxonomy":"news_category","embeddable":true,"href":"https:\/\/www.apaczka.pl\/en\/wp-json\/wp\/v2\/news_category?post=32919"},{"taxonomy":"news_tag","embeddable":true,"href":"https:\/\/www.apaczka.pl\/en\/wp-json\/wp\/v2\/news_tag?post=32919"}],"curies":[{"name":"wp","href":"https:\/\/api.w.org\/{rel}","templated":true}]}}