{"id":31384,"date":"2024-12-19T09:43:47","date_gmt":"2024-12-19T09:43:47","guid":{"rendered":"https:\/\/www.apaczka.pl\/?post_type=news&#038;p=31384"},"modified":"2025-01-03T14:51:00","modified_gmt":"2025-01-03T14:51:00","slug":"harmonogram-pracy-firm-kurierskich-w-okresie-swiatecznym-3","status":"publish","type":"news","link":"https:\/\/www.apaczka.pl\/en\/aktualnosci\/harmonogram-pracy-firm-kurierskich-w-okresie-swiatecznym-3\/","title":{"rendered":"Harmonogram pracy firm kurierskich w okresie \u015bwi\u0105tecznym"},"content":{"rendered":"\n<p><strong>Nadszed\u0142 najbardziej wymagaj\u0105cy i pracowity okres w roku. Zebrali\u015bmy informacje od firm kurierskich i stworzyli\u015bmy harmonogram pracy przewo\u017anik\u00f3w w okresie oko\u0142o\u015bwi\u0105tecznym 2024\/2025. Sprawd\u017a, jak b\u0119d\u0105 realizowane odbiory i dostawy przesy\u0142ek w tym czasie.<\/strong><\/p>\n\n\n\n<p>Wa\u017cne! 25 \u2013 26 grudnia i 1 i 6 stycznia, s\u0105 to dni ustawowo wolne od pracy. W tych dniach nie mo\u017cna si\u0119 spodziewa\u0107 odbioru lub dostarczenia przesy\u0142ek.<\/p>\n\n\n<h3 class=\"wp-block-heading\" id=\"h-inpost\">Inpost<\/h3>\n\n\n<ul class=\"wp-block-list\">\n<li><strong>23-12 (poniedzia\u0142ek):<\/strong> Standardowy tryb pracy.<\/li>\n\n\n\n<li><strong>24-12 (wtorek, Wigilia):<\/strong> Podj\u0119cia i dor\u0119czenia realizowane do godziny 14:00.<\/li>\n\n\n\n<li><strong>25-26 grudnia (\u015broda, czwartek, Bo\u017ce Narodzenie):<\/strong> Dni wolne od pracy.<\/li>\n\n\n\n<li><strong>31-12 (wtorek, Sylwester):<\/strong> Podj\u0119cia i dor\u0119czenia realizowane do godziny 16:00.<\/li>\n\n\n\n<li><strong>01-01 (\u015broda, Nowy Rok):<\/strong> Dzie\u0144 wolny od pracy.<\/li>\n\n\n\n<li><strong>06-01 (poniedzia\u0142ek, \u015awi\u0119to Trzech Kr\u00f3li):<\/strong> Dzie\u0144 wolny od pracy.<\/li>\n<\/ul>\n\n\n<h3 class=\"wp-block-heading\" id=\"h-poczta-polska-palety\">Poczta Polska Palety<\/h3>\n\n\n<ul class=\"wp-block-list\">\n<li><strong>24 grudnia (wtorek, Wigilia)<\/strong> \u2013 odbiory i dor\u0119czenia realizowane w ograniczonym zakresie. Przesy\u0142ki odebrane w tym dniu nie b\u0119d\u0105 ekspediowane w kraj.<\/li>\n\n\n\n<li><strong>25-26 grudnia (\u015broda, czwartek)<\/strong> \u2013 Dni wolne od pracy.<\/li>\n\n\n\n<li><strong>27 grudnia (pi\u0105tek)<\/strong> \u2013 brak realizacji odbior\u00f3w i dor\u0119cze\u0144.<\/li>\n\n\n\n<li><strong>30 grudnia (poniedzia\u0142ek)<\/strong> \u2013 realizacja odbior\u00f3w i dor\u0119cze\u0144.<\/li>\n\n\n\n<li><strong>31 grudnia (wtorek, Sylwester)<\/strong> \u2013 odbiory i dor\u0119czenia realizowane w ograniczonym zakresie. Przesy\u0142ki odebrane w tym dniu nie b\u0119d\u0105 ekspediowane w kraj.<\/li>\n\n\n\n<li><strong>01-01 (\u015broda)<\/strong> \u2013 Dzie\u0144 wolny od pracy.<\/li>\n\n\n\n<li><strong>06-01 (poniedzia\u0142ek)<\/strong> \u2013 \u015awi\u0119to Trzech Kr\u00f3li \u2013 Dzie\u0144 wolny od pracy.<\/li>\n\n\n\n<li><strong>7 stycznia 2025 r.<\/strong> \u2013 powr\u00f3t do standardowego trybu obs\u0142ugi.<\/li>\n<\/ul>\n\n\n<h3 class=\"wp-block-heading\" id=\"h-poczta-polska-paczki\">Poczta Polska Paczki<\/h3>\n\n\n<ul class=\"wp-block-list\">\n<li><strong>24 grudnia (wtorek)<\/strong>: Czynne do godz. 13:00 (plac\u00f3wki ca\u0142odobowe do godz. 14:00).<\/li>\n\n\n\n<li><strong>25-26 grudnia (\u015broda, czwartek)<\/strong>: <strong>Dni wolne od pracy.<\/strong><\/li>\n\n\n\n<li><strong>27 grudnia (pi\u0105tek)<\/strong>: Standardowy harmonogram.<\/li>\n\n\n\n<li><strong>31 grudnia (wtorek)<\/strong>: Czynne do godz. 16:00 (plac\u00f3wki ca\u0142odobowe do godz. 18:00).<\/li>\n\n\n\n<li><strong>1 stycznia (\u015broda)<\/strong>: <strong>Dzie\u0144 wolny od pracy.<\/strong><\/li>\n\n\n\n<li><strong>2 stycznia (czwartek)<\/strong>&#8211; plac\u00f3wki pocztowe wznawiaj\u0105 prac\u0119 zgodnie ze standardowymi godzinami otwarcia.<\/li>\n\n\n\n<li><strong>6 stycznia (poniedzia\u0142ek)<\/strong>: <strong>\u015awi\u0119to Trzech Kr\u00f3li \u2013 Dzie\u0144 wolny od pracy.<\/strong><\/li>\n\n\n\n<li><strong>7 stycznia 2025 r.<\/strong> \u2013 powr\u00f3t do standardowego trybu obs\u0142ugi.<\/li>\n<\/ul>\n\n\n<h3 class=\"wp-block-heading\" id=\"dpd\">DPD<\/h3>\n\n\n<ul class=\"wp-block-list\">\n<li><strong>20 grudnia (pi\u0105tek):<\/strong> Paczki nadane tego dnia b\u0119d\u0105 dor\u0119czane 23 grudnia (poniedzia\u0142ek), z wyj\u0105tkiem paczek z zastrze\u017ceniem dostawy na sobot\u0119 21 grudnia.<\/li>\n\n\n\n<li><strong>21 grudnia (sobota):<\/strong> Pracujemy jak w ka\u017cd\u0105 sobot\u0119, do godziny 14:00.<br>Paczki nadane tego dnia b\u0119d\u0105 dor\u0119czane 23 grudnia (poniedzia\u0142ek).<\/li>\n\n\n\n<li><strong>23 grudnia (poniedzia\u0142ek):<\/strong> Paczki nadane tego dnia b\u0119d\u0105 dor\u0119czane 24 grudnia (wtorek).<\/li>\n\n\n\n<li><strong>24 grudnia (wtorek, Wigilia):<\/strong> Pracujemy jak w sobot\u0119, do godziny 14:00.<br>Paczki nadane tego dnia b\u0119d\u0105 dor\u0119czane 30 grudnia (poniedzia\u0142ek), z wyj\u0105tkiem paczek z zastrze\u017ceniem dostawy na sobot\u0119 28 grudnia.<\/li>\n\n\n\n<li><strong>25\/26 grudnia (\u015broda\/czwartek, \u015awi\u0119ta Bo\u017cego Narodzenia):<\/strong> S\u0105 to dni wolne od pracy.<\/li>\n\n\n\n<li><strong>30 grudnia (poniedzia\u0142ek):<\/strong> Odbiory i dor\u0119czenia odbywaj\u0105 si\u0119 w normalnym trybie. <br>Paczki nadane tego dnia b\u0119d\u0105 dor\u0119czane 31 grudnia (wtorek).<\/li>\n\n\n\n<li><strong>31 grudnia (wtorek, Sylwester):<\/strong> Pracujemy jak w ka\u017cd\u0105 sobot\u0119, do godziny 14:00. Paczki nadane tego dnia b\u0119d\u0105 dor\u0119czane 2 stycznia 2025 (czwartek).<\/li>\n\n\n\n<li><strong>1 stycznia 2025 (\u015broda, Nowy Rok):<\/strong> Jest to dzie\u0144 wolny od pracy.<\/li>\n\n\n\n<li><strong>3 stycznia (pi\u0105tek) i 4 stycznia (sobota):<\/strong> Paczki nadane w tych dniach b\u0119d\u0105 dor\u0119czane 7 stycznia (wtorek), z wyj\u0105tkiem paczek z zastrze\u017ceniem dostawy na sobot\u0119 4 stycznia.<\/li>\n\n\n\n<li><strong>6 stycznia (poniedzia\u0142ek, \u015awi\u0119to Trzech Kr\u00f3li):<\/strong> Jest to dzie\u0144 wolny od pracy.<\/li>\n<\/ul>\n\n\n<h3 class=\"wp-block-heading\" id=\"gls\">GLS<\/h3>\n\n\n<ul class=\"wp-block-list\">\n<li><strong>24 grudnia (wtorek, Wigilia):<\/strong> Pracujemy w godzinach takich, jak w soboty. Realizujemy dor\u0119czenia i odbiory. Przesy\u0142ki nadane tego dnia trafi\u0105 do Odbiorc\u00f3w najwcze\u015bniej 30 grudnia (poniedzia\u0142ek).<\/li>\n\n\n\n<li><strong>25-26 grudnia (\u015broda-czwartek, \u015awi\u0119ta Bo\u017cego Narodzenia):<\/strong> S\u0105 to dni wolne od pracy.<\/li>\n\n\n\n<li><strong>31 grudnia (wtorek, Sylwester):<\/strong> Pracujemy w godzinach takich, jak w soboty. Realizujemy dor\u0119czenia i odbiory. Przesy\u0142ki nadane tego dnia dotr\u0105 do Odbiorc\u00f3w najwcze\u015bniej 3 stycznia (pi\u0105tek).<\/li>\n\n\n\n<li><strong>1 stycznia (\u015broda, Nowy Rok):<\/strong> Dzie\u0144 wolny od pracy \u2013 filie i Infolinia GLS b\u0119d\u0105 nieczynne.<\/li>\n\n\n\n<li><strong>Przesy\u0142ki nadane<\/strong> <strong>3 stycznia (pi\u0105tek)<\/strong> zostan\u0105 dor\u0119czone najwcze\u015bniej 7 stycznia (wtorek).<\/li>\n\n\n\n<li><strong>6 stycznia (poniedzia\u0142ek, \u015awi\u0119to Trzech Kr\u00f3li):<\/strong> Dzie\u0144 wolny od pracy \u2013 filie i Infolinia GLS b\u0119d\u0105 nieczynne.<\/li>\n<\/ul>\n\n\n<h3 class=\"wp-block-heading\" id=\"ups\">UPS<\/h3>\n\n\n<ul class=\"wp-block-list\">\n<li><strong>25-26 grudnia (\u015broda, czwartek):<\/strong> Dni wolne od pracy.<\/li>\n\n\n\n<li><strong>01-01 (\u015broda):<\/strong> Dzie\u0144 wolny od pracy.<\/li>\n\n\n\n<li><strong>06-01 (poniedzia\u0142ek):<\/strong> \u015awi\u0119to Trzech Kr\u00f3li \u2013 Dzie\u0144 wolny od pracy.<\/li>\n<\/ul>\n\n\n<h3 class=\"wp-block-heading\" id=\"h-geodis\">Geodis<\/h3>\n\n\n<ul class=\"wp-block-list\">\n<li><strong>23.12.2024 (poniedzia\u0142ek):<\/strong><br>Odbiory i dostawy realizowane w pe\u0142nym zakresie, z wy\u0142\u0105czeniem odbioru przesy\u0142ek z us\u0142ug\u0105 temp+.<\/li>\n\n\n\n<li><strong>24.12.2024 (wtorek, Wigilia):<\/strong><br>Brak odbior\u00f3w i dostaw.<\/li>\n\n\n\n<li><strong>25.12.2024 (\u015broda, Bo\u017ce Narodzenie):<\/strong><br>Brak odbior\u00f3w i dostaw.<\/li>\n\n\n\n<li><strong>26.12.2024 (czwartek):<\/strong><br>Brak odbior\u00f3w i dostaw.<\/li>\n\n\n\n<li><strong>27.12.2024 (pi\u0105tek):<\/strong><br>Odbiory i dostawy w pe\u0142nym zakresie, r\u00f3wnie\u017c dla przesy\u0142ek z us\u0142ug\u0105 temp+.<\/li>\n\n\n\n<li><strong>30.12.2024 (poniedzia\u0142ek):<\/strong><br>Odbiory i dostawy realizowane w pe\u0142nym zakresie, z wy\u0142\u0105czeniem odbioru przesy\u0142ek z us\u0142ug\u0105 temp+.<\/li>\n\n\n\n<li><strong>31.12.2024 (wtorek, Sylwester):<\/strong><br>Brak odbior\u00f3w i dostaw.<\/li>\n\n\n\n<li><strong>01.01.2025 (\u015broda, Nowy Rok):<\/strong><br>Brak odbior\u00f3w i dostaw.<\/li>\n\n\n\n<li><strong>02.01.2025 (czwartek):<\/strong><br>Odbiory i dostawy w pe\u0142nym zakresie, r\u00f3wnie\u017c dla przesy\u0142ek z us\u0142ug\u0105 temp+.<\/li>\n\n\n\n<li><strong>03.01.2025 (pi\u0105tek):<\/strong><br>Odbiory i dostawy realizowane w pe\u0142nym zakresie, z wy\u0142\u0105czeniem odbioru przesy\u0142ek z us\u0142ug\u0105 temp+.<\/li>\n\n\n\n<li><strong>06.01.2025 (poniedzia\u0142ek, \u015awi\u0119to Trzech Kr\u00f3li):<\/strong><br>Brak odbior\u00f3w i dostaw.<\/li>\n\n\n\n<li><strong>07.01.2025 (wtorek):<\/strong><br>Odbiory i dostawy w pe\u0142nym zakresie, r\u00f3wnie\u017c dla przesy\u0142ek z us\u0142ug\u0105 temp+.<\/li>\n<\/ul>\n\n\n<h3 class=\"wp-block-heading\" id=\"h-ambro\">Ambro<\/h3>\n\n\n<ul class=\"wp-block-list\">\n<li><strong>24 grudnia (Wigilia):<\/strong> Odbiory i dostawy przesy\u0142ek b\u0119d\u0105 realizowane w ograniczonym zakresie \u2013 wy\u0142\u0105cznie w g\u0142\u00f3wnych o\u015brodkach w kraju.<\/li>\n\n\n\n<li><strong>25\u201326 grudnia (Bo\u017ce Narodzenie):<\/strong> Dni ustawowo wolne od pracy \u2013 brak realizacji odbior\u00f3w i dostaw.<\/li>\n\n\n\n<li><strong>27 grudnia (pi\u0105tek):<\/strong> Brak odbior\u00f3w i dostaw.<\/li>\n\n\n\n<li><strong>31 grudnia (Sylwester):<\/strong> Odbiory i dostawy przesy\u0142ek b\u0119d\u0105 realizowane w ograniczonym zakresie \u2013 wy\u0142\u0105cznie w g\u0142\u00f3wnych o\u015brodkach w kraju.<\/li>\n\n\n\n<li><strong>1 stycznia (Nowy Rok):<\/strong> Dzie\u0144 ustawowo wolny od pracy \u2013 brak realizacji odbior\u00f3w i dostaw.<\/li>\n\n\n\n<li><strong>W pozosta\u0142e dni przed i po okresie \u015bwi\u0105tecznym:<\/strong> Pracujemy wed\u0142ug standardowego harmonogramu.<br><\/li>\n<\/ul>\n\n\n<h3 class=\"wp-block-heading\" id=\"h-dhl\">DHL<\/h3>\n\n\n<ul class=\"wp-block-list\">\n<li><strong>23-12 (poniedzia\u0142ek):<\/strong> Standardowy tryb pracy.<\/li>\n\n\n\n<li><strong>24-12 (wtorek, Wigilia):<\/strong> Podj\u0119cia i dor\u0119czenia realizowane do godziny 15:00.<\/li>\n\n\n\n<li><strong>25-26 grudnia (\u015broda, czwartek, Bo\u017ce Narodzenie):<\/strong> Dni wolne od pracy.<\/li>\n\n\n\n<li><strong>28-12 (sobota):<\/strong> DHL nie \u015bwiadczy us\u0142ug, dzie\u0144 wolny od pracy.<\/li>\n\n\n\n<li><strong>31-12 (wtorek, Sylwester):<\/strong> Podj\u0119cia i dor\u0119czenia realizowane do godziny 15:00.<\/li>\n\n\n\n<li><strong>01-01 (\u015broda, Nowy Rok):<\/strong> Dzie\u0144 wolny od pracy.<\/li>\n\n\n\n<li><strong>04-01 (sobota):<\/strong> DHL nie \u015bwiadczy us\u0142ug, dzie\u0144 wolny od pracy.<\/li>\n\n\n\n<li><strong>06-01 (poniedzia\u0142ek, \u015awi\u0119to Trzech Kr\u00f3li):<\/strong> Dzie\u0144 wolny od pracy.<\/li>\n<\/ul>\n\n\n<h3 class=\"wp-block-heading\" id=\"h-fedex\">FedEx<\/h3>\n\n\n<ul class=\"wp-block-list\">\n<li><strong>25-26 grudnia (\u015broda, czwartek):<\/strong> Dni wolne od pracy.<\/li>\n\n\n\n<li><strong>01-01 (\u015broda):<\/strong> Dzie\u0144 wolny od pracy.<\/li>\n\n\n\n<li><strong>06-01 (poniedzia\u0142ek):<\/strong> \u015awi\u0119to Trzech Kr\u00f3li \u2013 Dzie\u0144 wolny od pracy.<\/li>\n<\/ul>\n\n\n<h3 class=\"wp-block-heading\" id=\"h-hellmann\">Hellmann<\/h3>\n\n\n<ul class=\"wp-block-list\">\n<li><strong>LITWA \/ \u0141OTWA \/ ESTONIA:<\/strong>\n<ul class=\"wp-block-list\">\n<li>Ostatnie auto wyje\u017cd\u017ca 16.12.2024.<\/li>\n\n\n\n<li>Pierwsze auto wyrusza 03.01.2025.<\/li>\n<\/ul>\n<\/li>\n\n\n\n<li><strong>Niemcy, Francja:<\/strong>\n<ul class=\"wp-block-list\">\n<li>Ostatnie auto wyje\u017cd\u017ca 16.12.2024.<\/li>\n\n\n\n<li>Pierwsze auto wyrusza 03\/07.01.2025.<\/li>\n<\/ul>\n<\/li>\n\n\n\n<li><strong>Czechy, S\u0142owacja, W\u0119gry, Austria:<\/strong>\n<ul class=\"wp-block-list\">\n<li>Ostatnie auto wyje\u017cd\u017ca 16.12.2024.<\/li>\n\n\n\n<li>Pierwsze auto wyrusza 03.01.2025.<\/li>\n<\/ul>\n<\/li>\n\n\n\n<li><strong>W\u0142ochy:<\/strong>\n<ul class=\"wp-block-list\">\n<li>Ostatnie auto wyje\u017cd\u017ca 16.12.2024.<\/li>\n\n\n\n<li>Pierwsze auto wyrusza 02.01.2025.<\/li>\n<\/ul>\n<\/li>\n\n\n\n<li><strong>Anglia, Belgia, Holandia:<\/strong>\n<ul class=\"wp-block-list\">\n<li>Ostatni samoch\u00f3d do UK wyje\u017cd\u017ca 17.12 z oddzia\u0142u w Nowym Tomy\u015blu.<\/li>\n\n\n\n<li>Holandia, Belgia: ostatni wyjazd 18.12.2024.<br><\/li>\n<\/ul>\n<\/li>\n\n\n\n<li><strong>23.12:<\/strong> Pracujemy normalnie (dostawy i odbiory).<\/li>\n\n\n\n<li><strong>24.12:<\/strong> Pracujemy normalnie (dystrybucja ograniczona czasowo). Ograniczamy ilo\u015b\u0107 wysy\u0142anych linii do naszych oddzia\u0142\u00f3w z dostaw\u0105 na 27.12. Do oddzia\u0142\u00f3w Partnerskich wysy\u0142amy linie na 30.12.<\/li>\n\n\n\n<li><strong>27.12:<\/strong> Oddzia\u0142y HWL ograniczaj\u0105 dystrybucj\u0119 do 25 km od oddzia\u0142\u00f3w (lub je\u017celi jest to ekonomicznie\/biznesowo uzasadnione w pozosta\u0142e rejony). Nie pracuj\u0105 oddzia\u0142y Partnerskie.<\/li>\n\n\n\n<li><strong>30.12:<\/strong> Pracujemy normalnie (dostawy i odbiory).<\/li>\n\n\n\n<li><strong>31.12:<\/strong> Pracujemy normalnie (dystrybucja ograniczona czasowo). Ograniczamy ilo\u015b\u0107 wysy\u0142anych linii do oddzia\u0142\u00f3w z dostaw\u0105 na 02.01.<\/li>\n\n\n\n<li><strong>02.01:<\/strong> Pracujemy normalnie.<\/li>\n\n\n\n<li><strong>03.01:<\/strong> Pracujemy normalnie.<\/li>\n\n\n\n<li>Prosimy o sprawdzenie, czy odbiorcy pracuj\u0105 w okresie mi\u0119dzy \u015bwi\u0105tecznym tj. 23\/12-03\/01. Je\u017celi towar zostanie zaplanowany w dostaw\u0119 a oka\u017ce si\u0119, \u017ce odbiorca nie pracuje, b\u0119dzie wi\u0105za\u0142o si\u0119 to z naliczeniem koszt\u00f3w za ponown\u0105 dostaw\u0119.<\/li>\n<\/ul>\n\n\n<h3 class=\"wp-block-heading\" id=\"h-rhenus\">RHENUS<\/h3>\n\n\n<p>Informujemy, i\u017c zgodnie z rozporz\u0105dzeniem Ministra Transportu z dnia 31 lipca 2007 roku dotycz\u0105cym okresowych ogranicze\u0144 oraz zakazu ruchu pojazd\u00f3w i zespo\u0142\u00f3w pojazd\u00f3w o dopuszczalnej masie ca\u0142kowitej przekraczaj\u0105cej 12 ton na drogach w okresie \u015bwi\u0105tecznym. Poni\u017cej harmonogram funkcjonowania sieci drobnicowej Rhenus Freight Logistics:<\/p>\n\n\n\n<figure class=\"wp-block-image size-large\"><img loading=\"lazy\" decoding=\"async\" width=\"1024\" height=\"363\" src=\"https:\/\/www.apaczka.pl\/app\/uploads\/2024\/12\/mapa-1024x363.png\" alt=\"\" class=\"wp-image-31397\" srcset=\"https:\/\/www.apaczka.pl\/app\/uploads\/2024\/12\/mapa-1024x363.png 1024w, https:\/\/www.apaczka.pl\/app\/uploads\/2024\/12\/mapa-300x106.png 300w, https:\/\/www.apaczka.pl\/app\/uploads\/2024\/12\/mapa-768x273.png 768w, https:\/\/www.apaczka.pl\/app\/uploads\/2024\/12\/mapa.png 1316w\" sizes=\"auto, (max-width: 1024px) 100vw, 1024px\" \/><\/figure>\n\n\n<h3 class=\"wp-block-heading\" id=\"h-geis\">GEIS<\/h3>\n\n\n<ul class=\"wp-block-list\">\n<li><strong>24 grudnia (Wigilia):<\/strong> Brak odbior\u00f3w i dostaw.<\/li>\n\n\n\n<li><strong>25-26 grudnia (\u015broda, czwartek):<\/strong> Dni wolne od pracy.<\/li>\n\n\n\n<li><strong>31 grudnia (Sylwester):<\/strong> Brak odbior\u00f3w i dostaw.<\/li>\n\n\n\n<li><strong>01-01 (\u015broda):<\/strong> Dzie\u0144 wolny od pracy.<\/li>\n\n\n\n<li><strong>06-01 (poniedzia\u0142ek):<\/strong> \u015awi\u0119to Trzech Kr\u00f3li \u2013 Dzie\u0144 wolny od pracy.<\/li>\n<\/ul>\n\n\n<h3 class=\"wp-block-heading\" id=\"h-raben\">Raben<\/h3>\n\n\n<ul class=\"wp-block-list\">\n<li><strong>25-26 grudnia (\u015broda, czwartek)<\/strong>: Dni wolne od pracy.<\/li>\n\n\n\n<li><strong>1 stycznia (\u015broda)<\/strong>: Dzie\u0144 wolny od pracy.<\/li>\n\n\n\n<li><strong>6 stycznia (poniedzia\u0142ek)<\/strong>: <strong>\u015awi\u0119to Trzech Kr\u00f3li \u2013 <\/strong>Dzie\u0144 wolny od pracy.<\/li>\n<\/ul>\n\n\n\n<p><strong>Niemcy (DE):<\/strong><\/p>\n\n\n\n<ul class=\"wp-block-list\">\n<li>Ostatni wyjazd 18.12.2024.<\/li>\n\n\n\n<li>Kolejny wyjazd 07.01.2025.<\/li>\n<\/ul>\n\n\n\n<p><strong>Francja (FR):<\/strong><\/p>\n\n\n\n<ul class=\"wp-block-list\">\n<li>Ostatni wyjazd 18.12.2024.<\/li>\n\n\n\n<li>Kolejny wyjazd 07.01.2025.<\/li>\n<\/ul>\n\n\n\n<p><strong>Litwa (LT), \u0141otwa (LV), Estonia (EE):<\/strong><\/p>\n\n\n\n<ul class=\"wp-block-list\">\n<li>Ostatni wyjazd 18.12.2024.<\/li>\n\n\n\n<li>Kolejny wyjazd 07.01.2025.<\/li>\n<\/ul>\n\n\n\n<p><strong>Czechy (CZ):<\/strong><\/p>\n\n\n\n<ul class=\"wp-block-list\">\n<li>Ostatni wyjazd 18.12.2024.<\/li>\n\n\n\n<li>Kolejny wyjazd 07.01.2025.<\/li>\n<\/ul>\n\n\n\n<p><strong>W\u0119gry (HU):<\/strong><\/p>\n\n\n\n<ul class=\"wp-block-list\">\n<li>Ostatni wyjazd 19.12.2024.<\/li>\n\n\n\n<li>Kolejny wyjazd 03.01.2025.<\/li>\n<\/ul>\n\n\n\n<p><strong>S\u0142owacja (SK):<\/strong><\/p>\n\n\n\n<ul class=\"wp-block-list\">\n<li>Ostatni wyjazd 19.12.2024.<\/li>\n\n\n\n<li>Kolejny wyjazd 07.01.2025.<\/li>\n<\/ul>\n\n\n\n<p><strong>W\u0142ochy (IT):<\/strong><\/p>\n\n\n\n<ul class=\"wp-block-list\">\n<li>Ostatni wyjazd 17.12.2024.<\/li>\n\n\n\n<li>Kolejny wyjazd 07.01.2025.<\/li>\n<\/ul>\n\n\n\n<p><strong>Hiszpania (ES):<\/strong><\/p>\n\n\n\n<ul class=\"wp-block-list\">\n<li>Ostatni wyjazd 17.12.2024.<\/li>\n\n\n\n<li>Kolejny wyjazd 07.01.2025.<\/li>\n<\/ul>\n\n\n\n<p><\/p>\n\n\n\n<p>Prosimy o uwzgl\u0119dnienie tych informacji w planowaniu Pa\u0144stwa wysy\u0142ek, aby zapewni\u0107 ich sprawn\u0105 realizacj\u0119.<\/p>\n\n\n\n<p>Zesp\u00f3\u0142 Apaczka.pl<\/p>\n\n\n\n<p><\/p>\n","protected":false},"excerpt":{"rendered":"<p>Nadszed\u0142 najbardziej wymagaj\u0105cy i pracowity okres w roku. Zebrali\u015bmy informacje od firm kurierskich i stworzyli\u015bmy harmonogram pracy przewo\u017anik\u00f3w w okresie oko\u0142o\u015bwi\u0105tecznym 2024\/2025. Sprawd\u017a, jak b\u0119d\u0105 realizowane odbiory i dostawy przesy\u0142ek w tym czasie. Wa\u017cne! 25 \u2013 26 grudnia i 1 i 6 stycznia, s\u0105 to dni ustawowo wolne od pracy. W tych dniach nie mo\u017cna &hellip; <a href=\"https:\/\/www.apaczka.pl\/en\/aktualnosci\/harmonogram-pracy-firm-kurierskich-w-okresie-swiatecznym-3\/\">Continued<\/a><\/p>\n","protected":false},"author":10,"featured_media":31385,"template":"","meta":{"_acf_changed":false,"footnotes":""},"news_category":[],"news_tag":[],"class_list":["post-31384","news","type-news","status-publish","has-post-thumbnail","hentry"],"acf":[],"yoast_head":"<!-- This site is optimized with the Yoast SEO Premium plugin v27.3 (Yoast SEO v27.3) - https:\/\/yoast.com\/product\/yoast-seo-premium-wordpress\/ -->\n<title>Harmonogram pracy firm kurierskich w okresie \u015bwi\u0105tecznym - Apaczka<\/title>\n<meta name=\"robots\" content=\"noindex, follow\" \/>\n<meta property=\"og:locale\" content=\"en_US\" \/>\n<meta property=\"og:type\" content=\"article\" \/>\n<meta property=\"og:title\" content=\"Harmonogram pracy firm kurierskich w okresie \u015bwi\u0105tecznym\" \/>\n<meta property=\"og:description\" content=\"Nadszed\u0142 najbardziej wymagaj\u0105cy i pracowity okres w roku. Zebrali\u015bmy informacje od firm kurierskich i stworzyli\u015bmy harmonogram pracy przewo\u017anik\u00f3w w okresie oko\u0142o\u015bwi\u0105tecznym 2024\/2025. Sprawd\u017a, jak b\u0119d\u0105 realizowane odbiory i dostawy przesy\u0142ek w tym czasie. Wa\u017cne! 25 \u2013 26 grudnia i 1 i 6 stycznia, s\u0105 to dni ustawowo wolne od pracy. W tych dniach nie mo\u017cna &hellip; Continued\" \/>\n<meta property=\"og:url\" content=\"https:\/\/www.apaczka.pl\/en\/aktualnosci\/harmonogram-pracy-firm-kurierskich-w-okresie-swiatecznym-3\/\" \/>\n<meta property=\"og:site_name\" content=\"Apaczka\" \/>\n<meta property=\"article:publisher\" content=\"https:\/\/www.facebook.com\/ApaczkaPL\/\" \/>\n<meta property=\"article:modified_time\" content=\"2025-01-03T14:51:00+00:00\" \/>\n<meta property=\"og:image\" content=\"https:\/\/www.apaczka.pl\/app\/uploads\/2024\/12\/harmonogram_pracy_apaczka-1.webp\" \/>\n\t<meta property=\"og:image:width\" content=\"1070\" \/>\n\t<meta property=\"og:image:height\" content=\"456\" \/>\n\t<meta property=\"og:image:type\" content=\"image\/webp\" \/>\n<meta name=\"twitter:card\" content=\"summary_large_image\" \/>\n<meta name=\"twitter:label1\" content=\"Est. reading time\" \/>\n\t<meta name=\"twitter:data1\" content=\"7 minutes\" \/>\n<script type=\"application\/ld+json\" class=\"yoast-schema-graph\">{\"@context\":\"https:\\\/\\\/schema.org\",\"@graph\":[{\"@type\":\"NewsArticle\",\"@id\":\"https:\\\/\\\/www.apaczka.pl\\\/en\\\/aktualnosci\\\/harmonogram-pracy-firm-kurierskich-w-okresie-swiatecznym-3\\\/#article\",\"isPartOf\":{\"@id\":\"https:\\\/\\\/www.apaczka.pl\\\/en\\\/aktualnosci\\\/harmonogram-pracy-firm-kurierskich-w-okresie-swiatecznym-3\\\/\"},\"author\":{\"name\":\"Barbara Bochenek\",\"@id\":\"https:\\\/\\\/www.apaczka.pl\\\/en\\\/#\\\/schema\\\/person\\\/dc9cd6f6196e657b1a062d0c3022d716\"},\"headline\":\"Harmonogram pracy firm kurierskich w okresie \u015bwi\u0105tecznym\",\"datePublished\":\"2024-12-19T09:43:47+00:00\",\"dateModified\":\"2025-01-03T14:51:00+00:00\",\"mainEntityOfPage\":{\"@id\":\"https:\\\/\\\/www.apaczka.pl\\\/en\\\/aktualnosci\\\/harmonogram-pracy-firm-kurierskich-w-okresie-swiatecznym-3\\\/\"},\"wordCount\":1418,\"publisher\":{\"@id\":\"https:\\\/\\\/www.apaczka.pl\\\/en\\\/#organization\"},\"image\":{\"@id\":\"https:\\\/\\\/www.apaczka.pl\\\/en\\\/aktualnosci\\\/harmonogram-pracy-firm-kurierskich-w-okresie-swiatecznym-3\\\/#primaryimage\"},\"thumbnailUrl\":\"https:\\\/\\\/www.apaczka.pl\\\/app\\\/uploads\\\/2024\\\/12\\\/harmonogram_pracy_apaczka-1.webp\",\"inLanguage\":\"en-US\"},{\"@type\":\"WebPage\",\"@id\":\"https:\\\/\\\/www.apaczka.pl\\\/en\\\/aktualnosci\\\/harmonogram-pracy-firm-kurierskich-w-okresie-swiatecznym-3\\\/\",\"url\":\"https:\\\/\\\/www.apaczka.pl\\\/en\\\/aktualnosci\\\/harmonogram-pracy-firm-kurierskich-w-okresie-swiatecznym-3\\\/\",\"name\":\"Harmonogram pracy firm kurierskich w okresie \u015bwi\u0105tecznym - Apaczka\",\"isPartOf\":{\"@id\":\"https:\\\/\\\/www.apaczka.pl\\\/en\\\/#website\"},\"primaryImageOfPage\":{\"@id\":\"https:\\\/\\\/www.apaczka.pl\\\/en\\\/aktualnosci\\\/harmonogram-pracy-firm-kurierskich-w-okresie-swiatecznym-3\\\/#primaryimage\"},\"image\":{\"@id\":\"https:\\\/\\\/www.apaczka.pl\\\/en\\\/aktualnosci\\\/harmonogram-pracy-firm-kurierskich-w-okresie-swiatecznym-3\\\/#primaryimage\"},\"thumbnailUrl\":\"https:\\\/\\\/www.apaczka.pl\\\/app\\\/uploads\\\/2024\\\/12\\\/harmonogram_pracy_apaczka-1.webp\",\"datePublished\":\"2024-12-19T09:43:47+00:00\",\"dateModified\":\"2025-01-03T14:51:00+00:00\",\"breadcrumb\":{\"@id\":\"https:\\\/\\\/www.apaczka.pl\\\/en\\\/aktualnosci\\\/harmonogram-pracy-firm-kurierskich-w-okresie-swiatecznym-3\\\/#breadcrumb\"},\"inLanguage\":\"en-US\",\"potentialAction\":[{\"@type\":\"ReadAction\",\"target\":[\"https:\\\/\\\/www.apaczka.pl\\\/en\\\/aktualnosci\\\/harmonogram-pracy-firm-kurierskich-w-okresie-swiatecznym-3\\\/\"]}]},{\"@type\":\"ImageObject\",\"inLanguage\":\"en-US\",\"@id\":\"https:\\\/\\\/www.apaczka.pl\\\/en\\\/aktualnosci\\\/harmonogram-pracy-firm-kurierskich-w-okresie-swiatecznym-3\\\/#primaryimage\",\"url\":\"https:\\\/\\\/www.apaczka.pl\\\/app\\\/uploads\\\/2024\\\/12\\\/harmonogram_pracy_apaczka-1.webp\",\"contentUrl\":\"https:\\\/\\\/www.apaczka.pl\\\/app\\\/uploads\\\/2024\\\/12\\\/harmonogram_pracy_apaczka-1.webp\",\"width\":1070,\"height\":456,\"caption\":\"harmonogram \u015bwi\u0105teczny\"},{\"@type\":\"BreadcrumbList\",\"@id\":\"https:\\\/\\\/www.apaczka.pl\\\/en\\\/aktualnosci\\\/harmonogram-pracy-firm-kurierskich-w-okresie-swiatecznym-3\\\/#breadcrumb\",\"itemListElement\":[{\"@type\":\"ListItem\",\"position\":1,\"name\":\"Apaczka\",\"item\":\"https:\\\/\\\/www.apaczka.pl\\\/en\\\/\"},{\"@type\":\"ListItem\",\"position\":2,\"name\":\"Aktualno\u015bci\",\"item\":\"https:\\\/\\\/www.apaczka.pl\\\/en\\\/aktualnosci\\\/\"},{\"@type\":\"ListItem\",\"position\":3,\"name\":\"Harmonogram pracy firm kurierskich w okresie \u015bwi\u0105tecznym\"}]},{\"@type\":\"WebSite\",\"@id\":\"https:\\\/\\\/www.apaczka.pl\\\/en\\\/#website\",\"url\":\"https:\\\/\\\/www.apaczka.pl\\\/en\\\/\",\"name\":\"Apaczka\",\"description\":\"Rozwi\u0105zania do zarz\u0105dzania procesami wysy\u0142kowymi dla firm\",\"publisher\":{\"@id\":\"https:\\\/\\\/www.apaczka.pl\\\/en\\\/#organization\"},\"potentialAction\":[{\"@type\":\"SearchAction\",\"target\":{\"@type\":\"EntryPoint\",\"urlTemplate\":\"https:\\\/\\\/www.apaczka.pl\\\/en\\\/?s={search_term_string}\"},\"query-input\":{\"@type\":\"PropertyValueSpecification\",\"valueRequired\":true,\"valueName\":\"search_term_string\"}}],\"inLanguage\":\"en-US\"},{\"@type\":\"Organization\",\"@id\":\"https:\\\/\\\/www.apaczka.pl\\\/en\\\/#organization\",\"name\":\"Apaczka\",\"url\":\"https:\\\/\\\/www.apaczka.pl\\\/en\\\/\",\"logo\":{\"@type\":\"ImageObject\",\"inLanguage\":\"en-US\",\"@id\":\"https:\\\/\\\/www.apaczka.pl\\\/en\\\/#\\\/schema\\\/logo\\\/image\\\/\",\"url\":\"https:\\\/\\\/www.apaczka.pl\\\/app\\\/uploads\\\/2024\\\/05\\\/cropped-Apaczka-Full-Logotype-Full-Color.png\",\"contentUrl\":\"https:\\\/\\\/www.apaczka.pl\\\/app\\\/uploads\\\/2024\\\/05\\\/cropped-Apaczka-Full-Logotype-Full-Color.png\",\"width\":1337,\"height\":405,\"caption\":\"Apaczka\"},\"image\":{\"@id\":\"https:\\\/\\\/www.apaczka.pl\\\/en\\\/#\\\/schema\\\/logo\\\/image\\\/\"},\"sameAs\":[\"https:\\\/\\\/www.facebook.com\\\/ApaczkaPL\\\/\",\"https:\\\/\\\/www.linkedin.com\\\/company\\\/apaczka-alsendo-sp-z-o-o\\\/\",\"https:\\\/\\\/www.youtube.com\\\/@apaczka-by-alsendo\",\"https:\\\/\\\/g.co\\\/kgs\\\/Ztnp4yQ\",\"https:\\\/\\\/maps.app.goo.gl\\\/iUwRn8EGrQJAk4LB9\",\"https:\\\/\\\/www.trustpilot.com\\\/review\\\/www.apaczka.pl\",\"https:\\\/\\\/www.crunchbase.com\\\/organization\\\/apaczka\",\"https:\\\/\\\/www.ekomi-pl.com\\\/opinie-apaczka.html\",\"https:\\\/\\\/www.wikidata.org\\\/wiki\\\/Q135189453\"],\"description\":\"Apaczka.pl to platforma technologiczna do zarz\u0105dzania wysy\u0142kami i dostawami dla firm. Jeste\u015bmy sprawdzonym partnerem w zakresie proces\u00f3w wysy\u0142kowych dzia\u0142aj\u0105cym od ponad 15 lat na rynku. Integrujemy szeroki wachlarz us\u0142ug kurierskich oraz dedykowanych us\u0142ug w\u0142asnych skierowanych do wszystkich przedsi\u0119biorc\u00f3w, tak\u017ce tych, kt\u00f3rzy dopiero zaczynaj\u0105 swoj\u0105 dzia\u0142alno\u015b\u0107. Oferowane przez nas rozwi\u0105zania s\u0105 wykorzystywane przez firmy z bran\u017cy e-commerce, du\u017ce podmioty typu marketplace, ale r\u00f3wnie\u017c niewielkie firmy nadaj\u0105ce kilkana\u015bcie przesy\u0142ek miesi\u0119cznie. Konsekwentnie wspieramy firmy w rozwoju ich biznesu, udost\u0119pniaj\u0105c bez \u017cadnych op\u0142at gotowe narz\u0119dzia u\u0142atwiaj\u0105ce codzienn\u0105 logistyk\u0119. Nasi Klienci wysy\u0142aj\u0105 ponad 2,5 miliona przesy\u0142ek ka\u017cdego miesi\u0105ca korzystaj\u0105c z naszych unikalnych technologii. Nasze mocne strony: - Mo\u017cliwo\u015b\u0107 por\u00f3wnania ofert wiod\u0105cych firm kurierskich w Polsce i na \u015bwiecie: DHL, UPS, DPD, Fedex, Poczta Polska, Geis, InPost, GLS, Ambro, Hellmann i wielu innych, - Mo\u017cliwo\u015b\u0107 indywidualnego negocjowania stawek w zale\u017cno\u015bci od ilo\u015bci przesy\u0142ek i ich rodzaju (palety, p\u00f3\u0142palety, przesy\u0142ki krajowe, mi\u0119dzynarodowe), - Jedna, prosta integracja API z wieloma platformami e-commerce, marketplace i systemami ERP, WMS., daj\u0105ca dost\u0119p do ca\u0142ej naszej oferty kurierskiej, - Mo\u017cliwo\u015b\u0107 automatyzacji i optymalizacji proces\u00f3w wysy\u0142kowych, -Indywidualny Opiekun Handlowy zapewniaj\u0105cy wsparcie merytoryczne z zakresu rozwi\u0105za\u0144 kurierskich w zale\u017cno\u015bci od bran\u017cy Klienta, rodzaju przesy\u0142ek i metod dostawy, - Bezp\u0142atne integracje z 50 platformami sklepowymi, mo\u017cliwo\u015b\u0107 import\u00f3w (w tym Allegro) oraz wsparcie dzia\u0142u IT, -Personalizacja komunikacji z odbiorcami przesy\u0142ek na etapie post-checkout, modu\u0142 zwrot\u00f3w i analityka danych logistycznych, -Brak minim\u00f3w wysy\u0142kowych i wygodne formy rozlicze\u0144. Apaczka.pl: por\u00f3wnuj ceny kurier\u00f3w, automatyzuj procesy wysy\u0142kowe.\",\"legalName\":\"Alsendo sp. z o.o.\",\"foundingDate\":\"2009-08-17\",\"vatID\":\"PL8971840043\",\"taxID\":\"367328934\",\"numberOfEmployees\":{\"@type\":\"QuantitativeValue\",\"minValue\":\"51\",\"maxValue\":\"200\"}},{\"@type\":\"Person\",\"@id\":\"https:\\\/\\\/www.apaczka.pl\\\/en\\\/#\\\/schema\\\/person\\\/dc9cd6f6196e657b1a062d0c3022d716\",\"name\":\"Barbara Bochenek\",\"image\":{\"@type\":\"ImageObject\",\"inLanguage\":\"en-US\",\"@id\":\"https:\\\/\\\/www.apaczka.pl\\\/app\\\/uploads\\\/2025\\\/04\\\/cropped-Barbara-Bochenek-96x96.jpg\",\"url\":\"https:\\\/\\\/www.apaczka.pl\\\/app\\\/uploads\\\/2025\\\/04\\\/cropped-Barbara-Bochenek-96x96.jpg\",\"contentUrl\":\"https:\\\/\\\/www.apaczka.pl\\\/app\\\/uploads\\\/2025\\\/04\\\/cropped-Barbara-Bochenek-96x96.jpg\",\"caption\":\"Barbara Bochenek\"},\"description\":\"Pomagam firmom sprawniej zarz\u0105dza\u0107 wysy\u0142k\u0105 i budowa\u0107 przewag\u0119 w logistyce dzi\u0119ki trafnej komunikacji i rzetelnym tre\u015bciom. Jako specjalistka ds. komunikacji i content marketingu z pasj\u0105 do innowacji logistycznych tworz\u0119 artyku\u0142y, e-booki, materia\u0142y edukacyjne i case studies, kt\u00f3re pokazuj\u0105, jak rozwi\u0105zania Apaczka usprawniaj\u0105 procesy i wspieraj\u0105 rozw\u00f3j biznesu. W pracy stawiam na jasny przekaz, konkretne dane i tre\u015bci, kt\u00f3re realnie u\u0142atwiaj\u0105 klientom podejmowanie decyzji.\",\"sameAs\":[\"https:\\\/\\\/www.linkedin.com\\\/in\\\/barbarabochenek\\\/\"],\"jobTitle\":\"Junior Content & Social Media Manager\",\"url\":\"https:\\\/\\\/www.apaczka.pl\\\/en\\\/blog\\\/author\\\/barbara-bochenek\\\/\"}]}<\/script>\n<!-- \/ Yoast SEO Premium plugin. -->","yoast_head_json":{"title":"Harmonogram pracy firm kurierskich w okresie \u015bwi\u0105tecznym - Apaczka","robots":{"index":"noindex","follow":"follow"},"og_locale":"en_US","og_type":"article","og_title":"Harmonogram pracy firm kurierskich w okresie \u015bwi\u0105tecznym","og_description":"Nadszed\u0142 najbardziej wymagaj\u0105cy i pracowity okres w roku. Zebrali\u015bmy informacje od firm kurierskich i stworzyli\u015bmy harmonogram pracy przewo\u017anik\u00f3w w okresie oko\u0142o\u015bwi\u0105tecznym 2024\/2025. Sprawd\u017a, jak b\u0119d\u0105 realizowane odbiory i dostawy przesy\u0142ek w tym czasie. Wa\u017cne! 25 \u2013 26 grudnia i 1 i 6 stycznia, s\u0105 to dni ustawowo wolne od pracy. W tych dniach nie mo\u017cna &hellip; Continued","og_url":"https:\/\/www.apaczka.pl\/en\/aktualnosci\/harmonogram-pracy-firm-kurierskich-w-okresie-swiatecznym-3\/","og_site_name":"Apaczka","article_publisher":"https:\/\/www.facebook.com\/ApaczkaPL\/","article_modified_time":"2025-01-03T14:51:00+00:00","og_image":[{"width":1070,"height":456,"url":"https:\/\/www.apaczka.pl\/app\/uploads\/2024\/12\/harmonogram_pracy_apaczka-1.webp","type":"image\/webp"}],"twitter_card":"summary_large_image","twitter_misc":{"Est. reading time":"7 minutes"},"schema":{"@context":"https:\/\/schema.org","@graph":[{"@type":"NewsArticle","@id":"https:\/\/www.apaczka.pl\/en\/aktualnosci\/harmonogram-pracy-firm-kurierskich-w-okresie-swiatecznym-3\/#article","isPartOf":{"@id":"https:\/\/www.apaczka.pl\/en\/aktualnosci\/harmonogram-pracy-firm-kurierskich-w-okresie-swiatecznym-3\/"},"author":{"name":"Barbara Bochenek","@id":"https:\/\/www.apaczka.pl\/en\/#\/schema\/person\/dc9cd6f6196e657b1a062d0c3022d716"},"headline":"Harmonogram pracy firm kurierskich w okresie \u015bwi\u0105tecznym","datePublished":"2024-12-19T09:43:47+00:00","dateModified":"2025-01-03T14:51:00+00:00","mainEntityOfPage":{"@id":"https:\/\/www.apaczka.pl\/en\/aktualnosci\/harmonogram-pracy-firm-kurierskich-w-okresie-swiatecznym-3\/"},"wordCount":1418,"publisher":{"@id":"https:\/\/www.apaczka.pl\/en\/#organization"},"image":{"@id":"https:\/\/www.apaczka.pl\/en\/aktualnosci\/harmonogram-pracy-firm-kurierskich-w-okresie-swiatecznym-3\/#primaryimage"},"thumbnailUrl":"https:\/\/www.apaczka.pl\/app\/uploads\/2024\/12\/harmonogram_pracy_apaczka-1.webp","inLanguage":"en-US"},{"@type":"WebPage","@id":"https:\/\/www.apaczka.pl\/en\/aktualnosci\/harmonogram-pracy-firm-kurierskich-w-okresie-swiatecznym-3\/","url":"https:\/\/www.apaczka.pl\/en\/aktualnosci\/harmonogram-pracy-firm-kurierskich-w-okresie-swiatecznym-3\/","name":"Harmonogram pracy firm kurierskich w okresie \u015bwi\u0105tecznym - Apaczka","isPartOf":{"@id":"https:\/\/www.apaczka.pl\/en\/#website"},"primaryImageOfPage":{"@id":"https:\/\/www.apaczka.pl\/en\/aktualnosci\/harmonogram-pracy-firm-kurierskich-w-okresie-swiatecznym-3\/#primaryimage"},"image":{"@id":"https:\/\/www.apaczka.pl\/en\/aktualnosci\/harmonogram-pracy-firm-kurierskich-w-okresie-swiatecznym-3\/#primaryimage"},"thumbnailUrl":"https:\/\/www.apaczka.pl\/app\/uploads\/2024\/12\/harmonogram_pracy_apaczka-1.webp","datePublished":"2024-12-19T09:43:47+00:00","dateModified":"2025-01-03T14:51:00+00:00","breadcrumb":{"@id":"https:\/\/www.apaczka.pl\/en\/aktualnosci\/harmonogram-pracy-firm-kurierskich-w-okresie-swiatecznym-3\/#breadcrumb"},"inLanguage":"en-US","potentialAction":[{"@type":"ReadAction","target":["https:\/\/www.apaczka.pl\/en\/aktualnosci\/harmonogram-pracy-firm-kurierskich-w-okresie-swiatecznym-3\/"]}]},{"@type":"ImageObject","inLanguage":"en-US","@id":"https:\/\/www.apaczka.pl\/en\/aktualnosci\/harmonogram-pracy-firm-kurierskich-w-okresie-swiatecznym-3\/#primaryimage","url":"https:\/\/www.apaczka.pl\/app\/uploads\/2024\/12\/harmonogram_pracy_apaczka-1.webp","contentUrl":"https:\/\/www.apaczka.pl\/app\/uploads\/2024\/12\/harmonogram_pracy_apaczka-1.webp","width":1070,"height":456,"caption":"harmonogram \u015bwi\u0105teczny"},{"@type":"BreadcrumbList","@id":"https:\/\/www.apaczka.pl\/en\/aktualnosci\/harmonogram-pracy-firm-kurierskich-w-okresie-swiatecznym-3\/#breadcrumb","itemListElement":[{"@type":"ListItem","position":1,"name":"Apaczka","item":"https:\/\/www.apaczka.pl\/en\/"},{"@type":"ListItem","position":2,"name":"Aktualno\u015bci","item":"https:\/\/www.apaczka.pl\/en\/aktualnosci\/"},{"@type":"ListItem","position":3,"name":"Harmonogram pracy firm kurierskich w okresie \u015bwi\u0105tecznym"}]},{"@type":"WebSite","@id":"https:\/\/www.apaczka.pl\/en\/#website","url":"https:\/\/www.apaczka.pl\/en\/","name":"Apaczka","description":"Rozwi\u0105zania do zarz\u0105dzania procesami wysy\u0142kowymi dla firm","publisher":{"@id":"https:\/\/www.apaczka.pl\/en\/#organization"},"potentialAction":[{"@type":"SearchAction","target":{"@type":"EntryPoint","urlTemplate":"https:\/\/www.apaczka.pl\/en\/?s={search_term_string}"},"query-input":{"@type":"PropertyValueSpecification","valueRequired":true,"valueName":"search_term_string"}}],"inLanguage":"en-US"},{"@type":"Organization","@id":"https:\/\/www.apaczka.pl\/en\/#organization","name":"Apaczka","url":"https:\/\/www.apaczka.pl\/en\/","logo":{"@type":"ImageObject","inLanguage":"en-US","@id":"https:\/\/www.apaczka.pl\/en\/#\/schema\/logo\/image\/","url":"https:\/\/www.apaczka.pl\/app\/uploads\/2024\/05\/cropped-Apaczka-Full-Logotype-Full-Color.png","contentUrl":"https:\/\/www.apaczka.pl\/app\/uploads\/2024\/05\/cropped-Apaczka-Full-Logotype-Full-Color.png","width":1337,"height":405,"caption":"Apaczka"},"image":{"@id":"https:\/\/www.apaczka.pl\/en\/#\/schema\/logo\/image\/"},"sameAs":["https:\/\/www.facebook.com\/ApaczkaPL\/","https:\/\/www.linkedin.com\/company\/apaczka-alsendo-sp-z-o-o\/","https:\/\/www.youtube.com\/@apaczka-by-alsendo","https:\/\/g.co\/kgs\/Ztnp4yQ","https:\/\/maps.app.goo.gl\/iUwRn8EGrQJAk4LB9","https:\/\/www.trustpilot.com\/review\/www.apaczka.pl","https:\/\/www.crunchbase.com\/organization\/apaczka","https:\/\/www.ekomi-pl.com\/opinie-apaczka.html","https:\/\/www.wikidata.org\/wiki\/Q135189453"],"description":"Apaczka.pl to platforma technologiczna do zarz\u0105dzania wysy\u0142kami i dostawami dla firm. Jeste\u015bmy sprawdzonym partnerem w zakresie proces\u00f3w wysy\u0142kowych dzia\u0142aj\u0105cym od ponad 15 lat na rynku. Integrujemy szeroki wachlarz us\u0142ug kurierskich oraz dedykowanych us\u0142ug w\u0142asnych skierowanych do wszystkich przedsi\u0119biorc\u00f3w, tak\u017ce tych, kt\u00f3rzy dopiero zaczynaj\u0105 swoj\u0105 dzia\u0142alno\u015b\u0107. Oferowane przez nas rozwi\u0105zania s\u0105 wykorzystywane przez firmy z bran\u017cy e-commerce, du\u017ce podmioty typu marketplace, ale r\u00f3wnie\u017c niewielkie firmy nadaj\u0105ce kilkana\u015bcie przesy\u0142ek miesi\u0119cznie. Konsekwentnie wspieramy firmy w rozwoju ich biznesu, udost\u0119pniaj\u0105c bez \u017cadnych op\u0142at gotowe narz\u0119dzia u\u0142atwiaj\u0105ce codzienn\u0105 logistyk\u0119. Nasi Klienci wysy\u0142aj\u0105 ponad 2,5 miliona przesy\u0142ek ka\u017cdego miesi\u0105ca korzystaj\u0105c z naszych unikalnych technologii. Nasze mocne strony: - Mo\u017cliwo\u015b\u0107 por\u00f3wnania ofert wiod\u0105cych firm kurierskich w Polsce i na \u015bwiecie: DHL, UPS, DPD, Fedex, Poczta Polska, Geis, InPost, GLS, Ambro, Hellmann i wielu innych, - Mo\u017cliwo\u015b\u0107 indywidualnego negocjowania stawek w zale\u017cno\u015bci od ilo\u015bci przesy\u0142ek i ich rodzaju (palety, p\u00f3\u0142palety, przesy\u0142ki krajowe, mi\u0119dzynarodowe), - Jedna, prosta integracja API z wieloma platformami e-commerce, marketplace i systemami ERP, WMS., daj\u0105ca dost\u0119p do ca\u0142ej naszej oferty kurierskiej, - Mo\u017cliwo\u015b\u0107 automatyzacji i optymalizacji proces\u00f3w wysy\u0142kowych, -Indywidualny Opiekun Handlowy zapewniaj\u0105cy wsparcie merytoryczne z zakresu rozwi\u0105za\u0144 kurierskich w zale\u017cno\u015bci od bran\u017cy Klienta, rodzaju przesy\u0142ek i metod dostawy, - Bezp\u0142atne integracje z 50 platformami sklepowymi, mo\u017cliwo\u015b\u0107 import\u00f3w (w tym Allegro) oraz wsparcie dzia\u0142u IT, -Personalizacja komunikacji z odbiorcami przesy\u0142ek na etapie post-checkout, modu\u0142 zwrot\u00f3w i analityka danych logistycznych, -Brak minim\u00f3w wysy\u0142kowych i wygodne formy rozlicze\u0144. Apaczka.pl: por\u00f3wnuj ceny kurier\u00f3w, automatyzuj procesy wysy\u0142kowe.","legalName":"Alsendo sp. z o.o.","foundingDate":"2009-08-17","vatID":"PL8971840043","taxID":"367328934","numberOfEmployees":{"@type":"QuantitativeValue","minValue":"51","maxValue":"200"}},{"@type":"Person","@id":"https:\/\/www.apaczka.pl\/en\/#\/schema\/person\/dc9cd6f6196e657b1a062d0c3022d716","name":"Barbara Bochenek","image":{"@type":"ImageObject","inLanguage":"en-US","@id":"https:\/\/www.apaczka.pl\/app\/uploads\/2025\/04\/cropped-Barbara-Bochenek-96x96.jpg","url":"https:\/\/www.apaczka.pl\/app\/uploads\/2025\/04\/cropped-Barbara-Bochenek-96x96.jpg","contentUrl":"https:\/\/www.apaczka.pl\/app\/uploads\/2025\/04\/cropped-Barbara-Bochenek-96x96.jpg","caption":"Barbara Bochenek"},"description":"Pomagam firmom sprawniej zarz\u0105dza\u0107 wysy\u0142k\u0105 i budowa\u0107 przewag\u0119 w logistyce dzi\u0119ki trafnej komunikacji i rzetelnym tre\u015bciom. Jako specjalistka ds. komunikacji i content marketingu z pasj\u0105 do innowacji logistycznych tworz\u0119 artyku\u0142y, e-booki, materia\u0142y edukacyjne i case studies, kt\u00f3re pokazuj\u0105, jak rozwi\u0105zania Apaczka usprawniaj\u0105 procesy i wspieraj\u0105 rozw\u00f3j biznesu. W pracy stawiam na jasny przekaz, konkretne dane i tre\u015bci, kt\u00f3re realnie u\u0142atwiaj\u0105 klientom podejmowanie decyzji.","sameAs":["https:\/\/www.linkedin.com\/in\/barbarabochenek\/"],"jobTitle":"Junior Content & Social Media Manager","url":"https:\/\/www.apaczka.pl\/en\/blog\/author\/barbara-bochenek\/"}]}},"_links":{"self":[{"href":"https:\/\/www.apaczka.pl\/en\/wp-json\/wp\/v2\/news\/31384","targetHints":{"allow":["GET"]}}],"collection":[{"href":"https:\/\/www.apaczka.pl\/en\/wp-json\/wp\/v2\/news"}],"about":[{"href":"https:\/\/www.apaczka.pl\/en\/wp-json\/wp\/v2\/types\/news"}],"author":[{"embeddable":true,"href":"https:\/\/www.apaczka.pl\/en\/wp-json\/wp\/v2\/users\/10"}],"version-history":[{"count":10,"href":"https:\/\/www.apaczka.pl\/en\/wp-json\/wp\/v2\/news\/31384\/revisions"}],"predecessor-version":[{"id":31527,"href":"https:\/\/www.apaczka.pl\/en\/wp-json\/wp\/v2\/news\/31384\/revisions\/31527"}],"wp:featuredmedia":[{"embeddable":true,"href":"https:\/\/www.apaczka.pl\/en\/wp-json\/wp\/v2\/media\/31385"}],"wp:attachment":[{"href":"https:\/\/www.apaczka.pl\/en\/wp-json\/wp\/v2\/media?parent=31384"}],"wp:term":[{"taxonomy":"news_category","embeddable":true,"href":"https:\/\/www.apaczka.pl\/en\/wp-json\/wp\/v2\/news_category?post=31384"},{"taxonomy":"news_tag","embeddable":true,"href":"https:\/\/www.apaczka.pl\/en\/wp-json\/wp\/v2\/news_tag?post=31384"}],"curies":[{"name":"wp","href":"https:\/\/api.w.org\/{rel}","templated":true}]}}