{"id":31024,"date":"2024-11-08T13:30:07","date_gmt":"2024-11-08T13:30:07","guid":{"rendered":"https:\/\/www.apaczka.pl\/?post_type=news&#038;p=31024"},"modified":"2024-11-08T13:34:28","modified_gmt":"2024-11-08T13:34:28","slug":"sprawdz-jak-przewoznicy-pracuja-w-dniu-11-11-2024-r","status":"publish","type":"news","link":"https:\/\/www.apaczka.pl\/en\/aktualnosci\/sprawdz-jak-przewoznicy-pracuja-w-dniu-11-11-2024-r\/","title":{"rendered":"Sprawd\u017a, jak przewo\u017anicy pracuj\u0105 w dniu 11.11.2024 r.\u00a0"},"content":{"rendered":"\n<p>Na platformie Apaczka.pl 11 listopada b\u0119dzie mo\u017cna sk\u0142ada\u0107 zlecenia, jednak wszystkie odbiory zostan\u0105 zaplanowane na kolejne dni robocze.&nbsp;&nbsp;<\/p>\n\n\n\n<p><\/p>\n\n\n<h2 class=\"simpletoc-title\">Spis tre\u015bci<\/h2>\n<ul class=\"simpletoc-list\">\n<li><a href=\"#h-inpost\">InPost&nbsp;<\/a>\n\n<\/li>\n<li><a href=\"#h-poczta-polska\">Poczta Polska&nbsp;<\/a>\n\n<\/li>\n<li><a href=\"#h-poczta-polska-palety\">Poczta Polska Palety&nbsp;<\/a>\n\n<\/li>\n<li><a href=\"#h-dpd\">DPD&nbsp;<\/a>\n\n<\/li>\n<li><a href=\"#h-gls\">GLS&nbsp;<\/a>\n\n<\/li>\n<li><a href=\"#h-ups\">UPS&nbsp;<\/a>\n\n<\/li>\n<li><a href=\"#h-geodis\">GEODIS&nbsp;<\/a>\n\n<\/li>\n<li><a href=\"#h-ambro\">Ambro&nbsp;<\/a>\n\n<\/li>\n<li><a href=\"#h-dhl\">DHL&nbsp;<\/a>\n\n<\/li>\n<li><a href=\"#h-fedex\">FedEx&nbsp;<\/a>\n\n<\/li>\n<li><a href=\"#h-hellmann-zagranica\">Hellmann zagranica&nbsp;<\/a>\n\n<\/li>\n<li><a href=\"#h-orlen\">Orlen&nbsp;<\/a>\n\n<\/li>\n<li><a href=\"#h-rhenus\">Rhenus&nbsp;<\/a>\n\n<\/li>\n<li><a href=\"#h-geis-kraj\">GEIS Kraj&nbsp;<\/a>\n\n<\/li>\n<li><a href=\"#h-geis-zagranica\">GEIS Zagranica&nbsp;<\/a>\n\n<\/li>\n<li><a href=\"#h-raben\">Raben&nbsp;<\/a>\n<\/li><\/ul>\n\n\n<p>Poni\u017cej przedstawiamy harmonogram pracy przewo\u017anik\u00f3w w okresie 11 listopada:&nbsp;<\/p>\n\n\n<h2 class=\"wp-block-heading\" id=\"h-inpost\">InPost <\/h2>\n\n\n<ul class=\"wp-block-list\">\n<li><strong>9 listopada (sobota)<\/strong> \u2013 dor\u0119czenia w ramach us\u0142ugi InPost Paczka w Weekend.&nbsp;<\/li>\n<\/ul>\n\n\n\n<ul class=\"wp-block-list\">\n<li><strong>11 listopada (poniedzia\u0142ek)<\/strong> \u2013 dzie\u0144 wolny.&nbsp;<\/li>\n<\/ul>\n\n\n\n<ul class=\"wp-block-list\">\n<li><strong>Pozosta\u0142e dni<\/strong> \u2013 standardowy tryb pracy.&nbsp;<\/li>\n<\/ul>\n\n\n<h2 class=\"wp-block-heading\" id=\"h-poczta-polska\">Poczta Polska <\/h2>\n\n\n<ul class=\"wp-block-list\">\n<li><strong>11 listopada (poniedzia\u0142ek)<\/strong> \u2013 dzie\u0144 wolny.&nbsp;<\/li>\n<\/ul>\n\n\n\n<ul class=\"wp-block-list\">\n<li><strong>Pozosta\u0142e dni<\/strong> \u2013 standardowy tryb pracy.&nbsp;<\/li>\n<\/ul>\n\n\n<h2 class=\"wp-block-heading\" id=\"h-poczta-polska-palety\">Poczta Polska Palety <\/h2>\n\n\n<ul class=\"wp-block-list\">\n<li><strong>11 listopada (poniedzia\u0142ek)<\/strong> \u2013 dzie\u0144 wolny.&nbsp;<\/li>\n<\/ul>\n\n\n\n<ul class=\"wp-block-list\">\n<li><strong>Pozosta\u0142e dni<\/strong> \u2013 standardowy tryb pracy.&nbsp;<\/li>\n<\/ul>\n\n\n<h2 class=\"wp-block-heading\" id=\"h-dpd\">DPD <\/h2>\n\n\n<p>Paczki nadane 8 listopada b\u0119d\u0105 w dor\u0119czeniu 12 listopada &#8211; z wyj\u0105tkiem paczek z zastrze\u017ceniem dostawy na sobot\u0119 9 listopada.&nbsp;<\/p>\n\n\n\n<ul class=\"wp-block-list\">\n<li><strong>8 listopada (pi\u0105tek)- <\/strong>paczki nadane tego dnia b\u0119d\u0105 w dor\u0119czeniu 12 listopada.&nbsp;<\/li>\n<\/ul>\n\n\n\n<ul class=\"wp-block-list\">\n<li><strong>9 listopada (sobota)<\/strong> \u2013 dor\u0119czenia w ramach us\u0142ugi dostawa w sobot\u0119.&nbsp;<\/li>\n<\/ul>\n\n\n\n<ul class=\"wp-block-list\">\n<li><strong>11 listopada (poniedzia\u0142ek)<\/strong> \u2013 dzie\u0144 wolny.&nbsp;<\/li>\n<\/ul>\n\n\n\n<ul class=\"wp-block-list\">\n<li><strong>Pozosta\u0142e dni<\/strong> \u2013 standardowy tryb pracy.&nbsp;<\/li>\n<\/ul>\n\n\n<h2 class=\"wp-block-heading\" id=\"h-gls\">GLS <\/h2>\n\n\n<ul class=\"wp-block-list\">\n<li><strong>8 listopada (pi\u0105tek)- <\/strong>paczki nadane tego dnia b\u0119d\u0105 w dor\u0119czeniu 12 listopada.&nbsp;<\/li>\n<\/ul>\n\n\n\n<ul class=\"wp-block-list\">\n<li><strong>11 listopada (poniedzia\u0142ek)<\/strong> \u2013 dzie\u0144 wolny.&nbsp;<\/li>\n<\/ul>\n\n\n\n<ul class=\"wp-block-list\">\n<li><strong>Pozosta\u0142e dni<\/strong> \u2013 standardowy tryb pracy.&nbsp;<\/li>\n<\/ul>\n\n\n<h2 class=\"wp-block-heading\" id=\"h-ups\">UPS <\/h2>\n\n\n<ul class=\"wp-block-list\">\n<li><strong>8 listopada (pi\u0105tek)- <\/strong>paczki nadane tego dnia b\u0119d\u0105 w dor\u0119czeniu 12 listopada.&nbsp;<\/li>\n<\/ul>\n\n\n\n<ul class=\"wp-block-list\">\n<li><strong>9 listopada (sobota)<\/strong> \u2013 dor\u0119czenia w ramach us\u0142ugi dostawa w sobot\u0119.&nbsp;<\/li>\n<\/ul>\n\n\n\n<ul class=\"wp-block-list\">\n<li><strong>11 listopada (poniedzia\u0142ek)<\/strong> \u2013 dzie\u0144 wolny.&nbsp;<\/li>\n<\/ul>\n\n\n\n<ul class=\"wp-block-list\">\n<li><strong>Pozosta\u0142e dni<\/strong> \u2013 standardowy tryb pracy.&nbsp;<\/li>\n<\/ul>\n\n\n<h2 class=\"wp-block-heading\" id=\"h-geodis\">GEODIS <\/h2>\n\n\n<ul class=\"wp-block-list\">\n<li><strong>8 listopada (pi\u0105tek)- <\/strong>paczki nadane tego dnia b\u0119d\u0105 w dor\u0119czeniu 12 listopada.&nbsp;<\/li>\n<\/ul>\n\n\n\n<ul class=\"wp-block-list\">\n<li><strong>11 listopada (poniedzia\u0142ek)<\/strong> \u2013 dzie\u0144 wolny.&nbsp;<\/li>\n<\/ul>\n\n\n\n<ul class=\"wp-block-list\">\n<li><strong>Pozosta\u0142e dni<\/strong> \u2013 standardowy tryb pracy.&nbsp;<\/li>\n<\/ul>\n\n\n<h2 class=\"wp-block-heading\" id=\"h-ambro\">Ambro <\/h2>\n\n\n<ul class=\"wp-block-list\">\n<li><strong>8 listopada (pi\u0105tek)- <\/strong>paczki nadane tego dnia b\u0119d\u0105 w dor\u0119czeniu 12 listopada.&nbsp;<\/li>\n<\/ul>\n\n\n\n<ul class=\"wp-block-list\">\n<li><strong>11 listopada (poniedzia\u0142ek)<\/strong> \u2013 dzie\u0144 wolny.&nbsp;<\/li>\n<\/ul>\n\n\n\n<ul class=\"wp-block-list\">\n<li><strong>Pozosta\u0142e dni<\/strong> \u2013 standardowy tryb pracy.&nbsp;<\/li>\n<\/ul>\n\n\n<h2 class=\"wp-block-heading\" id=\"h-dhl\">DHL <\/h2>\n\n\n<ul class=\"wp-block-list\">\n<li><strong>8 listopada (pi\u0105tek)- <\/strong>paczki nadane tego dnia b\u0119d\u0105 w dor\u0119czeniu 12 listopada.&nbsp;<\/li>\n<\/ul>\n\n\n\n<ul class=\"wp-block-list\">\n<li><strong>11 listopada (poniedzia\u0142ek)<\/strong> \u2013 dzie\u0144 wolny.&nbsp;<\/li>\n<\/ul>\n\n\n\n<ul class=\"wp-block-list\">\n<li><strong>Pozosta\u0142e dni<\/strong> \u2013 standardowy tryb pracy.&nbsp;<\/li>\n<\/ul>\n\n\n<h2 class=\"wp-block-heading\" id=\"h-fedex\">FedEx <\/h2>\n\n\n<ul class=\"wp-block-list\">\n<li><strong>8 listopada (pi\u0105tek)- <\/strong>paczki nadane tego dnia b\u0119d\u0105 w dor\u0119czeniu 12 listopada.&nbsp;<\/li>\n<\/ul>\n\n\n\n<ul class=\"wp-block-list\">\n<li><strong>11 listopada (poniedzia\u0142ek)<\/strong> \u2013 dzie\u0144 wolny.&nbsp;<\/li>\n<\/ul>\n\n\n\n<ul class=\"wp-block-list\">\n<li><strong>Pozosta\u0142e dni<\/strong> \u2013 standardowy tryb pracy.&nbsp;<\/li>\n<\/ul>\n\n\n<h2 class=\"wp-block-heading\" id=\"h-hellmann-zagranica\">Hellmann zagranica <\/h2>\n\n\n<ul class=\"wp-block-list\">\n<li><strong>11 listopada (poniedzia\u0142ek)<\/strong> \u2013 dzie\u0144 wolny.&nbsp;<\/li>\n<\/ul>\n\n\n\n<ul class=\"wp-block-list\">\n<li><strong>Pozosta\u0142e dni<\/strong> \u2013 standardowy tryb pracy.&nbsp;<\/li>\n<\/ul>\n\n\n<h2 class=\"wp-block-heading\" id=\"h-orlen\">Orlen <\/h2>\n\n\n<ul class=\"wp-block-list\">\n<li><strong>11 listopada (poniedzia\u0142ek)<\/strong> \u2013 dzie\u0144 wolny.&nbsp;<\/li>\n<\/ul>\n\n\n\n<ul class=\"wp-block-list\">\n<li><strong>Pozosta\u0142e dni<\/strong> \u2013 standardowy tryb pracy.&nbsp;<\/li>\n<\/ul>\n\n\n<h2 class=\"wp-block-heading\" id=\"h-rhenus\">Rhenus <\/h2>\n\n\n<p>Dostawy mog\u0105 ulec wyd\u0142u\u017ceniu ze wzgl\u0119du na ograniczenia w ruchu ci\u0119\u017car\u00f3wek (liniowych) w dniach bezpo\u015brednio przez i po dniu ustawowo wolnym&nbsp;<\/p>\n\n\n\n<ul class=\"wp-block-list\">\n<li><strong>11 listopada (poniedzia\u0142ek)<\/strong> \u2013 dzie\u0144 wolny.&nbsp;<\/li>\n<\/ul>\n\n\n\n<ul class=\"wp-block-list\">\n<li><strong>Pozosta\u0142e dni<\/strong> \u2013 standardowy tryb pracy.&nbsp;<\/li>\n<\/ul>\n\n\n<h2 class=\"wp-block-heading\" id=\"h-geis-kraj\">GEIS Kraj <\/h2>\n\n\n<ul class=\"wp-block-list\">\n<li><strong>11 listopada (poniedzia\u0142ek)<\/strong> \u2013 dzie\u0144 wolny.&nbsp;<\/li>\n<\/ul>\n\n\n\n<ul class=\"wp-block-list\">\n<li><strong>Pozosta\u0142e dni<\/strong> \u2013 standardowy tryb pracy.&nbsp;<\/li>\n<\/ul>\n\n\n<h2 class=\"wp-block-heading\" id=\"h-geis-zagranica\">GEIS Zagranica <\/h2>\n\n\n<ul class=\"wp-block-list\">\n<li><strong>11 listopada (poniedzia\u0142ek)<\/strong> \u2013 dzie\u0144 wolny.&nbsp;<\/li>\n<\/ul>\n\n\n\n<ul class=\"wp-block-list\">\n<li><strong>Pozosta\u0142e dni<\/strong> \u2013 standardowy tryb pracy.&nbsp;<\/li>\n<\/ul>\n\n\n<h2 class=\"wp-block-heading\" id=\"h-raben\">Raben <\/h2>\n\n\n<ul class=\"wp-block-list\">\n<li><strong>11 listopada (poniedzia\u0142ek)<\/strong> \u2013 dzie\u0144 wolny.&nbsp;<\/li>\n<\/ul>\n\n\n\n<ul class=\"wp-block-list\">\n<li><strong>Pozosta\u0142e dni<\/strong> \u2013 standardowy tryb pracy.&nbsp;<\/li>\n<\/ul>\n","protected":false},"excerpt":{"rendered":"<p>11 listopada jest to dzie\u0144 ustawowo wolny od pracy, kt\u00f3ry w tym roku wypada w poniedzia\u0142ek. W zwi\u0105zku z tym wszystkie firmy w ten dzie\u0144 nie pracuj\u0105. <\/p>\n","protected":false},"author":10,"featured_media":22257,"template":"","meta":{"_acf_changed":false,"footnotes":""},"news_category":[906],"news_tag":[],"class_list":["post-31024","news","type-news","status-publish","has-post-thumbnail","hentry","news_category-oferta"],"acf":[],"yoast_head":"<!-- This site is optimized with the Yoast SEO Premium plugin v27.3 (Yoast SEO v27.3) - https:\/\/yoast.com\/product\/yoast-seo-premium-wordpress\/ -->\n<title>Sprawd\u017a, jak przewo\u017anicy pracuj\u0105 w dniu 11.11.2024 r.\u00a0 - Apaczka<\/title>\n<meta name=\"robots\" content=\"noindex, follow\" \/>\n<meta property=\"og:locale\" content=\"en_US\" \/>\n<meta property=\"og:type\" content=\"article\" \/>\n<meta property=\"og:title\" content=\"Sprawd\u017a, jak przewo\u017anicy pracuj\u0105 w dniu 11.11.2024 r.\u00a0\" \/>\n<meta property=\"og:description\" content=\"11 listopada jest to dzie\u0144 ustawowo wolny od pracy, kt\u00f3ry w tym roku wypada w poniedzia\u0142ek. W zwi\u0105zku z tym wszystkie firmy w ten dzie\u0144 nie pracuj\u0105.\" \/>\n<meta property=\"og:url\" content=\"https:\/\/www.apaczka.pl\/en\/aktualnosci\/sprawdz-jak-przewoznicy-pracuja-w-dniu-11-11-2024-r\/\" \/>\n<meta property=\"og:site_name\" content=\"Apaczka\" \/>\n<meta property=\"article:publisher\" content=\"https:\/\/www.facebook.com\/ApaczkaPL\/\" \/>\n<meta property=\"article:modified_time\" content=\"2024-11-08T13:34:28+00:00\" \/>\n<meta property=\"og:image\" content=\"https:\/\/www.apaczka.pl\/app\/uploads\/2023\/11\/praca_kurierow_apaczka-1.webp\" \/>\n\t<meta property=\"og:image:width\" content=\"1070\" \/>\n\t<meta property=\"og:image:height\" content=\"456\" \/>\n\t<meta property=\"og:image:type\" content=\"image\/webp\" \/>\n<meta name=\"twitter:card\" content=\"summary_large_image\" \/>\n<meta name=\"twitter:label1\" content=\"Est. reading time\" \/>\n\t<meta name=\"twitter:data1\" content=\"2 minutes\" \/>\n<script type=\"application\/ld+json\" class=\"yoast-schema-graph\">{\"@context\":\"https:\\\/\\\/schema.org\",\"@graph\":[{\"@type\":\"NewsArticle\",\"@id\":\"https:\\\/\\\/www.apaczka.pl\\\/en\\\/aktualnosci\\\/sprawdz-jak-przewoznicy-pracuja-w-dniu-11-11-2024-r\\\/#article\",\"isPartOf\":{\"@id\":\"https:\\\/\\\/www.apaczka.pl\\\/en\\\/aktualnosci\\\/sprawdz-jak-przewoznicy-pracuja-w-dniu-11-11-2024-r\\\/\"},\"author\":{\"name\":\"Barbara Bochenek\",\"@id\":\"https:\\\/\\\/www.apaczka.pl\\\/en\\\/#\\\/schema\\\/person\\\/dc9cd6f6196e657b1a062d0c3022d716\"},\"headline\":\"Sprawd\u017a, jak przewo\u017anicy pracuj\u0105 w dniu 11.11.2024 r.\u00a0\",\"datePublished\":\"2024-11-08T13:30:07+00:00\",\"dateModified\":\"2024-11-08T13:34:28+00:00\",\"mainEntityOfPage\":{\"@id\":\"https:\\\/\\\/www.apaczka.pl\\\/en\\\/aktualnosci\\\/sprawdz-jak-przewoznicy-pracuja-w-dniu-11-11-2024-r\\\/\"},\"wordCount\":481,\"publisher\":{\"@id\":\"https:\\\/\\\/www.apaczka.pl\\\/en\\\/#organization\"},\"image\":{\"@id\":\"https:\\\/\\\/www.apaczka.pl\\\/en\\\/aktualnosci\\\/sprawdz-jak-przewoznicy-pracuja-w-dniu-11-11-2024-r\\\/#primaryimage\"},\"thumbnailUrl\":\"https:\\\/\\\/www.apaczka.pl\\\/app\\\/uploads\\\/2023\\\/11\\\/praca_kurierow_apaczka-1.webp\",\"inLanguage\":\"en-US\"},{\"@type\":\"WebPage\",\"@id\":\"https:\\\/\\\/www.apaczka.pl\\\/en\\\/aktualnosci\\\/sprawdz-jak-przewoznicy-pracuja-w-dniu-11-11-2024-r\\\/\",\"url\":\"https:\\\/\\\/www.apaczka.pl\\\/en\\\/aktualnosci\\\/sprawdz-jak-przewoznicy-pracuja-w-dniu-11-11-2024-r\\\/\",\"name\":\"Sprawd\u017a, jak przewo\u017anicy pracuj\u0105 w dniu 11.11.2024 r.\u00a0 - Apaczka\",\"isPartOf\":{\"@id\":\"https:\\\/\\\/www.apaczka.pl\\\/en\\\/#website\"},\"primaryImageOfPage\":{\"@id\":\"https:\\\/\\\/www.apaczka.pl\\\/en\\\/aktualnosci\\\/sprawdz-jak-przewoznicy-pracuja-w-dniu-11-11-2024-r\\\/#primaryimage\"},\"image\":{\"@id\":\"https:\\\/\\\/www.apaczka.pl\\\/en\\\/aktualnosci\\\/sprawdz-jak-przewoznicy-pracuja-w-dniu-11-11-2024-r\\\/#primaryimage\"},\"thumbnailUrl\":\"https:\\\/\\\/www.apaczka.pl\\\/app\\\/uploads\\\/2023\\\/11\\\/praca_kurierow_apaczka-1.webp\",\"datePublished\":\"2024-11-08T13:30:07+00:00\",\"dateModified\":\"2024-11-08T13:34:28+00:00\",\"breadcrumb\":{\"@id\":\"https:\\\/\\\/www.apaczka.pl\\\/en\\\/aktualnosci\\\/sprawdz-jak-przewoznicy-pracuja-w-dniu-11-11-2024-r\\\/#breadcrumb\"},\"inLanguage\":\"en-US\",\"potentialAction\":[{\"@type\":\"ReadAction\",\"target\":[\"https:\\\/\\\/www.apaczka.pl\\\/en\\\/aktualnosci\\\/sprawdz-jak-przewoznicy-pracuja-w-dniu-11-11-2024-r\\\/\"]}]},{\"@type\":\"ImageObject\",\"inLanguage\":\"en-US\",\"@id\":\"https:\\\/\\\/www.apaczka.pl\\\/en\\\/aktualnosci\\\/sprawdz-jak-przewoznicy-pracuja-w-dniu-11-11-2024-r\\\/#primaryimage\",\"url\":\"https:\\\/\\\/www.apaczka.pl\\\/app\\\/uploads\\\/2023\\\/11\\\/praca_kurierow_apaczka-1.webp\",\"contentUrl\":\"https:\\\/\\\/www.apaczka.pl\\\/app\\\/uploads\\\/2023\\\/11\\\/praca_kurierow_apaczka-1.webp\",\"width\":1070,\"height\":456,\"caption\":\"harmonogram pracy\"},{\"@type\":\"BreadcrumbList\",\"@id\":\"https:\\\/\\\/www.apaczka.pl\\\/en\\\/aktualnosci\\\/sprawdz-jak-przewoznicy-pracuja-w-dniu-11-11-2024-r\\\/#breadcrumb\",\"itemListElement\":[{\"@type\":\"ListItem\",\"position\":1,\"name\":\"Apaczka\",\"item\":\"https:\\\/\\\/www.apaczka.pl\\\/en\\\/\"},{\"@type\":\"ListItem\",\"position\":2,\"name\":\"Aktualno\u015bci\",\"item\":\"https:\\\/\\\/www.apaczka.pl\\\/en\\\/aktualnosci\\\/\"},{\"@type\":\"ListItem\",\"position\":3,\"name\":\"Oferta\",\"item\":\"https:\\\/\\\/www.apaczka.pl\\\/en\\\/aktualnosci\\\/category\\\/oferta\\\/\"},{\"@type\":\"ListItem\",\"position\":4,\"name\":\"Sprawd\u017a, jak przewo\u017anicy pracuj\u0105 w dniu 11.11.2024 r.\u00a0\"}]},{\"@type\":\"WebSite\",\"@id\":\"https:\\\/\\\/www.apaczka.pl\\\/en\\\/#website\",\"url\":\"https:\\\/\\\/www.apaczka.pl\\\/en\\\/\",\"name\":\"Apaczka\",\"description\":\"Rozwi\u0105zania do zarz\u0105dzania procesami wysy\u0142kowymi dla firm\",\"publisher\":{\"@id\":\"https:\\\/\\\/www.apaczka.pl\\\/en\\\/#organization\"},\"potentialAction\":[{\"@type\":\"SearchAction\",\"target\":{\"@type\":\"EntryPoint\",\"urlTemplate\":\"https:\\\/\\\/www.apaczka.pl\\\/en\\\/?s={search_term_string}\"},\"query-input\":{\"@type\":\"PropertyValueSpecification\",\"valueRequired\":true,\"valueName\":\"search_term_string\"}}],\"inLanguage\":\"en-US\"},{\"@type\":\"Organization\",\"@id\":\"https:\\\/\\\/www.apaczka.pl\\\/en\\\/#organization\",\"name\":\"Apaczka\",\"url\":\"https:\\\/\\\/www.apaczka.pl\\\/en\\\/\",\"logo\":{\"@type\":\"ImageObject\",\"inLanguage\":\"en-US\",\"@id\":\"https:\\\/\\\/www.apaczka.pl\\\/en\\\/#\\\/schema\\\/logo\\\/image\\\/\",\"url\":\"https:\\\/\\\/www.apaczka.pl\\\/app\\\/uploads\\\/2024\\\/05\\\/cropped-Apaczka-Full-Logotype-Full-Color.png\",\"contentUrl\":\"https:\\\/\\\/www.apaczka.pl\\\/app\\\/uploads\\\/2024\\\/05\\\/cropped-Apaczka-Full-Logotype-Full-Color.png\",\"width\":1337,\"height\":405,\"caption\":\"Apaczka\"},\"image\":{\"@id\":\"https:\\\/\\\/www.apaczka.pl\\\/en\\\/#\\\/schema\\\/logo\\\/image\\\/\"},\"sameAs\":[\"https:\\\/\\\/www.facebook.com\\\/ApaczkaPL\\\/\",\"https:\\\/\\\/www.linkedin.com\\\/company\\\/apaczka-alsendo-sp-z-o-o\\\/\",\"https:\\\/\\\/www.youtube.com\\\/@apaczka-by-alsendo\",\"https:\\\/\\\/g.co\\\/kgs\\\/Ztnp4yQ\",\"https:\\\/\\\/maps.app.goo.gl\\\/iUwRn8EGrQJAk4LB9\",\"https:\\\/\\\/www.trustpilot.com\\\/review\\\/www.apaczka.pl\",\"https:\\\/\\\/www.crunchbase.com\\\/organization\\\/apaczka\",\"https:\\\/\\\/www.ekomi-pl.com\\\/opinie-apaczka.html\",\"https:\\\/\\\/www.wikidata.org\\\/wiki\\\/Q135189453\"],\"description\":\"Apaczka.pl to platforma technologiczna do zarz\u0105dzania wysy\u0142kami i dostawami dla firm. Jeste\u015bmy sprawdzonym partnerem w zakresie proces\u00f3w wysy\u0142kowych dzia\u0142aj\u0105cym od ponad 15 lat na rynku. Integrujemy szeroki wachlarz us\u0142ug kurierskich oraz dedykowanych us\u0142ug w\u0142asnych skierowanych do wszystkich przedsi\u0119biorc\u00f3w, tak\u017ce tych, kt\u00f3rzy dopiero zaczynaj\u0105 swoj\u0105 dzia\u0142alno\u015b\u0107. Oferowane przez nas rozwi\u0105zania s\u0105 wykorzystywane przez firmy z bran\u017cy e-commerce, du\u017ce podmioty typu marketplace, ale r\u00f3wnie\u017c niewielkie firmy nadaj\u0105ce kilkana\u015bcie przesy\u0142ek miesi\u0119cznie. Konsekwentnie wspieramy firmy w rozwoju ich biznesu, udost\u0119pniaj\u0105c bez \u017cadnych op\u0142at gotowe narz\u0119dzia u\u0142atwiaj\u0105ce codzienn\u0105 logistyk\u0119. Nasi Klienci wysy\u0142aj\u0105 ponad 2,5 miliona przesy\u0142ek ka\u017cdego miesi\u0105ca korzystaj\u0105c z naszych unikalnych technologii. Nasze mocne strony: - Mo\u017cliwo\u015b\u0107 por\u00f3wnania ofert wiod\u0105cych firm kurierskich w Polsce i na \u015bwiecie: DHL, UPS, DPD, Fedex, Poczta Polska, Geis, InPost, GLS, Ambro, Hellmann i wielu innych, - Mo\u017cliwo\u015b\u0107 indywidualnego negocjowania stawek w zale\u017cno\u015bci od ilo\u015bci przesy\u0142ek i ich rodzaju (palety, p\u00f3\u0142palety, przesy\u0142ki krajowe, mi\u0119dzynarodowe), - Jedna, prosta integracja API z wieloma platformami e-commerce, marketplace i systemami ERP, WMS., daj\u0105ca dost\u0119p do ca\u0142ej naszej oferty kurierskiej, - Mo\u017cliwo\u015b\u0107 automatyzacji i optymalizacji proces\u00f3w wysy\u0142kowych, -Indywidualny Opiekun Handlowy zapewniaj\u0105cy wsparcie merytoryczne z zakresu rozwi\u0105za\u0144 kurierskich w zale\u017cno\u015bci od bran\u017cy Klienta, rodzaju przesy\u0142ek i metod dostawy, - Bezp\u0142atne integracje z 50 platformami sklepowymi, mo\u017cliwo\u015b\u0107 import\u00f3w (w tym Allegro) oraz wsparcie dzia\u0142u IT, -Personalizacja komunikacji z odbiorcami przesy\u0142ek na etapie post-checkout, modu\u0142 zwrot\u00f3w i analityka danych logistycznych, -Brak minim\u00f3w wysy\u0142kowych i wygodne formy rozlicze\u0144. Apaczka.pl: por\u00f3wnuj ceny kurier\u00f3w, automatyzuj procesy wysy\u0142kowe.\",\"legalName\":\"Alsendo sp. z o.o.\",\"foundingDate\":\"2009-08-17\",\"vatID\":\"PL8971840043\",\"taxID\":\"367328934\",\"numberOfEmployees\":{\"@type\":\"QuantitativeValue\",\"minValue\":\"51\",\"maxValue\":\"200\"}},{\"@type\":\"Person\",\"@id\":\"https:\\\/\\\/www.apaczka.pl\\\/en\\\/#\\\/schema\\\/person\\\/dc9cd6f6196e657b1a062d0c3022d716\",\"name\":\"Barbara Bochenek\",\"image\":{\"@type\":\"ImageObject\",\"inLanguage\":\"en-US\",\"@id\":\"https:\\\/\\\/www.apaczka.pl\\\/app\\\/uploads\\\/2025\\\/04\\\/cropped-Barbara-Bochenek-96x96.jpg\",\"url\":\"https:\\\/\\\/www.apaczka.pl\\\/app\\\/uploads\\\/2025\\\/04\\\/cropped-Barbara-Bochenek-96x96.jpg\",\"contentUrl\":\"https:\\\/\\\/www.apaczka.pl\\\/app\\\/uploads\\\/2025\\\/04\\\/cropped-Barbara-Bochenek-96x96.jpg\",\"caption\":\"Barbara Bochenek\"},\"description\":\"Pomagam firmom sprawniej zarz\u0105dza\u0107 wysy\u0142k\u0105 i budowa\u0107 przewag\u0119 w logistyce dzi\u0119ki trafnej komunikacji i rzetelnym tre\u015bciom. Jako specjalistka ds. komunikacji i content marketingu z pasj\u0105 do innowacji logistycznych tworz\u0119 artyku\u0142y, e-booki, materia\u0142y edukacyjne i case studies, kt\u00f3re pokazuj\u0105, jak rozwi\u0105zania Apaczka usprawniaj\u0105 procesy i wspieraj\u0105 rozw\u00f3j biznesu. W pracy stawiam na jasny przekaz, konkretne dane i tre\u015bci, kt\u00f3re realnie u\u0142atwiaj\u0105 klientom podejmowanie decyzji.\",\"sameAs\":[\"https:\\\/\\\/www.linkedin.com\\\/in\\\/barbarabochenek\\\/\"],\"jobTitle\":\"Junior Content & Social Media Manager\",\"url\":\"https:\\\/\\\/www.apaczka.pl\\\/en\\\/blog\\\/author\\\/barbara-bochenek\\\/\"}]}<\/script>\n<!-- \/ Yoast SEO Premium plugin. -->","yoast_head_json":{"title":"Sprawd\u017a, jak przewo\u017anicy pracuj\u0105 w dniu 11.11.2024 r.\u00a0 - Apaczka","robots":{"index":"noindex","follow":"follow"},"og_locale":"en_US","og_type":"article","og_title":"Sprawd\u017a, jak przewo\u017anicy pracuj\u0105 w dniu 11.11.2024 r.\u00a0","og_description":"11 listopada jest to dzie\u0144 ustawowo wolny od pracy, kt\u00f3ry w tym roku wypada w poniedzia\u0142ek. W zwi\u0105zku z tym wszystkie firmy w ten dzie\u0144 nie pracuj\u0105.","og_url":"https:\/\/www.apaczka.pl\/en\/aktualnosci\/sprawdz-jak-przewoznicy-pracuja-w-dniu-11-11-2024-r\/","og_site_name":"Apaczka","article_publisher":"https:\/\/www.facebook.com\/ApaczkaPL\/","article_modified_time":"2024-11-08T13:34:28+00:00","og_image":[{"width":1070,"height":456,"url":"https:\/\/www.apaczka.pl\/app\/uploads\/2023\/11\/praca_kurierow_apaczka-1.webp","type":"image\/webp"}],"twitter_card":"summary_large_image","twitter_misc":{"Est. reading time":"2 minutes"},"schema":{"@context":"https:\/\/schema.org","@graph":[{"@type":"NewsArticle","@id":"https:\/\/www.apaczka.pl\/en\/aktualnosci\/sprawdz-jak-przewoznicy-pracuja-w-dniu-11-11-2024-r\/#article","isPartOf":{"@id":"https:\/\/www.apaczka.pl\/en\/aktualnosci\/sprawdz-jak-przewoznicy-pracuja-w-dniu-11-11-2024-r\/"},"author":{"name":"Barbara Bochenek","@id":"https:\/\/www.apaczka.pl\/en\/#\/schema\/person\/dc9cd6f6196e657b1a062d0c3022d716"},"headline":"Sprawd\u017a, jak przewo\u017anicy pracuj\u0105 w dniu 11.11.2024 r.\u00a0","datePublished":"2024-11-08T13:30:07+00:00","dateModified":"2024-11-08T13:34:28+00:00","mainEntityOfPage":{"@id":"https:\/\/www.apaczka.pl\/en\/aktualnosci\/sprawdz-jak-przewoznicy-pracuja-w-dniu-11-11-2024-r\/"},"wordCount":481,"publisher":{"@id":"https:\/\/www.apaczka.pl\/en\/#organization"},"image":{"@id":"https:\/\/www.apaczka.pl\/en\/aktualnosci\/sprawdz-jak-przewoznicy-pracuja-w-dniu-11-11-2024-r\/#primaryimage"},"thumbnailUrl":"https:\/\/www.apaczka.pl\/app\/uploads\/2023\/11\/praca_kurierow_apaczka-1.webp","inLanguage":"en-US"},{"@type":"WebPage","@id":"https:\/\/www.apaczka.pl\/en\/aktualnosci\/sprawdz-jak-przewoznicy-pracuja-w-dniu-11-11-2024-r\/","url":"https:\/\/www.apaczka.pl\/en\/aktualnosci\/sprawdz-jak-przewoznicy-pracuja-w-dniu-11-11-2024-r\/","name":"Sprawd\u017a, jak przewo\u017anicy pracuj\u0105 w dniu 11.11.2024 r.\u00a0 - Apaczka","isPartOf":{"@id":"https:\/\/www.apaczka.pl\/en\/#website"},"primaryImageOfPage":{"@id":"https:\/\/www.apaczka.pl\/en\/aktualnosci\/sprawdz-jak-przewoznicy-pracuja-w-dniu-11-11-2024-r\/#primaryimage"},"image":{"@id":"https:\/\/www.apaczka.pl\/en\/aktualnosci\/sprawdz-jak-przewoznicy-pracuja-w-dniu-11-11-2024-r\/#primaryimage"},"thumbnailUrl":"https:\/\/www.apaczka.pl\/app\/uploads\/2023\/11\/praca_kurierow_apaczka-1.webp","datePublished":"2024-11-08T13:30:07+00:00","dateModified":"2024-11-08T13:34:28+00:00","breadcrumb":{"@id":"https:\/\/www.apaczka.pl\/en\/aktualnosci\/sprawdz-jak-przewoznicy-pracuja-w-dniu-11-11-2024-r\/#breadcrumb"},"inLanguage":"en-US","potentialAction":[{"@type":"ReadAction","target":["https:\/\/www.apaczka.pl\/en\/aktualnosci\/sprawdz-jak-przewoznicy-pracuja-w-dniu-11-11-2024-r\/"]}]},{"@type":"ImageObject","inLanguage":"en-US","@id":"https:\/\/www.apaczka.pl\/en\/aktualnosci\/sprawdz-jak-przewoznicy-pracuja-w-dniu-11-11-2024-r\/#primaryimage","url":"https:\/\/www.apaczka.pl\/app\/uploads\/2023\/11\/praca_kurierow_apaczka-1.webp","contentUrl":"https:\/\/www.apaczka.pl\/app\/uploads\/2023\/11\/praca_kurierow_apaczka-1.webp","width":1070,"height":456,"caption":"harmonogram pracy"},{"@type":"BreadcrumbList","@id":"https:\/\/www.apaczka.pl\/en\/aktualnosci\/sprawdz-jak-przewoznicy-pracuja-w-dniu-11-11-2024-r\/#breadcrumb","itemListElement":[{"@type":"ListItem","position":1,"name":"Apaczka","item":"https:\/\/www.apaczka.pl\/en\/"},{"@type":"ListItem","position":2,"name":"Aktualno\u015bci","item":"https:\/\/www.apaczka.pl\/en\/aktualnosci\/"},{"@type":"ListItem","position":3,"name":"Oferta","item":"https:\/\/www.apaczka.pl\/en\/aktualnosci\/category\/oferta\/"},{"@type":"ListItem","position":4,"name":"Sprawd\u017a, jak przewo\u017anicy pracuj\u0105 w dniu 11.11.2024 r.\u00a0"}]},{"@type":"WebSite","@id":"https:\/\/www.apaczka.pl\/en\/#website","url":"https:\/\/www.apaczka.pl\/en\/","name":"Apaczka","description":"Rozwi\u0105zania do zarz\u0105dzania procesami wysy\u0142kowymi dla firm","publisher":{"@id":"https:\/\/www.apaczka.pl\/en\/#organization"},"potentialAction":[{"@type":"SearchAction","target":{"@type":"EntryPoint","urlTemplate":"https:\/\/www.apaczka.pl\/en\/?s={search_term_string}"},"query-input":{"@type":"PropertyValueSpecification","valueRequired":true,"valueName":"search_term_string"}}],"inLanguage":"en-US"},{"@type":"Organization","@id":"https:\/\/www.apaczka.pl\/en\/#organization","name":"Apaczka","url":"https:\/\/www.apaczka.pl\/en\/","logo":{"@type":"ImageObject","inLanguage":"en-US","@id":"https:\/\/www.apaczka.pl\/en\/#\/schema\/logo\/image\/","url":"https:\/\/www.apaczka.pl\/app\/uploads\/2024\/05\/cropped-Apaczka-Full-Logotype-Full-Color.png","contentUrl":"https:\/\/www.apaczka.pl\/app\/uploads\/2024\/05\/cropped-Apaczka-Full-Logotype-Full-Color.png","width":1337,"height":405,"caption":"Apaczka"},"image":{"@id":"https:\/\/www.apaczka.pl\/en\/#\/schema\/logo\/image\/"},"sameAs":["https:\/\/www.facebook.com\/ApaczkaPL\/","https:\/\/www.linkedin.com\/company\/apaczka-alsendo-sp-z-o-o\/","https:\/\/www.youtube.com\/@apaczka-by-alsendo","https:\/\/g.co\/kgs\/Ztnp4yQ","https:\/\/maps.app.goo.gl\/iUwRn8EGrQJAk4LB9","https:\/\/www.trustpilot.com\/review\/www.apaczka.pl","https:\/\/www.crunchbase.com\/organization\/apaczka","https:\/\/www.ekomi-pl.com\/opinie-apaczka.html","https:\/\/www.wikidata.org\/wiki\/Q135189453"],"description":"Apaczka.pl to platforma technologiczna do zarz\u0105dzania wysy\u0142kami i dostawami dla firm. Jeste\u015bmy sprawdzonym partnerem w zakresie proces\u00f3w wysy\u0142kowych dzia\u0142aj\u0105cym od ponad 15 lat na rynku. Integrujemy szeroki wachlarz us\u0142ug kurierskich oraz dedykowanych us\u0142ug w\u0142asnych skierowanych do wszystkich przedsi\u0119biorc\u00f3w, tak\u017ce tych, kt\u00f3rzy dopiero zaczynaj\u0105 swoj\u0105 dzia\u0142alno\u015b\u0107. Oferowane przez nas rozwi\u0105zania s\u0105 wykorzystywane przez firmy z bran\u017cy e-commerce, du\u017ce podmioty typu marketplace, ale r\u00f3wnie\u017c niewielkie firmy nadaj\u0105ce kilkana\u015bcie przesy\u0142ek miesi\u0119cznie. Konsekwentnie wspieramy firmy w rozwoju ich biznesu, udost\u0119pniaj\u0105c bez \u017cadnych op\u0142at gotowe narz\u0119dzia u\u0142atwiaj\u0105ce codzienn\u0105 logistyk\u0119. Nasi Klienci wysy\u0142aj\u0105 ponad 2,5 miliona przesy\u0142ek ka\u017cdego miesi\u0105ca korzystaj\u0105c z naszych unikalnych technologii. Nasze mocne strony: - Mo\u017cliwo\u015b\u0107 por\u00f3wnania ofert wiod\u0105cych firm kurierskich w Polsce i na \u015bwiecie: DHL, UPS, DPD, Fedex, Poczta Polska, Geis, InPost, GLS, Ambro, Hellmann i wielu innych, - Mo\u017cliwo\u015b\u0107 indywidualnego negocjowania stawek w zale\u017cno\u015bci od ilo\u015bci przesy\u0142ek i ich rodzaju (palety, p\u00f3\u0142palety, przesy\u0142ki krajowe, mi\u0119dzynarodowe), - Jedna, prosta integracja API z wieloma platformami e-commerce, marketplace i systemami ERP, WMS., daj\u0105ca dost\u0119p do ca\u0142ej naszej oferty kurierskiej, - Mo\u017cliwo\u015b\u0107 automatyzacji i optymalizacji proces\u00f3w wysy\u0142kowych, -Indywidualny Opiekun Handlowy zapewniaj\u0105cy wsparcie merytoryczne z zakresu rozwi\u0105za\u0144 kurierskich w zale\u017cno\u015bci od bran\u017cy Klienta, rodzaju przesy\u0142ek i metod dostawy, - Bezp\u0142atne integracje z 50 platformami sklepowymi, mo\u017cliwo\u015b\u0107 import\u00f3w (w tym Allegro) oraz wsparcie dzia\u0142u IT, -Personalizacja komunikacji z odbiorcami przesy\u0142ek na etapie post-checkout, modu\u0142 zwrot\u00f3w i analityka danych logistycznych, -Brak minim\u00f3w wysy\u0142kowych i wygodne formy rozlicze\u0144. Apaczka.pl: por\u00f3wnuj ceny kurier\u00f3w, automatyzuj procesy wysy\u0142kowe.","legalName":"Alsendo sp. z o.o.","foundingDate":"2009-08-17","vatID":"PL8971840043","taxID":"367328934","numberOfEmployees":{"@type":"QuantitativeValue","minValue":"51","maxValue":"200"}},{"@type":"Person","@id":"https:\/\/www.apaczka.pl\/en\/#\/schema\/person\/dc9cd6f6196e657b1a062d0c3022d716","name":"Barbara Bochenek","image":{"@type":"ImageObject","inLanguage":"en-US","@id":"https:\/\/www.apaczka.pl\/app\/uploads\/2025\/04\/cropped-Barbara-Bochenek-96x96.jpg","url":"https:\/\/www.apaczka.pl\/app\/uploads\/2025\/04\/cropped-Barbara-Bochenek-96x96.jpg","contentUrl":"https:\/\/www.apaczka.pl\/app\/uploads\/2025\/04\/cropped-Barbara-Bochenek-96x96.jpg","caption":"Barbara Bochenek"},"description":"Pomagam firmom sprawniej zarz\u0105dza\u0107 wysy\u0142k\u0105 i budowa\u0107 przewag\u0119 w logistyce dzi\u0119ki trafnej komunikacji i rzetelnym tre\u015bciom. Jako specjalistka ds. komunikacji i content marketingu z pasj\u0105 do innowacji logistycznych tworz\u0119 artyku\u0142y, e-booki, materia\u0142y edukacyjne i case studies, kt\u00f3re pokazuj\u0105, jak rozwi\u0105zania Apaczka usprawniaj\u0105 procesy i wspieraj\u0105 rozw\u00f3j biznesu. W pracy stawiam na jasny przekaz, konkretne dane i tre\u015bci, kt\u00f3re realnie u\u0142atwiaj\u0105 klientom podejmowanie decyzji.","sameAs":["https:\/\/www.linkedin.com\/in\/barbarabochenek\/"],"jobTitle":"Junior Content & Social Media Manager","url":"https:\/\/www.apaczka.pl\/en\/blog\/author\/barbara-bochenek\/"}]}},"_links":{"self":[{"href":"https:\/\/www.apaczka.pl\/en\/wp-json\/wp\/v2\/news\/31024","targetHints":{"allow":["GET"]}}],"collection":[{"href":"https:\/\/www.apaczka.pl\/en\/wp-json\/wp\/v2\/news"}],"about":[{"href":"https:\/\/www.apaczka.pl\/en\/wp-json\/wp\/v2\/types\/news"}],"author":[{"embeddable":true,"href":"https:\/\/www.apaczka.pl\/en\/wp-json\/wp\/v2\/users\/10"}],"version-history":[{"count":6,"href":"https:\/\/www.apaczka.pl\/en\/wp-json\/wp\/v2\/news\/31024\/revisions"}],"predecessor-version":[{"id":31029,"href":"https:\/\/www.apaczka.pl\/en\/wp-json\/wp\/v2\/news\/31024\/revisions\/31029"}],"wp:featuredmedia":[{"embeddable":true,"href":"https:\/\/www.apaczka.pl\/en\/wp-json\/wp\/v2\/media\/22257"}],"wp:attachment":[{"href":"https:\/\/www.apaczka.pl\/en\/wp-json\/wp\/v2\/media?parent=31024"}],"wp:term":[{"taxonomy":"news_category","embeddable":true,"href":"https:\/\/www.apaczka.pl\/en\/wp-json\/wp\/v2\/news_category?post=31024"},{"taxonomy":"news_tag","embeddable":true,"href":"https:\/\/www.apaczka.pl\/en\/wp-json\/wp\/v2\/news_tag?post=31024"}],"curies":[{"name":"wp","href":"https:\/\/api.w.org\/{rel}","templated":true}]}}