{"id":26815,"date":"2024-07-23T12:01:42","date_gmt":"2024-07-23T12:01:42","guid":{"rendered":"https:\/\/www.apaczka.pl\/?post_type=news&#038;p=26815"},"modified":"2024-07-24T10:17:10","modified_gmt":"2024-07-24T10:17:10","slug":"dpd-kurier-europa-nowe-nizsze-ceny-na-przesylki-miedzynarodowe","status":"publish","type":"news","link":"https:\/\/www.apaczka.pl\/en\/aktualnosci\/dpd-kurier-europa-nowe-nizsze-ceny-na-przesylki-miedzynarodowe\/","title":{"rendered":"DPD Kurier Europa- Nowe ni\u017csze ceny na przesy\u0142ki mi\u0119dzynarodowe!\u00a0"},"content":{"rendered":"\n<p><\/p>\n\n\n<h3 class=\"wp-block-heading\" id=\"h-sprawdzcie-sami-tak-tanio-jeszcze-nie-bylo\">Sprawd\u017acie sami, tak tanio jeszcze nie by\u0142o!\u00a0\u00a0<\/h3>\n\n\n<div class=\"wp-block-columns is-layout-flex wp-container-core-columns-is-layout-9d6595d7 wp-block-columns-is-layout-flex\">\n<div class=\"wp-block-column is-layout-flow wp-block-column-is-layout-flow\" style=\"flex-basis:100%\">\n<figure class=\"wp-block-table\"><table><tbody><tr><td><strong>Kraj<\/strong>&nbsp;<\/td><td><strong>Stara cena<\/strong>&nbsp;<\/td><td><strong>Nowa cena<\/strong>&nbsp;<\/td><td><strong>Zyskujesz<\/strong>&nbsp;<\/td><\/tr><tr><td>Niemcy&nbsp;&nbsp;<\/td><td>49,25&nbsp;<\/td><td>39,74&nbsp;<\/td><td>do 19%&nbsp;<\/td><\/tr><tr><td>W\u0142ochy&nbsp;&nbsp;<\/td><td>68,06&nbsp;<\/td><td>49,33&nbsp;<\/td><td>do 27%&nbsp;<\/td><\/tr><tr><td>Czechy&nbsp;&nbsp;<\/td><td>37,20&nbsp;<\/td><td>31,68&nbsp;<\/td><td>do 14%&nbsp;<\/td><\/tr><tr><td>Niderlandy&nbsp;&nbsp;<\/td><td>50,14&nbsp;<\/td><td>39,79&nbsp;<\/td><td>do 20%&nbsp;<\/td><\/tr><tr><td>Francja&nbsp;<\/td><td>66,84&nbsp;<\/td><td>48,67&nbsp;<\/td><td>do 27%&nbsp;<\/td><\/tr><tr><td>Portugalia&nbsp;&nbsp;<\/td><td>138,76&nbsp;<\/td><td>33,71&nbsp;<\/td><td>do 75%&nbsp;<\/td><\/tr><tr><td>Grecja&nbsp;&nbsp;<\/td><td>148,09&nbsp;<\/td><td>61,73&nbsp;<\/td><td>do 58%&nbsp;<\/td><\/tr><tr><td>Rumunia&nbsp;&nbsp;<\/td><td>105,02&nbsp;<\/td><td>37,62&nbsp;<\/td><td>do 64%&nbsp;<\/td><\/tr><tr><td>Chorwacja&nbsp;<\/td><td>140,07&nbsp;<\/td><td>36,23&nbsp;<\/td><td>do 74%&nbsp;<\/td><\/tr><tr><td>S\u0142owenia&nbsp;<\/td><td>105,20&nbsp;<\/td><td>37,41&nbsp;<\/td><td>do 64%&nbsp;<\/td><\/tr><\/tbody><\/table><figcaption class=\"wp-element-caption\">*Pe\u0142en cennik, obejmuj\u0105cy wszystkie kierunki, jest dost\u0119pny po zalogowaniu.\u00a0<\/figcaption><\/figure>\n<\/div>\n<\/div>\n\n\n\n<p>Dzi\u0119ki ofercie DPD Kurier Europa, wprowadzenie firmy na mi\u0119dzynarodowe rynki jeszcze nigdy nie by\u0142o tak op\u0142acalne. Nasze nowe stawki s\u0105 idealnym rozwi\u0105zaniem dla tych, kt\u00f3rzy chc\u0105 maksymalnie wykorzysta\u0107 potencja\u0142 globalnego rynku przy jednoczesnym obni\u017ceniu koszt\u00f3w.&nbsp;<\/p>\n\n\n\n<p>Wysy\u0142asz za granic\u0119 du\u017c\u0105 liczb\u0119 przesy\u0142ek i potrzebujesz indywidualnej oferty? Skorzystaj z formularza kontaktowego, a nasz Opiekun Handlowy skontaktuje si\u0119 z Tob\u0105: <a href=\"https:\/\/www.apaczka.pl\/oferta\/przesylki-miedzynarodowe-zagraniczne\/\" target=\"_blank\" rel=\"noreferrer noopener\">https:\/\/www.apaczka.pl\/oferta\/przesylki-miedzynarodowe-zagraniczne\/<\/a>&nbsp;<\/p>\n\n\n\n<p>\u00a0<br><strong>Zesp\u00f3\u0142 Apaczka.pl\u00a0<\/strong><\/p>\n","protected":false},"excerpt":{"rendered":"<p>Z rado\u015bci\u0105 og\u0142aszamy, \u017ce od 18.07.2024 r. wprowadzili\u015bmy nowe, ni\u017csze ceny na przesy\u0142ki mi\u0119dzynarodowe realizowane za po\u015brednictwem serwisu kurierskiego DPD Kurier Europa, kt\u00f3re mog\u0105 obni\u017cy\u0107 Twoje koszty nawet o 75%.  <\/p>\n","protected":false},"author":10,"featured_media":26872,"template":"","meta":{"_acf_changed":false,"footnotes":""},"news_category":[906],"news_tag":[],"class_list":["post-26815","news","type-news","status-publish","has-post-thumbnail","hentry","news_category-oferta"],"acf":[],"yoast_head":"<!-- This site is optimized with the Yoast SEO Premium plugin v27.3 (Yoast SEO v27.3) - https:\/\/yoast.com\/product\/yoast-seo-premium-wordpress\/ -->\n<title>DPD Kurier Europa- Nowe ni\u017csze ceny na przesy\u0142ki mi\u0119dzynarodowe!\u00a0 - Apaczka<\/title>\n<meta name=\"robots\" content=\"noindex, follow\" \/>\n<meta property=\"og:locale\" content=\"en_US\" \/>\n<meta property=\"og:type\" content=\"article\" \/>\n<meta property=\"og:title\" content=\"DPD Kurier Europa- Nowe ni\u017csze ceny na przesy\u0142ki mi\u0119dzynarodowe!\u00a0\" \/>\n<meta property=\"og:description\" content=\"Z rado\u015bci\u0105 og\u0142aszamy, \u017ce od 18.07.2024 r. wprowadzili\u015bmy nowe, ni\u017csze ceny na przesy\u0142ki mi\u0119dzynarodowe realizowane za po\u015brednictwem serwisu kurierskiego DPD Kurier Europa, kt\u00f3re mog\u0105 obni\u017cy\u0107 Twoje koszty nawet o 75%.\" \/>\n<meta property=\"og:url\" content=\"https:\/\/www.apaczka.pl\/en\/aktualnosci\/dpd-kurier-europa-nowe-nizsze-ceny-na-przesylki-miedzynarodowe\/\" \/>\n<meta property=\"og:site_name\" content=\"Apaczka\" \/>\n<meta property=\"article:publisher\" content=\"https:\/\/www.facebook.com\/ApaczkaPL\/\" \/>\n<meta property=\"article:modified_time\" content=\"2024-07-24T10:17:10+00:00\" \/>\n<meta property=\"og:image\" content=\"https:\/\/www.apaczka.pl\/app\/uploads\/2024\/07\/dpd_aktualnosci_-3.webp\" \/>\n\t<meta property=\"og:image:width\" content=\"1070\" \/>\n\t<meta property=\"og:image:height\" content=\"456\" \/>\n\t<meta property=\"og:image:type\" content=\"image\/webp\" \/>\n<meta name=\"twitter:card\" content=\"summary_large_image\" \/>\n<meta name=\"twitter:label1\" content=\"Est. reading time\" \/>\n\t<meta name=\"twitter:data1\" content=\"1 minute\" \/>\n<script type=\"application\/ld+json\" class=\"yoast-schema-graph\">{\"@context\":\"https:\\\/\\\/schema.org\",\"@graph\":[{\"@type\":\"NewsArticle\",\"@id\":\"https:\\\/\\\/www.apaczka.pl\\\/en\\\/aktualnosci\\\/dpd-kurier-europa-nowe-nizsze-ceny-na-przesylki-miedzynarodowe\\\/#article\",\"isPartOf\":{\"@id\":\"https:\\\/\\\/www.apaczka.pl\\\/en\\\/aktualnosci\\\/dpd-kurier-europa-nowe-nizsze-ceny-na-przesylki-miedzynarodowe\\\/\"},\"author\":{\"name\":\"Barbara Bochenek\",\"@id\":\"https:\\\/\\\/www.apaczka.pl\\\/en\\\/#\\\/schema\\\/person\\\/dc9cd6f6196e657b1a062d0c3022d716\"},\"headline\":\"DPD Kurier Europa- Nowe ni\u017csze ceny na przesy\u0142ki mi\u0119dzynarodowe!\u00a0\",\"datePublished\":\"2024-07-23T12:01:42+00:00\",\"dateModified\":\"2024-07-24T10:17:10+00:00\",\"mainEntityOfPage\":{\"@id\":\"https:\\\/\\\/www.apaczka.pl\\\/en\\\/aktualnosci\\\/dpd-kurier-europa-nowe-nizsze-ceny-na-przesylki-miedzynarodowe\\\/\"},\"wordCount\":190,\"publisher\":{\"@id\":\"https:\\\/\\\/www.apaczka.pl\\\/en\\\/#organization\"},\"image\":{\"@id\":\"https:\\\/\\\/www.apaczka.pl\\\/en\\\/aktualnosci\\\/dpd-kurier-europa-nowe-nizsze-ceny-na-przesylki-miedzynarodowe\\\/#primaryimage\"},\"thumbnailUrl\":\"https:\\\/\\\/www.apaczka.pl\\\/app\\\/uploads\\\/2024\\\/07\\\/dpd_aktualnosci_-3.webp\",\"inLanguage\":\"en-US\"},{\"@type\":\"WebPage\",\"@id\":\"https:\\\/\\\/www.apaczka.pl\\\/en\\\/aktualnosci\\\/dpd-kurier-europa-nowe-nizsze-ceny-na-przesylki-miedzynarodowe\\\/\",\"url\":\"https:\\\/\\\/www.apaczka.pl\\\/en\\\/aktualnosci\\\/dpd-kurier-europa-nowe-nizsze-ceny-na-przesylki-miedzynarodowe\\\/\",\"name\":\"DPD Kurier Europa- Nowe ni\u017csze ceny na przesy\u0142ki mi\u0119dzynarodowe!\u00a0 - Apaczka\",\"isPartOf\":{\"@id\":\"https:\\\/\\\/www.apaczka.pl\\\/en\\\/#website\"},\"primaryImageOfPage\":{\"@id\":\"https:\\\/\\\/www.apaczka.pl\\\/en\\\/aktualnosci\\\/dpd-kurier-europa-nowe-nizsze-ceny-na-przesylki-miedzynarodowe\\\/#primaryimage\"},\"image\":{\"@id\":\"https:\\\/\\\/www.apaczka.pl\\\/en\\\/aktualnosci\\\/dpd-kurier-europa-nowe-nizsze-ceny-na-przesylki-miedzynarodowe\\\/#primaryimage\"},\"thumbnailUrl\":\"https:\\\/\\\/www.apaczka.pl\\\/app\\\/uploads\\\/2024\\\/07\\\/dpd_aktualnosci_-3.webp\",\"datePublished\":\"2024-07-23T12:01:42+00:00\",\"dateModified\":\"2024-07-24T10:17:10+00:00\",\"breadcrumb\":{\"@id\":\"https:\\\/\\\/www.apaczka.pl\\\/en\\\/aktualnosci\\\/dpd-kurier-europa-nowe-nizsze-ceny-na-przesylki-miedzynarodowe\\\/#breadcrumb\"},\"inLanguage\":\"en-US\",\"potentialAction\":[{\"@type\":\"ReadAction\",\"target\":[\"https:\\\/\\\/www.apaczka.pl\\\/en\\\/aktualnosci\\\/dpd-kurier-europa-nowe-nizsze-ceny-na-przesylki-miedzynarodowe\\\/\"]}]},{\"@type\":\"ImageObject\",\"inLanguage\":\"en-US\",\"@id\":\"https:\\\/\\\/www.apaczka.pl\\\/en\\\/aktualnosci\\\/dpd-kurier-europa-nowe-nizsze-ceny-na-przesylki-miedzynarodowe\\\/#primaryimage\",\"url\":\"https:\\\/\\\/www.apaczka.pl\\\/app\\\/uploads\\\/2024\\\/07\\\/dpd_aktualnosci_-3.webp\",\"contentUrl\":\"https:\\\/\\\/www.apaczka.pl\\\/app\\\/uploads\\\/2024\\\/07\\\/dpd_aktualnosci_-3.webp\",\"width\":1070,\"height\":456,\"caption\":\"obni\u017cka DPD kurier Europa\"},{\"@type\":\"BreadcrumbList\",\"@id\":\"https:\\\/\\\/www.apaczka.pl\\\/en\\\/aktualnosci\\\/dpd-kurier-europa-nowe-nizsze-ceny-na-przesylki-miedzynarodowe\\\/#breadcrumb\",\"itemListElement\":[{\"@type\":\"ListItem\",\"position\":1,\"name\":\"Apaczka\",\"item\":\"https:\\\/\\\/www.apaczka.pl\\\/en\\\/\"},{\"@type\":\"ListItem\",\"position\":2,\"name\":\"Aktualno\u015bci\",\"item\":\"https:\\\/\\\/www.apaczka.pl\\\/en\\\/aktualnosci\\\/\"},{\"@type\":\"ListItem\",\"position\":3,\"name\":\"Oferta\",\"item\":\"https:\\\/\\\/www.apaczka.pl\\\/en\\\/aktualnosci\\\/category\\\/oferta\\\/\"},{\"@type\":\"ListItem\",\"position\":4,\"name\":\"DPD Kurier Europa- Nowe ni\u017csze ceny na przesy\u0142ki mi\u0119dzynarodowe!\u00a0\"}]},{\"@type\":\"WebSite\",\"@id\":\"https:\\\/\\\/www.apaczka.pl\\\/en\\\/#website\",\"url\":\"https:\\\/\\\/www.apaczka.pl\\\/en\\\/\",\"name\":\"Apaczka\",\"description\":\"Rozwi\u0105zania do zarz\u0105dzania procesami wysy\u0142kowymi dla firm\",\"publisher\":{\"@id\":\"https:\\\/\\\/www.apaczka.pl\\\/en\\\/#organization\"},\"potentialAction\":[{\"@type\":\"SearchAction\",\"target\":{\"@type\":\"EntryPoint\",\"urlTemplate\":\"https:\\\/\\\/www.apaczka.pl\\\/en\\\/?s={search_term_string}\"},\"query-input\":{\"@type\":\"PropertyValueSpecification\",\"valueRequired\":true,\"valueName\":\"search_term_string\"}}],\"inLanguage\":\"en-US\"},{\"@type\":\"Organization\",\"@id\":\"https:\\\/\\\/www.apaczka.pl\\\/en\\\/#organization\",\"name\":\"Apaczka\",\"url\":\"https:\\\/\\\/www.apaczka.pl\\\/en\\\/\",\"logo\":{\"@type\":\"ImageObject\",\"inLanguage\":\"en-US\",\"@id\":\"https:\\\/\\\/www.apaczka.pl\\\/en\\\/#\\\/schema\\\/logo\\\/image\\\/\",\"url\":\"https:\\\/\\\/www.apaczka.pl\\\/app\\\/uploads\\\/2024\\\/05\\\/cropped-Apaczka-Full-Logotype-Full-Color.png\",\"contentUrl\":\"https:\\\/\\\/www.apaczka.pl\\\/app\\\/uploads\\\/2024\\\/05\\\/cropped-Apaczka-Full-Logotype-Full-Color.png\",\"width\":1337,\"height\":405,\"caption\":\"Apaczka\"},\"image\":{\"@id\":\"https:\\\/\\\/www.apaczka.pl\\\/en\\\/#\\\/schema\\\/logo\\\/image\\\/\"},\"sameAs\":[\"https:\\\/\\\/www.facebook.com\\\/ApaczkaPL\\\/\",\"https:\\\/\\\/www.linkedin.com\\\/company\\\/apaczka-alsendo-sp-z-o-o\\\/\",\"https:\\\/\\\/www.youtube.com\\\/@apaczka-by-alsendo\",\"https:\\\/\\\/g.co\\\/kgs\\\/Ztnp4yQ\",\"https:\\\/\\\/maps.app.goo.gl\\\/iUwRn8EGrQJAk4LB9\",\"https:\\\/\\\/www.trustpilot.com\\\/review\\\/www.apaczka.pl\",\"https:\\\/\\\/www.crunchbase.com\\\/organization\\\/apaczka\",\"https:\\\/\\\/www.ekomi-pl.com\\\/opinie-apaczka.html\",\"https:\\\/\\\/www.wikidata.org\\\/wiki\\\/Q135189453\"],\"description\":\"Apaczka.pl to platforma technologiczna do zarz\u0105dzania wysy\u0142kami i dostawami dla firm. Jeste\u015bmy sprawdzonym partnerem w zakresie proces\u00f3w wysy\u0142kowych dzia\u0142aj\u0105cym od ponad 15 lat na rynku. Integrujemy szeroki wachlarz us\u0142ug kurierskich oraz dedykowanych us\u0142ug w\u0142asnych skierowanych do wszystkich przedsi\u0119biorc\u00f3w, tak\u017ce tych, kt\u00f3rzy dopiero zaczynaj\u0105 swoj\u0105 dzia\u0142alno\u015b\u0107. Oferowane przez nas rozwi\u0105zania s\u0105 wykorzystywane przez firmy z bran\u017cy e-commerce, du\u017ce podmioty typu marketplace, ale r\u00f3wnie\u017c niewielkie firmy nadaj\u0105ce kilkana\u015bcie przesy\u0142ek miesi\u0119cznie. Konsekwentnie wspieramy firmy w rozwoju ich biznesu, udost\u0119pniaj\u0105c bez \u017cadnych op\u0142at gotowe narz\u0119dzia u\u0142atwiaj\u0105ce codzienn\u0105 logistyk\u0119. Nasi Klienci wysy\u0142aj\u0105 ponad 2,5 miliona przesy\u0142ek ka\u017cdego miesi\u0105ca korzystaj\u0105c z naszych unikalnych technologii. Nasze mocne strony: - Mo\u017cliwo\u015b\u0107 por\u00f3wnania ofert wiod\u0105cych firm kurierskich w Polsce i na \u015bwiecie: DHL, UPS, DPD, Fedex, Poczta Polska, Geis, InPost, GLS, Ambro, Hellmann i wielu innych, - Mo\u017cliwo\u015b\u0107 indywidualnego negocjowania stawek w zale\u017cno\u015bci od ilo\u015bci przesy\u0142ek i ich rodzaju (palety, p\u00f3\u0142palety, przesy\u0142ki krajowe, mi\u0119dzynarodowe), - Jedna, prosta integracja API z wieloma platformami e-commerce, marketplace i systemami ERP, WMS., daj\u0105ca dost\u0119p do ca\u0142ej naszej oferty kurierskiej, - Mo\u017cliwo\u015b\u0107 automatyzacji i optymalizacji proces\u00f3w wysy\u0142kowych, -Indywidualny Opiekun Handlowy zapewniaj\u0105cy wsparcie merytoryczne z zakresu rozwi\u0105za\u0144 kurierskich w zale\u017cno\u015bci od bran\u017cy Klienta, rodzaju przesy\u0142ek i metod dostawy, - Bezp\u0142atne integracje z 50 platformami sklepowymi, mo\u017cliwo\u015b\u0107 import\u00f3w (w tym Allegro) oraz wsparcie dzia\u0142u IT, -Personalizacja komunikacji z odbiorcami przesy\u0142ek na etapie post-checkout, modu\u0142 zwrot\u00f3w i analityka danych logistycznych, -Brak minim\u00f3w wysy\u0142kowych i wygodne formy rozlicze\u0144. Apaczka.pl: por\u00f3wnuj ceny kurier\u00f3w, automatyzuj procesy wysy\u0142kowe.\",\"legalName\":\"Alsendo sp. z o.o.\",\"foundingDate\":\"2009-08-17\",\"vatID\":\"PL8971840043\",\"taxID\":\"367328934\",\"numberOfEmployees\":{\"@type\":\"QuantitativeValue\",\"minValue\":\"51\",\"maxValue\":\"200\"}},{\"@type\":\"Person\",\"@id\":\"https:\\\/\\\/www.apaczka.pl\\\/en\\\/#\\\/schema\\\/person\\\/dc9cd6f6196e657b1a062d0c3022d716\",\"name\":\"Barbara Bochenek\",\"image\":{\"@type\":\"ImageObject\",\"inLanguage\":\"en-US\",\"@id\":\"https:\\\/\\\/www.apaczka.pl\\\/app\\\/uploads\\\/2025\\\/04\\\/cropped-Barbara-Bochenek-96x96.jpg\",\"url\":\"https:\\\/\\\/www.apaczka.pl\\\/app\\\/uploads\\\/2025\\\/04\\\/cropped-Barbara-Bochenek-96x96.jpg\",\"contentUrl\":\"https:\\\/\\\/www.apaczka.pl\\\/app\\\/uploads\\\/2025\\\/04\\\/cropped-Barbara-Bochenek-96x96.jpg\",\"caption\":\"Barbara Bochenek\"},\"description\":\"Pomagam firmom sprawniej zarz\u0105dza\u0107 wysy\u0142k\u0105 i budowa\u0107 przewag\u0119 w logistyce dzi\u0119ki trafnej komunikacji i rzetelnym tre\u015bciom. Jako specjalistka ds. komunikacji i content marketingu z pasj\u0105 do innowacji logistycznych tworz\u0119 artyku\u0142y, e-booki, materia\u0142y edukacyjne i case studies, kt\u00f3re pokazuj\u0105, jak rozwi\u0105zania Apaczka usprawniaj\u0105 procesy i wspieraj\u0105 rozw\u00f3j biznesu. W pracy stawiam na jasny przekaz, konkretne dane i tre\u015bci, kt\u00f3re realnie u\u0142atwiaj\u0105 klientom podejmowanie decyzji.\",\"sameAs\":[\"https:\\\/\\\/www.linkedin.com\\\/in\\\/barbarabochenek\\\/\"],\"jobTitle\":\"Junior Content & Social Media Manager\",\"url\":\"https:\\\/\\\/www.apaczka.pl\\\/en\\\/blog\\\/author\\\/barbara-bochenek\\\/\"}]}<\/script>\n<!-- \/ Yoast SEO Premium plugin. -->","yoast_head_json":{"title":"DPD Kurier Europa- Nowe ni\u017csze ceny na przesy\u0142ki mi\u0119dzynarodowe!\u00a0 - Apaczka","robots":{"index":"noindex","follow":"follow"},"og_locale":"en_US","og_type":"article","og_title":"DPD Kurier Europa- Nowe ni\u017csze ceny na przesy\u0142ki mi\u0119dzynarodowe!\u00a0","og_description":"Z rado\u015bci\u0105 og\u0142aszamy, \u017ce od 18.07.2024 r. wprowadzili\u015bmy nowe, ni\u017csze ceny na przesy\u0142ki mi\u0119dzynarodowe realizowane za po\u015brednictwem serwisu kurierskiego DPD Kurier Europa, kt\u00f3re mog\u0105 obni\u017cy\u0107 Twoje koszty nawet o 75%.","og_url":"https:\/\/www.apaczka.pl\/en\/aktualnosci\/dpd-kurier-europa-nowe-nizsze-ceny-na-przesylki-miedzynarodowe\/","og_site_name":"Apaczka","article_publisher":"https:\/\/www.facebook.com\/ApaczkaPL\/","article_modified_time":"2024-07-24T10:17:10+00:00","og_image":[{"width":1070,"height":456,"url":"https:\/\/www.apaczka.pl\/app\/uploads\/2024\/07\/dpd_aktualnosci_-3.webp","type":"image\/webp"}],"twitter_card":"summary_large_image","twitter_misc":{"Est. reading time":"1 minute"},"schema":{"@context":"https:\/\/schema.org","@graph":[{"@type":"NewsArticle","@id":"https:\/\/www.apaczka.pl\/en\/aktualnosci\/dpd-kurier-europa-nowe-nizsze-ceny-na-przesylki-miedzynarodowe\/#article","isPartOf":{"@id":"https:\/\/www.apaczka.pl\/en\/aktualnosci\/dpd-kurier-europa-nowe-nizsze-ceny-na-przesylki-miedzynarodowe\/"},"author":{"name":"Barbara Bochenek","@id":"https:\/\/www.apaczka.pl\/en\/#\/schema\/person\/dc9cd6f6196e657b1a062d0c3022d716"},"headline":"DPD Kurier Europa- Nowe ni\u017csze ceny na przesy\u0142ki mi\u0119dzynarodowe!\u00a0","datePublished":"2024-07-23T12:01:42+00:00","dateModified":"2024-07-24T10:17:10+00:00","mainEntityOfPage":{"@id":"https:\/\/www.apaczka.pl\/en\/aktualnosci\/dpd-kurier-europa-nowe-nizsze-ceny-na-przesylki-miedzynarodowe\/"},"wordCount":190,"publisher":{"@id":"https:\/\/www.apaczka.pl\/en\/#organization"},"image":{"@id":"https:\/\/www.apaczka.pl\/en\/aktualnosci\/dpd-kurier-europa-nowe-nizsze-ceny-na-przesylki-miedzynarodowe\/#primaryimage"},"thumbnailUrl":"https:\/\/www.apaczka.pl\/app\/uploads\/2024\/07\/dpd_aktualnosci_-3.webp","inLanguage":"en-US"},{"@type":"WebPage","@id":"https:\/\/www.apaczka.pl\/en\/aktualnosci\/dpd-kurier-europa-nowe-nizsze-ceny-na-przesylki-miedzynarodowe\/","url":"https:\/\/www.apaczka.pl\/en\/aktualnosci\/dpd-kurier-europa-nowe-nizsze-ceny-na-przesylki-miedzynarodowe\/","name":"DPD Kurier Europa- Nowe ni\u017csze ceny na przesy\u0142ki mi\u0119dzynarodowe!\u00a0 - Apaczka","isPartOf":{"@id":"https:\/\/www.apaczka.pl\/en\/#website"},"primaryImageOfPage":{"@id":"https:\/\/www.apaczka.pl\/en\/aktualnosci\/dpd-kurier-europa-nowe-nizsze-ceny-na-przesylki-miedzynarodowe\/#primaryimage"},"image":{"@id":"https:\/\/www.apaczka.pl\/en\/aktualnosci\/dpd-kurier-europa-nowe-nizsze-ceny-na-przesylki-miedzynarodowe\/#primaryimage"},"thumbnailUrl":"https:\/\/www.apaczka.pl\/app\/uploads\/2024\/07\/dpd_aktualnosci_-3.webp","datePublished":"2024-07-23T12:01:42+00:00","dateModified":"2024-07-24T10:17:10+00:00","breadcrumb":{"@id":"https:\/\/www.apaczka.pl\/en\/aktualnosci\/dpd-kurier-europa-nowe-nizsze-ceny-na-przesylki-miedzynarodowe\/#breadcrumb"},"inLanguage":"en-US","potentialAction":[{"@type":"ReadAction","target":["https:\/\/www.apaczka.pl\/en\/aktualnosci\/dpd-kurier-europa-nowe-nizsze-ceny-na-przesylki-miedzynarodowe\/"]}]},{"@type":"ImageObject","inLanguage":"en-US","@id":"https:\/\/www.apaczka.pl\/en\/aktualnosci\/dpd-kurier-europa-nowe-nizsze-ceny-na-przesylki-miedzynarodowe\/#primaryimage","url":"https:\/\/www.apaczka.pl\/app\/uploads\/2024\/07\/dpd_aktualnosci_-3.webp","contentUrl":"https:\/\/www.apaczka.pl\/app\/uploads\/2024\/07\/dpd_aktualnosci_-3.webp","width":1070,"height":456,"caption":"obni\u017cka DPD kurier Europa"},{"@type":"BreadcrumbList","@id":"https:\/\/www.apaczka.pl\/en\/aktualnosci\/dpd-kurier-europa-nowe-nizsze-ceny-na-przesylki-miedzynarodowe\/#breadcrumb","itemListElement":[{"@type":"ListItem","position":1,"name":"Apaczka","item":"https:\/\/www.apaczka.pl\/en\/"},{"@type":"ListItem","position":2,"name":"Aktualno\u015bci","item":"https:\/\/www.apaczka.pl\/en\/aktualnosci\/"},{"@type":"ListItem","position":3,"name":"Oferta","item":"https:\/\/www.apaczka.pl\/en\/aktualnosci\/category\/oferta\/"},{"@type":"ListItem","position":4,"name":"DPD Kurier Europa- Nowe ni\u017csze ceny na przesy\u0142ki mi\u0119dzynarodowe!\u00a0"}]},{"@type":"WebSite","@id":"https:\/\/www.apaczka.pl\/en\/#website","url":"https:\/\/www.apaczka.pl\/en\/","name":"Apaczka","description":"Rozwi\u0105zania do zarz\u0105dzania procesami wysy\u0142kowymi dla firm","publisher":{"@id":"https:\/\/www.apaczka.pl\/en\/#organization"},"potentialAction":[{"@type":"SearchAction","target":{"@type":"EntryPoint","urlTemplate":"https:\/\/www.apaczka.pl\/en\/?s={search_term_string}"},"query-input":{"@type":"PropertyValueSpecification","valueRequired":true,"valueName":"search_term_string"}}],"inLanguage":"en-US"},{"@type":"Organization","@id":"https:\/\/www.apaczka.pl\/en\/#organization","name":"Apaczka","url":"https:\/\/www.apaczka.pl\/en\/","logo":{"@type":"ImageObject","inLanguage":"en-US","@id":"https:\/\/www.apaczka.pl\/en\/#\/schema\/logo\/image\/","url":"https:\/\/www.apaczka.pl\/app\/uploads\/2024\/05\/cropped-Apaczka-Full-Logotype-Full-Color.png","contentUrl":"https:\/\/www.apaczka.pl\/app\/uploads\/2024\/05\/cropped-Apaczka-Full-Logotype-Full-Color.png","width":1337,"height":405,"caption":"Apaczka"},"image":{"@id":"https:\/\/www.apaczka.pl\/en\/#\/schema\/logo\/image\/"},"sameAs":["https:\/\/www.facebook.com\/ApaczkaPL\/","https:\/\/www.linkedin.com\/company\/apaczka-alsendo-sp-z-o-o\/","https:\/\/www.youtube.com\/@apaczka-by-alsendo","https:\/\/g.co\/kgs\/Ztnp4yQ","https:\/\/maps.app.goo.gl\/iUwRn8EGrQJAk4LB9","https:\/\/www.trustpilot.com\/review\/www.apaczka.pl","https:\/\/www.crunchbase.com\/organization\/apaczka","https:\/\/www.ekomi-pl.com\/opinie-apaczka.html","https:\/\/www.wikidata.org\/wiki\/Q135189453"],"description":"Apaczka.pl to platforma technologiczna do zarz\u0105dzania wysy\u0142kami i dostawami dla firm. Jeste\u015bmy sprawdzonym partnerem w zakresie proces\u00f3w wysy\u0142kowych dzia\u0142aj\u0105cym od ponad 15 lat na rynku. Integrujemy szeroki wachlarz us\u0142ug kurierskich oraz dedykowanych us\u0142ug w\u0142asnych skierowanych do wszystkich przedsi\u0119biorc\u00f3w, tak\u017ce tych, kt\u00f3rzy dopiero zaczynaj\u0105 swoj\u0105 dzia\u0142alno\u015b\u0107. Oferowane przez nas rozwi\u0105zania s\u0105 wykorzystywane przez firmy z bran\u017cy e-commerce, du\u017ce podmioty typu marketplace, ale r\u00f3wnie\u017c niewielkie firmy nadaj\u0105ce kilkana\u015bcie przesy\u0142ek miesi\u0119cznie. Konsekwentnie wspieramy firmy w rozwoju ich biznesu, udost\u0119pniaj\u0105c bez \u017cadnych op\u0142at gotowe narz\u0119dzia u\u0142atwiaj\u0105ce codzienn\u0105 logistyk\u0119. Nasi Klienci wysy\u0142aj\u0105 ponad 2,5 miliona przesy\u0142ek ka\u017cdego miesi\u0105ca korzystaj\u0105c z naszych unikalnych technologii. Nasze mocne strony: - Mo\u017cliwo\u015b\u0107 por\u00f3wnania ofert wiod\u0105cych firm kurierskich w Polsce i na \u015bwiecie: DHL, UPS, DPD, Fedex, Poczta Polska, Geis, InPost, GLS, Ambro, Hellmann i wielu innych, - Mo\u017cliwo\u015b\u0107 indywidualnego negocjowania stawek w zale\u017cno\u015bci od ilo\u015bci przesy\u0142ek i ich rodzaju (palety, p\u00f3\u0142palety, przesy\u0142ki krajowe, mi\u0119dzynarodowe), - Jedna, prosta integracja API z wieloma platformami e-commerce, marketplace i systemami ERP, WMS., daj\u0105ca dost\u0119p do ca\u0142ej naszej oferty kurierskiej, - Mo\u017cliwo\u015b\u0107 automatyzacji i optymalizacji proces\u00f3w wysy\u0142kowych, -Indywidualny Opiekun Handlowy zapewniaj\u0105cy wsparcie merytoryczne z zakresu rozwi\u0105za\u0144 kurierskich w zale\u017cno\u015bci od bran\u017cy Klienta, rodzaju przesy\u0142ek i metod dostawy, - Bezp\u0142atne integracje z 50 platformami sklepowymi, mo\u017cliwo\u015b\u0107 import\u00f3w (w tym Allegro) oraz wsparcie dzia\u0142u IT, -Personalizacja komunikacji z odbiorcami przesy\u0142ek na etapie post-checkout, modu\u0142 zwrot\u00f3w i analityka danych logistycznych, -Brak minim\u00f3w wysy\u0142kowych i wygodne formy rozlicze\u0144. Apaczka.pl: por\u00f3wnuj ceny kurier\u00f3w, automatyzuj procesy wysy\u0142kowe.","legalName":"Alsendo sp. z o.o.","foundingDate":"2009-08-17","vatID":"PL8971840043","taxID":"367328934","numberOfEmployees":{"@type":"QuantitativeValue","minValue":"51","maxValue":"200"}},{"@type":"Person","@id":"https:\/\/www.apaczka.pl\/en\/#\/schema\/person\/dc9cd6f6196e657b1a062d0c3022d716","name":"Barbara Bochenek","image":{"@type":"ImageObject","inLanguage":"en-US","@id":"https:\/\/www.apaczka.pl\/app\/uploads\/2025\/04\/cropped-Barbara-Bochenek-96x96.jpg","url":"https:\/\/www.apaczka.pl\/app\/uploads\/2025\/04\/cropped-Barbara-Bochenek-96x96.jpg","contentUrl":"https:\/\/www.apaczka.pl\/app\/uploads\/2025\/04\/cropped-Barbara-Bochenek-96x96.jpg","caption":"Barbara Bochenek"},"description":"Pomagam firmom sprawniej zarz\u0105dza\u0107 wysy\u0142k\u0105 i budowa\u0107 przewag\u0119 w logistyce dzi\u0119ki trafnej komunikacji i rzetelnym tre\u015bciom. Jako specjalistka ds. komunikacji i content marketingu z pasj\u0105 do innowacji logistycznych tworz\u0119 artyku\u0142y, e-booki, materia\u0142y edukacyjne i case studies, kt\u00f3re pokazuj\u0105, jak rozwi\u0105zania Apaczka usprawniaj\u0105 procesy i wspieraj\u0105 rozw\u00f3j biznesu. W pracy stawiam na jasny przekaz, konkretne dane i tre\u015bci, kt\u00f3re realnie u\u0142atwiaj\u0105 klientom podejmowanie decyzji.","sameAs":["https:\/\/www.linkedin.com\/in\/barbarabochenek\/"],"jobTitle":"Junior Content & Social Media Manager","url":"https:\/\/www.apaczka.pl\/en\/blog\/author\/barbara-bochenek\/"}]}},"_links":{"self":[{"href":"https:\/\/www.apaczka.pl\/en\/wp-json\/wp\/v2\/news\/26815","targetHints":{"allow":["GET"]}}],"collection":[{"href":"https:\/\/www.apaczka.pl\/en\/wp-json\/wp\/v2\/news"}],"about":[{"href":"https:\/\/www.apaczka.pl\/en\/wp-json\/wp\/v2\/types\/news"}],"author":[{"embeddable":true,"href":"https:\/\/www.apaczka.pl\/en\/wp-json\/wp\/v2\/users\/10"}],"version-history":[{"count":9,"href":"https:\/\/www.apaczka.pl\/en\/wp-json\/wp\/v2\/news\/26815\/revisions"}],"predecessor-version":[{"id":26827,"href":"https:\/\/www.apaczka.pl\/en\/wp-json\/wp\/v2\/news\/26815\/revisions\/26827"}],"wp:featuredmedia":[{"embeddable":true,"href":"https:\/\/www.apaczka.pl\/en\/wp-json\/wp\/v2\/media\/26872"}],"wp:attachment":[{"href":"https:\/\/www.apaczka.pl\/en\/wp-json\/wp\/v2\/media?parent=26815"}],"wp:term":[{"taxonomy":"news_category","embeddable":true,"href":"https:\/\/www.apaczka.pl\/en\/wp-json\/wp\/v2\/news_category?post=26815"},{"taxonomy":"news_tag","embeddable":true,"href":"https:\/\/www.apaczka.pl\/en\/wp-json\/wp\/v2\/news_tag?post=26815"}],"curies":[{"name":"wp","href":"https:\/\/api.w.org\/{rel}","templated":true}]}}