{"id":22695,"date":"2023-12-20T21:58:47","date_gmt":"2023-12-20T21:58:47","guid":{"rendered":"https:\/\/www.apaczka.pl\/?post_type=news&#038;p=22695"},"modified":"2023-12-21T08:52:11","modified_gmt":"2023-12-21T08:52:11","slug":"wsparcie-dla-domu-dziecka-bajkowy-dworek","status":"publish","type":"news","link":"https:\/\/www.apaczka.pl\/en\/aktualnosci\/wsparcie-dla-domu-dziecka-bajkowy-dworek\/","title":{"rendered":"Wsparcie dla domu dziecka &#8220;Bajkowy dworek&#8221;"},"content":{"rendered":"\n<p>Okres \u015awi\u0105t Bo\u017cego Narodzenia to w Alsendo czas, w kt\u00f3rym nasza spo\u0142eczno\u015b\u0107 anga\u017cuje si\u0119 w \u015bwi\u0105teczne akcje charytatywne ? ?<\/p>\n\n\n\n<p>W tym roku nasze wsparcie trafi\u0142o do domu dziecka w Warszawie, w kt\u00f3rym przebywaj\u0105 niepe\u0142nosprawne dzieci. Zajmuje si\u0119 nimi zaanga\u017cowana kadra opiekun\u00f3w &#8211; logopoed\u00f3w, psychologow\u00f3w, rehabilitant\u00f3w oraz wychowawc\u00f3w.<\/p>\n\n\n\n<p>Dzi\u0119ki zaanga\u017cowaniu naszych pracownik\u00f3w uda\u0142o si\u0119:<\/p>\n\n\n\n<ul class=\"wp-block-list\">\n<li>spe\u0142ni\u0107 marzenia dzieci i przekaza\u0107 50 \u015bwi\u0105tecznych prezent\u00f3w z zabawkami edukacyjnymi dla nich,<\/li>\n\n\n\n<li>zakupi\u0107 dla plac\u00f3wki \u015brodki czysto\u015bci i artyku\u0142y pierwszej potrzeby,<\/li>\n\n\n\n<li>pom\u00f3c w sfinansowaniu turnus\u00f3w rehabilitacyjnych dzieci,&nbsp;<\/li>\n\n\n\n<li>zakupi\u0107 upominki dla kadry wychowawczej.<\/li>\n<\/ul>\n\n\n\n<p>Wielkie brawa i podzi\u0119kowania dla Naszych Pracownik\u00f3w za wielkie serca!<\/p>\n\n\n\n<p>Dzieciom oraz&nbsp; Kadrze Opieku\u0144czej plac\u00f3wki \u017cyczymy spokojnych, zdrowych \u015bwi\u0105t Bo\u017cego Narodzenia ?<\/p>\n\n\n\n<p><strong>Razem tworzymy lepszy \u015bwiat! <\/strong><\/p>\n\n\n\n<figure class=\"wp-block-image size-large\"><img loading=\"lazy\" decoding=\"async\" width=\"1024\" height=\"536\" src=\"\/app\/uploads\/2023\/12\/podziekowania-1-1024x536.webp\" alt=\"\" class=\"wp-image-22715\" srcset=\"https:\/\/www.apaczka.pl\/app\/uploads\/2023\/12\/podziekowania-1-1024x536.webp 1024w, https:\/\/www.apaczka.pl\/app\/uploads\/2023\/12\/podziekowania-1-300x157.webp 300w, https:\/\/www.apaczka.pl\/app\/uploads\/2023\/12\/podziekowania-1-768x402.webp 768w, https:\/\/www.apaczka.pl\/app\/uploads\/2023\/12\/podziekowania-1.webp 1200w\" sizes=\"auto, (max-width: 1024px) 100vw, 1024px\" \/><\/figure>\n\n\n<div class=\"wp-block-image\">\n<figure class=\"aligncenter size-full\"><img loading=\"lazy\" decoding=\"async\" width=\"628\" height=\"628\" src=\"\/app\/uploads\/2023\/12\/dd-2-1.webp\" alt=\"\" class=\"wp-image-22717\" srcset=\"https:\/\/www.apaczka.pl\/app\/uploads\/2023\/12\/dd-2-1.webp 628w, https:\/\/www.apaczka.pl\/app\/uploads\/2023\/12\/dd-2-1-300x300.webp 300w, https:\/\/www.apaczka.pl\/app\/uploads\/2023\/12\/dd-2-1-150x150.webp 150w\" sizes=\"auto, (max-width: 628px) 100vw, 628px\" \/><\/figure>\n<\/div>\n\n<div class=\"wp-block-image\">\n<figure class=\"aligncenter size-full\"><img loading=\"lazy\" decoding=\"async\" width=\"628\" height=\"628\" src=\"\/app\/uploads\/2023\/12\/dd-1-1.webp\" alt=\"\" class=\"wp-image-22719\" srcset=\"https:\/\/www.apaczka.pl\/app\/uploads\/2023\/12\/dd-1-1.webp 628w, https:\/\/www.apaczka.pl\/app\/uploads\/2023\/12\/dd-1-1-300x300.webp 300w, https:\/\/www.apaczka.pl\/app\/uploads\/2023\/12\/dd-1-1-150x150.webp 150w\" sizes=\"auto, (max-width: 628px) 100vw, 628px\" \/><\/figure>\n<\/div>","protected":false},"excerpt":{"rendered":"<p>Rozsy\u0142amy dobro! A wiadomo, \u017ce na wysy\u0142ce znamy si\u0119 doskonale.<\/p>\n","protected":false},"author":10,"featured_media":22698,"template":"","meta":{"_acf_changed":false,"footnotes":""},"news_category":[911],"news_tag":[],"class_list":["post-22695","news","type-news","status-publish","has-post-thumbnail","hentry","news_category-csr-spoleczna-odpowiedzialnosc-biznesu"],"acf":[],"yoast_head":"<!-- This site is optimized with the Yoast SEO Premium plugin v27.3 (Yoast SEO v27.3) - https:\/\/yoast.com\/product\/yoast-seo-premium-wordpress\/ -->\n<title>Wsparcie dla domu dziecka &quot;Bajkowy dworek&quot; - Apaczka<\/title>\n<meta name=\"robots\" content=\"noindex, follow\" \/>\n<meta property=\"og:locale\" content=\"en_US\" \/>\n<meta property=\"og:type\" content=\"article\" \/>\n<meta property=\"og:title\" content=\"Wsparcie dla domu dziecka &quot;Bajkowy dworek&quot;\" \/>\n<meta property=\"og:description\" content=\"Rozsy\u0142amy dobro! A wiadomo, \u017ce na wysy\u0142ce znamy si\u0119 doskonale.\" \/>\n<meta property=\"og:url\" content=\"https:\/\/www.apaczka.pl\/en\/aktualnosci\/wsparcie-dla-domu-dziecka-bajkowy-dworek\/\" \/>\n<meta property=\"og:site_name\" content=\"Apaczka\" \/>\n<meta property=\"article:publisher\" content=\"https:\/\/www.facebook.com\/ApaczkaPL\/\" \/>\n<meta property=\"article:modified_time\" content=\"2023-12-21T08:52:11+00:00\" \/>\n<meta property=\"og:image\" content=\"https:\/\/www.apaczka.pl\/app\/uploads\/2023\/12\/apaczka.webp\" \/>\n\t<meta property=\"og:image:width\" content=\"1070\" \/>\n\t<meta property=\"og:image:height\" content=\"456\" \/>\n\t<meta property=\"og:image:type\" content=\"image\/webp\" \/>\n<meta name=\"twitter:card\" content=\"summary_large_image\" \/>\n<meta name=\"twitter:label1\" content=\"Est. reading time\" \/>\n\t<meta name=\"twitter:data1\" content=\"1 minute\" \/>\n<script type=\"application\/ld+json\" class=\"yoast-schema-graph\">{\"@context\":\"https:\\\/\\\/schema.org\",\"@graph\":[{\"@type\":\"NewsArticle\",\"@id\":\"https:\\\/\\\/www.apaczka.pl\\\/en\\\/aktualnosci\\\/wsparcie-dla-domu-dziecka-bajkowy-dworek\\\/#article\",\"isPartOf\":{\"@id\":\"https:\\\/\\\/www.apaczka.pl\\\/en\\\/aktualnosci\\\/wsparcie-dla-domu-dziecka-bajkowy-dworek\\\/\"},\"author\":{\"name\":\"Barbara Bochenek\",\"@id\":\"https:\\\/\\\/www.apaczka.pl\\\/en\\\/#\\\/schema\\\/person\\\/dc9cd6f6196e657b1a062d0c3022d716\"},\"headline\":\"Wsparcie dla domu dziecka &#8220;Bajkowy dworek&#8221;\",\"datePublished\":\"2023-12-20T21:58:47+00:00\",\"dateModified\":\"2023-12-21T08:52:11+00:00\",\"mainEntityOfPage\":{\"@id\":\"https:\\\/\\\/www.apaczka.pl\\\/en\\\/aktualnosci\\\/wsparcie-dla-domu-dziecka-bajkowy-dworek\\\/\"},\"wordCount\":150,\"publisher\":{\"@id\":\"https:\\\/\\\/www.apaczka.pl\\\/en\\\/#organization\"},\"image\":{\"@id\":\"https:\\\/\\\/www.apaczka.pl\\\/en\\\/aktualnosci\\\/wsparcie-dla-domu-dziecka-bajkowy-dworek\\\/#primaryimage\"},\"thumbnailUrl\":\"https:\\\/\\\/www.apaczka.pl\\\/app\\\/uploads\\\/2023\\\/12\\\/apaczka.webp\",\"inLanguage\":\"en-US\"},{\"@type\":\"WebPage\",\"@id\":\"https:\\\/\\\/www.apaczka.pl\\\/en\\\/aktualnosci\\\/wsparcie-dla-domu-dziecka-bajkowy-dworek\\\/\",\"url\":\"https:\\\/\\\/www.apaczka.pl\\\/en\\\/aktualnosci\\\/wsparcie-dla-domu-dziecka-bajkowy-dworek\\\/\",\"name\":\"Wsparcie dla domu dziecka \\\"Bajkowy dworek\\\" - Apaczka\",\"isPartOf\":{\"@id\":\"https:\\\/\\\/www.apaczka.pl\\\/en\\\/#website\"},\"primaryImageOfPage\":{\"@id\":\"https:\\\/\\\/www.apaczka.pl\\\/en\\\/aktualnosci\\\/wsparcie-dla-domu-dziecka-bajkowy-dworek\\\/#primaryimage\"},\"image\":{\"@id\":\"https:\\\/\\\/www.apaczka.pl\\\/en\\\/aktualnosci\\\/wsparcie-dla-domu-dziecka-bajkowy-dworek\\\/#primaryimage\"},\"thumbnailUrl\":\"https:\\\/\\\/www.apaczka.pl\\\/app\\\/uploads\\\/2023\\\/12\\\/apaczka.webp\",\"datePublished\":\"2023-12-20T21:58:47+00:00\",\"dateModified\":\"2023-12-21T08:52:11+00:00\",\"breadcrumb\":{\"@id\":\"https:\\\/\\\/www.apaczka.pl\\\/en\\\/aktualnosci\\\/wsparcie-dla-domu-dziecka-bajkowy-dworek\\\/#breadcrumb\"},\"inLanguage\":\"en-US\",\"potentialAction\":[{\"@type\":\"ReadAction\",\"target\":[\"https:\\\/\\\/www.apaczka.pl\\\/en\\\/aktualnosci\\\/wsparcie-dla-domu-dziecka-bajkowy-dworek\\\/\"]}]},{\"@type\":\"ImageObject\",\"inLanguage\":\"en-US\",\"@id\":\"https:\\\/\\\/www.apaczka.pl\\\/en\\\/aktualnosci\\\/wsparcie-dla-domu-dziecka-bajkowy-dworek\\\/#primaryimage\",\"url\":\"https:\\\/\\\/www.apaczka.pl\\\/app\\\/uploads\\\/2023\\\/12\\\/apaczka.webp\",\"contentUrl\":\"https:\\\/\\\/www.apaczka.pl\\\/app\\\/uploads\\\/2023\\\/12\\\/apaczka.webp\",\"width\":1070,\"height\":456,\"caption\":\"bajkowy dworek\"},{\"@type\":\"BreadcrumbList\",\"@id\":\"https:\\\/\\\/www.apaczka.pl\\\/en\\\/aktualnosci\\\/wsparcie-dla-domu-dziecka-bajkowy-dworek\\\/#breadcrumb\",\"itemListElement\":[{\"@type\":\"ListItem\",\"position\":1,\"name\":\"Apaczka\",\"item\":\"https:\\\/\\\/www.apaczka.pl\\\/en\\\/\"},{\"@type\":\"ListItem\",\"position\":2,\"name\":\"Aktualno\u015bci\",\"item\":\"https:\\\/\\\/www.apaczka.pl\\\/en\\\/aktualnosci\\\/\"},{\"@type\":\"ListItem\",\"position\":3,\"name\":\"CSR - Spo\u0142eczna odpowiedzialno\u015b\u0107 biznesu\",\"item\":\"https:\\\/\\\/www.apaczka.pl\\\/en\\\/aktualnosci\\\/category\\\/csr-spoleczna-odpowiedzialnosc-biznesu\\\/\"},{\"@type\":\"ListItem\",\"position\":4,\"name\":\"Wsparcie dla domu dziecka &#8222;Bajkowy dworek&#8221;\"}]},{\"@type\":\"WebSite\",\"@id\":\"https:\\\/\\\/www.apaczka.pl\\\/en\\\/#website\",\"url\":\"https:\\\/\\\/www.apaczka.pl\\\/en\\\/\",\"name\":\"Apaczka\",\"description\":\"Rozwi\u0105zania do zarz\u0105dzania procesami wysy\u0142kowymi dla firm\",\"publisher\":{\"@id\":\"https:\\\/\\\/www.apaczka.pl\\\/en\\\/#organization\"},\"potentialAction\":[{\"@type\":\"SearchAction\",\"target\":{\"@type\":\"EntryPoint\",\"urlTemplate\":\"https:\\\/\\\/www.apaczka.pl\\\/en\\\/?s={search_term_string}\"},\"query-input\":{\"@type\":\"PropertyValueSpecification\",\"valueRequired\":true,\"valueName\":\"search_term_string\"}}],\"inLanguage\":\"en-US\"},{\"@type\":\"Organization\",\"@id\":\"https:\\\/\\\/www.apaczka.pl\\\/en\\\/#organization\",\"name\":\"Apaczka\",\"url\":\"https:\\\/\\\/www.apaczka.pl\\\/en\\\/\",\"logo\":{\"@type\":\"ImageObject\",\"inLanguage\":\"en-US\",\"@id\":\"https:\\\/\\\/www.apaczka.pl\\\/en\\\/#\\\/schema\\\/logo\\\/image\\\/\",\"url\":\"https:\\\/\\\/www.apaczka.pl\\\/app\\\/uploads\\\/2024\\\/05\\\/cropped-Apaczka-Full-Logotype-Full-Color.png\",\"contentUrl\":\"https:\\\/\\\/www.apaczka.pl\\\/app\\\/uploads\\\/2024\\\/05\\\/cropped-Apaczka-Full-Logotype-Full-Color.png\",\"width\":1337,\"height\":405,\"caption\":\"Apaczka\"},\"image\":{\"@id\":\"https:\\\/\\\/www.apaczka.pl\\\/en\\\/#\\\/schema\\\/logo\\\/image\\\/\"},\"sameAs\":[\"https:\\\/\\\/www.facebook.com\\\/ApaczkaPL\\\/\",\"https:\\\/\\\/www.linkedin.com\\\/company\\\/apaczka-alsendo-sp-z-o-o\\\/\",\"https:\\\/\\\/www.youtube.com\\\/@apaczka-by-alsendo\",\"https:\\\/\\\/g.co\\\/kgs\\\/Ztnp4yQ\",\"https:\\\/\\\/maps.app.goo.gl\\\/iUwRn8EGrQJAk4LB9\",\"https:\\\/\\\/www.trustpilot.com\\\/review\\\/www.apaczka.pl\",\"https:\\\/\\\/www.crunchbase.com\\\/organization\\\/apaczka\",\"https:\\\/\\\/www.ekomi-pl.com\\\/opinie-apaczka.html\",\"https:\\\/\\\/www.wikidata.org\\\/wiki\\\/Q135189453\"],\"description\":\"Apaczka.pl to platforma technologiczna do zarz\u0105dzania wysy\u0142kami i dostawami dla firm. Jeste\u015bmy sprawdzonym partnerem w zakresie proces\u00f3w wysy\u0142kowych dzia\u0142aj\u0105cym od ponad 15 lat na rynku. Integrujemy szeroki wachlarz us\u0142ug kurierskich oraz dedykowanych us\u0142ug w\u0142asnych skierowanych do wszystkich przedsi\u0119biorc\u00f3w, tak\u017ce tych, kt\u00f3rzy dopiero zaczynaj\u0105 swoj\u0105 dzia\u0142alno\u015b\u0107. Oferowane przez nas rozwi\u0105zania s\u0105 wykorzystywane przez firmy z bran\u017cy e-commerce, du\u017ce podmioty typu marketplace, ale r\u00f3wnie\u017c niewielkie firmy nadaj\u0105ce kilkana\u015bcie przesy\u0142ek miesi\u0119cznie. Konsekwentnie wspieramy firmy w rozwoju ich biznesu, udost\u0119pniaj\u0105c bez \u017cadnych op\u0142at gotowe narz\u0119dzia u\u0142atwiaj\u0105ce codzienn\u0105 logistyk\u0119. Nasi Klienci wysy\u0142aj\u0105 ponad 2,5 miliona przesy\u0142ek ka\u017cdego miesi\u0105ca korzystaj\u0105c z naszych unikalnych technologii. Nasze mocne strony: - Mo\u017cliwo\u015b\u0107 por\u00f3wnania ofert wiod\u0105cych firm kurierskich w Polsce i na \u015bwiecie: DHL, UPS, DPD, Fedex, Poczta Polska, Geis, InPost, GLS, Ambro, Hellmann i wielu innych, - Mo\u017cliwo\u015b\u0107 indywidualnego negocjowania stawek w zale\u017cno\u015bci od ilo\u015bci przesy\u0142ek i ich rodzaju (palety, p\u00f3\u0142palety, przesy\u0142ki krajowe, mi\u0119dzynarodowe), - Jedna, prosta integracja API z wieloma platformami e-commerce, marketplace i systemami ERP, WMS., daj\u0105ca dost\u0119p do ca\u0142ej naszej oferty kurierskiej, - Mo\u017cliwo\u015b\u0107 automatyzacji i optymalizacji proces\u00f3w wysy\u0142kowych, -Indywidualny Opiekun Handlowy zapewniaj\u0105cy wsparcie merytoryczne z zakresu rozwi\u0105za\u0144 kurierskich w zale\u017cno\u015bci od bran\u017cy Klienta, rodzaju przesy\u0142ek i metod dostawy, - Bezp\u0142atne integracje z 50 platformami sklepowymi, mo\u017cliwo\u015b\u0107 import\u00f3w (w tym Allegro) oraz wsparcie dzia\u0142u IT, -Personalizacja komunikacji z odbiorcami przesy\u0142ek na etapie post-checkout, modu\u0142 zwrot\u00f3w i analityka danych logistycznych, -Brak minim\u00f3w wysy\u0142kowych i wygodne formy rozlicze\u0144. Apaczka.pl: por\u00f3wnuj ceny kurier\u00f3w, automatyzuj procesy wysy\u0142kowe.\",\"legalName\":\"Alsendo sp. z o.o.\",\"foundingDate\":\"2009-08-17\",\"vatID\":\"PL8971840043\",\"taxID\":\"367328934\",\"numberOfEmployees\":{\"@type\":\"QuantitativeValue\",\"minValue\":\"51\",\"maxValue\":\"200\"}},{\"@type\":\"Person\",\"@id\":\"https:\\\/\\\/www.apaczka.pl\\\/en\\\/#\\\/schema\\\/person\\\/dc9cd6f6196e657b1a062d0c3022d716\",\"name\":\"Barbara Bochenek\",\"image\":{\"@type\":\"ImageObject\",\"inLanguage\":\"en-US\",\"@id\":\"https:\\\/\\\/www.apaczka.pl\\\/app\\\/uploads\\\/2025\\\/04\\\/cropped-Barbara-Bochenek-96x96.jpg\",\"url\":\"https:\\\/\\\/www.apaczka.pl\\\/app\\\/uploads\\\/2025\\\/04\\\/cropped-Barbara-Bochenek-96x96.jpg\",\"contentUrl\":\"https:\\\/\\\/www.apaczka.pl\\\/app\\\/uploads\\\/2025\\\/04\\\/cropped-Barbara-Bochenek-96x96.jpg\",\"caption\":\"Barbara Bochenek\"},\"description\":\"Pomagam firmom sprawniej zarz\u0105dza\u0107 wysy\u0142k\u0105 i budowa\u0107 przewag\u0119 w logistyce dzi\u0119ki trafnej komunikacji i rzetelnym tre\u015bciom. Jako specjalistka ds. komunikacji i content marketingu z pasj\u0105 do innowacji logistycznych tworz\u0119 artyku\u0142y, e-booki, materia\u0142y edukacyjne i case studies, kt\u00f3re pokazuj\u0105, jak rozwi\u0105zania Apaczka usprawniaj\u0105 procesy i wspieraj\u0105 rozw\u00f3j biznesu. W pracy stawiam na jasny przekaz, konkretne dane i tre\u015bci, kt\u00f3re realnie u\u0142atwiaj\u0105 klientom podejmowanie decyzji.\",\"sameAs\":[\"https:\\\/\\\/www.linkedin.com\\\/in\\\/barbarabochenek\\\/\"],\"jobTitle\":\"Junior Content & Social Media Manager\",\"url\":\"https:\\\/\\\/www.apaczka.pl\\\/en\\\/blog\\\/author\\\/barbara-bochenek\\\/\"}]}<\/script>\n<!-- \/ Yoast SEO Premium plugin. -->","yoast_head_json":{"title":"Wsparcie dla domu dziecka \"Bajkowy dworek\" - Apaczka","robots":{"index":"noindex","follow":"follow"},"og_locale":"en_US","og_type":"article","og_title":"Wsparcie dla domu dziecka \"Bajkowy dworek\"","og_description":"Rozsy\u0142amy dobro! A wiadomo, \u017ce na wysy\u0142ce znamy si\u0119 doskonale.","og_url":"https:\/\/www.apaczka.pl\/en\/aktualnosci\/wsparcie-dla-domu-dziecka-bajkowy-dworek\/","og_site_name":"Apaczka","article_publisher":"https:\/\/www.facebook.com\/ApaczkaPL\/","article_modified_time":"2023-12-21T08:52:11+00:00","og_image":[{"width":1070,"height":456,"url":"https:\/\/www.apaczka.pl\/app\/uploads\/2023\/12\/apaczka.webp","type":"image\/webp"}],"twitter_card":"summary_large_image","twitter_misc":{"Est. reading time":"1 minute"},"schema":{"@context":"https:\/\/schema.org","@graph":[{"@type":"NewsArticle","@id":"https:\/\/www.apaczka.pl\/en\/aktualnosci\/wsparcie-dla-domu-dziecka-bajkowy-dworek\/#article","isPartOf":{"@id":"https:\/\/www.apaczka.pl\/en\/aktualnosci\/wsparcie-dla-domu-dziecka-bajkowy-dworek\/"},"author":{"name":"Barbara Bochenek","@id":"https:\/\/www.apaczka.pl\/en\/#\/schema\/person\/dc9cd6f6196e657b1a062d0c3022d716"},"headline":"Wsparcie dla domu dziecka &#8220;Bajkowy dworek&#8221;","datePublished":"2023-12-20T21:58:47+00:00","dateModified":"2023-12-21T08:52:11+00:00","mainEntityOfPage":{"@id":"https:\/\/www.apaczka.pl\/en\/aktualnosci\/wsparcie-dla-domu-dziecka-bajkowy-dworek\/"},"wordCount":150,"publisher":{"@id":"https:\/\/www.apaczka.pl\/en\/#organization"},"image":{"@id":"https:\/\/www.apaczka.pl\/en\/aktualnosci\/wsparcie-dla-domu-dziecka-bajkowy-dworek\/#primaryimage"},"thumbnailUrl":"https:\/\/www.apaczka.pl\/app\/uploads\/2023\/12\/apaczka.webp","inLanguage":"en-US"},{"@type":"WebPage","@id":"https:\/\/www.apaczka.pl\/en\/aktualnosci\/wsparcie-dla-domu-dziecka-bajkowy-dworek\/","url":"https:\/\/www.apaczka.pl\/en\/aktualnosci\/wsparcie-dla-domu-dziecka-bajkowy-dworek\/","name":"Wsparcie dla domu dziecka \"Bajkowy dworek\" - Apaczka","isPartOf":{"@id":"https:\/\/www.apaczka.pl\/en\/#website"},"primaryImageOfPage":{"@id":"https:\/\/www.apaczka.pl\/en\/aktualnosci\/wsparcie-dla-domu-dziecka-bajkowy-dworek\/#primaryimage"},"image":{"@id":"https:\/\/www.apaczka.pl\/en\/aktualnosci\/wsparcie-dla-domu-dziecka-bajkowy-dworek\/#primaryimage"},"thumbnailUrl":"https:\/\/www.apaczka.pl\/app\/uploads\/2023\/12\/apaczka.webp","datePublished":"2023-12-20T21:58:47+00:00","dateModified":"2023-12-21T08:52:11+00:00","breadcrumb":{"@id":"https:\/\/www.apaczka.pl\/en\/aktualnosci\/wsparcie-dla-domu-dziecka-bajkowy-dworek\/#breadcrumb"},"inLanguage":"en-US","potentialAction":[{"@type":"ReadAction","target":["https:\/\/www.apaczka.pl\/en\/aktualnosci\/wsparcie-dla-domu-dziecka-bajkowy-dworek\/"]}]},{"@type":"ImageObject","inLanguage":"en-US","@id":"https:\/\/www.apaczka.pl\/en\/aktualnosci\/wsparcie-dla-domu-dziecka-bajkowy-dworek\/#primaryimage","url":"https:\/\/www.apaczka.pl\/app\/uploads\/2023\/12\/apaczka.webp","contentUrl":"https:\/\/www.apaczka.pl\/app\/uploads\/2023\/12\/apaczka.webp","width":1070,"height":456,"caption":"bajkowy dworek"},{"@type":"BreadcrumbList","@id":"https:\/\/www.apaczka.pl\/en\/aktualnosci\/wsparcie-dla-domu-dziecka-bajkowy-dworek\/#breadcrumb","itemListElement":[{"@type":"ListItem","position":1,"name":"Apaczka","item":"https:\/\/www.apaczka.pl\/en\/"},{"@type":"ListItem","position":2,"name":"Aktualno\u015bci","item":"https:\/\/www.apaczka.pl\/en\/aktualnosci\/"},{"@type":"ListItem","position":3,"name":"CSR - Spo\u0142eczna odpowiedzialno\u015b\u0107 biznesu","item":"https:\/\/www.apaczka.pl\/en\/aktualnosci\/category\/csr-spoleczna-odpowiedzialnosc-biznesu\/"},{"@type":"ListItem","position":4,"name":"Wsparcie dla domu dziecka &#8222;Bajkowy dworek&#8221;"}]},{"@type":"WebSite","@id":"https:\/\/www.apaczka.pl\/en\/#website","url":"https:\/\/www.apaczka.pl\/en\/","name":"Apaczka","description":"Rozwi\u0105zania do zarz\u0105dzania procesami wysy\u0142kowymi dla firm","publisher":{"@id":"https:\/\/www.apaczka.pl\/en\/#organization"},"potentialAction":[{"@type":"SearchAction","target":{"@type":"EntryPoint","urlTemplate":"https:\/\/www.apaczka.pl\/en\/?s={search_term_string}"},"query-input":{"@type":"PropertyValueSpecification","valueRequired":true,"valueName":"search_term_string"}}],"inLanguage":"en-US"},{"@type":"Organization","@id":"https:\/\/www.apaczka.pl\/en\/#organization","name":"Apaczka","url":"https:\/\/www.apaczka.pl\/en\/","logo":{"@type":"ImageObject","inLanguage":"en-US","@id":"https:\/\/www.apaczka.pl\/en\/#\/schema\/logo\/image\/","url":"https:\/\/www.apaczka.pl\/app\/uploads\/2024\/05\/cropped-Apaczka-Full-Logotype-Full-Color.png","contentUrl":"https:\/\/www.apaczka.pl\/app\/uploads\/2024\/05\/cropped-Apaczka-Full-Logotype-Full-Color.png","width":1337,"height":405,"caption":"Apaczka"},"image":{"@id":"https:\/\/www.apaczka.pl\/en\/#\/schema\/logo\/image\/"},"sameAs":["https:\/\/www.facebook.com\/ApaczkaPL\/","https:\/\/www.linkedin.com\/company\/apaczka-alsendo-sp-z-o-o\/","https:\/\/www.youtube.com\/@apaczka-by-alsendo","https:\/\/g.co\/kgs\/Ztnp4yQ","https:\/\/maps.app.goo.gl\/iUwRn8EGrQJAk4LB9","https:\/\/www.trustpilot.com\/review\/www.apaczka.pl","https:\/\/www.crunchbase.com\/organization\/apaczka","https:\/\/www.ekomi-pl.com\/opinie-apaczka.html","https:\/\/www.wikidata.org\/wiki\/Q135189453"],"description":"Apaczka.pl to platforma technologiczna do zarz\u0105dzania wysy\u0142kami i dostawami dla firm. Jeste\u015bmy sprawdzonym partnerem w zakresie proces\u00f3w wysy\u0142kowych dzia\u0142aj\u0105cym od ponad 15 lat na rynku. Integrujemy szeroki wachlarz us\u0142ug kurierskich oraz dedykowanych us\u0142ug w\u0142asnych skierowanych do wszystkich przedsi\u0119biorc\u00f3w, tak\u017ce tych, kt\u00f3rzy dopiero zaczynaj\u0105 swoj\u0105 dzia\u0142alno\u015b\u0107. Oferowane przez nas rozwi\u0105zania s\u0105 wykorzystywane przez firmy z bran\u017cy e-commerce, du\u017ce podmioty typu marketplace, ale r\u00f3wnie\u017c niewielkie firmy nadaj\u0105ce kilkana\u015bcie przesy\u0142ek miesi\u0119cznie. Konsekwentnie wspieramy firmy w rozwoju ich biznesu, udost\u0119pniaj\u0105c bez \u017cadnych op\u0142at gotowe narz\u0119dzia u\u0142atwiaj\u0105ce codzienn\u0105 logistyk\u0119. Nasi Klienci wysy\u0142aj\u0105 ponad 2,5 miliona przesy\u0142ek ka\u017cdego miesi\u0105ca korzystaj\u0105c z naszych unikalnych technologii. Nasze mocne strony: - Mo\u017cliwo\u015b\u0107 por\u00f3wnania ofert wiod\u0105cych firm kurierskich w Polsce i na \u015bwiecie: DHL, UPS, DPD, Fedex, Poczta Polska, Geis, InPost, GLS, Ambro, Hellmann i wielu innych, - Mo\u017cliwo\u015b\u0107 indywidualnego negocjowania stawek w zale\u017cno\u015bci od ilo\u015bci przesy\u0142ek i ich rodzaju (palety, p\u00f3\u0142palety, przesy\u0142ki krajowe, mi\u0119dzynarodowe), - Jedna, prosta integracja API z wieloma platformami e-commerce, marketplace i systemami ERP, WMS., daj\u0105ca dost\u0119p do ca\u0142ej naszej oferty kurierskiej, - Mo\u017cliwo\u015b\u0107 automatyzacji i optymalizacji proces\u00f3w wysy\u0142kowych, -Indywidualny Opiekun Handlowy zapewniaj\u0105cy wsparcie merytoryczne z zakresu rozwi\u0105za\u0144 kurierskich w zale\u017cno\u015bci od bran\u017cy Klienta, rodzaju przesy\u0142ek i metod dostawy, - Bezp\u0142atne integracje z 50 platformami sklepowymi, mo\u017cliwo\u015b\u0107 import\u00f3w (w tym Allegro) oraz wsparcie dzia\u0142u IT, -Personalizacja komunikacji z odbiorcami przesy\u0142ek na etapie post-checkout, modu\u0142 zwrot\u00f3w i analityka danych logistycznych, -Brak minim\u00f3w wysy\u0142kowych i wygodne formy rozlicze\u0144. Apaczka.pl: por\u00f3wnuj ceny kurier\u00f3w, automatyzuj procesy wysy\u0142kowe.","legalName":"Alsendo sp. z o.o.","foundingDate":"2009-08-17","vatID":"PL8971840043","taxID":"367328934","numberOfEmployees":{"@type":"QuantitativeValue","minValue":"51","maxValue":"200"}},{"@type":"Person","@id":"https:\/\/www.apaczka.pl\/en\/#\/schema\/person\/dc9cd6f6196e657b1a062d0c3022d716","name":"Barbara Bochenek","image":{"@type":"ImageObject","inLanguage":"en-US","@id":"https:\/\/www.apaczka.pl\/app\/uploads\/2025\/04\/cropped-Barbara-Bochenek-96x96.jpg","url":"https:\/\/www.apaczka.pl\/app\/uploads\/2025\/04\/cropped-Barbara-Bochenek-96x96.jpg","contentUrl":"https:\/\/www.apaczka.pl\/app\/uploads\/2025\/04\/cropped-Barbara-Bochenek-96x96.jpg","caption":"Barbara Bochenek"},"description":"Pomagam firmom sprawniej zarz\u0105dza\u0107 wysy\u0142k\u0105 i budowa\u0107 przewag\u0119 w logistyce dzi\u0119ki trafnej komunikacji i rzetelnym tre\u015bciom. Jako specjalistka ds. komunikacji i content marketingu z pasj\u0105 do innowacji logistycznych tworz\u0119 artyku\u0142y, e-booki, materia\u0142y edukacyjne i case studies, kt\u00f3re pokazuj\u0105, jak rozwi\u0105zania Apaczka usprawniaj\u0105 procesy i wspieraj\u0105 rozw\u00f3j biznesu. W pracy stawiam na jasny przekaz, konkretne dane i tre\u015bci, kt\u00f3re realnie u\u0142atwiaj\u0105 klientom podejmowanie decyzji.","sameAs":["https:\/\/www.linkedin.com\/in\/barbarabochenek\/"],"jobTitle":"Junior Content & Social Media Manager","url":"https:\/\/www.apaczka.pl\/en\/blog\/author\/barbara-bochenek\/"}]}},"_links":{"self":[{"href":"https:\/\/www.apaczka.pl\/en\/wp-json\/wp\/v2\/news\/22695","targetHints":{"allow":["GET"]}}],"collection":[{"href":"https:\/\/www.apaczka.pl\/en\/wp-json\/wp\/v2\/news"}],"about":[{"href":"https:\/\/www.apaczka.pl\/en\/wp-json\/wp\/v2\/types\/news"}],"author":[{"embeddable":true,"href":"https:\/\/www.apaczka.pl\/en\/wp-json\/wp\/v2\/users\/10"}],"version-history":[{"count":7,"href":"https:\/\/www.apaczka.pl\/en\/wp-json\/wp\/v2\/news\/22695\/revisions"}],"predecessor-version":[{"id":22722,"href":"https:\/\/www.apaczka.pl\/en\/wp-json\/wp\/v2\/news\/22695\/revisions\/22722"}],"wp:featuredmedia":[{"embeddable":true,"href":"https:\/\/www.apaczka.pl\/en\/wp-json\/wp\/v2\/media\/22698"}],"wp:attachment":[{"href":"https:\/\/www.apaczka.pl\/en\/wp-json\/wp\/v2\/media?parent=22695"}],"wp:term":[{"taxonomy":"news_category","embeddable":true,"href":"https:\/\/www.apaczka.pl\/en\/wp-json\/wp\/v2\/news_category?post=22695"},{"taxonomy":"news_tag","embeddable":true,"href":"https:\/\/www.apaczka.pl\/en\/wp-json\/wp\/v2\/news_tag?post=22695"}],"curies":[{"name":"wp","href":"https:\/\/api.w.org\/{rel}","templated":true}]}}