{"id":18599,"date":"2023-04-25T13:21:43","date_gmt":"2023-04-25T13:21:43","guid":{"rendered":"https:\/\/www.apaczka.pl\/?post_type=news&#038;p=18599"},"modified":"2023-04-25T13:41:50","modified_gmt":"2023-04-25T13:41:50","slug":"harmonogram-pracy-firm-kurierskich-majowka-2023","status":"publish","type":"news","link":"https:\/\/www.apaczka.pl\/en\/aktualnosci\/harmonogram-pracy-firm-kurierskich-majowka-2023\/","title":{"rendered":"Harmonogram pracy firm kurierskich- maj\u00f3wka 2023"},"content":{"rendered":"\n<p><\/p>\n\n\n<ul>\n<li><b>InPost<\/b><\/li>\n<\/ul>\n<p><b>29.04<\/b><span style=\"font-weight: 400;\"> (sobota) &#8211; <\/span><span style=\"font-weight: 400;\">przesy\u0142ki z us\u0142ug\u0105 dodatkow\u0105 \u201edor\u0119czenie w sobot\u0119\u201d b\u0119d\u0105 realizowane zgodnie ze zleceniem,<\/span><\/p>\n<p><b>1.05<\/b><span style=\"font-weight: 400;\"> (poniedzia\u0142ek) \u015awi\u0119to Pracy- <\/span><b>dzie\u0144 wolny od pracy,<\/b><\/p>\n<p><b>2.05 <\/b><span style=\"font-weight: 400;\">(wtorek) standardowy tryb pracy,<\/span><\/p>\n<p><b>3.05<\/b><span style=\"font-weight: 400;\"> (\u015broda) \u015awi\u0119to Konstytucji- <\/span><b>dzie\u0144 wolny od pracy.<\/b><\/p>\n<ul>\n<li><b>DPD<\/b><\/li>\n<\/ul>\n<p><b>28.04 <\/b><span style=\"font-weight: 400;\">(pi\u0105tek)- paczki nadane w tym dniu b\u0119d\u0105 w dor\u0119czeniu we wtorek 2 maja,<\/span><\/p>\n<p><b>29.04 <\/b><span style=\"font-weight: 400;\">(sobota)- <\/span><span style=\"font-weight: 400;\">przesy\u0142ki z us\u0142ug\u0105 dodatkow\u0105 \u201edor\u0119czenie w sobot\u0119\u201d b\u0119d\u0105 realizowane zgodnie ze zleceniem. Paczki nadane w sobot\u0119 b\u0119d\u0105 w dor\u0119czeniu w czwartek 4 maja.<\/span><\/p>\n<p><b>1.05 <\/b><span style=\"font-weight: 400;\">(poniedzia\u0142ek)<\/span> <span style=\"font-weight: 400;\">\u015awi\u0119to Pracy- <\/span><b>dzie\u0144 wolny od pracy,<\/b><\/p>\n<p><b>2.05 <\/b><span style=\"font-weight: 400;\">(wtorek) paczki nadane tego dnia b\u0119d\u0105 w dor\u0119czeniu w czwartek 4 maja,<\/span><\/p>\n<p><b>3.05<\/b><span style=\"font-weight: 400;\"> (\u015broda) <\/span><span style=\"font-weight: 400;\">\u015awi\u0119to Konstytucji- <\/span><b>dzie\u0144 wolny od pracy.<\/b><\/p>\n<ul>\n<li><b>DHL\u00a0<\/b><\/li>\n<\/ul>\n<p><b>28.04 <\/b><span style=\"font-weight: 400;\">(pi\u0105tek)- standardowy tryb pracy. Kurierzy nie odbieraj\u0105 przesy\u0142ek z dor\u0119czeniem na sobot\u0119 29.04.\u00a0<\/span><\/p>\n<p><b>29.04 <\/b><span style=\"font-weight: 400;\">(sobota)- <\/span><b>dzie\u0144 wolny od pracy,<\/b><\/p>\n<p><b>1.05 <\/b><span style=\"font-weight: 400;\">(poniedzia\u0142ek) <\/span><span style=\"font-weight: 400;\">\u015awi\u0119to Pracy- <\/span><b>dzie\u0144 wolny od pracy,<\/b><\/p>\n<p><b>2.05 <\/b><span style=\"font-weight: 400;\">(wtorek) paczki nadane tego dnia b\u0119d\u0105 w dor\u0119czeniu w czwartek 4 maja,<\/span><\/p>\n<p><b>3.05<\/b><span style=\"font-weight: 400;\"> (\u015broda) <\/span><span style=\"font-weight: 400;\">\u015awi\u0119to Konstytucji- <\/span><b>dzie\u0144 wolny od pracy.<\/b><\/p>\n<ul>\n<li><b>UPS<\/b><\/li>\n<\/ul>\n<p><b>28.04 <\/b><span style=\"font-weight: 400;\">(pi\u0105tek)- <\/span><span style=\"font-weight: 400;\">paczki nadane tego dnia b\u0119d\u0105 w dor\u0119czeniu we wtorek 2 maja,<\/span><\/p>\n<p><b>29.04 <\/b><span style=\"font-weight: 400;\">(sobota)- <\/span><span style=\"font-weight: 400;\">przesy\u0142ki z us\u0142ug\u0105 dodatkow\u0105 \u201edor\u0119czenie w sobot\u0119\u201d b\u0119d\u0105 realizowane zgodnie ze zleceniem,<\/span><\/p>\n<p><b>1.05 <\/b><span style=\"font-weight: 400;\">(poniedzia\u0142ek) <\/span><span style=\"font-weight: 400;\">\u015awi\u0119to Pracy- <\/span><b>dzie\u0144 wolny od pracy,<\/b><\/p>\n<p><b>2.05 <\/b><span style=\"font-weight: 400;\">(wtorek) paczki nadane tego dnia b\u0119d\u0105 w dor\u0119czeniu w czwartek 4 maja,<\/span><\/p>\n<p><b>3.05<\/b><span style=\"font-weight: 400;\"> (\u015broda) <\/span><span style=\"font-weight: 400;\">\u015awi\u0119to Konstytucji- <\/span><b>dzie\u0144 wolny od pracy.<\/b><\/p>\n<ul>\n<li><b>GLS<\/b><\/li>\n<\/ul>\n<p><b>28.04 <\/b><span style=\"font-weight: 400;\">(pi\u0105tek)- <\/span><span style=\"font-weight: 400;\">paczki nadane tego dnia b\u0119d\u0105 w dor\u0119czeniu we wtorek 2 maja,<\/span><\/p>\n<p><b>29.04 <\/b><span style=\"font-weight: 400;\">(sobota)- <\/span><span style=\"font-weight: 400;\">przesy\u0142ki z us\u0142ug\u0105 dodatkow\u0105 \u201edor\u0119czenie w sobot\u0119\u201d b\u0119d\u0105 realizowane zgodnie ze zleceniem. Godziny pracy filii oraz Infolinii GLS pozostaj\u0105 bez zmian.<\/span><\/p>\n<p><b>1.05 <\/b><span style=\"font-weight: 400;\">(poniedzia\u0142ek) <\/span><span style=\"font-weight: 400;\">\u015awi\u0119to Pracy- <\/span><b>dzie\u0144 wolny od pracy,<\/b><\/p>\n<p><b>2.05 <\/b><span style=\"font-weight: 400;\">(wtorek) paczki nadane tego dnia b\u0119d\u0105 w dor\u0119czeniu w czwartek 4 maja. Godziny pracy filii oraz Infolinii GLS pozostaj\u0105 bez zmian.<\/span><\/p>\n<p><b>3.05<\/b><span style=\"font-weight: 400;\"> (\u015broda) <\/span><span style=\"font-weight: 400;\">\u015awi\u0119to Konstytucji- <\/span><b>dzie\u0144 wolny od pracy.<\/b><\/p>\n<ul>\n<li><b>Geis<\/b><\/li>\n<\/ul>\n<p><b>28.04 <\/b><span style=\"font-weight: 400;\">(pi\u0105tek)- <\/span><span style=\"font-weight: 400;\">przesy\u0142ki nadane w tym dniu\u00a0 b\u0119d\u0105 mia\u0142y wyd\u0142u\u017cony termin dor\u0119cze\u0144 w zwi\u0105zku z ograniczeniem dystrybucji.<\/span><\/p>\n<p><b>1.05 <\/b><span style=\"font-weight: 400;\">(poniedzia\u0142ek) <\/span><span style=\"font-weight: 400;\">\u015awi\u0119to Pracy- <\/span><b>dzie\u0144 wolny od pracy,<\/b><\/p>\n<p><b>2.05 <\/b><span style=\"font-weight: 400;\">(wtorek) serwis odbior\u00f3w oraz dystrybucji b\u0119dzie ograniczony do 50 km od Oddzia\u0142u.Przesy\u0142ki nadane w tym dniu\u00a0 b\u0119d\u0105 mia\u0142y wyd\u0142u\u017cony termin dor\u0119cze\u0144 w zwi\u0105zku z ograniczeniem dystrybucji.<\/span><\/p>\n<p><b>3.05<\/b><span style=\"font-weight: 400;\"> (\u015broda) <\/span><span style=\"font-weight: 400;\">\u015awi\u0119to Konstytucji- <\/span><b>dzie\u0144 wolny od pracy.<\/b><\/p>\n<ul>\n<li><b>ORLEN paczka<\/b><\/li>\n<\/ul>\n<p><b>1.05 <\/b><span style=\"font-weight: 400;\">(poniedzia\u0142ek) <\/span><span style=\"font-weight: 400;\">\u015awi\u0119to Pracy- <\/span><b>dzie\u0144 wolny od pracy,<\/b><\/p>\n<p><b>2.05 <\/b><span style=\"font-weight: 400;\">(wtorek) standardowy tryb pracy,\u00a0<\/span><\/p>\n<p><b>3.05<\/b><span style=\"font-weight: 400;\"> (\u015broda) <\/span><span style=\"font-weight: 400;\">\u015awi\u0119to Konstytucji- <\/span><b>dzie\u0144 wolny od pracy.<\/b><\/p>\n<ul>\n<li><b>Itaxi (iPaczka)\u00a0<\/b><\/li>\n<\/ul>\n<p><b>1.05 <\/b><span style=\"font-weight: 400;\">(poniedzia\u0142ek) <\/span><span style=\"font-weight: 400;\">\u015awi\u0119to Pracy- <\/span><b>dzie\u0144 wolny od pracy,<\/b><\/p>\n<p><b>2.05 <\/b><span style=\"font-weight: 400;\">(wtorek) standardowy tryb pracy,\u00a0<\/span><\/p>\n<p><b>3.05<\/b><span style=\"font-weight: 400;\"> (\u015broda) <\/span><span style=\"font-weight: 400;\">\u015awi\u0119to Konstytucji- <\/span><b>dzie\u0144 wolny od pracy.<\/b><\/p>\n<ul>\n<li><b>Hellmann<\/b><\/li>\n<\/ul>\n<p><b>1.05 <\/b><span style=\"font-weight: 400;\">(poniedzia\u0142ek) <\/span><span style=\"font-weight: 400;\">\u015awi\u0119to Pracy- <\/span><b>dzie\u0144 wolny od pracy,<\/b><\/p>\n<p><b>2.05 <\/b><span style=\"font-weight: 400;\">(wtorek) dystrybucja ograniczona do 25 km od oddzia\u0142u. W celu unikni\u0119cia op\u0142at za ponowne pr\u00f3by dostawy, prosimy o weryfikacj\u0119 czy odbiorcy towaru z zaplanowan\u0105 dostaw\u0105 na 02.05 b\u0119d\u0105 pracowa\u0107 w tym dniu i czy b\u0119d\u0105 obecni pod wskazanym adresem.\u00a0<\/span><\/p>\n<p><b>3.05<\/b><span style=\"font-weight: 400;\"> (\u015broda) <\/span><span style=\"font-weight: 400;\">\u015awi\u0119to Konstytucji- <\/span><b>dzie\u0144 wolny od pracy.<\/b><\/p>\n<ul>\n<li><b>Rhenus<\/b><\/li>\n<\/ul>\n<p><b>1.05 <\/b><span style=\"font-weight: 400;\">(poniedzia\u0142ek) <\/span><span style=\"font-weight: 400;\">\u015awi\u0119to Pracy- <\/span><b>dzie\u0144 wolny od pracy,<\/b><\/p>\n<p><b>2.05 <\/b><span style=\"font-weight: 400;\">(wtorek) odbiory realizowane b\u0119d\u0105 wed\u0142ug harmonogramu:<\/span><\/p>\n<p><span style=\"font-weight: 400;\">Radonice \u2013 do 50 km od oddzia\u0142u;<\/span><\/p>\n<p><span style=\"font-weight: 400;\">\u0141\u00f3d\u017a &#8211; do 50 km od oddzia\u0142u;<\/span><\/p>\n<p><span style=\"font-weight: 400;\">Gliwice &#8211; do 50 km od oddzia\u0142u;<\/span><\/p>\n<p><span style=\"font-weight: 400;\">Wroc\u0142aw &#8211; do 50 km od oddzia\u0142u;<\/span><\/p>\n<p><span style=\"font-weight: 400;\">Pozna\u0144 &#8211; do 50 km od oddzia\u0142u;<\/span><\/p>\n<p><span style=\"font-weight: 400;\">Krak\u00f3w &#8211; do 50 km od oddzia\u0142u;<\/span><\/p>\n<p><span style=\"font-weight: 400;\">Warszawa &#8211; do 50 km od oddzia\u0142u;<\/span><\/p>\n<p><span style=\"font-weight: 400;\">Jankowo Gda\u0144skie \u2013 do 50 km od oddzia\u0142u;<\/span><\/p>\n<p><span style=\"font-weight: 400;\">Rzesz\u00f3w \u2013 tylko Rzesz\u00f3w;<\/span><\/p>\n<p><span style=\"font-weight: 400;\">Bydgoszcz \u2013 tylko Toru\u0144;<\/span><\/p>\n<p><span style=\"font-weight: 400;\">Bia\u0142ystok \u2013 tylko Bia\u0142ystok;<\/span><\/p>\n<p><span style=\"font-weight: 400;\">Lublin \u2013 tylko Lublin;<\/span><\/p>\n<p><span style=\"font-weight: 400;\">Szczecin \u2013 tylko Szczecin;<\/span><\/p>\n<p><span style=\"font-weight: 400;\">Olsztyn \u2013 tylko Olszty<\/span><span style=\"font-weight: 400;\">n.<\/span><\/p>\n\n\n<p><strong>3.05<\/strong> (\u015broda) \u015awi\u0119to Konstytucji- <strong>dzie\u0144 wolny od pracy.<\/strong><\/p>\n","protected":false},"excerpt":{"rendered":"<p>Czy firmy kurierskie pracuj\u0105 w maj\u00f3wk\u0119 2023? Jak wygl\u0105da harmonogram ich pracy w tych dniach? Zebrali\u015bmy dla Was najwa\u017cniejsze informacje.<\/p>\n","protected":false},"author":10,"featured_media":18601,"template":"","meta":{"_acf_changed":false,"footnotes":""},"news_category":[],"news_tag":[],"class_list":["post-18599","news","type-news","status-publish","has-post-thumbnail","hentry"],"acf":[],"yoast_head":"<!-- This site is optimized with the Yoast SEO Premium plugin v27.3 (Yoast SEO v27.3) - https:\/\/yoast.com\/product\/yoast-seo-premium-wordpress\/ -->\n<title>Harmonogram pracy firm kurierskich- maj\u00f3wka 2023 - Apaczka<\/title>\n<meta name=\"robots\" content=\"noindex, follow\" \/>\n<meta property=\"og:locale\" content=\"en_US\" \/>\n<meta property=\"og:type\" content=\"article\" \/>\n<meta property=\"og:title\" content=\"Harmonogram pracy firm kurierskich- maj\u00f3wka 2023\" \/>\n<meta property=\"og:description\" content=\"Czy firmy kurierskie pracuj\u0105 w maj\u00f3wk\u0119 2023? Jak wygl\u0105da harmonogram ich pracy w tych dniach? Zebrali\u015bmy dla Was najwa\u017cniejsze informacje.\" \/>\n<meta property=\"og:url\" content=\"https:\/\/www.apaczka.pl\/en\/aktualnosci\/harmonogram-pracy-firm-kurierskich-majowka-2023\/\" \/>\n<meta property=\"og:site_name\" content=\"Apaczka\" \/>\n<meta property=\"article:publisher\" content=\"https:\/\/www.facebook.com\/ApaczkaPL\/\" \/>\n<meta property=\"article:modified_time\" content=\"2023-04-25T13:41:50+00:00\" \/>\n<meta property=\"og:image\" content=\"https:\/\/www.apaczka.pl\/app\/uploads\/2023\/04\/praca-kurierow-apaczka.jpg\" \/>\n\t<meta property=\"og:image:width\" content=\"1070\" \/>\n\t<meta property=\"og:image:height\" content=\"456\" \/>\n\t<meta property=\"og:image:type\" content=\"image\/jpeg\" \/>\n<meta name=\"twitter:card\" content=\"summary_large_image\" \/>\n<script type=\"application\/ld+json\" class=\"yoast-schema-graph\">{\"@context\":\"https:\\\/\\\/schema.org\",\"@graph\":[{\"@type\":\"NewsArticle\",\"@id\":\"https:\\\/\\\/www.apaczka.pl\\\/en\\\/aktualnosci\\\/harmonogram-pracy-firm-kurierskich-majowka-2023\\\/#article\",\"isPartOf\":{\"@id\":\"https:\\\/\\\/www.apaczka.pl\\\/en\\\/aktualnosci\\\/harmonogram-pracy-firm-kurierskich-majowka-2023\\\/\"},\"author\":{\"name\":\"Barbara Bochenek\",\"@id\":\"https:\\\/\\\/www.apaczka.pl\\\/en\\\/#\\\/schema\\\/person\\\/dc9cd6f6196e657b1a062d0c3022d716\"},\"headline\":\"Harmonogram pracy firm kurierskich- maj\u00f3wka 2023\",\"datePublished\":\"2023-04-25T13:21:43+00:00\",\"dateModified\":\"2023-04-25T13:41:50+00:00\",\"mainEntityOfPage\":{\"@id\":\"https:\\\/\\\/www.apaczka.pl\\\/en\\\/aktualnosci\\\/harmonogram-pracy-firm-kurierskich-majowka-2023\\\/\"},\"wordCount\":615,\"publisher\":{\"@id\":\"https:\\\/\\\/www.apaczka.pl\\\/en\\\/#organization\"},\"image\":{\"@id\":\"https:\\\/\\\/www.apaczka.pl\\\/en\\\/aktualnosci\\\/harmonogram-pracy-firm-kurierskich-majowka-2023\\\/#primaryimage\"},\"thumbnailUrl\":\"https:\\\/\\\/www.apaczka.pl\\\/app\\\/uploads\\\/2023\\\/04\\\/praca-kurierow-apaczka.jpg\",\"inLanguage\":\"en-US\"},{\"@type\":\"WebPage\",\"@id\":\"https:\\\/\\\/www.apaczka.pl\\\/en\\\/aktualnosci\\\/harmonogram-pracy-firm-kurierskich-majowka-2023\\\/\",\"url\":\"https:\\\/\\\/www.apaczka.pl\\\/en\\\/aktualnosci\\\/harmonogram-pracy-firm-kurierskich-majowka-2023\\\/\",\"name\":\"Harmonogram pracy firm kurierskich- maj\u00f3wka 2023 - Apaczka\",\"isPartOf\":{\"@id\":\"https:\\\/\\\/www.apaczka.pl\\\/en\\\/#website\"},\"primaryImageOfPage\":{\"@id\":\"https:\\\/\\\/www.apaczka.pl\\\/en\\\/aktualnosci\\\/harmonogram-pracy-firm-kurierskich-majowka-2023\\\/#primaryimage\"},\"image\":{\"@id\":\"https:\\\/\\\/www.apaczka.pl\\\/en\\\/aktualnosci\\\/harmonogram-pracy-firm-kurierskich-majowka-2023\\\/#primaryimage\"},\"thumbnailUrl\":\"https:\\\/\\\/www.apaczka.pl\\\/app\\\/uploads\\\/2023\\\/04\\\/praca-kurierow-apaczka.jpg\",\"datePublished\":\"2023-04-25T13:21:43+00:00\",\"dateModified\":\"2023-04-25T13:41:50+00:00\",\"breadcrumb\":{\"@id\":\"https:\\\/\\\/www.apaczka.pl\\\/en\\\/aktualnosci\\\/harmonogram-pracy-firm-kurierskich-majowka-2023\\\/#breadcrumb\"},\"inLanguage\":\"en-US\",\"potentialAction\":[{\"@type\":\"ReadAction\",\"target\":[\"https:\\\/\\\/www.apaczka.pl\\\/en\\\/aktualnosci\\\/harmonogram-pracy-firm-kurierskich-majowka-2023\\\/\"]}]},{\"@type\":\"ImageObject\",\"inLanguage\":\"en-US\",\"@id\":\"https:\\\/\\\/www.apaczka.pl\\\/en\\\/aktualnosci\\\/harmonogram-pracy-firm-kurierskich-majowka-2023\\\/#primaryimage\",\"url\":\"https:\\\/\\\/www.apaczka.pl\\\/app\\\/uploads\\\/2023\\\/04\\\/praca-kurierow-apaczka.jpg\",\"contentUrl\":\"https:\\\/\\\/www.apaczka.pl\\\/app\\\/uploads\\\/2023\\\/04\\\/praca-kurierow-apaczka.jpg\",\"width\":1070,\"height\":456},{\"@type\":\"BreadcrumbList\",\"@id\":\"https:\\\/\\\/www.apaczka.pl\\\/en\\\/aktualnosci\\\/harmonogram-pracy-firm-kurierskich-majowka-2023\\\/#breadcrumb\",\"itemListElement\":[{\"@type\":\"ListItem\",\"position\":1,\"name\":\"Apaczka\",\"item\":\"https:\\\/\\\/www.apaczka.pl\\\/en\\\/\"},{\"@type\":\"ListItem\",\"position\":2,\"name\":\"Aktualno\u015bci\",\"item\":\"https:\\\/\\\/www.apaczka.pl\\\/en\\\/aktualnosci\\\/\"},{\"@type\":\"ListItem\",\"position\":3,\"name\":\"Harmonogram pracy firm kurierskich- maj\u00f3wka 2023\"}]},{\"@type\":\"WebSite\",\"@id\":\"https:\\\/\\\/www.apaczka.pl\\\/en\\\/#website\",\"url\":\"https:\\\/\\\/www.apaczka.pl\\\/en\\\/\",\"name\":\"Apaczka\",\"description\":\"Rozwi\u0105zania do zarz\u0105dzania procesami wysy\u0142kowymi dla firm\",\"publisher\":{\"@id\":\"https:\\\/\\\/www.apaczka.pl\\\/en\\\/#organization\"},\"potentialAction\":[{\"@type\":\"SearchAction\",\"target\":{\"@type\":\"EntryPoint\",\"urlTemplate\":\"https:\\\/\\\/www.apaczka.pl\\\/en\\\/?s={search_term_string}\"},\"query-input\":{\"@type\":\"PropertyValueSpecification\",\"valueRequired\":true,\"valueName\":\"search_term_string\"}}],\"inLanguage\":\"en-US\"},{\"@type\":\"Organization\",\"@id\":\"https:\\\/\\\/www.apaczka.pl\\\/en\\\/#organization\",\"name\":\"Apaczka\",\"url\":\"https:\\\/\\\/www.apaczka.pl\\\/en\\\/\",\"logo\":{\"@type\":\"ImageObject\",\"inLanguage\":\"en-US\",\"@id\":\"https:\\\/\\\/www.apaczka.pl\\\/en\\\/#\\\/schema\\\/logo\\\/image\\\/\",\"url\":\"https:\\\/\\\/www.apaczka.pl\\\/app\\\/uploads\\\/2024\\\/05\\\/cropped-Apaczka-Full-Logotype-Full-Color.png\",\"contentUrl\":\"https:\\\/\\\/www.apaczka.pl\\\/app\\\/uploads\\\/2024\\\/05\\\/cropped-Apaczka-Full-Logotype-Full-Color.png\",\"width\":1337,\"height\":405,\"caption\":\"Apaczka\"},\"image\":{\"@id\":\"https:\\\/\\\/www.apaczka.pl\\\/en\\\/#\\\/schema\\\/logo\\\/image\\\/\"},\"sameAs\":[\"https:\\\/\\\/www.facebook.com\\\/ApaczkaPL\\\/\",\"https:\\\/\\\/www.linkedin.com\\\/company\\\/apaczka-alsendo-sp-z-o-o\\\/\",\"https:\\\/\\\/www.youtube.com\\\/@apaczka-by-alsendo\",\"https:\\\/\\\/g.co\\\/kgs\\\/Ztnp4yQ\",\"https:\\\/\\\/maps.app.goo.gl\\\/iUwRn8EGrQJAk4LB9\",\"https:\\\/\\\/www.trustpilot.com\\\/review\\\/www.apaczka.pl\",\"https:\\\/\\\/www.crunchbase.com\\\/organization\\\/apaczka\",\"https:\\\/\\\/www.ekomi-pl.com\\\/opinie-apaczka.html\",\"https:\\\/\\\/www.wikidata.org\\\/wiki\\\/Q135189453\"],\"description\":\"Apaczka.pl to platforma technologiczna do zarz\u0105dzania wysy\u0142kami i dostawami dla firm. Jeste\u015bmy sprawdzonym partnerem w zakresie proces\u00f3w wysy\u0142kowych dzia\u0142aj\u0105cym od ponad 15 lat na rynku. Integrujemy szeroki wachlarz us\u0142ug kurierskich oraz dedykowanych us\u0142ug w\u0142asnych skierowanych do wszystkich przedsi\u0119biorc\u00f3w, tak\u017ce tych, kt\u00f3rzy dopiero zaczynaj\u0105 swoj\u0105 dzia\u0142alno\u015b\u0107. Oferowane przez nas rozwi\u0105zania s\u0105 wykorzystywane przez firmy z bran\u017cy e-commerce, du\u017ce podmioty typu marketplace, ale r\u00f3wnie\u017c niewielkie firmy nadaj\u0105ce kilkana\u015bcie przesy\u0142ek miesi\u0119cznie. Konsekwentnie wspieramy firmy w rozwoju ich biznesu, udost\u0119pniaj\u0105c bez \u017cadnych op\u0142at gotowe narz\u0119dzia u\u0142atwiaj\u0105ce codzienn\u0105 logistyk\u0119. Nasi Klienci wysy\u0142aj\u0105 ponad 2,5 miliona przesy\u0142ek ka\u017cdego miesi\u0105ca korzystaj\u0105c z naszych unikalnych technologii. Nasze mocne strony: - Mo\u017cliwo\u015b\u0107 por\u00f3wnania ofert wiod\u0105cych firm kurierskich w Polsce i na \u015bwiecie: DHL, UPS, DPD, Fedex, Poczta Polska, Geis, InPost, GLS, Ambro, Hellmann i wielu innych, - Mo\u017cliwo\u015b\u0107 indywidualnego negocjowania stawek w zale\u017cno\u015bci od ilo\u015bci przesy\u0142ek i ich rodzaju (palety, p\u00f3\u0142palety, przesy\u0142ki krajowe, mi\u0119dzynarodowe), - Jedna, prosta integracja API z wieloma platformami e-commerce, marketplace i systemami ERP, WMS., daj\u0105ca dost\u0119p do ca\u0142ej naszej oferty kurierskiej, - Mo\u017cliwo\u015b\u0107 automatyzacji i optymalizacji proces\u00f3w wysy\u0142kowych, -Indywidualny Opiekun Handlowy zapewniaj\u0105cy wsparcie merytoryczne z zakresu rozwi\u0105za\u0144 kurierskich w zale\u017cno\u015bci od bran\u017cy Klienta, rodzaju przesy\u0142ek i metod dostawy, - Bezp\u0142atne integracje z 50 platformami sklepowymi, mo\u017cliwo\u015b\u0107 import\u00f3w (w tym Allegro) oraz wsparcie dzia\u0142u IT, -Personalizacja komunikacji z odbiorcami przesy\u0142ek na etapie post-checkout, modu\u0142 zwrot\u00f3w i analityka danych logistycznych, -Brak minim\u00f3w wysy\u0142kowych i wygodne formy rozlicze\u0144. Apaczka.pl: por\u00f3wnuj ceny kurier\u00f3w, automatyzuj procesy wysy\u0142kowe.\",\"legalName\":\"Alsendo sp. z o.o.\",\"foundingDate\":\"2009-08-17\",\"vatID\":\"PL8971840043\",\"taxID\":\"367328934\",\"numberOfEmployees\":{\"@type\":\"QuantitativeValue\",\"minValue\":\"51\",\"maxValue\":\"200\"}},{\"@type\":\"Person\",\"@id\":\"https:\\\/\\\/www.apaczka.pl\\\/en\\\/#\\\/schema\\\/person\\\/dc9cd6f6196e657b1a062d0c3022d716\",\"name\":\"Barbara Bochenek\",\"image\":{\"@type\":\"ImageObject\",\"inLanguage\":\"en-US\",\"@id\":\"https:\\\/\\\/www.apaczka.pl\\\/app\\\/uploads\\\/2025\\\/04\\\/cropped-Barbara-Bochenek-96x96.jpg\",\"url\":\"https:\\\/\\\/www.apaczka.pl\\\/app\\\/uploads\\\/2025\\\/04\\\/cropped-Barbara-Bochenek-96x96.jpg\",\"contentUrl\":\"https:\\\/\\\/www.apaczka.pl\\\/app\\\/uploads\\\/2025\\\/04\\\/cropped-Barbara-Bochenek-96x96.jpg\",\"caption\":\"Barbara Bochenek\"},\"description\":\"Pomagam firmom sprawniej zarz\u0105dza\u0107 wysy\u0142k\u0105 i budowa\u0107 przewag\u0119 w logistyce dzi\u0119ki trafnej komunikacji i rzetelnym tre\u015bciom. Jako specjalistka ds. komunikacji i content marketingu z pasj\u0105 do innowacji logistycznych tworz\u0119 artyku\u0142y, e-booki, materia\u0142y edukacyjne i case studies, kt\u00f3re pokazuj\u0105, jak rozwi\u0105zania Apaczka usprawniaj\u0105 procesy i wspieraj\u0105 rozw\u00f3j biznesu. W pracy stawiam na jasny przekaz, konkretne dane i tre\u015bci, kt\u00f3re realnie u\u0142atwiaj\u0105 klientom podejmowanie decyzji.\",\"sameAs\":[\"https:\\\/\\\/www.linkedin.com\\\/in\\\/barbarabochenek\\\/\"],\"jobTitle\":\"Junior Content & Social Media Manager\",\"url\":\"https:\\\/\\\/www.apaczka.pl\\\/en\\\/blog\\\/author\\\/barbara-bochenek\\\/\"}]}<\/script>\n<!-- \/ Yoast SEO Premium plugin. -->","yoast_head_json":{"title":"Harmonogram pracy firm kurierskich- maj\u00f3wka 2023 - Apaczka","robots":{"index":"noindex","follow":"follow"},"og_locale":"en_US","og_type":"article","og_title":"Harmonogram pracy firm kurierskich- maj\u00f3wka 2023","og_description":"Czy firmy kurierskie pracuj\u0105 w maj\u00f3wk\u0119 2023? Jak wygl\u0105da harmonogram ich pracy w tych dniach? Zebrali\u015bmy dla Was najwa\u017cniejsze informacje.","og_url":"https:\/\/www.apaczka.pl\/en\/aktualnosci\/harmonogram-pracy-firm-kurierskich-majowka-2023\/","og_site_name":"Apaczka","article_publisher":"https:\/\/www.facebook.com\/ApaczkaPL\/","article_modified_time":"2023-04-25T13:41:50+00:00","og_image":[{"width":1070,"height":456,"url":"https:\/\/www.apaczka.pl\/app\/uploads\/2023\/04\/praca-kurierow-apaczka.jpg","type":"image\/jpeg"}],"twitter_card":"summary_large_image","schema":{"@context":"https:\/\/schema.org","@graph":[{"@type":"NewsArticle","@id":"https:\/\/www.apaczka.pl\/en\/aktualnosci\/harmonogram-pracy-firm-kurierskich-majowka-2023\/#article","isPartOf":{"@id":"https:\/\/www.apaczka.pl\/en\/aktualnosci\/harmonogram-pracy-firm-kurierskich-majowka-2023\/"},"author":{"name":"Barbara Bochenek","@id":"https:\/\/www.apaczka.pl\/en\/#\/schema\/person\/dc9cd6f6196e657b1a062d0c3022d716"},"headline":"Harmonogram pracy firm kurierskich- maj\u00f3wka 2023","datePublished":"2023-04-25T13:21:43+00:00","dateModified":"2023-04-25T13:41:50+00:00","mainEntityOfPage":{"@id":"https:\/\/www.apaczka.pl\/en\/aktualnosci\/harmonogram-pracy-firm-kurierskich-majowka-2023\/"},"wordCount":615,"publisher":{"@id":"https:\/\/www.apaczka.pl\/en\/#organization"},"image":{"@id":"https:\/\/www.apaczka.pl\/en\/aktualnosci\/harmonogram-pracy-firm-kurierskich-majowka-2023\/#primaryimage"},"thumbnailUrl":"https:\/\/www.apaczka.pl\/app\/uploads\/2023\/04\/praca-kurierow-apaczka.jpg","inLanguage":"en-US"},{"@type":"WebPage","@id":"https:\/\/www.apaczka.pl\/en\/aktualnosci\/harmonogram-pracy-firm-kurierskich-majowka-2023\/","url":"https:\/\/www.apaczka.pl\/en\/aktualnosci\/harmonogram-pracy-firm-kurierskich-majowka-2023\/","name":"Harmonogram pracy firm kurierskich- maj\u00f3wka 2023 - Apaczka","isPartOf":{"@id":"https:\/\/www.apaczka.pl\/en\/#website"},"primaryImageOfPage":{"@id":"https:\/\/www.apaczka.pl\/en\/aktualnosci\/harmonogram-pracy-firm-kurierskich-majowka-2023\/#primaryimage"},"image":{"@id":"https:\/\/www.apaczka.pl\/en\/aktualnosci\/harmonogram-pracy-firm-kurierskich-majowka-2023\/#primaryimage"},"thumbnailUrl":"https:\/\/www.apaczka.pl\/app\/uploads\/2023\/04\/praca-kurierow-apaczka.jpg","datePublished":"2023-04-25T13:21:43+00:00","dateModified":"2023-04-25T13:41:50+00:00","breadcrumb":{"@id":"https:\/\/www.apaczka.pl\/en\/aktualnosci\/harmonogram-pracy-firm-kurierskich-majowka-2023\/#breadcrumb"},"inLanguage":"en-US","potentialAction":[{"@type":"ReadAction","target":["https:\/\/www.apaczka.pl\/en\/aktualnosci\/harmonogram-pracy-firm-kurierskich-majowka-2023\/"]}]},{"@type":"ImageObject","inLanguage":"en-US","@id":"https:\/\/www.apaczka.pl\/en\/aktualnosci\/harmonogram-pracy-firm-kurierskich-majowka-2023\/#primaryimage","url":"https:\/\/www.apaczka.pl\/app\/uploads\/2023\/04\/praca-kurierow-apaczka.jpg","contentUrl":"https:\/\/www.apaczka.pl\/app\/uploads\/2023\/04\/praca-kurierow-apaczka.jpg","width":1070,"height":456},{"@type":"BreadcrumbList","@id":"https:\/\/www.apaczka.pl\/en\/aktualnosci\/harmonogram-pracy-firm-kurierskich-majowka-2023\/#breadcrumb","itemListElement":[{"@type":"ListItem","position":1,"name":"Apaczka","item":"https:\/\/www.apaczka.pl\/en\/"},{"@type":"ListItem","position":2,"name":"Aktualno\u015bci","item":"https:\/\/www.apaczka.pl\/en\/aktualnosci\/"},{"@type":"ListItem","position":3,"name":"Harmonogram pracy firm kurierskich- maj\u00f3wka 2023"}]},{"@type":"WebSite","@id":"https:\/\/www.apaczka.pl\/en\/#website","url":"https:\/\/www.apaczka.pl\/en\/","name":"Apaczka","description":"Rozwi\u0105zania do zarz\u0105dzania procesami wysy\u0142kowymi dla firm","publisher":{"@id":"https:\/\/www.apaczka.pl\/en\/#organization"},"potentialAction":[{"@type":"SearchAction","target":{"@type":"EntryPoint","urlTemplate":"https:\/\/www.apaczka.pl\/en\/?s={search_term_string}"},"query-input":{"@type":"PropertyValueSpecification","valueRequired":true,"valueName":"search_term_string"}}],"inLanguage":"en-US"},{"@type":"Organization","@id":"https:\/\/www.apaczka.pl\/en\/#organization","name":"Apaczka","url":"https:\/\/www.apaczka.pl\/en\/","logo":{"@type":"ImageObject","inLanguage":"en-US","@id":"https:\/\/www.apaczka.pl\/en\/#\/schema\/logo\/image\/","url":"https:\/\/www.apaczka.pl\/app\/uploads\/2024\/05\/cropped-Apaczka-Full-Logotype-Full-Color.png","contentUrl":"https:\/\/www.apaczka.pl\/app\/uploads\/2024\/05\/cropped-Apaczka-Full-Logotype-Full-Color.png","width":1337,"height":405,"caption":"Apaczka"},"image":{"@id":"https:\/\/www.apaczka.pl\/en\/#\/schema\/logo\/image\/"},"sameAs":["https:\/\/www.facebook.com\/ApaczkaPL\/","https:\/\/www.linkedin.com\/company\/apaczka-alsendo-sp-z-o-o\/","https:\/\/www.youtube.com\/@apaczka-by-alsendo","https:\/\/g.co\/kgs\/Ztnp4yQ","https:\/\/maps.app.goo.gl\/iUwRn8EGrQJAk4LB9","https:\/\/www.trustpilot.com\/review\/www.apaczka.pl","https:\/\/www.crunchbase.com\/organization\/apaczka","https:\/\/www.ekomi-pl.com\/opinie-apaczka.html","https:\/\/www.wikidata.org\/wiki\/Q135189453"],"description":"Apaczka.pl to platforma technologiczna do zarz\u0105dzania wysy\u0142kami i dostawami dla firm. Jeste\u015bmy sprawdzonym partnerem w zakresie proces\u00f3w wysy\u0142kowych dzia\u0142aj\u0105cym od ponad 15 lat na rynku. Integrujemy szeroki wachlarz us\u0142ug kurierskich oraz dedykowanych us\u0142ug w\u0142asnych skierowanych do wszystkich przedsi\u0119biorc\u00f3w, tak\u017ce tych, kt\u00f3rzy dopiero zaczynaj\u0105 swoj\u0105 dzia\u0142alno\u015b\u0107. Oferowane przez nas rozwi\u0105zania s\u0105 wykorzystywane przez firmy z bran\u017cy e-commerce, du\u017ce podmioty typu marketplace, ale r\u00f3wnie\u017c niewielkie firmy nadaj\u0105ce kilkana\u015bcie przesy\u0142ek miesi\u0119cznie. Konsekwentnie wspieramy firmy w rozwoju ich biznesu, udost\u0119pniaj\u0105c bez \u017cadnych op\u0142at gotowe narz\u0119dzia u\u0142atwiaj\u0105ce codzienn\u0105 logistyk\u0119. Nasi Klienci wysy\u0142aj\u0105 ponad 2,5 miliona przesy\u0142ek ka\u017cdego miesi\u0105ca korzystaj\u0105c z naszych unikalnych technologii. Nasze mocne strony: - Mo\u017cliwo\u015b\u0107 por\u00f3wnania ofert wiod\u0105cych firm kurierskich w Polsce i na \u015bwiecie: DHL, UPS, DPD, Fedex, Poczta Polska, Geis, InPost, GLS, Ambro, Hellmann i wielu innych, - Mo\u017cliwo\u015b\u0107 indywidualnego negocjowania stawek w zale\u017cno\u015bci od ilo\u015bci przesy\u0142ek i ich rodzaju (palety, p\u00f3\u0142palety, przesy\u0142ki krajowe, mi\u0119dzynarodowe), - Jedna, prosta integracja API z wieloma platformami e-commerce, marketplace i systemami ERP, WMS., daj\u0105ca dost\u0119p do ca\u0142ej naszej oferty kurierskiej, - Mo\u017cliwo\u015b\u0107 automatyzacji i optymalizacji proces\u00f3w wysy\u0142kowych, -Indywidualny Opiekun Handlowy zapewniaj\u0105cy wsparcie merytoryczne z zakresu rozwi\u0105za\u0144 kurierskich w zale\u017cno\u015bci od bran\u017cy Klienta, rodzaju przesy\u0142ek i metod dostawy, - Bezp\u0142atne integracje z 50 platformami sklepowymi, mo\u017cliwo\u015b\u0107 import\u00f3w (w tym Allegro) oraz wsparcie dzia\u0142u IT, -Personalizacja komunikacji z odbiorcami przesy\u0142ek na etapie post-checkout, modu\u0142 zwrot\u00f3w i analityka danych logistycznych, -Brak minim\u00f3w wysy\u0142kowych i wygodne formy rozlicze\u0144. Apaczka.pl: por\u00f3wnuj ceny kurier\u00f3w, automatyzuj procesy wysy\u0142kowe.","legalName":"Alsendo sp. z o.o.","foundingDate":"2009-08-17","vatID":"PL8971840043","taxID":"367328934","numberOfEmployees":{"@type":"QuantitativeValue","minValue":"51","maxValue":"200"}},{"@type":"Person","@id":"https:\/\/www.apaczka.pl\/en\/#\/schema\/person\/dc9cd6f6196e657b1a062d0c3022d716","name":"Barbara Bochenek","image":{"@type":"ImageObject","inLanguage":"en-US","@id":"https:\/\/www.apaczka.pl\/app\/uploads\/2025\/04\/cropped-Barbara-Bochenek-96x96.jpg","url":"https:\/\/www.apaczka.pl\/app\/uploads\/2025\/04\/cropped-Barbara-Bochenek-96x96.jpg","contentUrl":"https:\/\/www.apaczka.pl\/app\/uploads\/2025\/04\/cropped-Barbara-Bochenek-96x96.jpg","caption":"Barbara Bochenek"},"description":"Pomagam firmom sprawniej zarz\u0105dza\u0107 wysy\u0142k\u0105 i budowa\u0107 przewag\u0119 w logistyce dzi\u0119ki trafnej komunikacji i rzetelnym tre\u015bciom. Jako specjalistka ds. komunikacji i content marketingu z pasj\u0105 do innowacji logistycznych tworz\u0119 artyku\u0142y, e-booki, materia\u0142y edukacyjne i case studies, kt\u00f3re pokazuj\u0105, jak rozwi\u0105zania Apaczka usprawniaj\u0105 procesy i wspieraj\u0105 rozw\u00f3j biznesu. W pracy stawiam na jasny przekaz, konkretne dane i tre\u015bci, kt\u00f3re realnie u\u0142atwiaj\u0105 klientom podejmowanie decyzji.","sameAs":["https:\/\/www.linkedin.com\/in\/barbarabochenek\/"],"jobTitle":"Junior Content & Social Media Manager","url":"https:\/\/www.apaczka.pl\/en\/blog\/author\/barbara-bochenek\/"}]}},"_links":{"self":[{"href":"https:\/\/www.apaczka.pl\/en\/wp-json\/wp\/v2\/news\/18599","targetHints":{"allow":["GET"]}}],"collection":[{"href":"https:\/\/www.apaczka.pl\/en\/wp-json\/wp\/v2\/news"}],"about":[{"href":"https:\/\/www.apaczka.pl\/en\/wp-json\/wp\/v2\/types\/news"}],"author":[{"embeddable":true,"href":"https:\/\/www.apaczka.pl\/en\/wp-json\/wp\/v2\/users\/10"}],"version-history":[{"count":6,"href":"https:\/\/www.apaczka.pl\/en\/wp-json\/wp\/v2\/news\/18599\/revisions"}],"predecessor-version":[{"id":18611,"href":"https:\/\/www.apaczka.pl\/en\/wp-json\/wp\/v2\/news\/18599\/revisions\/18611"}],"wp:featuredmedia":[{"embeddable":true,"href":"https:\/\/www.apaczka.pl\/en\/wp-json\/wp\/v2\/media\/18601"}],"wp:attachment":[{"href":"https:\/\/www.apaczka.pl\/en\/wp-json\/wp\/v2\/media?parent=18599"}],"wp:term":[{"taxonomy":"news_category","embeddable":true,"href":"https:\/\/www.apaczka.pl\/en\/wp-json\/wp\/v2\/news_category?post=18599"},{"taxonomy":"news_tag","embeddable":true,"href":"https:\/\/www.apaczka.pl\/en\/wp-json\/wp\/v2\/news_tag?post=18599"}],"curies":[{"name":"wp","href":"https:\/\/api.w.org\/{rel}","templated":true}]}}