{"id":18147,"date":"2023-04-05T09:42:39","date_gmt":"2023-04-05T09:42:39","guid":{"rendered":"https:\/\/www.apaczka.pl\/?post_type=news&#038;p=18147"},"modified":"2023-04-06T09:56:56","modified_gmt":"2023-04-06T09:56:56","slug":"swiateczny-harmonogram-pracy-kurierow","status":"publish","type":"news","link":"https:\/\/www.apaczka.pl\/en\/aktualnosci\/swiateczny-harmonogram-pracy-kurierow\/","title":{"rendered":"\u015awi\u0105teczny harmonogram pracy kurier\u00f3w!"},"content":{"rendered":"\n<p><\/p>\n\n\n\n<p>Pewne us\u0142ugi mog\u0105 funkcjonowa\u0107 w zmienionym trybie, aby unikn\u0105\u0107 przykrych niespodzianek, sprawd\u017a \u015bwi\u0105teczny harmonogram pracy kurier\u00f3w!&nbsp;<\/p>\n\n\n\n<p><\/p>\n\n\n\n<p><strong>DPD<\/strong><\/p>\n\n\n\n<ul class=\"wp-block-list\"><li>Przesy\u0142ki nadane w&nbsp;pi\u0105tek 7 kwietnia b\u0119d\u0105 w dor\u0119czeniu we&nbsp;wtorek 11 kwietnia.&nbsp;<\/li><li>Przesy\u0142ki z us\u0142ug\u0105 dodatkow\u0105&nbsp;\u201edor\u0119czenie w sobot\u0119\u201d&nbsp;b\u0119d\u0105 realizowane zgodnie ze zleceniem.<\/li><li>W sobot\u0119&nbsp;8 kwietnia&nbsp;obs\u0142uga b\u0119dzie prowadzona w normalnym trybie sobotnim (Contact Center czynne jest do 14.00). Paczki nadane tego dnia b\u0119d\u0105 w dor\u0119czeniu w \u015brod\u0119&nbsp;12 kwietnia.<\/li><\/ul>\n\n\n\n<p><strong>DHL<\/strong><\/p>\n\n\n\n<ul class=\"wp-block-list\"><li>Pi\u0105tek 7 kwietnia &#8211; rozpocz\u0119cie i zako\u0144czenie pracy jak w ka\u017cdy pi\u0105tek. Kurierzy nie odbieraj\u0105 przesy\u0142ek z dor\u0119czeniem na sobot\u0119&nbsp; 8 kwietnia i poniedzia\u0142ek 10 kwietnia.&nbsp;<\/li><li>Sobota 8 kwietnia- DHL nie \u015bwiadczy us\u0142ug, dzie\u0144 wolny od pracy.<\/li><\/ul>\n\n\n\n<p><strong>InPost<\/strong><br><\/p>\n\n\n\n<ul class=\"wp-block-list\"><li>Sobota 8 kwietnia, przesy\u0142ki z us\u0142ug\u0105 dodatkow\u0105\u00a0\u201edor\u0119czenie w sobot\u0119\u201d\u00a0b\u0119d\u0105 realizowane zgodnie ze zleceniem.<\/li><li>Poniedzia\u0142ek 10 kwietnia, w godzinach\u00a006:00-17:00 (11 godzin)\u00a0zaplanowane s\u0105 \u00a0prace serwisowe.\u00a0<\/li><\/ul>\n\n\n\n<p>Podczas przerwy serwisowej&nbsp;<strong>nie zostan\u0105<\/strong>&nbsp;przed\u0142u\u017cone terminy wa\u017cno\u015bci kod\u00f3w zwrotu oraz kod\u00f3w odbioru&nbsp;dla paczek umieszczonych w urz\u0105dzeniach Paczkomat.<\/p>\n\n\n\n<p>Mimo prowadzonych prac ca\u0142y czas&nbsp;b\u0119dzie mo\u017cna:<\/p>\n\n\n\n<ul class=\"wp-block-list\"><li>odbiera\u0107 paczki z urz\u0105dze\u0144 Paczkomat przy u\u017cyciu kodu odbioru i kodu QR, Uwaga! mog\u0105 wyst\u0105pi\u0107 kr\u00f3tkotrwa\u0142e przerwy w mo\u017cliwo\u015bci zdalnego otwarcia skrytki za pomoc\u0105 aplikacji&nbsp;InPost&nbsp;Mobile;<\/li><li>wybra\u0107 urz\u0105dzenie Paczkomat&nbsp;jako opcj\u0119 dostawy spo\u015br\u00f3d listy urz\u0105dze\u0144 dost\u0119pnych na wy\u015bwietlanej mapie;<\/li><li>generowa\u0107 kody zwrot\u00f3w dla przesy\u0142ek Allegro;<\/li><li>otrzyma\u0107 komunikaty SMS\/e-mail\/Push wysy\u0142ane do Klient\u00f3w\/Odbiorc\u00f3w;<\/li><li>sprawdzi\u0107 aktualne&nbsp;statusy przesy\u0142ek na stronie internetowej, w aplikacji mobilnej&nbsp;InPost&nbsp;Mobile oraz na platformie WebTrucker.<\/li><\/ul>\n\n\n\n<p>Mog\u0105 wyst\u0105pi\u0107 kr\u00f3tkotrwa\u0142e przerwy w mo\u017cliwo\u015bci:<\/p>\n\n\n\n<ul class=\"wp-block-list\"><li>tworzenia, nadawania, op\u0142acania oraz przekierowywania przesy\u0142ek kurierskich i przesy\u0142ek nadawanych przez urz\u0105dzenia Paczkomat, a tak\u017ce w&nbsp;Punktach Obs\u0142ugi Paczek (POP lub PaczkoPunkt).<\/li><\/ul>\n\n\n\n<p><\/p>\n\n\n\n<p><\/p>\n\n\n\n<p>Nadawanie przesy\u0142ek z platform\u0105 <strong>Apaczka.pl <\/strong>odbywa si\u0119 online, a zlecenia mo\u017cna sk\u0142ada\u0107 w dowolnym momencie (r\u00f3wnie\u017c w \u015bwi\u0119ta), trzeba jednak pami\u0119ta\u0107, \u017ce odbiory i dor\u0119czenia przesy\u0142ek b\u0119d\u0105 realizowane zgodnie z harmonogramem pracy firm kurierskich.&nbsp;<\/p>\n\n\n\n<p><strong>Wa\u017cne!<\/strong>: W Wielki Pi\u0105tek 7 kwietnia infolinia Apaczka.pl b\u0119dzie pracowa\u0107 do godziny 14:00.&nbsp;<\/p>\n","protected":false},"excerpt":{"rendered":"<p>Wielkanoc obchodzona jest zawsze w niedziel\u0119 i poniedzia\u0142ek, w tym roku przypada 9 i 10 kwietnia. S\u0105 to dni ustawowo wolne od pracy, w zwi\u0105zku z tym firmy kurierskie nie realizuj\u0105 odbior\u00f3w i dor\u0119cze\u0144 w tych dniach. Jak pracuj\u0105 kurierzy w okresie wielkanocnym? <\/p>\n","protected":false},"author":10,"featured_media":13545,"template":"","meta":{"_acf_changed":false,"footnotes":""},"news_category":[],"news_tag":[],"class_list":["post-18147","news","type-news","status-publish","has-post-thumbnail","hentry"],"acf":[],"yoast_head":"<!-- This site is optimized with the Yoast SEO Premium plugin v27.3 (Yoast SEO v27.3) - https:\/\/yoast.com\/product\/yoast-seo-premium-wordpress\/ -->\n<title>\u015awi\u0105teczny harmonogram pracy kurier\u00f3w! - Apaczka<\/title>\n<meta name=\"robots\" content=\"noindex, follow\" \/>\n<meta property=\"og:locale\" content=\"en_US\" \/>\n<meta property=\"og:type\" content=\"article\" \/>\n<meta property=\"og:title\" content=\"\u015awi\u0105teczny harmonogram pracy kurier\u00f3w!\" \/>\n<meta property=\"og:description\" content=\"Wielkanoc obchodzona jest zawsze w niedziel\u0119 i poniedzia\u0142ek, w tym roku przypada 9 i 10 kwietnia. S\u0105 to dni ustawowo wolne od pracy, w zwi\u0105zku z tym firmy kurierskie nie realizuj\u0105 odbior\u00f3w i dor\u0119cze\u0144 w tych dniach. Jak pracuj\u0105 kurierzy w okresie wielkanocnym?\" \/>\n<meta property=\"og:url\" content=\"https:\/\/www.apaczka.pl\/en\/aktualnosci\/swiateczny-harmonogram-pracy-kurierow\/\" \/>\n<meta property=\"og:site_name\" content=\"Apaczka\" \/>\n<meta property=\"article:publisher\" content=\"https:\/\/www.facebook.com\/ApaczkaPL\/\" \/>\n<meta property=\"article:modified_time\" content=\"2023-04-06T09:56:56+00:00\" \/>\n<meta property=\"og:image\" content=\"https:\/\/www.apaczka.pl\/app\/uploads\/2022\/10\/aktualnosc-o-czasie-pracy-1.11.jpg\" \/>\n\t<meta property=\"og:image:width\" content=\"1070\" \/>\n\t<meta property=\"og:image:height\" content=\"456\" \/>\n\t<meta property=\"og:image:type\" content=\"image\/jpeg\" \/>\n<meta name=\"twitter:card\" content=\"summary_large_image\" \/>\n<meta name=\"twitter:label1\" content=\"Est. reading time\" \/>\n\t<meta name=\"twitter:data1\" content=\"2 minutes\" \/>\n<script type=\"application\/ld+json\" class=\"yoast-schema-graph\">{\"@context\":\"https:\\\/\\\/schema.org\",\"@graph\":[{\"@type\":\"NewsArticle\",\"@id\":\"https:\\\/\\\/www.apaczka.pl\\\/en\\\/aktualnosci\\\/swiateczny-harmonogram-pracy-kurierow\\\/#article\",\"isPartOf\":{\"@id\":\"https:\\\/\\\/www.apaczka.pl\\\/en\\\/aktualnosci\\\/swiateczny-harmonogram-pracy-kurierow\\\/\"},\"author\":{\"name\":\"Barbara Bochenek\",\"@id\":\"https:\\\/\\\/www.apaczka.pl\\\/en\\\/#\\\/schema\\\/person\\\/dc9cd6f6196e657b1a062d0c3022d716\"},\"headline\":\"\u015awi\u0105teczny harmonogram pracy kurier\u00f3w!\",\"datePublished\":\"2023-04-05T09:42:39+00:00\",\"dateModified\":\"2023-04-06T09:56:56+00:00\",\"mainEntityOfPage\":{\"@id\":\"https:\\\/\\\/www.apaczka.pl\\\/en\\\/aktualnosci\\\/swiateczny-harmonogram-pracy-kurierow\\\/\"},\"wordCount\":407,\"publisher\":{\"@id\":\"https:\\\/\\\/www.apaczka.pl\\\/en\\\/#organization\"},\"image\":{\"@id\":\"https:\\\/\\\/www.apaczka.pl\\\/en\\\/aktualnosci\\\/swiateczny-harmonogram-pracy-kurierow\\\/#primaryimage\"},\"thumbnailUrl\":\"https:\\\/\\\/www.apaczka.pl\\\/app\\\/uploads\\\/2022\\\/10\\\/aktualnosc-o-czasie-pracy-1.11.jpg\",\"inLanguage\":\"en-US\"},{\"@type\":\"WebPage\",\"@id\":\"https:\\\/\\\/www.apaczka.pl\\\/en\\\/aktualnosci\\\/swiateczny-harmonogram-pracy-kurierow\\\/\",\"url\":\"https:\\\/\\\/www.apaczka.pl\\\/en\\\/aktualnosci\\\/swiateczny-harmonogram-pracy-kurierow\\\/\",\"name\":\"\u015awi\u0105teczny harmonogram pracy kurier\u00f3w! - Apaczka\",\"isPartOf\":{\"@id\":\"https:\\\/\\\/www.apaczka.pl\\\/en\\\/#website\"},\"primaryImageOfPage\":{\"@id\":\"https:\\\/\\\/www.apaczka.pl\\\/en\\\/aktualnosci\\\/swiateczny-harmonogram-pracy-kurierow\\\/#primaryimage\"},\"image\":{\"@id\":\"https:\\\/\\\/www.apaczka.pl\\\/en\\\/aktualnosci\\\/swiateczny-harmonogram-pracy-kurierow\\\/#primaryimage\"},\"thumbnailUrl\":\"https:\\\/\\\/www.apaczka.pl\\\/app\\\/uploads\\\/2022\\\/10\\\/aktualnosc-o-czasie-pracy-1.11.jpg\",\"datePublished\":\"2023-04-05T09:42:39+00:00\",\"dateModified\":\"2023-04-06T09:56:56+00:00\",\"breadcrumb\":{\"@id\":\"https:\\\/\\\/www.apaczka.pl\\\/en\\\/aktualnosci\\\/swiateczny-harmonogram-pracy-kurierow\\\/#breadcrumb\"},\"inLanguage\":\"en-US\",\"potentialAction\":[{\"@type\":\"ReadAction\",\"target\":[\"https:\\\/\\\/www.apaczka.pl\\\/en\\\/aktualnosci\\\/swiateczny-harmonogram-pracy-kurierow\\\/\"]}]},{\"@type\":\"ImageObject\",\"inLanguage\":\"en-US\",\"@id\":\"https:\\\/\\\/www.apaczka.pl\\\/en\\\/aktualnosci\\\/swiateczny-harmonogram-pracy-kurierow\\\/#primaryimage\",\"url\":\"https:\\\/\\\/www.apaczka.pl\\\/app\\\/uploads\\\/2022\\\/10\\\/aktualnosc-o-czasie-pracy-1.11.jpg\",\"contentUrl\":\"https:\\\/\\\/www.apaczka.pl\\\/app\\\/uploads\\\/2022\\\/10\\\/aktualnosc-o-czasie-pracy-1.11.jpg\",\"width\":1070,\"height\":456,\"caption\":\"szczyt wysy\u0142kowy\"},{\"@type\":\"BreadcrumbList\",\"@id\":\"https:\\\/\\\/www.apaczka.pl\\\/en\\\/aktualnosci\\\/swiateczny-harmonogram-pracy-kurierow\\\/#breadcrumb\",\"itemListElement\":[{\"@type\":\"ListItem\",\"position\":1,\"name\":\"Apaczka\",\"item\":\"https:\\\/\\\/www.apaczka.pl\\\/en\\\/\"},{\"@type\":\"ListItem\",\"position\":2,\"name\":\"Aktualno\u015bci\",\"item\":\"https:\\\/\\\/www.apaczka.pl\\\/en\\\/aktualnosci\\\/\"},{\"@type\":\"ListItem\",\"position\":3,\"name\":\"\u015awi\u0105teczny harmonogram pracy kurier\u00f3w!\"}]},{\"@type\":\"WebSite\",\"@id\":\"https:\\\/\\\/www.apaczka.pl\\\/en\\\/#website\",\"url\":\"https:\\\/\\\/www.apaczka.pl\\\/en\\\/\",\"name\":\"Apaczka\",\"description\":\"Rozwi\u0105zania do zarz\u0105dzania procesami wysy\u0142kowymi dla firm\",\"publisher\":{\"@id\":\"https:\\\/\\\/www.apaczka.pl\\\/en\\\/#organization\"},\"potentialAction\":[{\"@type\":\"SearchAction\",\"target\":{\"@type\":\"EntryPoint\",\"urlTemplate\":\"https:\\\/\\\/www.apaczka.pl\\\/en\\\/?s={search_term_string}\"},\"query-input\":{\"@type\":\"PropertyValueSpecification\",\"valueRequired\":true,\"valueName\":\"search_term_string\"}}],\"inLanguage\":\"en-US\"},{\"@type\":\"Organization\",\"@id\":\"https:\\\/\\\/www.apaczka.pl\\\/en\\\/#organization\",\"name\":\"Apaczka\",\"url\":\"https:\\\/\\\/www.apaczka.pl\\\/en\\\/\",\"logo\":{\"@type\":\"ImageObject\",\"inLanguage\":\"en-US\",\"@id\":\"https:\\\/\\\/www.apaczka.pl\\\/en\\\/#\\\/schema\\\/logo\\\/image\\\/\",\"url\":\"https:\\\/\\\/www.apaczka.pl\\\/app\\\/uploads\\\/2024\\\/05\\\/cropped-Apaczka-Full-Logotype-Full-Color.png\",\"contentUrl\":\"https:\\\/\\\/www.apaczka.pl\\\/app\\\/uploads\\\/2024\\\/05\\\/cropped-Apaczka-Full-Logotype-Full-Color.png\",\"width\":1337,\"height\":405,\"caption\":\"Apaczka\"},\"image\":{\"@id\":\"https:\\\/\\\/www.apaczka.pl\\\/en\\\/#\\\/schema\\\/logo\\\/image\\\/\"},\"sameAs\":[\"https:\\\/\\\/www.facebook.com\\\/ApaczkaPL\\\/\",\"https:\\\/\\\/www.linkedin.com\\\/company\\\/apaczka-alsendo-sp-z-o-o\\\/\",\"https:\\\/\\\/www.youtube.com\\\/@apaczka-by-alsendo\",\"https:\\\/\\\/g.co\\\/kgs\\\/Ztnp4yQ\",\"https:\\\/\\\/maps.app.goo.gl\\\/iUwRn8EGrQJAk4LB9\",\"https:\\\/\\\/www.trustpilot.com\\\/review\\\/www.apaczka.pl\",\"https:\\\/\\\/www.crunchbase.com\\\/organization\\\/apaczka\",\"https:\\\/\\\/www.ekomi-pl.com\\\/opinie-apaczka.html\",\"https:\\\/\\\/www.wikidata.org\\\/wiki\\\/Q135189453\"],\"description\":\"Apaczka.pl to platforma technologiczna do zarz\u0105dzania wysy\u0142kami i dostawami dla firm. Jeste\u015bmy sprawdzonym partnerem w zakresie proces\u00f3w wysy\u0142kowych dzia\u0142aj\u0105cym od ponad 15 lat na rynku. Integrujemy szeroki wachlarz us\u0142ug kurierskich oraz dedykowanych us\u0142ug w\u0142asnych skierowanych do wszystkich przedsi\u0119biorc\u00f3w, tak\u017ce tych, kt\u00f3rzy dopiero zaczynaj\u0105 swoj\u0105 dzia\u0142alno\u015b\u0107. Oferowane przez nas rozwi\u0105zania s\u0105 wykorzystywane przez firmy z bran\u017cy e-commerce, du\u017ce podmioty typu marketplace, ale r\u00f3wnie\u017c niewielkie firmy nadaj\u0105ce kilkana\u015bcie przesy\u0142ek miesi\u0119cznie. Konsekwentnie wspieramy firmy w rozwoju ich biznesu, udost\u0119pniaj\u0105c bez \u017cadnych op\u0142at gotowe narz\u0119dzia u\u0142atwiaj\u0105ce codzienn\u0105 logistyk\u0119. Nasi Klienci wysy\u0142aj\u0105 ponad 2,5 miliona przesy\u0142ek ka\u017cdego miesi\u0105ca korzystaj\u0105c z naszych unikalnych technologii. Nasze mocne strony: - Mo\u017cliwo\u015b\u0107 por\u00f3wnania ofert wiod\u0105cych firm kurierskich w Polsce i na \u015bwiecie: DHL, UPS, DPD, Fedex, Poczta Polska, Geis, InPost, GLS, Ambro, Hellmann i wielu innych, - Mo\u017cliwo\u015b\u0107 indywidualnego negocjowania stawek w zale\u017cno\u015bci od ilo\u015bci przesy\u0142ek i ich rodzaju (palety, p\u00f3\u0142palety, przesy\u0142ki krajowe, mi\u0119dzynarodowe), - Jedna, prosta integracja API z wieloma platformami e-commerce, marketplace i systemami ERP, WMS., daj\u0105ca dost\u0119p do ca\u0142ej naszej oferty kurierskiej, - Mo\u017cliwo\u015b\u0107 automatyzacji i optymalizacji proces\u00f3w wysy\u0142kowych, -Indywidualny Opiekun Handlowy zapewniaj\u0105cy wsparcie merytoryczne z zakresu rozwi\u0105za\u0144 kurierskich w zale\u017cno\u015bci od bran\u017cy Klienta, rodzaju przesy\u0142ek i metod dostawy, - Bezp\u0142atne integracje z 50 platformami sklepowymi, mo\u017cliwo\u015b\u0107 import\u00f3w (w tym Allegro) oraz wsparcie dzia\u0142u IT, -Personalizacja komunikacji z odbiorcami przesy\u0142ek na etapie post-checkout, modu\u0142 zwrot\u00f3w i analityka danych logistycznych, -Brak minim\u00f3w wysy\u0142kowych i wygodne formy rozlicze\u0144. Apaczka.pl: por\u00f3wnuj ceny kurier\u00f3w, automatyzuj procesy wysy\u0142kowe.\",\"legalName\":\"Alsendo sp. z o.o.\",\"foundingDate\":\"2009-08-17\",\"vatID\":\"PL8971840043\",\"taxID\":\"367328934\",\"numberOfEmployees\":{\"@type\":\"QuantitativeValue\",\"minValue\":\"51\",\"maxValue\":\"200\"}},{\"@type\":\"Person\",\"@id\":\"https:\\\/\\\/www.apaczka.pl\\\/en\\\/#\\\/schema\\\/person\\\/dc9cd6f6196e657b1a062d0c3022d716\",\"name\":\"Barbara Bochenek\",\"image\":{\"@type\":\"ImageObject\",\"inLanguage\":\"en-US\",\"@id\":\"https:\\\/\\\/www.apaczka.pl\\\/app\\\/uploads\\\/2025\\\/04\\\/cropped-Barbara-Bochenek-96x96.jpg\",\"url\":\"https:\\\/\\\/www.apaczka.pl\\\/app\\\/uploads\\\/2025\\\/04\\\/cropped-Barbara-Bochenek-96x96.jpg\",\"contentUrl\":\"https:\\\/\\\/www.apaczka.pl\\\/app\\\/uploads\\\/2025\\\/04\\\/cropped-Barbara-Bochenek-96x96.jpg\",\"caption\":\"Barbara Bochenek\"},\"description\":\"Pomagam firmom sprawniej zarz\u0105dza\u0107 wysy\u0142k\u0105 i budowa\u0107 przewag\u0119 w logistyce dzi\u0119ki trafnej komunikacji i rzetelnym tre\u015bciom. Jako specjalistka ds. komunikacji i content marketingu z pasj\u0105 do innowacji logistycznych tworz\u0119 artyku\u0142y, e-booki, materia\u0142y edukacyjne i case studies, kt\u00f3re pokazuj\u0105, jak rozwi\u0105zania Apaczka usprawniaj\u0105 procesy i wspieraj\u0105 rozw\u00f3j biznesu. W pracy stawiam na jasny przekaz, konkretne dane i tre\u015bci, kt\u00f3re realnie u\u0142atwiaj\u0105 klientom podejmowanie decyzji.\",\"sameAs\":[\"https:\\\/\\\/www.linkedin.com\\\/in\\\/barbarabochenek\\\/\"],\"jobTitle\":\"Junior Content & Social Media Manager\",\"url\":\"https:\\\/\\\/www.apaczka.pl\\\/en\\\/blog\\\/author\\\/barbara-bochenek\\\/\"}]}<\/script>\n<!-- \/ Yoast SEO Premium plugin. -->","yoast_head_json":{"title":"\u015awi\u0105teczny harmonogram pracy kurier\u00f3w! - Apaczka","robots":{"index":"noindex","follow":"follow"},"og_locale":"en_US","og_type":"article","og_title":"\u015awi\u0105teczny harmonogram pracy kurier\u00f3w!","og_description":"Wielkanoc obchodzona jest zawsze w niedziel\u0119 i poniedzia\u0142ek, w tym roku przypada 9 i 10 kwietnia. S\u0105 to dni ustawowo wolne od pracy, w zwi\u0105zku z tym firmy kurierskie nie realizuj\u0105 odbior\u00f3w i dor\u0119cze\u0144 w tych dniach. Jak pracuj\u0105 kurierzy w okresie wielkanocnym?","og_url":"https:\/\/www.apaczka.pl\/en\/aktualnosci\/swiateczny-harmonogram-pracy-kurierow\/","og_site_name":"Apaczka","article_publisher":"https:\/\/www.facebook.com\/ApaczkaPL\/","article_modified_time":"2023-04-06T09:56:56+00:00","og_image":[{"width":1070,"height":456,"url":"https:\/\/www.apaczka.pl\/app\/uploads\/2022\/10\/aktualnosc-o-czasie-pracy-1.11.jpg","type":"image\/jpeg"}],"twitter_card":"summary_large_image","twitter_misc":{"Est. reading time":"2 minutes"},"schema":{"@context":"https:\/\/schema.org","@graph":[{"@type":"NewsArticle","@id":"https:\/\/www.apaczka.pl\/en\/aktualnosci\/swiateczny-harmonogram-pracy-kurierow\/#article","isPartOf":{"@id":"https:\/\/www.apaczka.pl\/en\/aktualnosci\/swiateczny-harmonogram-pracy-kurierow\/"},"author":{"name":"Barbara Bochenek","@id":"https:\/\/www.apaczka.pl\/en\/#\/schema\/person\/dc9cd6f6196e657b1a062d0c3022d716"},"headline":"\u015awi\u0105teczny harmonogram pracy kurier\u00f3w!","datePublished":"2023-04-05T09:42:39+00:00","dateModified":"2023-04-06T09:56:56+00:00","mainEntityOfPage":{"@id":"https:\/\/www.apaczka.pl\/en\/aktualnosci\/swiateczny-harmonogram-pracy-kurierow\/"},"wordCount":407,"publisher":{"@id":"https:\/\/www.apaczka.pl\/en\/#organization"},"image":{"@id":"https:\/\/www.apaczka.pl\/en\/aktualnosci\/swiateczny-harmonogram-pracy-kurierow\/#primaryimage"},"thumbnailUrl":"https:\/\/www.apaczka.pl\/app\/uploads\/2022\/10\/aktualnosc-o-czasie-pracy-1.11.jpg","inLanguage":"en-US"},{"@type":"WebPage","@id":"https:\/\/www.apaczka.pl\/en\/aktualnosci\/swiateczny-harmonogram-pracy-kurierow\/","url":"https:\/\/www.apaczka.pl\/en\/aktualnosci\/swiateczny-harmonogram-pracy-kurierow\/","name":"\u015awi\u0105teczny harmonogram pracy kurier\u00f3w! - Apaczka","isPartOf":{"@id":"https:\/\/www.apaczka.pl\/en\/#website"},"primaryImageOfPage":{"@id":"https:\/\/www.apaczka.pl\/en\/aktualnosci\/swiateczny-harmonogram-pracy-kurierow\/#primaryimage"},"image":{"@id":"https:\/\/www.apaczka.pl\/en\/aktualnosci\/swiateczny-harmonogram-pracy-kurierow\/#primaryimage"},"thumbnailUrl":"https:\/\/www.apaczka.pl\/app\/uploads\/2022\/10\/aktualnosc-o-czasie-pracy-1.11.jpg","datePublished":"2023-04-05T09:42:39+00:00","dateModified":"2023-04-06T09:56:56+00:00","breadcrumb":{"@id":"https:\/\/www.apaczka.pl\/en\/aktualnosci\/swiateczny-harmonogram-pracy-kurierow\/#breadcrumb"},"inLanguage":"en-US","potentialAction":[{"@type":"ReadAction","target":["https:\/\/www.apaczka.pl\/en\/aktualnosci\/swiateczny-harmonogram-pracy-kurierow\/"]}]},{"@type":"ImageObject","inLanguage":"en-US","@id":"https:\/\/www.apaczka.pl\/en\/aktualnosci\/swiateczny-harmonogram-pracy-kurierow\/#primaryimage","url":"https:\/\/www.apaczka.pl\/app\/uploads\/2022\/10\/aktualnosc-o-czasie-pracy-1.11.jpg","contentUrl":"https:\/\/www.apaczka.pl\/app\/uploads\/2022\/10\/aktualnosc-o-czasie-pracy-1.11.jpg","width":1070,"height":456,"caption":"szczyt wysy\u0142kowy"},{"@type":"BreadcrumbList","@id":"https:\/\/www.apaczka.pl\/en\/aktualnosci\/swiateczny-harmonogram-pracy-kurierow\/#breadcrumb","itemListElement":[{"@type":"ListItem","position":1,"name":"Apaczka","item":"https:\/\/www.apaczka.pl\/en\/"},{"@type":"ListItem","position":2,"name":"Aktualno\u015bci","item":"https:\/\/www.apaczka.pl\/en\/aktualnosci\/"},{"@type":"ListItem","position":3,"name":"\u015awi\u0105teczny harmonogram pracy kurier\u00f3w!"}]},{"@type":"WebSite","@id":"https:\/\/www.apaczka.pl\/en\/#website","url":"https:\/\/www.apaczka.pl\/en\/","name":"Apaczka","description":"Rozwi\u0105zania do zarz\u0105dzania procesami wysy\u0142kowymi dla firm","publisher":{"@id":"https:\/\/www.apaczka.pl\/en\/#organization"},"potentialAction":[{"@type":"SearchAction","target":{"@type":"EntryPoint","urlTemplate":"https:\/\/www.apaczka.pl\/en\/?s={search_term_string}"},"query-input":{"@type":"PropertyValueSpecification","valueRequired":true,"valueName":"search_term_string"}}],"inLanguage":"en-US"},{"@type":"Organization","@id":"https:\/\/www.apaczka.pl\/en\/#organization","name":"Apaczka","url":"https:\/\/www.apaczka.pl\/en\/","logo":{"@type":"ImageObject","inLanguage":"en-US","@id":"https:\/\/www.apaczka.pl\/en\/#\/schema\/logo\/image\/","url":"https:\/\/www.apaczka.pl\/app\/uploads\/2024\/05\/cropped-Apaczka-Full-Logotype-Full-Color.png","contentUrl":"https:\/\/www.apaczka.pl\/app\/uploads\/2024\/05\/cropped-Apaczka-Full-Logotype-Full-Color.png","width":1337,"height":405,"caption":"Apaczka"},"image":{"@id":"https:\/\/www.apaczka.pl\/en\/#\/schema\/logo\/image\/"},"sameAs":["https:\/\/www.facebook.com\/ApaczkaPL\/","https:\/\/www.linkedin.com\/company\/apaczka-alsendo-sp-z-o-o\/","https:\/\/www.youtube.com\/@apaczka-by-alsendo","https:\/\/g.co\/kgs\/Ztnp4yQ","https:\/\/maps.app.goo.gl\/iUwRn8EGrQJAk4LB9","https:\/\/www.trustpilot.com\/review\/www.apaczka.pl","https:\/\/www.crunchbase.com\/organization\/apaczka","https:\/\/www.ekomi-pl.com\/opinie-apaczka.html","https:\/\/www.wikidata.org\/wiki\/Q135189453"],"description":"Apaczka.pl to platforma technologiczna do zarz\u0105dzania wysy\u0142kami i dostawami dla firm. Jeste\u015bmy sprawdzonym partnerem w zakresie proces\u00f3w wysy\u0142kowych dzia\u0142aj\u0105cym od ponad 15 lat na rynku. Integrujemy szeroki wachlarz us\u0142ug kurierskich oraz dedykowanych us\u0142ug w\u0142asnych skierowanych do wszystkich przedsi\u0119biorc\u00f3w, tak\u017ce tych, kt\u00f3rzy dopiero zaczynaj\u0105 swoj\u0105 dzia\u0142alno\u015b\u0107. Oferowane przez nas rozwi\u0105zania s\u0105 wykorzystywane przez firmy z bran\u017cy e-commerce, du\u017ce podmioty typu marketplace, ale r\u00f3wnie\u017c niewielkie firmy nadaj\u0105ce kilkana\u015bcie przesy\u0142ek miesi\u0119cznie. Konsekwentnie wspieramy firmy w rozwoju ich biznesu, udost\u0119pniaj\u0105c bez \u017cadnych op\u0142at gotowe narz\u0119dzia u\u0142atwiaj\u0105ce codzienn\u0105 logistyk\u0119. Nasi Klienci wysy\u0142aj\u0105 ponad 2,5 miliona przesy\u0142ek ka\u017cdego miesi\u0105ca korzystaj\u0105c z naszych unikalnych technologii. Nasze mocne strony: - Mo\u017cliwo\u015b\u0107 por\u00f3wnania ofert wiod\u0105cych firm kurierskich w Polsce i na \u015bwiecie: DHL, UPS, DPD, Fedex, Poczta Polska, Geis, InPost, GLS, Ambro, Hellmann i wielu innych, - Mo\u017cliwo\u015b\u0107 indywidualnego negocjowania stawek w zale\u017cno\u015bci od ilo\u015bci przesy\u0142ek i ich rodzaju (palety, p\u00f3\u0142palety, przesy\u0142ki krajowe, mi\u0119dzynarodowe), - Jedna, prosta integracja API z wieloma platformami e-commerce, marketplace i systemami ERP, WMS., daj\u0105ca dost\u0119p do ca\u0142ej naszej oferty kurierskiej, - Mo\u017cliwo\u015b\u0107 automatyzacji i optymalizacji proces\u00f3w wysy\u0142kowych, -Indywidualny Opiekun Handlowy zapewniaj\u0105cy wsparcie merytoryczne z zakresu rozwi\u0105za\u0144 kurierskich w zale\u017cno\u015bci od bran\u017cy Klienta, rodzaju przesy\u0142ek i metod dostawy, - Bezp\u0142atne integracje z 50 platformami sklepowymi, mo\u017cliwo\u015b\u0107 import\u00f3w (w tym Allegro) oraz wsparcie dzia\u0142u IT, -Personalizacja komunikacji z odbiorcami przesy\u0142ek na etapie post-checkout, modu\u0142 zwrot\u00f3w i analityka danych logistycznych, -Brak minim\u00f3w wysy\u0142kowych i wygodne formy rozlicze\u0144. Apaczka.pl: por\u00f3wnuj ceny kurier\u00f3w, automatyzuj procesy wysy\u0142kowe.","legalName":"Alsendo sp. z o.o.","foundingDate":"2009-08-17","vatID":"PL8971840043","taxID":"367328934","numberOfEmployees":{"@type":"QuantitativeValue","minValue":"51","maxValue":"200"}},{"@type":"Person","@id":"https:\/\/www.apaczka.pl\/en\/#\/schema\/person\/dc9cd6f6196e657b1a062d0c3022d716","name":"Barbara Bochenek","image":{"@type":"ImageObject","inLanguage":"en-US","@id":"https:\/\/www.apaczka.pl\/app\/uploads\/2025\/04\/cropped-Barbara-Bochenek-96x96.jpg","url":"https:\/\/www.apaczka.pl\/app\/uploads\/2025\/04\/cropped-Barbara-Bochenek-96x96.jpg","contentUrl":"https:\/\/www.apaczka.pl\/app\/uploads\/2025\/04\/cropped-Barbara-Bochenek-96x96.jpg","caption":"Barbara Bochenek"},"description":"Pomagam firmom sprawniej zarz\u0105dza\u0107 wysy\u0142k\u0105 i budowa\u0107 przewag\u0119 w logistyce dzi\u0119ki trafnej komunikacji i rzetelnym tre\u015bciom. Jako specjalistka ds. komunikacji i content marketingu z pasj\u0105 do innowacji logistycznych tworz\u0119 artyku\u0142y, e-booki, materia\u0142y edukacyjne i case studies, kt\u00f3re pokazuj\u0105, jak rozwi\u0105zania Apaczka usprawniaj\u0105 procesy i wspieraj\u0105 rozw\u00f3j biznesu. W pracy stawiam na jasny przekaz, konkretne dane i tre\u015bci, kt\u00f3re realnie u\u0142atwiaj\u0105 klientom podejmowanie decyzji.","sameAs":["https:\/\/www.linkedin.com\/in\/barbarabochenek\/"],"jobTitle":"Junior Content & Social Media Manager","url":"https:\/\/www.apaczka.pl\/en\/blog\/author\/barbara-bochenek\/"}]}},"_links":{"self":[{"href":"https:\/\/www.apaczka.pl\/en\/wp-json\/wp\/v2\/news\/18147","targetHints":{"allow":["GET"]}}],"collection":[{"href":"https:\/\/www.apaczka.pl\/en\/wp-json\/wp\/v2\/news"}],"about":[{"href":"https:\/\/www.apaczka.pl\/en\/wp-json\/wp\/v2\/types\/news"}],"author":[{"embeddable":true,"href":"https:\/\/www.apaczka.pl\/en\/wp-json\/wp\/v2\/users\/10"}],"version-history":[{"count":11,"href":"https:\/\/www.apaczka.pl\/en\/wp-json\/wp\/v2\/news\/18147\/revisions"}],"predecessor-version":[{"id":18169,"href":"https:\/\/www.apaczka.pl\/en\/wp-json\/wp\/v2\/news\/18147\/revisions\/18169"}],"wp:featuredmedia":[{"embeddable":true,"href":"https:\/\/www.apaczka.pl\/en\/wp-json\/wp\/v2\/media\/13545"}],"wp:attachment":[{"href":"https:\/\/www.apaczka.pl\/en\/wp-json\/wp\/v2\/media?parent=18147"}],"wp:term":[{"taxonomy":"news_category","embeddable":true,"href":"https:\/\/www.apaczka.pl\/en\/wp-json\/wp\/v2\/news_category?post=18147"},{"taxonomy":"news_tag","embeddable":true,"href":"https:\/\/www.apaczka.pl\/en\/wp-json\/wp\/v2\/news_tag?post=18147"}],"curies":[{"name":"wp","href":"https:\/\/api.w.org\/{rel}","templated":true}]}}