{"id":14697,"date":"2022-12-05T10:48:12","date_gmt":"2022-12-05T10:48:12","guid":{"rendered":"https:\/\/www.apaczka.pl\/?post_type=news&#038;p=14697"},"modified":"2022-12-05T10:48:12","modified_gmt":"2022-12-05T10:48:12","slug":"wielkie-dziela-zaczynaja-sie-od-malych-rzeczy","status":"publish","type":"news","link":"https:\/\/www.apaczka.pl\/en\/aktualnosci\/wielkie-dziela-zaczynaja-sie-od-malych-rzeczy\/","title":{"rendered":"Wielkie dzie\u0142a zaczynaj\u0105 si\u0119 od ma\u0142ych rzeczy!"},"content":{"rendered":"\n<ul class=\"wp-block-list\"><li><strong>Nadawca<\/strong>: Alsendo sp. z o.o. (w\u0142a\u015bciciel m.in. Sendit.pl i Apaczka.pl).<\/li><li><strong>Odbiorca<\/strong>: Zesp\u00f3\u0142 Plac\u00f3wek Opieku\u0144czo-Wychowawczych \u201eWiosna\u201d prowadzony przez Zgromadzenie Si\u00f3str Szkolnych de Notre Dame w Krzydlinie Ma\u0142ej.<\/li><li><strong>Spos\u00f3b zapakowania:<\/strong> mi\u0142o\u015b\u0107 i nadzieja<\/li><li><strong>Zawarto\u015b\u0107 przesy\u0142ki<\/strong>: \u015brodki finansowe<\/li><\/ul>\n\n\n\n<p>Wiosna to dla wielu najpi\u0119kniejsza pora roku. To czas budzenia si\u0119 i rozkwitu nowego \u017cycia; czas dynamicznego rozwoju, pojawiania si\u0119 czego\u015b nowego, \u015bwie\u017cego. Z wiosn\u0105 nieod\u0142\u0105cznie kojarzy si\u0119 rado\u015b\u0107, ciep\u0142o oraz pobudzenie nadziei na now\u0105, lepsz\u0105 przysz\u0142o\u015b\u0107. W Krzydlinie Ma\u0142ej znajduje si\u0119 dom, gdzie \u201ewiosna\u201d trwa przez ca\u0142y rok, gdzie codziennie rozkwita nowe \u017cycie.&nbsp;<\/p>\n\n\n\n<p>Jest to Dom Dziecka \u201eWiosna\u201d, w kt\u00f3rym niesiona jest pomoc dzieciom znajduj\u0105cym si\u0119 w nag\u0142ych sytuacjach kryzysowych, pozbawionych czasowo lub trwale opieki w\u0142asnej rodziny. Jest to miejsce, w kt\u00f3rym dzieci czuj\u0105 si\u0119 bezpieczne, kochane i akceptowane. W plac\u00f3wce przebywa obecnie 56 dzieci z Polski w wieku od kilku miesi\u0119cy do 18 lat oraz 19 dzieci z domu dziecka z Ukrainy. Siostry zakonne i wykwalifikowani pracownicy \u015bwieccy, robi\u0105 wszystko, aby \u201ewiosna \u017cycia\u201d dzieci, kt\u00f3re trafiaj\u0105 do ich Domu, by\u0142a czasem rado\u015bci i ciep\u0142a oraz \u2013 pomimo trudnych do\u015bwiadcze\u0144 losu \u2013 dawa\u0142a nadziej\u0119 na lepsz\u0105 przysz\u0142o\u015b\u0107.<\/p>\n\n\n\n<p>Marzeniem dyrekcji i pracownik\u00f3w domu dziecka jest stworzenie w plac\u00f3wce sal do zaj\u0119\u0107 sensorycznych oraz fizjoterapii, w kt\u00f3rych podopieczni b\u0119d\u0105 mieli odpowiednie warunki do pracy i rozwoju umiej\u0119tno\u015bci. Widz\u0105c, jak du\u017ce s\u0105 potrzeby Domu dziecka \u201eWiosna\u201d, postanowili\u015bmy nasze wsparcie skierowa\u0107 w\u0142a\u015bnie tam. Cieszymy si\u0119, \u017ce&nbsp; przekazane przez nas \u015brodki pozwol\u0105 wesprze\u0107 bie\u017c\u0105ce potrzeby dzieci i ca\u0142ej plac\u00f3wki.<\/p>\n\n\n\n<p>Zach\u0119camy r\u00f3wnie\u017c Was do pomocy i przekazania 1% swojego podatku dla dzieci z domu dziecka, prowadzonego przez Zgromadzenie Si\u00f3str Szkolnych de Notre Dame. Rozsy\u0142aj z nami dobro! Im wi\u0119cej go dajesz tym wi\u0119cej dostajesz!<\/p>\n\n\n\n<p>Wi\u0119cej informacji o Zespole Plac\u00f3wek Opieku\u0144czo-Wychowawczych \u201eWiosna\u201d znajdziesz na stronie: <a href=\"https:\/\/dzieci-wiosna.pl\/\">https:\/\/dzieci-wiosna.pl\/<\/a><\/p>\n\n\n\n<figure class=\"wp-block-image size-large\"><img loading=\"lazy\" decoding=\"async\" width=\"724\" height=\"1024\" src=\"\/app\/uploads\/2022\/12\/Podziekowanie-Alsendo-pdf-724x1024.png\" alt=\"\" class=\"wp-image-14698\" srcset=\"https:\/\/www.apaczka.pl\/app\/uploads\/2022\/12\/Podziekowanie-Alsendo-pdf-724x1024.png 724w, https:\/\/www.apaczka.pl\/app\/uploads\/2022\/12\/Podziekowanie-Alsendo-pdf-212x300.png 212w, https:\/\/www.apaczka.pl\/app\/uploads\/2022\/12\/Podziekowanie-Alsendo-pdf-768x1086.png 768w, https:\/\/www.apaczka.pl\/app\/uploads\/2022\/12\/Podziekowanie-Alsendo-pdf-1086x1536.png 1086w, https:\/\/www.apaczka.pl\/app\/uploads\/2022\/12\/Podziekowanie-Alsendo-pdf.png 1190w\" sizes=\"auto, (max-width: 724px) 100vw, 724px\" \/><figcaption>Podzi\u0119kowanie dla Alsendo sp. z o.o. od Zesp\u00f3\u0142 Plac\u00f3wek Opieku\u0144czo-Wychowawczych \u201eWiosna\u201d<\/figcaption><\/figure>\n","protected":false},"excerpt":{"rendered":"<p>Rozsy\u0142amy dobro! A wiadomo, \u017ce na wysy\u0142ce znamy si\u0119 doskonale! Tym razem nasza przesy\u0142ka ze \u015brodkami finansowymi trafi\u0142a do wyj\u0105tkowego miejsca &#8211; domu dziecka. O\u015brodek, w kt\u00f3rym znajduje si\u0119 ponad 70 dzieci, potrzebowa\u0142 wsparcia w sfinansowaniu bie\u017c\u0105cych potrzeb podopiecznych.  <\/p>\n","protected":false},"author":7,"featured_media":14702,"template":"","meta":{"_acf_changed":false,"footnotes":""},"news_category":[],"news_tag":[],"class_list":["post-14697","news","type-news","status-publish","has-post-thumbnail","hentry"],"acf":[],"yoast_head":"<!-- This site is optimized with the Yoast SEO Premium plugin v27.3 (Yoast SEO v27.3) - https:\/\/yoast.com\/product\/yoast-seo-premium-wordpress\/ -->\n<title>Wielkie dzie\u0142a zaczynaj\u0105 si\u0119 od ma\u0142ych rzeczy! - Apaczka<\/title>\n<meta name=\"robots\" content=\"noindex, follow\" \/>\n<meta property=\"og:locale\" content=\"en_US\" \/>\n<meta property=\"og:type\" content=\"article\" \/>\n<meta property=\"og:title\" content=\"Wielkie dzie\u0142a zaczynaj\u0105 si\u0119 od ma\u0142ych rzeczy!\" \/>\n<meta property=\"og:description\" content=\"Rozsy\u0142amy dobro! A wiadomo, \u017ce na wysy\u0142ce znamy si\u0119 doskonale! Tym razem nasza przesy\u0142ka ze \u015brodkami finansowymi trafi\u0142a do wyj\u0105tkowego miejsca - domu dziecka. O\u015brodek, w kt\u00f3rym znajduje si\u0119 ponad 70 dzieci, potrzebowa\u0142 wsparcia w sfinansowaniu bie\u017c\u0105cych potrzeb podopiecznych.\" \/>\n<meta property=\"og:url\" content=\"https:\/\/www.apaczka.pl\/en\/aktualnosci\/wielkie-dziela-zaczynaja-sie-od-malych-rzeczy\/\" \/>\n<meta property=\"og:site_name\" content=\"Apaczka\" \/>\n<meta property=\"article:publisher\" content=\"https:\/\/www.facebook.com\/ApaczkaPL\/\" \/>\n<meta property=\"og:image\" content=\"https:\/\/www.apaczka.pl\/app\/uploads\/2022\/12\/blog-apaczka.jpg\" \/>\n\t<meta property=\"og:image:width\" content=\"1070\" \/>\n\t<meta property=\"og:image:height\" content=\"456\" \/>\n\t<meta property=\"og:image:type\" content=\"image\/jpeg\" \/>\n<meta name=\"twitter:card\" content=\"summary_large_image\" \/>\n<meta name=\"twitter:label1\" content=\"Est. reading time\" \/>\n\t<meta name=\"twitter:data1\" content=\"2 minutes\" \/>\n<script type=\"application\/ld+json\" class=\"yoast-schema-graph\">{\"@context\":\"https:\\\/\\\/schema.org\",\"@graph\":[{\"@type\":\"NewsArticle\",\"@id\":\"https:\\\/\\\/www.apaczka.pl\\\/en\\\/aktualnosci\\\/wielkie-dziela-zaczynaja-sie-od-malych-rzeczy\\\/#article\",\"isPartOf\":{\"@id\":\"https:\\\/\\\/www.apaczka.pl\\\/en\\\/aktualnosci\\\/wielkie-dziela-zaczynaja-sie-od-malych-rzeczy\\\/\"},\"author\":{\"name\":\"Emilia Kowalczyk\",\"@id\":\"https:\\\/\\\/www.apaczka.pl\\\/en\\\/#\\\/schema\\\/person\\\/d38f7b640f705b127d9c02b12741e46d\"},\"headline\":\"Wielkie dzie\u0142a zaczynaj\u0105 si\u0119 od ma\u0142ych rzeczy!\",\"datePublished\":\"2022-12-05T10:48:12+00:00\",\"mainEntityOfPage\":{\"@id\":\"https:\\\/\\\/www.apaczka.pl\\\/en\\\/aktualnosci\\\/wielkie-dziela-zaczynaja-sie-od-malych-rzeczy\\\/\"},\"wordCount\":364,\"publisher\":{\"@id\":\"https:\\\/\\\/www.apaczka.pl\\\/en\\\/#organization\"},\"image\":{\"@id\":\"https:\\\/\\\/www.apaczka.pl\\\/en\\\/aktualnosci\\\/wielkie-dziela-zaczynaja-sie-od-malych-rzeczy\\\/#primaryimage\"},\"thumbnailUrl\":\"https:\\\/\\\/www.apaczka.pl\\\/app\\\/uploads\\\/2022\\\/12\\\/blog-apaczka.jpg\",\"inLanguage\":\"en-US\"},{\"@type\":\"WebPage\",\"@id\":\"https:\\\/\\\/www.apaczka.pl\\\/en\\\/aktualnosci\\\/wielkie-dziela-zaczynaja-sie-od-malych-rzeczy\\\/\",\"url\":\"https:\\\/\\\/www.apaczka.pl\\\/en\\\/aktualnosci\\\/wielkie-dziela-zaczynaja-sie-od-malych-rzeczy\\\/\",\"name\":\"Wielkie dzie\u0142a zaczynaj\u0105 si\u0119 od ma\u0142ych rzeczy! - Apaczka\",\"isPartOf\":{\"@id\":\"https:\\\/\\\/www.apaczka.pl\\\/en\\\/#website\"},\"primaryImageOfPage\":{\"@id\":\"https:\\\/\\\/www.apaczka.pl\\\/en\\\/aktualnosci\\\/wielkie-dziela-zaczynaja-sie-od-malych-rzeczy\\\/#primaryimage\"},\"image\":{\"@id\":\"https:\\\/\\\/www.apaczka.pl\\\/en\\\/aktualnosci\\\/wielkie-dziela-zaczynaja-sie-od-malych-rzeczy\\\/#primaryimage\"},\"thumbnailUrl\":\"https:\\\/\\\/www.apaczka.pl\\\/app\\\/uploads\\\/2022\\\/12\\\/blog-apaczka.jpg\",\"datePublished\":\"2022-12-05T10:48:12+00:00\",\"breadcrumb\":{\"@id\":\"https:\\\/\\\/www.apaczka.pl\\\/en\\\/aktualnosci\\\/wielkie-dziela-zaczynaja-sie-od-malych-rzeczy\\\/#breadcrumb\"},\"inLanguage\":\"en-US\",\"potentialAction\":[{\"@type\":\"ReadAction\",\"target\":[\"https:\\\/\\\/www.apaczka.pl\\\/en\\\/aktualnosci\\\/wielkie-dziela-zaczynaja-sie-od-malych-rzeczy\\\/\"]}]},{\"@type\":\"ImageObject\",\"inLanguage\":\"en-US\",\"@id\":\"https:\\\/\\\/www.apaczka.pl\\\/en\\\/aktualnosci\\\/wielkie-dziela-zaczynaja-sie-od-malych-rzeczy\\\/#primaryimage\",\"url\":\"https:\\\/\\\/www.apaczka.pl\\\/app\\\/uploads\\\/2022\\\/12\\\/blog-apaczka.jpg\",\"contentUrl\":\"https:\\\/\\\/www.apaczka.pl\\\/app\\\/uploads\\\/2022\\\/12\\\/blog-apaczka.jpg\",\"width\":1070,\"height\":456,\"caption\":\"Wsparcie Domu Dziecka \u201eWiosna\u201d\"},{\"@type\":\"BreadcrumbList\",\"@id\":\"https:\\\/\\\/www.apaczka.pl\\\/en\\\/aktualnosci\\\/wielkie-dziela-zaczynaja-sie-od-malych-rzeczy\\\/#breadcrumb\",\"itemListElement\":[{\"@type\":\"ListItem\",\"position\":1,\"name\":\"Apaczka\",\"item\":\"https:\\\/\\\/www.apaczka.pl\\\/en\\\/\"},{\"@type\":\"ListItem\",\"position\":2,\"name\":\"Aktualno\u015bci\",\"item\":\"https:\\\/\\\/www.apaczka.pl\\\/en\\\/aktualnosci\\\/\"},{\"@type\":\"ListItem\",\"position\":3,\"name\":\"Wielkie dzie\u0142a zaczynaj\u0105 si\u0119 od ma\u0142ych rzeczy!\"}]},{\"@type\":\"WebSite\",\"@id\":\"https:\\\/\\\/www.apaczka.pl\\\/en\\\/#website\",\"url\":\"https:\\\/\\\/www.apaczka.pl\\\/en\\\/\",\"name\":\"Apaczka\",\"description\":\"Rozwi\u0105zania do zarz\u0105dzania procesami wysy\u0142kowymi dla firm\",\"publisher\":{\"@id\":\"https:\\\/\\\/www.apaczka.pl\\\/en\\\/#organization\"},\"potentialAction\":[{\"@type\":\"SearchAction\",\"target\":{\"@type\":\"EntryPoint\",\"urlTemplate\":\"https:\\\/\\\/www.apaczka.pl\\\/en\\\/?s={search_term_string}\"},\"query-input\":{\"@type\":\"PropertyValueSpecification\",\"valueRequired\":true,\"valueName\":\"search_term_string\"}}],\"inLanguage\":\"en-US\"},{\"@type\":\"Organization\",\"@id\":\"https:\\\/\\\/www.apaczka.pl\\\/en\\\/#organization\",\"name\":\"Apaczka\",\"url\":\"https:\\\/\\\/www.apaczka.pl\\\/en\\\/\",\"logo\":{\"@type\":\"ImageObject\",\"inLanguage\":\"en-US\",\"@id\":\"https:\\\/\\\/www.apaczka.pl\\\/en\\\/#\\\/schema\\\/logo\\\/image\\\/\",\"url\":\"https:\\\/\\\/www.apaczka.pl\\\/app\\\/uploads\\\/2024\\\/05\\\/cropped-Apaczka-Full-Logotype-Full-Color.png\",\"contentUrl\":\"https:\\\/\\\/www.apaczka.pl\\\/app\\\/uploads\\\/2024\\\/05\\\/cropped-Apaczka-Full-Logotype-Full-Color.png\",\"width\":1337,\"height\":405,\"caption\":\"Apaczka\"},\"image\":{\"@id\":\"https:\\\/\\\/www.apaczka.pl\\\/en\\\/#\\\/schema\\\/logo\\\/image\\\/\"},\"sameAs\":[\"https:\\\/\\\/www.facebook.com\\\/ApaczkaPL\\\/\",\"https:\\\/\\\/www.linkedin.com\\\/company\\\/apaczka-alsendo-sp-z-o-o\\\/\",\"https:\\\/\\\/www.youtube.com\\\/@apaczka-by-alsendo\",\"https:\\\/\\\/g.co\\\/kgs\\\/Ztnp4yQ\",\"https:\\\/\\\/maps.app.goo.gl\\\/iUwRn8EGrQJAk4LB9\",\"https:\\\/\\\/www.trustpilot.com\\\/review\\\/www.apaczka.pl\",\"https:\\\/\\\/www.crunchbase.com\\\/organization\\\/apaczka\",\"https:\\\/\\\/www.ekomi-pl.com\\\/opinie-apaczka.html\",\"https:\\\/\\\/www.wikidata.org\\\/wiki\\\/Q135189453\"],\"description\":\"Apaczka.pl to platforma technologiczna do zarz\u0105dzania wysy\u0142kami i dostawami dla firm. Jeste\u015bmy sprawdzonym partnerem w zakresie proces\u00f3w wysy\u0142kowych dzia\u0142aj\u0105cym od ponad 15 lat na rynku. Integrujemy szeroki wachlarz us\u0142ug kurierskich oraz dedykowanych us\u0142ug w\u0142asnych skierowanych do wszystkich przedsi\u0119biorc\u00f3w, tak\u017ce tych, kt\u00f3rzy dopiero zaczynaj\u0105 swoj\u0105 dzia\u0142alno\u015b\u0107. Oferowane przez nas rozwi\u0105zania s\u0105 wykorzystywane przez firmy z bran\u017cy e-commerce, du\u017ce podmioty typu marketplace, ale r\u00f3wnie\u017c niewielkie firmy nadaj\u0105ce kilkana\u015bcie przesy\u0142ek miesi\u0119cznie. Konsekwentnie wspieramy firmy w rozwoju ich biznesu, udost\u0119pniaj\u0105c bez \u017cadnych op\u0142at gotowe narz\u0119dzia u\u0142atwiaj\u0105ce codzienn\u0105 logistyk\u0119. Nasi Klienci wysy\u0142aj\u0105 ponad 2,5 miliona przesy\u0142ek ka\u017cdego miesi\u0105ca korzystaj\u0105c z naszych unikalnych technologii. Nasze mocne strony: - Mo\u017cliwo\u015b\u0107 por\u00f3wnania ofert wiod\u0105cych firm kurierskich w Polsce i na \u015bwiecie: DHL, UPS, DPD, Fedex, Poczta Polska, Geis, InPost, GLS, Ambro, Hellmann i wielu innych, - Mo\u017cliwo\u015b\u0107 indywidualnego negocjowania stawek w zale\u017cno\u015bci od ilo\u015bci przesy\u0142ek i ich rodzaju (palety, p\u00f3\u0142palety, przesy\u0142ki krajowe, mi\u0119dzynarodowe), - Jedna, prosta integracja API z wieloma platformami e-commerce, marketplace i systemami ERP, WMS., daj\u0105ca dost\u0119p do ca\u0142ej naszej oferty kurierskiej, - Mo\u017cliwo\u015b\u0107 automatyzacji i optymalizacji proces\u00f3w wysy\u0142kowych, -Indywidualny Opiekun Handlowy zapewniaj\u0105cy wsparcie merytoryczne z zakresu rozwi\u0105za\u0144 kurierskich w zale\u017cno\u015bci od bran\u017cy Klienta, rodzaju przesy\u0142ek i metod dostawy, - Bezp\u0142atne integracje z 50 platformami sklepowymi, mo\u017cliwo\u015b\u0107 import\u00f3w (w tym Allegro) oraz wsparcie dzia\u0142u IT, -Personalizacja komunikacji z odbiorcami przesy\u0142ek na etapie post-checkout, modu\u0142 zwrot\u00f3w i analityka danych logistycznych, -Brak minim\u00f3w wysy\u0142kowych i wygodne formy rozlicze\u0144. Apaczka.pl: por\u00f3wnuj ceny kurier\u00f3w, automatyzuj procesy wysy\u0142kowe.\",\"legalName\":\"Alsendo sp. z o.o.\",\"foundingDate\":\"2009-08-17\",\"vatID\":\"PL8971840043\",\"taxID\":\"367328934\",\"numberOfEmployees\":{\"@type\":\"QuantitativeValue\",\"minValue\":\"51\",\"maxValue\":\"200\"}},{\"@type\":\"Person\",\"@id\":\"https:\\\/\\\/www.apaczka.pl\\\/en\\\/#\\\/schema\\\/person\\\/d38f7b640f705b127d9c02b12741e46d\",\"name\":\"Emilia Kowalczyk\",\"image\":{\"@type\":\"ImageObject\",\"inLanguage\":\"en-US\",\"@id\":\"https:\\\/\\\/secure.gravatar.com\\\/avatar\\\/33c9ad307b7b859bb8ff56eff57cf1293d3b757b2ec0499d5e176a854c10a90e?s=96&d=mm&r=g\",\"url\":\"https:\\\/\\\/secure.gravatar.com\\\/avatar\\\/33c9ad307b7b859bb8ff56eff57cf1293d3b757b2ec0499d5e176a854c10a90e?s=96&d=mm&r=g\",\"contentUrl\":\"https:\\\/\\\/secure.gravatar.com\\\/avatar\\\/33c9ad307b7b859bb8ff56eff57cf1293d3b757b2ec0499d5e176a854c10a90e?s=96&d=mm&r=g\",\"caption\":\"Emilia Kowalczyk\"},\"url\":\"https:\\\/\\\/www.apaczka.pl\\\/en\\\/blog\\\/author\\\/emilia-kowalczyk\\\/\"}]}<\/script>\n<!-- \/ Yoast SEO Premium plugin. -->","yoast_head_json":{"title":"Wielkie dzie\u0142a zaczynaj\u0105 si\u0119 od ma\u0142ych rzeczy! - Apaczka","robots":{"index":"noindex","follow":"follow"},"og_locale":"en_US","og_type":"article","og_title":"Wielkie dzie\u0142a zaczynaj\u0105 si\u0119 od ma\u0142ych rzeczy!","og_description":"Rozsy\u0142amy dobro! A wiadomo, \u017ce na wysy\u0142ce znamy si\u0119 doskonale! Tym razem nasza przesy\u0142ka ze \u015brodkami finansowymi trafi\u0142a do wyj\u0105tkowego miejsca - domu dziecka. O\u015brodek, w kt\u00f3rym znajduje si\u0119 ponad 70 dzieci, potrzebowa\u0142 wsparcia w sfinansowaniu bie\u017c\u0105cych potrzeb podopiecznych.","og_url":"https:\/\/www.apaczka.pl\/en\/aktualnosci\/wielkie-dziela-zaczynaja-sie-od-malych-rzeczy\/","og_site_name":"Apaczka","article_publisher":"https:\/\/www.facebook.com\/ApaczkaPL\/","og_image":[{"width":1070,"height":456,"url":"https:\/\/www.apaczka.pl\/app\/uploads\/2022\/12\/blog-apaczka.jpg","type":"image\/jpeg"}],"twitter_card":"summary_large_image","twitter_misc":{"Est. reading time":"2 minutes"},"schema":{"@context":"https:\/\/schema.org","@graph":[{"@type":"NewsArticle","@id":"https:\/\/www.apaczka.pl\/en\/aktualnosci\/wielkie-dziela-zaczynaja-sie-od-malych-rzeczy\/#article","isPartOf":{"@id":"https:\/\/www.apaczka.pl\/en\/aktualnosci\/wielkie-dziela-zaczynaja-sie-od-malych-rzeczy\/"},"author":{"name":"Emilia Kowalczyk","@id":"https:\/\/www.apaczka.pl\/en\/#\/schema\/person\/d38f7b640f705b127d9c02b12741e46d"},"headline":"Wielkie dzie\u0142a zaczynaj\u0105 si\u0119 od ma\u0142ych rzeczy!","datePublished":"2022-12-05T10:48:12+00:00","mainEntityOfPage":{"@id":"https:\/\/www.apaczka.pl\/en\/aktualnosci\/wielkie-dziela-zaczynaja-sie-od-malych-rzeczy\/"},"wordCount":364,"publisher":{"@id":"https:\/\/www.apaczka.pl\/en\/#organization"},"image":{"@id":"https:\/\/www.apaczka.pl\/en\/aktualnosci\/wielkie-dziela-zaczynaja-sie-od-malych-rzeczy\/#primaryimage"},"thumbnailUrl":"https:\/\/www.apaczka.pl\/app\/uploads\/2022\/12\/blog-apaczka.jpg","inLanguage":"en-US"},{"@type":"WebPage","@id":"https:\/\/www.apaczka.pl\/en\/aktualnosci\/wielkie-dziela-zaczynaja-sie-od-malych-rzeczy\/","url":"https:\/\/www.apaczka.pl\/en\/aktualnosci\/wielkie-dziela-zaczynaja-sie-od-malych-rzeczy\/","name":"Wielkie dzie\u0142a zaczynaj\u0105 si\u0119 od ma\u0142ych rzeczy! - Apaczka","isPartOf":{"@id":"https:\/\/www.apaczka.pl\/en\/#website"},"primaryImageOfPage":{"@id":"https:\/\/www.apaczka.pl\/en\/aktualnosci\/wielkie-dziela-zaczynaja-sie-od-malych-rzeczy\/#primaryimage"},"image":{"@id":"https:\/\/www.apaczka.pl\/en\/aktualnosci\/wielkie-dziela-zaczynaja-sie-od-malych-rzeczy\/#primaryimage"},"thumbnailUrl":"https:\/\/www.apaczka.pl\/app\/uploads\/2022\/12\/blog-apaczka.jpg","datePublished":"2022-12-05T10:48:12+00:00","breadcrumb":{"@id":"https:\/\/www.apaczka.pl\/en\/aktualnosci\/wielkie-dziela-zaczynaja-sie-od-malych-rzeczy\/#breadcrumb"},"inLanguage":"en-US","potentialAction":[{"@type":"ReadAction","target":["https:\/\/www.apaczka.pl\/en\/aktualnosci\/wielkie-dziela-zaczynaja-sie-od-malych-rzeczy\/"]}]},{"@type":"ImageObject","inLanguage":"en-US","@id":"https:\/\/www.apaczka.pl\/en\/aktualnosci\/wielkie-dziela-zaczynaja-sie-od-malych-rzeczy\/#primaryimage","url":"https:\/\/www.apaczka.pl\/app\/uploads\/2022\/12\/blog-apaczka.jpg","contentUrl":"https:\/\/www.apaczka.pl\/app\/uploads\/2022\/12\/blog-apaczka.jpg","width":1070,"height":456,"caption":"Wsparcie Domu Dziecka \u201eWiosna\u201d"},{"@type":"BreadcrumbList","@id":"https:\/\/www.apaczka.pl\/en\/aktualnosci\/wielkie-dziela-zaczynaja-sie-od-malych-rzeczy\/#breadcrumb","itemListElement":[{"@type":"ListItem","position":1,"name":"Apaczka","item":"https:\/\/www.apaczka.pl\/en\/"},{"@type":"ListItem","position":2,"name":"Aktualno\u015bci","item":"https:\/\/www.apaczka.pl\/en\/aktualnosci\/"},{"@type":"ListItem","position":3,"name":"Wielkie dzie\u0142a zaczynaj\u0105 si\u0119 od ma\u0142ych rzeczy!"}]},{"@type":"WebSite","@id":"https:\/\/www.apaczka.pl\/en\/#website","url":"https:\/\/www.apaczka.pl\/en\/","name":"Apaczka","description":"Rozwi\u0105zania do zarz\u0105dzania procesami wysy\u0142kowymi dla firm","publisher":{"@id":"https:\/\/www.apaczka.pl\/en\/#organization"},"potentialAction":[{"@type":"SearchAction","target":{"@type":"EntryPoint","urlTemplate":"https:\/\/www.apaczka.pl\/en\/?s={search_term_string}"},"query-input":{"@type":"PropertyValueSpecification","valueRequired":true,"valueName":"search_term_string"}}],"inLanguage":"en-US"},{"@type":"Organization","@id":"https:\/\/www.apaczka.pl\/en\/#organization","name":"Apaczka","url":"https:\/\/www.apaczka.pl\/en\/","logo":{"@type":"ImageObject","inLanguage":"en-US","@id":"https:\/\/www.apaczka.pl\/en\/#\/schema\/logo\/image\/","url":"https:\/\/www.apaczka.pl\/app\/uploads\/2024\/05\/cropped-Apaczka-Full-Logotype-Full-Color.png","contentUrl":"https:\/\/www.apaczka.pl\/app\/uploads\/2024\/05\/cropped-Apaczka-Full-Logotype-Full-Color.png","width":1337,"height":405,"caption":"Apaczka"},"image":{"@id":"https:\/\/www.apaczka.pl\/en\/#\/schema\/logo\/image\/"},"sameAs":["https:\/\/www.facebook.com\/ApaczkaPL\/","https:\/\/www.linkedin.com\/company\/apaczka-alsendo-sp-z-o-o\/","https:\/\/www.youtube.com\/@apaczka-by-alsendo","https:\/\/g.co\/kgs\/Ztnp4yQ","https:\/\/maps.app.goo.gl\/iUwRn8EGrQJAk4LB9","https:\/\/www.trustpilot.com\/review\/www.apaczka.pl","https:\/\/www.crunchbase.com\/organization\/apaczka","https:\/\/www.ekomi-pl.com\/opinie-apaczka.html","https:\/\/www.wikidata.org\/wiki\/Q135189453"],"description":"Apaczka.pl to platforma technologiczna do zarz\u0105dzania wysy\u0142kami i dostawami dla firm. Jeste\u015bmy sprawdzonym partnerem w zakresie proces\u00f3w wysy\u0142kowych dzia\u0142aj\u0105cym od ponad 15 lat na rynku. Integrujemy szeroki wachlarz us\u0142ug kurierskich oraz dedykowanych us\u0142ug w\u0142asnych skierowanych do wszystkich przedsi\u0119biorc\u00f3w, tak\u017ce tych, kt\u00f3rzy dopiero zaczynaj\u0105 swoj\u0105 dzia\u0142alno\u015b\u0107. Oferowane przez nas rozwi\u0105zania s\u0105 wykorzystywane przez firmy z bran\u017cy e-commerce, du\u017ce podmioty typu marketplace, ale r\u00f3wnie\u017c niewielkie firmy nadaj\u0105ce kilkana\u015bcie przesy\u0142ek miesi\u0119cznie. Konsekwentnie wspieramy firmy w rozwoju ich biznesu, udost\u0119pniaj\u0105c bez \u017cadnych op\u0142at gotowe narz\u0119dzia u\u0142atwiaj\u0105ce codzienn\u0105 logistyk\u0119. Nasi Klienci wysy\u0142aj\u0105 ponad 2,5 miliona przesy\u0142ek ka\u017cdego miesi\u0105ca korzystaj\u0105c z naszych unikalnych technologii. Nasze mocne strony: - Mo\u017cliwo\u015b\u0107 por\u00f3wnania ofert wiod\u0105cych firm kurierskich w Polsce i na \u015bwiecie: DHL, UPS, DPD, Fedex, Poczta Polska, Geis, InPost, GLS, Ambro, Hellmann i wielu innych, - Mo\u017cliwo\u015b\u0107 indywidualnego negocjowania stawek w zale\u017cno\u015bci od ilo\u015bci przesy\u0142ek i ich rodzaju (palety, p\u00f3\u0142palety, przesy\u0142ki krajowe, mi\u0119dzynarodowe), - Jedna, prosta integracja API z wieloma platformami e-commerce, marketplace i systemami ERP, WMS., daj\u0105ca dost\u0119p do ca\u0142ej naszej oferty kurierskiej, - Mo\u017cliwo\u015b\u0107 automatyzacji i optymalizacji proces\u00f3w wysy\u0142kowych, -Indywidualny Opiekun Handlowy zapewniaj\u0105cy wsparcie merytoryczne z zakresu rozwi\u0105za\u0144 kurierskich w zale\u017cno\u015bci od bran\u017cy Klienta, rodzaju przesy\u0142ek i metod dostawy, - Bezp\u0142atne integracje z 50 platformami sklepowymi, mo\u017cliwo\u015b\u0107 import\u00f3w (w tym Allegro) oraz wsparcie dzia\u0142u IT, -Personalizacja komunikacji z odbiorcami przesy\u0142ek na etapie post-checkout, modu\u0142 zwrot\u00f3w i analityka danych logistycznych, -Brak minim\u00f3w wysy\u0142kowych i wygodne formy rozlicze\u0144. Apaczka.pl: por\u00f3wnuj ceny kurier\u00f3w, automatyzuj procesy wysy\u0142kowe.","legalName":"Alsendo sp. z o.o.","foundingDate":"2009-08-17","vatID":"PL8971840043","taxID":"367328934","numberOfEmployees":{"@type":"QuantitativeValue","minValue":"51","maxValue":"200"}},{"@type":"Person","@id":"https:\/\/www.apaczka.pl\/en\/#\/schema\/person\/d38f7b640f705b127d9c02b12741e46d","name":"Emilia Kowalczyk","image":{"@type":"ImageObject","inLanguage":"en-US","@id":"https:\/\/secure.gravatar.com\/avatar\/33c9ad307b7b859bb8ff56eff57cf1293d3b757b2ec0499d5e176a854c10a90e?s=96&d=mm&r=g","url":"https:\/\/secure.gravatar.com\/avatar\/33c9ad307b7b859bb8ff56eff57cf1293d3b757b2ec0499d5e176a854c10a90e?s=96&d=mm&r=g","contentUrl":"https:\/\/secure.gravatar.com\/avatar\/33c9ad307b7b859bb8ff56eff57cf1293d3b757b2ec0499d5e176a854c10a90e?s=96&d=mm&r=g","caption":"Emilia Kowalczyk"},"url":"https:\/\/www.apaczka.pl\/en\/blog\/author\/emilia-kowalczyk\/"}]}},"_links":{"self":[{"href":"https:\/\/www.apaczka.pl\/en\/wp-json\/wp\/v2\/news\/14697","targetHints":{"allow":["GET"]}}],"collection":[{"href":"https:\/\/www.apaczka.pl\/en\/wp-json\/wp\/v2\/news"}],"about":[{"href":"https:\/\/www.apaczka.pl\/en\/wp-json\/wp\/v2\/types\/news"}],"author":[{"embeddable":true,"href":"https:\/\/www.apaczka.pl\/en\/wp-json\/wp\/v2\/users\/7"}],"version-history":[{"count":4,"href":"https:\/\/www.apaczka.pl\/en\/wp-json\/wp\/v2\/news\/14697\/revisions"}],"predecessor-version":[{"id":14705,"href":"https:\/\/www.apaczka.pl\/en\/wp-json\/wp\/v2\/news\/14697\/revisions\/14705"}],"wp:featuredmedia":[{"embeddable":true,"href":"https:\/\/www.apaczka.pl\/en\/wp-json\/wp\/v2\/media\/14702"}],"wp:attachment":[{"href":"https:\/\/www.apaczka.pl\/en\/wp-json\/wp\/v2\/media?parent=14697"}],"wp:term":[{"taxonomy":"news_category","embeddable":true,"href":"https:\/\/www.apaczka.pl\/en\/wp-json\/wp\/v2\/news_category?post=14697"},{"taxonomy":"news_tag","embeddable":true,"href":"https:\/\/www.apaczka.pl\/en\/wp-json\/wp\/v2\/news_tag?post=14697"}],"curies":[{"name":"wp","href":"https:\/\/api.w.org\/{rel}","templated":true}]}}