{"id":13073,"date":"2022-10-21T09:18:45","date_gmt":"2022-10-21T09:18:45","guid":{"rendered":"https:\/\/www.apaczka.pl\/?post_type=news&#038;p=13073"},"modified":"2022-10-21T09:26:30","modified_gmt":"2022-10-21T09:26:30","slug":"zmiana-cennikow-dla-przesylek-zagranicznych-dpd-hellmann-apaczka-niemcy","status":"publish","type":"news","link":"https:\/\/www.apaczka.pl\/en\/aktualnosci\/zmiana-cennikow-dla-przesylek-zagranicznych-dpd-hellmann-apaczka-niemcy\/","title":{"rendered":"Zmiana cennik\u00f3w dla przesy\u0142ek zagranicznych DPD, Hellmann, Apaczka Niemcy"},"content":{"rendered":"\n<p><\/p>\n\n\n\n<p>Zmiany cennik\u00f3w s\u0105 odpowiedzi\u0105 na aktualn\u0105 sytuacj\u0119 na rynku.<\/p>\n\n\n\n<p>G\u0142\u00f3wne czynniki, kt\u00f3re wp\u0142yn\u0119\u0142y na konieczno\u015b\u0107 zmian to: wzrost kursu euro, inflacja, wzrost ceny energii oraz surowc\u00f3w, ceny oleju nap\u0119dowego, a tak\u017ce wzrost p\u0142acy minimalnej.<\/p>\n\n\n\n<p>Wszystkie powy\u017csze czynniki maj\u0105 swoje odzwierciedlenie w finalnym koszcie, jaki trzeba ponie\u015b\u0107, aby dostarczy\u0107 przesy\u0142k\u0119 kuriersk\u0105. Wdra\u017cane zmiany w cennikach b\u0119d\u0105 wprowadzone na mo\u017cliwie najni\u017cszym poziomie, tak by pokrywa\u0142y wzrost koszt\u00f3w czynnik\u00f3w ekonomicznych.<\/p>\n\n\n\n<p>Mamy nadziej\u0119, \u017ce nadchodz\u0105cy szczyt wysy\u0142kowy, b\u0119dzie czasem rozwoju Pa\u0144stwa biznes\u00f3w pomimo trudnego otoczenia rynkowego.<\/p>\n","protected":false},"excerpt":{"rendered":"<p>Informujemy, \u017ce od 1 listopada 2022 r. nast\u0105pi zmiana cennik\u00f3w dla przesy\u0142ek zagranicznych realizowanych za po\u015brednictwem DPD, Hellmann oraz Apaczka Niemcy.<\/p>\n","protected":false},"author":10,"featured_media":13074,"template":"","meta":{"_acf_changed":false,"footnotes":""},"news_category":[],"news_tag":[],"class_list":["post-13073","news","type-news","status-publish","has-post-thumbnail","hentry"],"acf":[],"yoast_head":"<!-- This site is optimized with the Yoast SEO Premium plugin v27.3 (Yoast SEO v27.3) - https:\/\/yoast.com\/product\/yoast-seo-premium-wordpress\/ -->\n<title>Zmiana cennik\u00f3w dla przesy\u0142ek zagranicznych DPD, Hellmann, Apaczka Niemcy - Apaczka<\/title>\n<meta name=\"description\" content=\"Informujemy, \u017ce od 1 listopada 2022 r. nast\u0105pi zmiana cennik\u00f3w dla przesy\u0142ek zagranicznych realizowanych za po\u015brednictwem DPD, Hellmann oraz Apaczka Niemcy.Zmiany cennik\u00f3w s\u0105 odpowiedzi\u0105 na aktualn\u0105 sytuacj\u0119 na rynku.G\u0142\u00f3wne czynniki, kt\u00f3re wp\u0142yn\u0119\u0142y na konieczno\u015b\u0107 zmian to: wzrost kursu euro, inflacja, wzrost ceny energii oraz surowc\u00f3w, ceny oleju nap\u0119dowego, a tak\u017ce wzrost p\u0142acy minimalnej.Wszystkie powy\u017csze czynniki maj\u0105 swoje odzwierciedlenie w finalnym koszcie, jaki trzeba ponie\u015b\u0107, aby dostarczy\u0107 przesy\u0142k\u0119 kuriersk\u0105. Wdra\u017cane zmiany w cennikach b\u0119d\u0105 wprowadzone na mo\u017cliwie najni\u017cszym poziomie, tak by pokrywa\u0142y wzrost koszt\u00f3w czynnik\u00f3w ekonomicznych.Mamy nadziej\u0119, \u017ce nadchodz\u0105cy szczyt wysy\u0142kowy, b\u0119dzie czasem rozwoju Pa\u0144stwa biznes\u00f3w pomimo trudnego otoczenia rynkowego.\" \/>\n<meta name=\"robots\" content=\"noindex, follow\" \/>\n<meta property=\"og:locale\" content=\"en_US\" \/>\n<meta property=\"og:type\" content=\"article\" \/>\n<meta property=\"og:title\" content=\"Zmiana cennik\u00f3w dla przesy\u0142ek zagranicznych DPD, Hellmann, Apaczka Niemcy\" \/>\n<meta property=\"og:description\" content=\"Informujemy, \u017ce od 1 listopada 2022 r. nast\u0105pi zmiana cennik\u00f3w dla przesy\u0142ek zagranicznych realizowanych za po\u015brednictwem DPD, Hellmann oraz Apaczka Niemcy.Zmiany cennik\u00f3w s\u0105 odpowiedzi\u0105 na aktualn\u0105 sytuacj\u0119 na rynku.G\u0142\u00f3wne czynniki, kt\u00f3re wp\u0142yn\u0119\u0142y na konieczno\u015b\u0107 zmian to: wzrost kursu euro, inflacja, wzrost ceny energii oraz surowc\u00f3w, ceny oleju nap\u0119dowego, a tak\u017ce wzrost p\u0142acy minimalnej.Wszystkie powy\u017csze czynniki maj\u0105 swoje odzwierciedlenie w finalnym koszcie, jaki trzeba ponie\u015b\u0107, aby dostarczy\u0107 przesy\u0142k\u0119 kuriersk\u0105. Wdra\u017cane zmiany w cennikach b\u0119d\u0105 wprowadzone na mo\u017cliwie najni\u017cszym poziomie, tak by pokrywa\u0142y wzrost koszt\u00f3w czynnik\u00f3w ekonomicznych.Mamy nadziej\u0119, \u017ce nadchodz\u0105cy szczyt wysy\u0142kowy, b\u0119dzie czasem rozwoju Pa\u0144stwa biznes\u00f3w pomimo trudnego otoczenia rynkowego.\" \/>\n<meta property=\"og:url\" content=\"https:\/\/www.apaczka.pl\/en\/aktualnosci\/zmiana-cennikow-dla-przesylek-zagranicznych-dpd-hellmann-apaczka-niemcy\/\" \/>\n<meta property=\"og:site_name\" content=\"Apaczka\" \/>\n<meta property=\"article:publisher\" content=\"https:\/\/www.facebook.com\/ApaczkaPL\/\" \/>\n<meta property=\"article:modified_time\" content=\"2022-10-21T09:26:30+00:00\" \/>\n<meta property=\"og:image\" content=\"https:\/\/www.apaczka.pl\/app\/uploads\/2022\/10\/Zmiana-cennikow-1.jpg\" \/>\n\t<meta property=\"og:image:width\" content=\"1071\" \/>\n\t<meta property=\"og:image:height\" content=\"456\" \/>\n\t<meta property=\"og:image:type\" content=\"image\/jpeg\" \/>\n<meta name=\"twitter:card\" content=\"summary_large_image\" \/>\n<meta name=\"twitter:label1\" content=\"Est. reading time\" \/>\n\t<meta name=\"twitter:data1\" content=\"1 minute\" \/>\n<script type=\"application\/ld+json\" class=\"yoast-schema-graph\">{\"@context\":\"https:\\\/\\\/schema.org\",\"@graph\":[{\"@type\":\"NewsArticle\",\"@id\":\"https:\\\/\\\/www.apaczka.pl\\\/en\\\/aktualnosci\\\/zmiana-cennikow-dla-przesylek-zagranicznych-dpd-hellmann-apaczka-niemcy\\\/#article\",\"isPartOf\":{\"@id\":\"https:\\\/\\\/www.apaczka.pl\\\/en\\\/aktualnosci\\\/zmiana-cennikow-dla-przesylek-zagranicznych-dpd-hellmann-apaczka-niemcy\\\/\"},\"author\":{\"name\":\"Barbara Bochenek\",\"@id\":\"https:\\\/\\\/www.apaczka.pl\\\/en\\\/#\\\/schema\\\/person\\\/dc9cd6f6196e657b1a062d0c3022d716\"},\"headline\":\"Zmiana cennik\u00f3w dla przesy\u0142ek zagranicznych DPD, Hellmann, Apaczka Niemcy\",\"datePublished\":\"2022-10-21T09:18:45+00:00\",\"dateModified\":\"2022-10-21T09:26:30+00:00\",\"mainEntityOfPage\":{\"@id\":\"https:\\\/\\\/www.apaczka.pl\\\/en\\\/aktualnosci\\\/zmiana-cennikow-dla-przesylek-zagranicznych-dpd-hellmann-apaczka-niemcy\\\/\"},\"wordCount\":116,\"publisher\":{\"@id\":\"https:\\\/\\\/www.apaczka.pl\\\/en\\\/#organization\"},\"image\":{\"@id\":\"https:\\\/\\\/www.apaczka.pl\\\/en\\\/aktualnosci\\\/zmiana-cennikow-dla-przesylek-zagranicznych-dpd-hellmann-apaczka-niemcy\\\/#primaryimage\"},\"thumbnailUrl\":\"https:\\\/\\\/www.apaczka.pl\\\/app\\\/uploads\\\/2022\\\/10\\\/Zmiana-cennikow-1.jpg\",\"inLanguage\":\"en-US\"},{\"@type\":\"WebPage\",\"@id\":\"https:\\\/\\\/www.apaczka.pl\\\/en\\\/aktualnosci\\\/zmiana-cennikow-dla-przesylek-zagranicznych-dpd-hellmann-apaczka-niemcy\\\/\",\"url\":\"https:\\\/\\\/www.apaczka.pl\\\/en\\\/aktualnosci\\\/zmiana-cennikow-dla-przesylek-zagranicznych-dpd-hellmann-apaczka-niemcy\\\/\",\"name\":\"Zmiana cennik\u00f3w dla przesy\u0142ek zagranicznych DPD, Hellmann, Apaczka Niemcy - Apaczka\",\"isPartOf\":{\"@id\":\"https:\\\/\\\/www.apaczka.pl\\\/en\\\/#website\"},\"primaryImageOfPage\":{\"@id\":\"https:\\\/\\\/www.apaczka.pl\\\/en\\\/aktualnosci\\\/zmiana-cennikow-dla-przesylek-zagranicznych-dpd-hellmann-apaczka-niemcy\\\/#primaryimage\"},\"image\":{\"@id\":\"https:\\\/\\\/www.apaczka.pl\\\/en\\\/aktualnosci\\\/zmiana-cennikow-dla-przesylek-zagranicznych-dpd-hellmann-apaczka-niemcy\\\/#primaryimage\"},\"thumbnailUrl\":\"https:\\\/\\\/www.apaczka.pl\\\/app\\\/uploads\\\/2022\\\/10\\\/Zmiana-cennikow-1.jpg\",\"datePublished\":\"2022-10-21T09:18:45+00:00\",\"dateModified\":\"2022-10-21T09:26:30+00:00\",\"description\":\"Informujemy, \u017ce od 1 listopada 2022 r. nast\u0105pi zmiana cennik\u00f3w dla przesy\u0142ek zagranicznych realizowanych za po\u015brednictwem DPD, Hellmann oraz Apaczka Niemcy.Zmiany cennik\u00f3w s\u0105 odpowiedzi\u0105 na aktualn\u0105 sytuacj\u0119 na rynku.G\u0142\u00f3wne czynniki, kt\u00f3re wp\u0142yn\u0119\u0142y na konieczno\u015b\u0107 zmian to: wzrost kursu euro, inflacja, wzrost ceny energii oraz surowc\u00f3w, ceny oleju nap\u0119dowego, a tak\u017ce wzrost p\u0142acy minimalnej.Wszystkie powy\u017csze czynniki maj\u0105 swoje odzwierciedlenie w finalnym koszcie, jaki trzeba ponie\u015b\u0107, aby dostarczy\u0107 przesy\u0142k\u0119 kuriersk\u0105. Wdra\u017cane zmiany w cennikach b\u0119d\u0105 wprowadzone na mo\u017cliwie najni\u017cszym poziomie, tak by pokrywa\u0142y wzrost koszt\u00f3w czynnik\u00f3w ekonomicznych.Mamy nadziej\u0119, \u017ce nadchodz\u0105cy szczyt wysy\u0142kowy, b\u0119dzie czasem rozwoju Pa\u0144stwa biznes\u00f3w pomimo trudnego otoczenia rynkowego.\",\"breadcrumb\":{\"@id\":\"https:\\\/\\\/www.apaczka.pl\\\/en\\\/aktualnosci\\\/zmiana-cennikow-dla-przesylek-zagranicznych-dpd-hellmann-apaczka-niemcy\\\/#breadcrumb\"},\"inLanguage\":\"en-US\",\"potentialAction\":[{\"@type\":\"ReadAction\",\"target\":[\"https:\\\/\\\/www.apaczka.pl\\\/en\\\/aktualnosci\\\/zmiana-cennikow-dla-przesylek-zagranicznych-dpd-hellmann-apaczka-niemcy\\\/\"]}]},{\"@type\":\"ImageObject\",\"inLanguage\":\"en-US\",\"@id\":\"https:\\\/\\\/www.apaczka.pl\\\/en\\\/aktualnosci\\\/zmiana-cennikow-dla-przesylek-zagranicznych-dpd-hellmann-apaczka-niemcy\\\/#primaryimage\",\"url\":\"https:\\\/\\\/www.apaczka.pl\\\/app\\\/uploads\\\/2022\\\/10\\\/Zmiana-cennikow-1.jpg\",\"contentUrl\":\"https:\\\/\\\/www.apaczka.pl\\\/app\\\/uploads\\\/2022\\\/10\\\/Zmiana-cennikow-1.jpg\",\"width\":1071,\"height\":456},{\"@type\":\"BreadcrumbList\",\"@id\":\"https:\\\/\\\/www.apaczka.pl\\\/en\\\/aktualnosci\\\/zmiana-cennikow-dla-przesylek-zagranicznych-dpd-hellmann-apaczka-niemcy\\\/#breadcrumb\",\"itemListElement\":[{\"@type\":\"ListItem\",\"position\":1,\"name\":\"Apaczka\",\"item\":\"https:\\\/\\\/www.apaczka.pl\\\/en\\\/\"},{\"@type\":\"ListItem\",\"position\":2,\"name\":\"Aktualno\u015bci\",\"item\":\"https:\\\/\\\/www.apaczka.pl\\\/en\\\/aktualnosci\\\/\"},{\"@type\":\"ListItem\",\"position\":3,\"name\":\"Zmiana cennik\u00f3w dla przesy\u0142ek zagranicznych DPD, Hellmann, Apaczka Niemcy\"}]},{\"@type\":\"WebSite\",\"@id\":\"https:\\\/\\\/www.apaczka.pl\\\/en\\\/#website\",\"url\":\"https:\\\/\\\/www.apaczka.pl\\\/en\\\/\",\"name\":\"Apaczka\",\"description\":\"Rozwi\u0105zania do zarz\u0105dzania procesami wysy\u0142kowymi dla firm\",\"publisher\":{\"@id\":\"https:\\\/\\\/www.apaczka.pl\\\/en\\\/#organization\"},\"potentialAction\":[{\"@type\":\"SearchAction\",\"target\":{\"@type\":\"EntryPoint\",\"urlTemplate\":\"https:\\\/\\\/www.apaczka.pl\\\/en\\\/?s={search_term_string}\"},\"query-input\":{\"@type\":\"PropertyValueSpecification\",\"valueRequired\":true,\"valueName\":\"search_term_string\"}}],\"inLanguage\":\"en-US\"},{\"@type\":\"Organization\",\"@id\":\"https:\\\/\\\/www.apaczka.pl\\\/en\\\/#organization\",\"name\":\"Apaczka\",\"url\":\"https:\\\/\\\/www.apaczka.pl\\\/en\\\/\",\"logo\":{\"@type\":\"ImageObject\",\"inLanguage\":\"en-US\",\"@id\":\"https:\\\/\\\/www.apaczka.pl\\\/en\\\/#\\\/schema\\\/logo\\\/image\\\/\",\"url\":\"https:\\\/\\\/www.apaczka.pl\\\/app\\\/uploads\\\/2024\\\/05\\\/cropped-Apaczka-Full-Logotype-Full-Color.png\",\"contentUrl\":\"https:\\\/\\\/www.apaczka.pl\\\/app\\\/uploads\\\/2024\\\/05\\\/cropped-Apaczka-Full-Logotype-Full-Color.png\",\"width\":1337,\"height\":405,\"caption\":\"Apaczka\"},\"image\":{\"@id\":\"https:\\\/\\\/www.apaczka.pl\\\/en\\\/#\\\/schema\\\/logo\\\/image\\\/\"},\"sameAs\":[\"https:\\\/\\\/www.facebook.com\\\/ApaczkaPL\\\/\",\"https:\\\/\\\/www.linkedin.com\\\/company\\\/apaczka-alsendo-sp-z-o-o\\\/\",\"https:\\\/\\\/www.youtube.com\\\/@apaczka-by-alsendo\",\"https:\\\/\\\/g.co\\\/kgs\\\/Ztnp4yQ\",\"https:\\\/\\\/maps.app.goo.gl\\\/iUwRn8EGrQJAk4LB9\",\"https:\\\/\\\/www.trustpilot.com\\\/review\\\/www.apaczka.pl\",\"https:\\\/\\\/www.crunchbase.com\\\/organization\\\/apaczka\",\"https:\\\/\\\/www.ekomi-pl.com\\\/opinie-apaczka.html\",\"https:\\\/\\\/www.wikidata.org\\\/wiki\\\/Q135189453\"],\"description\":\"Apaczka.pl to platforma technologiczna do zarz\u0105dzania wysy\u0142kami i dostawami dla firm. Jeste\u015bmy sprawdzonym partnerem w zakresie proces\u00f3w wysy\u0142kowych dzia\u0142aj\u0105cym od ponad 15 lat na rynku. Integrujemy szeroki wachlarz us\u0142ug kurierskich oraz dedykowanych us\u0142ug w\u0142asnych skierowanych do wszystkich przedsi\u0119biorc\u00f3w, tak\u017ce tych, kt\u00f3rzy dopiero zaczynaj\u0105 swoj\u0105 dzia\u0142alno\u015b\u0107. Oferowane przez nas rozwi\u0105zania s\u0105 wykorzystywane przez firmy z bran\u017cy e-commerce, du\u017ce podmioty typu marketplace, ale r\u00f3wnie\u017c niewielkie firmy nadaj\u0105ce kilkana\u015bcie przesy\u0142ek miesi\u0119cznie. Konsekwentnie wspieramy firmy w rozwoju ich biznesu, udost\u0119pniaj\u0105c bez \u017cadnych op\u0142at gotowe narz\u0119dzia u\u0142atwiaj\u0105ce codzienn\u0105 logistyk\u0119. Nasi Klienci wysy\u0142aj\u0105 ponad 2,5 miliona przesy\u0142ek ka\u017cdego miesi\u0105ca korzystaj\u0105c z naszych unikalnych technologii. Nasze mocne strony: - Mo\u017cliwo\u015b\u0107 por\u00f3wnania ofert wiod\u0105cych firm kurierskich w Polsce i na \u015bwiecie: DHL, UPS, DPD, Fedex, Poczta Polska, Geis, InPost, GLS, Ambro, Hellmann i wielu innych, - Mo\u017cliwo\u015b\u0107 indywidualnego negocjowania stawek w zale\u017cno\u015bci od ilo\u015bci przesy\u0142ek i ich rodzaju (palety, p\u00f3\u0142palety, przesy\u0142ki krajowe, mi\u0119dzynarodowe), - Jedna, prosta integracja API z wieloma platformami e-commerce, marketplace i systemami ERP, WMS., daj\u0105ca dost\u0119p do ca\u0142ej naszej oferty kurierskiej, - Mo\u017cliwo\u015b\u0107 automatyzacji i optymalizacji proces\u00f3w wysy\u0142kowych, -Indywidualny Opiekun Handlowy zapewniaj\u0105cy wsparcie merytoryczne z zakresu rozwi\u0105za\u0144 kurierskich w zale\u017cno\u015bci od bran\u017cy Klienta, rodzaju przesy\u0142ek i metod dostawy, - Bezp\u0142atne integracje z 50 platformami sklepowymi, mo\u017cliwo\u015b\u0107 import\u00f3w (w tym Allegro) oraz wsparcie dzia\u0142u IT, -Personalizacja komunikacji z odbiorcami przesy\u0142ek na etapie post-checkout, modu\u0142 zwrot\u00f3w i analityka danych logistycznych, -Brak minim\u00f3w wysy\u0142kowych i wygodne formy rozlicze\u0144. Apaczka.pl: por\u00f3wnuj ceny kurier\u00f3w, automatyzuj procesy wysy\u0142kowe.\",\"legalName\":\"Alsendo sp. z o.o.\",\"foundingDate\":\"2009-08-17\",\"vatID\":\"PL8971840043\",\"taxID\":\"367328934\",\"numberOfEmployees\":{\"@type\":\"QuantitativeValue\",\"minValue\":\"51\",\"maxValue\":\"200\"}},{\"@type\":\"Person\",\"@id\":\"https:\\\/\\\/www.apaczka.pl\\\/en\\\/#\\\/schema\\\/person\\\/dc9cd6f6196e657b1a062d0c3022d716\",\"name\":\"Barbara Bochenek\",\"image\":{\"@type\":\"ImageObject\",\"inLanguage\":\"en-US\",\"@id\":\"https:\\\/\\\/www.apaczka.pl\\\/app\\\/uploads\\\/2025\\\/04\\\/cropped-Barbara-Bochenek-96x96.jpg\",\"url\":\"https:\\\/\\\/www.apaczka.pl\\\/app\\\/uploads\\\/2025\\\/04\\\/cropped-Barbara-Bochenek-96x96.jpg\",\"contentUrl\":\"https:\\\/\\\/www.apaczka.pl\\\/app\\\/uploads\\\/2025\\\/04\\\/cropped-Barbara-Bochenek-96x96.jpg\",\"caption\":\"Barbara Bochenek\"},\"description\":\"Pomagam firmom sprawniej zarz\u0105dza\u0107 wysy\u0142k\u0105 i budowa\u0107 przewag\u0119 w logistyce dzi\u0119ki trafnej komunikacji i rzetelnym tre\u015bciom. Jako specjalistka ds. komunikacji i content marketingu z pasj\u0105 do innowacji logistycznych tworz\u0119 artyku\u0142y, e-booki, materia\u0142y edukacyjne i case studies, kt\u00f3re pokazuj\u0105, jak rozwi\u0105zania Apaczka usprawniaj\u0105 procesy i wspieraj\u0105 rozw\u00f3j biznesu. W pracy stawiam na jasny przekaz, konkretne dane i tre\u015bci, kt\u00f3re realnie u\u0142atwiaj\u0105 klientom podejmowanie decyzji.\",\"sameAs\":[\"https:\\\/\\\/www.linkedin.com\\\/in\\\/barbarabochenek\\\/\"],\"jobTitle\":\"Junior Content & Social Media Manager\",\"url\":\"https:\\\/\\\/www.apaczka.pl\\\/en\\\/blog\\\/author\\\/barbara-bochenek\\\/\"}]}<\/script>\n<!-- \/ Yoast SEO Premium plugin. -->","yoast_head_json":{"title":"Zmiana cennik\u00f3w dla przesy\u0142ek zagranicznych DPD, Hellmann, Apaczka Niemcy - Apaczka","description":"Informujemy, \u017ce od 1 listopada 2022 r. nast\u0105pi zmiana cennik\u00f3w dla przesy\u0142ek zagranicznych realizowanych za po\u015brednictwem DPD, Hellmann oraz Apaczka Niemcy.Zmiany cennik\u00f3w s\u0105 odpowiedzi\u0105 na aktualn\u0105 sytuacj\u0119 na rynku.G\u0142\u00f3wne czynniki, kt\u00f3re wp\u0142yn\u0119\u0142y na konieczno\u015b\u0107 zmian to: wzrost kursu euro, inflacja, wzrost ceny energii oraz surowc\u00f3w, ceny oleju nap\u0119dowego, a tak\u017ce wzrost p\u0142acy minimalnej.Wszystkie powy\u017csze czynniki maj\u0105 swoje odzwierciedlenie w finalnym koszcie, jaki trzeba ponie\u015b\u0107, aby dostarczy\u0107 przesy\u0142k\u0119 kuriersk\u0105. Wdra\u017cane zmiany w cennikach b\u0119d\u0105 wprowadzone na mo\u017cliwie najni\u017cszym poziomie, tak by pokrywa\u0142y wzrost koszt\u00f3w czynnik\u00f3w ekonomicznych.Mamy nadziej\u0119, \u017ce nadchodz\u0105cy szczyt wysy\u0142kowy, b\u0119dzie czasem rozwoju Pa\u0144stwa biznes\u00f3w pomimo trudnego otoczenia rynkowego.","robots":{"index":"noindex","follow":"follow"},"og_locale":"en_US","og_type":"article","og_title":"Zmiana cennik\u00f3w dla przesy\u0142ek zagranicznych DPD, Hellmann, Apaczka Niemcy","og_description":"Informujemy, \u017ce od 1 listopada 2022 r. nast\u0105pi zmiana cennik\u00f3w dla przesy\u0142ek zagranicznych realizowanych za po\u015brednictwem DPD, Hellmann oraz Apaczka Niemcy.Zmiany cennik\u00f3w s\u0105 odpowiedzi\u0105 na aktualn\u0105 sytuacj\u0119 na rynku.G\u0142\u00f3wne czynniki, kt\u00f3re wp\u0142yn\u0119\u0142y na konieczno\u015b\u0107 zmian to: wzrost kursu euro, inflacja, wzrost ceny energii oraz surowc\u00f3w, ceny oleju nap\u0119dowego, a tak\u017ce wzrost p\u0142acy minimalnej.Wszystkie powy\u017csze czynniki maj\u0105 swoje odzwierciedlenie w finalnym koszcie, jaki trzeba ponie\u015b\u0107, aby dostarczy\u0107 przesy\u0142k\u0119 kuriersk\u0105. Wdra\u017cane zmiany w cennikach b\u0119d\u0105 wprowadzone na mo\u017cliwie najni\u017cszym poziomie, tak by pokrywa\u0142y wzrost koszt\u00f3w czynnik\u00f3w ekonomicznych.Mamy nadziej\u0119, \u017ce nadchodz\u0105cy szczyt wysy\u0142kowy, b\u0119dzie czasem rozwoju Pa\u0144stwa biznes\u00f3w pomimo trudnego otoczenia rynkowego.","og_url":"https:\/\/www.apaczka.pl\/en\/aktualnosci\/zmiana-cennikow-dla-przesylek-zagranicznych-dpd-hellmann-apaczka-niemcy\/","og_site_name":"Apaczka","article_publisher":"https:\/\/www.facebook.com\/ApaczkaPL\/","article_modified_time":"2022-10-21T09:26:30+00:00","og_image":[{"width":1071,"height":456,"url":"https:\/\/www.apaczka.pl\/app\/uploads\/2022\/10\/Zmiana-cennikow-1.jpg","type":"image\/jpeg"}],"twitter_card":"summary_large_image","twitter_misc":{"Est. reading time":"1 minute"},"schema":{"@context":"https:\/\/schema.org","@graph":[{"@type":"NewsArticle","@id":"https:\/\/www.apaczka.pl\/en\/aktualnosci\/zmiana-cennikow-dla-przesylek-zagranicznych-dpd-hellmann-apaczka-niemcy\/#article","isPartOf":{"@id":"https:\/\/www.apaczka.pl\/en\/aktualnosci\/zmiana-cennikow-dla-przesylek-zagranicznych-dpd-hellmann-apaczka-niemcy\/"},"author":{"name":"Barbara Bochenek","@id":"https:\/\/www.apaczka.pl\/en\/#\/schema\/person\/dc9cd6f6196e657b1a062d0c3022d716"},"headline":"Zmiana cennik\u00f3w dla przesy\u0142ek zagranicznych DPD, Hellmann, Apaczka Niemcy","datePublished":"2022-10-21T09:18:45+00:00","dateModified":"2022-10-21T09:26:30+00:00","mainEntityOfPage":{"@id":"https:\/\/www.apaczka.pl\/en\/aktualnosci\/zmiana-cennikow-dla-przesylek-zagranicznych-dpd-hellmann-apaczka-niemcy\/"},"wordCount":116,"publisher":{"@id":"https:\/\/www.apaczka.pl\/en\/#organization"},"image":{"@id":"https:\/\/www.apaczka.pl\/en\/aktualnosci\/zmiana-cennikow-dla-przesylek-zagranicznych-dpd-hellmann-apaczka-niemcy\/#primaryimage"},"thumbnailUrl":"https:\/\/www.apaczka.pl\/app\/uploads\/2022\/10\/Zmiana-cennikow-1.jpg","inLanguage":"en-US"},{"@type":"WebPage","@id":"https:\/\/www.apaczka.pl\/en\/aktualnosci\/zmiana-cennikow-dla-przesylek-zagranicznych-dpd-hellmann-apaczka-niemcy\/","url":"https:\/\/www.apaczka.pl\/en\/aktualnosci\/zmiana-cennikow-dla-przesylek-zagranicznych-dpd-hellmann-apaczka-niemcy\/","name":"Zmiana cennik\u00f3w dla przesy\u0142ek zagranicznych DPD, Hellmann, Apaczka Niemcy - Apaczka","isPartOf":{"@id":"https:\/\/www.apaczka.pl\/en\/#website"},"primaryImageOfPage":{"@id":"https:\/\/www.apaczka.pl\/en\/aktualnosci\/zmiana-cennikow-dla-przesylek-zagranicznych-dpd-hellmann-apaczka-niemcy\/#primaryimage"},"image":{"@id":"https:\/\/www.apaczka.pl\/en\/aktualnosci\/zmiana-cennikow-dla-przesylek-zagranicznych-dpd-hellmann-apaczka-niemcy\/#primaryimage"},"thumbnailUrl":"https:\/\/www.apaczka.pl\/app\/uploads\/2022\/10\/Zmiana-cennikow-1.jpg","datePublished":"2022-10-21T09:18:45+00:00","dateModified":"2022-10-21T09:26:30+00:00","description":"Informujemy, \u017ce od 1 listopada 2022 r. nast\u0105pi zmiana cennik\u00f3w dla przesy\u0142ek zagranicznych realizowanych za po\u015brednictwem DPD, Hellmann oraz Apaczka Niemcy.Zmiany cennik\u00f3w s\u0105 odpowiedzi\u0105 na aktualn\u0105 sytuacj\u0119 na rynku.G\u0142\u00f3wne czynniki, kt\u00f3re wp\u0142yn\u0119\u0142y na konieczno\u015b\u0107 zmian to: wzrost kursu euro, inflacja, wzrost ceny energii oraz surowc\u00f3w, ceny oleju nap\u0119dowego, a tak\u017ce wzrost p\u0142acy minimalnej.Wszystkie powy\u017csze czynniki maj\u0105 swoje odzwierciedlenie w finalnym koszcie, jaki trzeba ponie\u015b\u0107, aby dostarczy\u0107 przesy\u0142k\u0119 kuriersk\u0105. Wdra\u017cane zmiany w cennikach b\u0119d\u0105 wprowadzone na mo\u017cliwie najni\u017cszym poziomie, tak by pokrywa\u0142y wzrost koszt\u00f3w czynnik\u00f3w ekonomicznych.Mamy nadziej\u0119, \u017ce nadchodz\u0105cy szczyt wysy\u0142kowy, b\u0119dzie czasem rozwoju Pa\u0144stwa biznes\u00f3w pomimo trudnego otoczenia rynkowego.","breadcrumb":{"@id":"https:\/\/www.apaczka.pl\/en\/aktualnosci\/zmiana-cennikow-dla-przesylek-zagranicznych-dpd-hellmann-apaczka-niemcy\/#breadcrumb"},"inLanguage":"en-US","potentialAction":[{"@type":"ReadAction","target":["https:\/\/www.apaczka.pl\/en\/aktualnosci\/zmiana-cennikow-dla-przesylek-zagranicznych-dpd-hellmann-apaczka-niemcy\/"]}]},{"@type":"ImageObject","inLanguage":"en-US","@id":"https:\/\/www.apaczka.pl\/en\/aktualnosci\/zmiana-cennikow-dla-przesylek-zagranicznych-dpd-hellmann-apaczka-niemcy\/#primaryimage","url":"https:\/\/www.apaczka.pl\/app\/uploads\/2022\/10\/Zmiana-cennikow-1.jpg","contentUrl":"https:\/\/www.apaczka.pl\/app\/uploads\/2022\/10\/Zmiana-cennikow-1.jpg","width":1071,"height":456},{"@type":"BreadcrumbList","@id":"https:\/\/www.apaczka.pl\/en\/aktualnosci\/zmiana-cennikow-dla-przesylek-zagranicznych-dpd-hellmann-apaczka-niemcy\/#breadcrumb","itemListElement":[{"@type":"ListItem","position":1,"name":"Apaczka","item":"https:\/\/www.apaczka.pl\/en\/"},{"@type":"ListItem","position":2,"name":"Aktualno\u015bci","item":"https:\/\/www.apaczka.pl\/en\/aktualnosci\/"},{"@type":"ListItem","position":3,"name":"Zmiana cennik\u00f3w dla przesy\u0142ek zagranicznych DPD, Hellmann, Apaczka Niemcy"}]},{"@type":"WebSite","@id":"https:\/\/www.apaczka.pl\/en\/#website","url":"https:\/\/www.apaczka.pl\/en\/","name":"Apaczka","description":"Rozwi\u0105zania do zarz\u0105dzania procesami wysy\u0142kowymi dla firm","publisher":{"@id":"https:\/\/www.apaczka.pl\/en\/#organization"},"potentialAction":[{"@type":"SearchAction","target":{"@type":"EntryPoint","urlTemplate":"https:\/\/www.apaczka.pl\/en\/?s={search_term_string}"},"query-input":{"@type":"PropertyValueSpecification","valueRequired":true,"valueName":"search_term_string"}}],"inLanguage":"en-US"},{"@type":"Organization","@id":"https:\/\/www.apaczka.pl\/en\/#organization","name":"Apaczka","url":"https:\/\/www.apaczka.pl\/en\/","logo":{"@type":"ImageObject","inLanguage":"en-US","@id":"https:\/\/www.apaczka.pl\/en\/#\/schema\/logo\/image\/","url":"https:\/\/www.apaczka.pl\/app\/uploads\/2024\/05\/cropped-Apaczka-Full-Logotype-Full-Color.png","contentUrl":"https:\/\/www.apaczka.pl\/app\/uploads\/2024\/05\/cropped-Apaczka-Full-Logotype-Full-Color.png","width":1337,"height":405,"caption":"Apaczka"},"image":{"@id":"https:\/\/www.apaczka.pl\/en\/#\/schema\/logo\/image\/"},"sameAs":["https:\/\/www.facebook.com\/ApaczkaPL\/","https:\/\/www.linkedin.com\/company\/apaczka-alsendo-sp-z-o-o\/","https:\/\/www.youtube.com\/@apaczka-by-alsendo","https:\/\/g.co\/kgs\/Ztnp4yQ","https:\/\/maps.app.goo.gl\/iUwRn8EGrQJAk4LB9","https:\/\/www.trustpilot.com\/review\/www.apaczka.pl","https:\/\/www.crunchbase.com\/organization\/apaczka","https:\/\/www.ekomi-pl.com\/opinie-apaczka.html","https:\/\/www.wikidata.org\/wiki\/Q135189453"],"description":"Apaczka.pl to platforma technologiczna do zarz\u0105dzania wysy\u0142kami i dostawami dla firm. Jeste\u015bmy sprawdzonym partnerem w zakresie proces\u00f3w wysy\u0142kowych dzia\u0142aj\u0105cym od ponad 15 lat na rynku. Integrujemy szeroki wachlarz us\u0142ug kurierskich oraz dedykowanych us\u0142ug w\u0142asnych skierowanych do wszystkich przedsi\u0119biorc\u00f3w, tak\u017ce tych, kt\u00f3rzy dopiero zaczynaj\u0105 swoj\u0105 dzia\u0142alno\u015b\u0107. Oferowane przez nas rozwi\u0105zania s\u0105 wykorzystywane przez firmy z bran\u017cy e-commerce, du\u017ce podmioty typu marketplace, ale r\u00f3wnie\u017c niewielkie firmy nadaj\u0105ce kilkana\u015bcie przesy\u0142ek miesi\u0119cznie. Konsekwentnie wspieramy firmy w rozwoju ich biznesu, udost\u0119pniaj\u0105c bez \u017cadnych op\u0142at gotowe narz\u0119dzia u\u0142atwiaj\u0105ce codzienn\u0105 logistyk\u0119. Nasi Klienci wysy\u0142aj\u0105 ponad 2,5 miliona przesy\u0142ek ka\u017cdego miesi\u0105ca korzystaj\u0105c z naszych unikalnych technologii. Nasze mocne strony: - Mo\u017cliwo\u015b\u0107 por\u00f3wnania ofert wiod\u0105cych firm kurierskich w Polsce i na \u015bwiecie: DHL, UPS, DPD, Fedex, Poczta Polska, Geis, InPost, GLS, Ambro, Hellmann i wielu innych, - Mo\u017cliwo\u015b\u0107 indywidualnego negocjowania stawek w zale\u017cno\u015bci od ilo\u015bci przesy\u0142ek i ich rodzaju (palety, p\u00f3\u0142palety, przesy\u0142ki krajowe, mi\u0119dzynarodowe), - Jedna, prosta integracja API z wieloma platformami e-commerce, marketplace i systemami ERP, WMS., daj\u0105ca dost\u0119p do ca\u0142ej naszej oferty kurierskiej, - Mo\u017cliwo\u015b\u0107 automatyzacji i optymalizacji proces\u00f3w wysy\u0142kowych, -Indywidualny Opiekun Handlowy zapewniaj\u0105cy wsparcie merytoryczne z zakresu rozwi\u0105za\u0144 kurierskich w zale\u017cno\u015bci od bran\u017cy Klienta, rodzaju przesy\u0142ek i metod dostawy, - Bezp\u0142atne integracje z 50 platformami sklepowymi, mo\u017cliwo\u015b\u0107 import\u00f3w (w tym Allegro) oraz wsparcie dzia\u0142u IT, -Personalizacja komunikacji z odbiorcami przesy\u0142ek na etapie post-checkout, modu\u0142 zwrot\u00f3w i analityka danych logistycznych, -Brak minim\u00f3w wysy\u0142kowych i wygodne formy rozlicze\u0144. Apaczka.pl: por\u00f3wnuj ceny kurier\u00f3w, automatyzuj procesy wysy\u0142kowe.","legalName":"Alsendo sp. z o.o.","foundingDate":"2009-08-17","vatID":"PL8971840043","taxID":"367328934","numberOfEmployees":{"@type":"QuantitativeValue","minValue":"51","maxValue":"200"}},{"@type":"Person","@id":"https:\/\/www.apaczka.pl\/en\/#\/schema\/person\/dc9cd6f6196e657b1a062d0c3022d716","name":"Barbara Bochenek","image":{"@type":"ImageObject","inLanguage":"en-US","@id":"https:\/\/www.apaczka.pl\/app\/uploads\/2025\/04\/cropped-Barbara-Bochenek-96x96.jpg","url":"https:\/\/www.apaczka.pl\/app\/uploads\/2025\/04\/cropped-Barbara-Bochenek-96x96.jpg","contentUrl":"https:\/\/www.apaczka.pl\/app\/uploads\/2025\/04\/cropped-Barbara-Bochenek-96x96.jpg","caption":"Barbara Bochenek"},"description":"Pomagam firmom sprawniej zarz\u0105dza\u0107 wysy\u0142k\u0105 i budowa\u0107 przewag\u0119 w logistyce dzi\u0119ki trafnej komunikacji i rzetelnym tre\u015bciom. Jako specjalistka ds. komunikacji i content marketingu z pasj\u0105 do innowacji logistycznych tworz\u0119 artyku\u0142y, e-booki, materia\u0142y edukacyjne i case studies, kt\u00f3re pokazuj\u0105, jak rozwi\u0105zania Apaczka usprawniaj\u0105 procesy i wspieraj\u0105 rozw\u00f3j biznesu. W pracy stawiam na jasny przekaz, konkretne dane i tre\u015bci, kt\u00f3re realnie u\u0142atwiaj\u0105 klientom podejmowanie decyzji.","sameAs":["https:\/\/www.linkedin.com\/in\/barbarabochenek\/"],"jobTitle":"Junior Content & Social Media Manager","url":"https:\/\/www.apaczka.pl\/en\/blog\/author\/barbara-bochenek\/"}]}},"_links":{"self":[{"href":"https:\/\/www.apaczka.pl\/en\/wp-json\/wp\/v2\/news\/13073","targetHints":{"allow":["GET"]}}],"collection":[{"href":"https:\/\/www.apaczka.pl\/en\/wp-json\/wp\/v2\/news"}],"about":[{"href":"https:\/\/www.apaczka.pl\/en\/wp-json\/wp\/v2\/types\/news"}],"author":[{"embeddable":true,"href":"https:\/\/www.apaczka.pl\/en\/wp-json\/wp\/v2\/users\/10"}],"version-history":[{"count":3,"href":"https:\/\/www.apaczka.pl\/en\/wp-json\/wp\/v2\/news\/13073\/revisions"}],"predecessor-version":[{"id":13085,"href":"https:\/\/www.apaczka.pl\/en\/wp-json\/wp\/v2\/news\/13073\/revisions\/13085"}],"wp:featuredmedia":[{"embeddable":true,"href":"https:\/\/www.apaczka.pl\/en\/wp-json\/wp\/v2\/media\/13074"}],"wp:attachment":[{"href":"https:\/\/www.apaczka.pl\/en\/wp-json\/wp\/v2\/media?parent=13073"}],"wp:term":[{"taxonomy":"news_category","embeddable":true,"href":"https:\/\/www.apaczka.pl\/en\/wp-json\/wp\/v2\/news_category?post=13073"},{"taxonomy":"news_tag","embeddable":true,"href":"https:\/\/www.apaczka.pl\/en\/wp-json\/wp\/v2\/news_tag?post=13073"}],"curies":[{"name":"wp","href":"https:\/\/api.w.org\/{rel}","templated":true}]}}