{"id":12963,"date":"2022-10-20T09:29:28","date_gmt":"2022-10-20T09:29:28","guid":{"rendered":"https:\/\/www.apaczka.pl\/?post_type=news&#038;p=12963"},"modified":"2022-10-20T09:29:29","modified_gmt":"2022-10-20T09:29:29","slug":"fedex-doplata-sezonowa","status":"publish","type":"news","link":"https:\/\/www.apaczka.pl\/en\/aktualnosci\/fedex-doplata-sezonowa\/","title":{"rendered":"FedEx dop\u0142ata sezonowa"},"content":{"rendered":"\n<p>W okresie szczytu wysy\u0142kowego, dla ka\u017cdego przewo\u017anika wa\u017cne jest, aby paczki spe\u0142nia\u0142y wymagania dotycz\u0105ce rozmiar\u00f3w i opakowania, poniewa\u017c gwarantuje to szybk\u0105 obs\u0142ug\u0119 i dostaw\u0119 wszystkich przesy\u0142ek na czas.&nbsp;<\/p>\n\n\n\n<p>Przesy\u0142ki niestandardowe zajmuj\u0105 sporo miejsca na samochodach kurier\u00f3w i tym samym ograniczaj\u0105 ilo\u015b\u0107 pozosta\u0142ych przesy\u0142ek, z tego powodu firma kurierska FedEx regularnie wprowadza dop\u0142at\u0119 sezonow\u0105, aby efektywno\u015b\u0107 przewozu by\u0142a na jak najwy\u017cszym poziomie.<\/p>\n\n\n\n<p>Dotychczas dop\u0142ata za element niestandardowy wynosi\u0142a 200% warto\u015bci nadania przesy\u0142ki. W szczycie paczkowym Przewo\u017anik dolicza dodatkow\u0105 dop\u0142at\u0119 sezonow\u0105 w wysoko\u015bci 100% warto\u015bci nadania. Koszt za przesy\u0142k\u0119 niestandardow\u0105 w szczycie paczkowym to: op\u0142ata za przesy\u0142k\u0119 zgodnie z przedzia\u0142em wagowym + 300% warto\u015bci nadania.<\/p>\n\n\n\n<p>W szycie wysy\u0142kowym w naszym systemie b\u0119dziesz widzie\u0107 dop\u0142at\u0119 za niestandard sk\u0142adaj\u0105c\u0105 si\u0119 z dw\u00f3ch pozycji:<\/p>\n\n\n\n<ul class=\"wp-block-list\"><li>dop\u0142ata do przesy\u0142ek nietypowych 200% warto\u015bci nadania<\/li><li>sezonowa dop\u0142ata do przesy\u0142ek nietypowych 100% warto\u015bci nadania.<\/li><\/ul>\n\n\n\n<p>Poni\u017cej przypominamy jakie czynniki decyduj\u0105 o tym, \u017ce przesy\u0142ka zostaje uznana przez Przewo\u017anika jako przesy\u0142ka niestandardowa.<\/p>\n\n\n\n<p>Paczkami niestandardowymi s\u0105 przesy\u0142ki, kt\u00f3rych rozmiary (gabaryty) przekraczaj\u0105 parametry przewidziane dla paczek standardowych lub kt\u00f3re spe\u0142niaj\u0105 jedno z poni\u017cszych kryteri\u00f3w:<\/p>\n\n\n\n<ul class=\"wp-block-list\"><li>maj\u0105 przesuni\u0119ty \u015brodek ci\u0119\u017cko\u015bci lub mog\u0105 si\u0119 \u0142atwo przewr\u00f3ci\u0107,<\/li><li>nie s\u0105 prostopad\u0142o\u015bcianem lub maj\u0105 nieregularny kszta\u0142t uniemo\u017cliwiaj\u0105cy stabilne u\u0142o\u017cenie na p\u0142askiej powierzchni,<\/li><li>najd\u0142u\u017cszy bok nie jest podstaw\u0105 paczki, zgodnie z etykiet\u0105 kierunkow\u0105,<\/li><li>sk\u0142adaj\u0105 si\u0119 z dw\u00f3ch lub kilku odr\u0119bnych cz\u0119\u015bci po\u0142\u0105czonych w jedn\u0105 ca\u0142o\u015b\u0107 np. za pomoc\u0105 folii stretch, ta\u015bmy, kleju,<\/li><li>nie mog\u0105 by\u0107 sortowane za pomoc\u0105 sortera mechanicznego ze wzgl\u0119du na rozmiar, nieregularny kszta\u0142t, delikatn\u0105 zawarto\u015b\u0107 lub\u00a0zabezpieczenie ta\u015bm\u0105 do zbindowania.<\/li><\/ul>\n\n\n\n<p><strong>Pami\u0119taj, <\/strong>\u017ce przesy\u0142ki niestandardowe wyceniamy na podstawie wi\u0119kszej z wag \u2013 rzeczywistej lub gabarytowej!<\/p>\n\n\n\n<p>Szczeg\u00f3lnie w zbli\u017caj\u0105cym si\u0119 szycie paczkowym weryfikuj spos\u00f3b pakowania przesy\u0142ek oraz ich wymiary, tak aby unikn\u0105\u0107 dodatkowych op\u0142aty.<\/p>\n\n\n<section\n  data-block_6351148c0aad0\n  class=\"section-read-also aligncenter container\"\n  >\n  <div class=\"read-also aligncenter text-center d-flex flex-column align-items-center\njustify-content-center read-also\">\n\n    <h5> Przeczytaj tak\u017ce <\/h5>\n\n                    <a type=\"\" name=\"\"\n    href=\"https:\/\/www.apaczka.pl\/centrum_pomocy\/przesylki-standardowe-vs-niestandardowe-fedex\/\"\n    rel=\"dofollow\"\n    class=\"mode-gray link-lg theme-default link-underline \">\n\n          FedEx przesy\u0142ki standardowe i niestandardowe\n    \n    \n    \n    <\/a>\n                                <a type=\"\" name=\"\"\n    href=\"https:\/\/www.apaczka.pl\/centrum_pomocy\/przesylki-miedzynarodowe-fedex\/\"\n    rel=\"dofollow\"\n    class=\"mode-gray link-lg theme-default link-underline \">\n\n          Przesy\u0142ki mi\u0119dzynarodowe \u2013 FedEx\n    \n    \n    \n    <\/a>\n                                <a type=\"\" name=\"\"\n    href=\"https:\/\/www.apaczka.pl\/oferta\/palety-polpalety\/fedex\/\"\n    rel=\"dofollow\"\n    class=\"mode-gray link-lg theme-default link-underline \">\n\n          FedEx palety&amp;nbsp;\u2013 wysy\u0142ka i transport przesy\u0142ek\n    \n    \n    \n    <\/a>\n        \n    \n<\/div>\n<\/section>\n","protected":false},"excerpt":{"rendered":"<p>Firma kurierska FedEx zapowiada wprowadzenie od 1 listopada 2022 r. do 8 stycznia 2023 r. tymczasowej dop\u0142aty sezonowej za ka\u017cdy element niestandardowy. <\/p>\n","protected":false},"author":8,"featured_media":12964,"template":"","meta":{"_acf_changed":false,"footnotes":""},"news_category":[],"news_tag":[],"class_list":["post-12963","news","type-news","status-publish","has-post-thumbnail","hentry"],"acf":[],"yoast_head":"<!-- This site is optimized with the Yoast SEO Premium plugin v27.3 (Yoast SEO v27.3) - https:\/\/yoast.com\/product\/yoast-seo-premium-wordpress\/ -->\n<title>FedEx dop\u0142ata sezonowa - Apaczka<\/title>\n<meta name=\"robots\" content=\"noindex, follow\" \/>\n<meta property=\"og:locale\" content=\"en_US\" \/>\n<meta property=\"og:type\" content=\"article\" \/>\n<meta property=\"og:title\" content=\"FedEx dop\u0142ata sezonowa\" \/>\n<meta property=\"og:description\" content=\"Firma kurierska FedEx zapowiada wprowadzenie od 1 listopada 2022 r. do 8 stycznia 2023 r. tymczasowej dop\u0142aty sezonowej za ka\u017cdy element niestandardowy.\" \/>\n<meta property=\"og:url\" content=\"https:\/\/www.apaczka.pl\/en\/aktualnosci\/fedex-doplata-sezonowa\/\" \/>\n<meta property=\"og:site_name\" content=\"Apaczka\" \/>\n<meta property=\"article:publisher\" content=\"https:\/\/www.facebook.com\/ApaczkaPL\/\" \/>\n<meta property=\"article:modified_time\" content=\"2022-10-20T09:29:29+00:00\" \/>\n<meta property=\"og:image\" content=\"https:\/\/www.apaczka.pl\/app\/uploads\/2022\/10\/blog-9.jpg\" \/>\n\t<meta property=\"og:image:width\" content=\"1070\" \/>\n\t<meta property=\"og:image:height\" content=\"456\" \/>\n\t<meta property=\"og:image:type\" content=\"image\/jpeg\" \/>\n<meta name=\"twitter:card\" content=\"summary_large_image\" \/>\n<meta name=\"twitter:label1\" content=\"Est. reading time\" \/>\n\t<meta name=\"twitter:data1\" content=\"2 minutes\" \/>\n<script type=\"application\/ld+json\" class=\"yoast-schema-graph\">{\"@context\":\"https:\\\/\\\/schema.org\",\"@graph\":[{\"@type\":\"NewsArticle\",\"@id\":\"https:\\\/\\\/www.apaczka.pl\\\/en\\\/aktualnosci\\\/fedex-doplata-sezonowa\\\/#article\",\"isPartOf\":{\"@id\":\"https:\\\/\\\/www.apaczka.pl\\\/en\\\/aktualnosci\\\/fedex-doplata-sezonowa\\\/\"},\"author\":{\"name\":\"Alicja Wierzbicka\",\"@id\":\"https:\\\/\\\/www.apaczka.pl\\\/en\\\/#\\\/schema\\\/person\\\/903d98808f808e917439385fc64afef7\"},\"headline\":\"FedEx dop\u0142ata sezonowa\",\"datePublished\":\"2022-10-20T09:29:28+00:00\",\"dateModified\":\"2022-10-20T09:29:29+00:00\",\"mainEntityOfPage\":{\"@id\":\"https:\\\/\\\/www.apaczka.pl\\\/en\\\/aktualnosci\\\/fedex-doplata-sezonowa\\\/\"},\"wordCount\":357,\"publisher\":{\"@id\":\"https:\\\/\\\/www.apaczka.pl\\\/en\\\/#organization\"},\"image\":{\"@id\":\"https:\\\/\\\/www.apaczka.pl\\\/en\\\/aktualnosci\\\/fedex-doplata-sezonowa\\\/#primaryimage\"},\"thumbnailUrl\":\"https:\\\/\\\/www.apaczka.pl\\\/app\\\/uploads\\\/2022\\\/10\\\/blog-9.jpg\",\"inLanguage\":\"en-US\"},{\"@type\":\"WebPage\",\"@id\":\"https:\\\/\\\/www.apaczka.pl\\\/en\\\/aktualnosci\\\/fedex-doplata-sezonowa\\\/\",\"url\":\"https:\\\/\\\/www.apaczka.pl\\\/en\\\/aktualnosci\\\/fedex-doplata-sezonowa\\\/\",\"name\":\"FedEx dop\u0142ata sezonowa - Apaczka\",\"isPartOf\":{\"@id\":\"https:\\\/\\\/www.apaczka.pl\\\/en\\\/#website\"},\"primaryImageOfPage\":{\"@id\":\"https:\\\/\\\/www.apaczka.pl\\\/en\\\/aktualnosci\\\/fedex-doplata-sezonowa\\\/#primaryimage\"},\"image\":{\"@id\":\"https:\\\/\\\/www.apaczka.pl\\\/en\\\/aktualnosci\\\/fedex-doplata-sezonowa\\\/#primaryimage\"},\"thumbnailUrl\":\"https:\\\/\\\/www.apaczka.pl\\\/app\\\/uploads\\\/2022\\\/10\\\/blog-9.jpg\",\"datePublished\":\"2022-10-20T09:29:28+00:00\",\"dateModified\":\"2022-10-20T09:29:29+00:00\",\"breadcrumb\":{\"@id\":\"https:\\\/\\\/www.apaczka.pl\\\/en\\\/aktualnosci\\\/fedex-doplata-sezonowa\\\/#breadcrumb\"},\"inLanguage\":\"en-US\",\"potentialAction\":[{\"@type\":\"ReadAction\",\"target\":[\"https:\\\/\\\/www.apaczka.pl\\\/en\\\/aktualnosci\\\/fedex-doplata-sezonowa\\\/\"]}]},{\"@type\":\"ImageObject\",\"inLanguage\":\"en-US\",\"@id\":\"https:\\\/\\\/www.apaczka.pl\\\/en\\\/aktualnosci\\\/fedex-doplata-sezonowa\\\/#primaryimage\",\"url\":\"https:\\\/\\\/www.apaczka.pl\\\/app\\\/uploads\\\/2022\\\/10\\\/blog-9.jpg\",\"contentUrl\":\"https:\\\/\\\/www.apaczka.pl\\\/app\\\/uploads\\\/2022\\\/10\\\/blog-9.jpg\",\"width\":1070,\"height\":456},{\"@type\":\"BreadcrumbList\",\"@id\":\"https:\\\/\\\/www.apaczka.pl\\\/en\\\/aktualnosci\\\/fedex-doplata-sezonowa\\\/#breadcrumb\",\"itemListElement\":[{\"@type\":\"ListItem\",\"position\":1,\"name\":\"Apaczka\",\"item\":\"https:\\\/\\\/www.apaczka.pl\\\/en\\\/\"},{\"@type\":\"ListItem\",\"position\":2,\"name\":\"Aktualno\u015bci\",\"item\":\"https:\\\/\\\/www.apaczka.pl\\\/en\\\/aktualnosci\\\/\"},{\"@type\":\"ListItem\",\"position\":3,\"name\":\"FedEx dop\u0142ata sezonowa\"}]},{\"@type\":\"WebSite\",\"@id\":\"https:\\\/\\\/www.apaczka.pl\\\/en\\\/#website\",\"url\":\"https:\\\/\\\/www.apaczka.pl\\\/en\\\/\",\"name\":\"Apaczka\",\"description\":\"Rozwi\u0105zania do zarz\u0105dzania procesami wysy\u0142kowymi dla firm\",\"publisher\":{\"@id\":\"https:\\\/\\\/www.apaczka.pl\\\/en\\\/#organization\"},\"potentialAction\":[{\"@type\":\"SearchAction\",\"target\":{\"@type\":\"EntryPoint\",\"urlTemplate\":\"https:\\\/\\\/www.apaczka.pl\\\/en\\\/?s={search_term_string}\"},\"query-input\":{\"@type\":\"PropertyValueSpecification\",\"valueRequired\":true,\"valueName\":\"search_term_string\"}}],\"inLanguage\":\"en-US\"},{\"@type\":\"Organization\",\"@id\":\"https:\\\/\\\/www.apaczka.pl\\\/en\\\/#organization\",\"name\":\"Apaczka\",\"url\":\"https:\\\/\\\/www.apaczka.pl\\\/en\\\/\",\"logo\":{\"@type\":\"ImageObject\",\"inLanguage\":\"en-US\",\"@id\":\"https:\\\/\\\/www.apaczka.pl\\\/en\\\/#\\\/schema\\\/logo\\\/image\\\/\",\"url\":\"https:\\\/\\\/www.apaczka.pl\\\/app\\\/uploads\\\/2024\\\/05\\\/cropped-Apaczka-Full-Logotype-Full-Color.png\",\"contentUrl\":\"https:\\\/\\\/www.apaczka.pl\\\/app\\\/uploads\\\/2024\\\/05\\\/cropped-Apaczka-Full-Logotype-Full-Color.png\",\"width\":1337,\"height\":405,\"caption\":\"Apaczka\"},\"image\":{\"@id\":\"https:\\\/\\\/www.apaczka.pl\\\/en\\\/#\\\/schema\\\/logo\\\/image\\\/\"},\"sameAs\":[\"https:\\\/\\\/www.facebook.com\\\/ApaczkaPL\\\/\",\"https:\\\/\\\/www.linkedin.com\\\/company\\\/apaczka-alsendo-sp-z-o-o\\\/\",\"https:\\\/\\\/www.youtube.com\\\/@apaczka-by-alsendo\",\"https:\\\/\\\/g.co\\\/kgs\\\/Ztnp4yQ\",\"https:\\\/\\\/maps.app.goo.gl\\\/iUwRn8EGrQJAk4LB9\",\"https:\\\/\\\/www.trustpilot.com\\\/review\\\/www.apaczka.pl\",\"https:\\\/\\\/www.crunchbase.com\\\/organization\\\/apaczka\",\"https:\\\/\\\/www.ekomi-pl.com\\\/opinie-apaczka.html\",\"https:\\\/\\\/www.wikidata.org\\\/wiki\\\/Q135189453\"],\"description\":\"Apaczka.pl to platforma technologiczna do zarz\u0105dzania wysy\u0142kami i dostawami dla firm. Jeste\u015bmy sprawdzonym partnerem w zakresie proces\u00f3w wysy\u0142kowych dzia\u0142aj\u0105cym od ponad 15 lat na rynku. Integrujemy szeroki wachlarz us\u0142ug kurierskich oraz dedykowanych us\u0142ug w\u0142asnych skierowanych do wszystkich przedsi\u0119biorc\u00f3w, tak\u017ce tych, kt\u00f3rzy dopiero zaczynaj\u0105 swoj\u0105 dzia\u0142alno\u015b\u0107. Oferowane przez nas rozwi\u0105zania s\u0105 wykorzystywane przez firmy z bran\u017cy e-commerce, du\u017ce podmioty typu marketplace, ale r\u00f3wnie\u017c niewielkie firmy nadaj\u0105ce kilkana\u015bcie przesy\u0142ek miesi\u0119cznie. Konsekwentnie wspieramy firmy w rozwoju ich biznesu, udost\u0119pniaj\u0105c bez \u017cadnych op\u0142at gotowe narz\u0119dzia u\u0142atwiaj\u0105ce codzienn\u0105 logistyk\u0119. Nasi Klienci wysy\u0142aj\u0105 ponad 2,5 miliona przesy\u0142ek ka\u017cdego miesi\u0105ca korzystaj\u0105c z naszych unikalnych technologii. Nasze mocne strony: - Mo\u017cliwo\u015b\u0107 por\u00f3wnania ofert wiod\u0105cych firm kurierskich w Polsce i na \u015bwiecie: DHL, UPS, DPD, Fedex, Poczta Polska, Geis, InPost, GLS, Ambro, Hellmann i wielu innych, - Mo\u017cliwo\u015b\u0107 indywidualnego negocjowania stawek w zale\u017cno\u015bci od ilo\u015bci przesy\u0142ek i ich rodzaju (palety, p\u00f3\u0142palety, przesy\u0142ki krajowe, mi\u0119dzynarodowe), - Jedna, prosta integracja API z wieloma platformami e-commerce, marketplace i systemami ERP, WMS., daj\u0105ca dost\u0119p do ca\u0142ej naszej oferty kurierskiej, - Mo\u017cliwo\u015b\u0107 automatyzacji i optymalizacji proces\u00f3w wysy\u0142kowych, -Indywidualny Opiekun Handlowy zapewniaj\u0105cy wsparcie merytoryczne z zakresu rozwi\u0105za\u0144 kurierskich w zale\u017cno\u015bci od bran\u017cy Klienta, rodzaju przesy\u0142ek i metod dostawy, - Bezp\u0142atne integracje z 50 platformami sklepowymi, mo\u017cliwo\u015b\u0107 import\u00f3w (w tym Allegro) oraz wsparcie dzia\u0142u IT, -Personalizacja komunikacji z odbiorcami przesy\u0142ek na etapie post-checkout, modu\u0142 zwrot\u00f3w i analityka danych logistycznych, -Brak minim\u00f3w wysy\u0142kowych i wygodne formy rozlicze\u0144. Apaczka.pl: por\u00f3wnuj ceny kurier\u00f3w, automatyzuj procesy wysy\u0142kowe.\",\"legalName\":\"Alsendo sp. z o.o.\",\"foundingDate\":\"2009-08-17\",\"vatID\":\"PL8971840043\",\"taxID\":\"367328934\",\"numberOfEmployees\":{\"@type\":\"QuantitativeValue\",\"minValue\":\"51\",\"maxValue\":\"200\"}},{\"@type\":\"Person\",\"@id\":\"https:\\\/\\\/www.apaczka.pl\\\/en\\\/#\\\/schema\\\/person\\\/903d98808f808e917439385fc64afef7\",\"name\":\"Alicja Wierzbicka\",\"image\":{\"@type\":\"ImageObject\",\"inLanguage\":\"en-US\",\"@id\":\"https:\\\/\\\/secure.gravatar.com\\\/avatar\\\/17a6de25aa19655d5080c2685a95535adda171a04e11a41d6c191c19c36c0ad1?s=96&d=mm&r=g\",\"url\":\"https:\\\/\\\/secure.gravatar.com\\\/avatar\\\/17a6de25aa19655d5080c2685a95535adda171a04e11a41d6c191c19c36c0ad1?s=96&d=mm&r=g\",\"contentUrl\":\"https:\\\/\\\/secure.gravatar.com\\\/avatar\\\/17a6de25aa19655d5080c2685a95535adda171a04e11a41d6c191c19c36c0ad1?s=96&d=mm&r=g\",\"caption\":\"Alicja Wierzbicka\"},\"url\":\"https:\\\/\\\/www.apaczka.pl\\\/en\\\/blog\\\/author\\\/alicja-wierzbicka\\\/\"}]}<\/script>\n<!-- \/ Yoast SEO Premium plugin. -->","yoast_head_json":{"title":"FedEx dop\u0142ata sezonowa - Apaczka","robots":{"index":"noindex","follow":"follow"},"og_locale":"en_US","og_type":"article","og_title":"FedEx dop\u0142ata sezonowa","og_description":"Firma kurierska FedEx zapowiada wprowadzenie od 1 listopada 2022 r. do 8 stycznia 2023 r. tymczasowej dop\u0142aty sezonowej za ka\u017cdy element niestandardowy.","og_url":"https:\/\/www.apaczka.pl\/en\/aktualnosci\/fedex-doplata-sezonowa\/","og_site_name":"Apaczka","article_publisher":"https:\/\/www.facebook.com\/ApaczkaPL\/","article_modified_time":"2022-10-20T09:29:29+00:00","og_image":[{"width":1070,"height":456,"url":"https:\/\/www.apaczka.pl\/app\/uploads\/2022\/10\/blog-9.jpg","type":"image\/jpeg"}],"twitter_card":"summary_large_image","twitter_misc":{"Est. reading time":"2 minutes"},"schema":{"@context":"https:\/\/schema.org","@graph":[{"@type":"NewsArticle","@id":"https:\/\/www.apaczka.pl\/en\/aktualnosci\/fedex-doplata-sezonowa\/#article","isPartOf":{"@id":"https:\/\/www.apaczka.pl\/en\/aktualnosci\/fedex-doplata-sezonowa\/"},"author":{"name":"Alicja Wierzbicka","@id":"https:\/\/www.apaczka.pl\/en\/#\/schema\/person\/903d98808f808e917439385fc64afef7"},"headline":"FedEx dop\u0142ata sezonowa","datePublished":"2022-10-20T09:29:28+00:00","dateModified":"2022-10-20T09:29:29+00:00","mainEntityOfPage":{"@id":"https:\/\/www.apaczka.pl\/en\/aktualnosci\/fedex-doplata-sezonowa\/"},"wordCount":357,"publisher":{"@id":"https:\/\/www.apaczka.pl\/en\/#organization"},"image":{"@id":"https:\/\/www.apaczka.pl\/en\/aktualnosci\/fedex-doplata-sezonowa\/#primaryimage"},"thumbnailUrl":"https:\/\/www.apaczka.pl\/app\/uploads\/2022\/10\/blog-9.jpg","inLanguage":"en-US"},{"@type":"WebPage","@id":"https:\/\/www.apaczka.pl\/en\/aktualnosci\/fedex-doplata-sezonowa\/","url":"https:\/\/www.apaczka.pl\/en\/aktualnosci\/fedex-doplata-sezonowa\/","name":"FedEx dop\u0142ata sezonowa - Apaczka","isPartOf":{"@id":"https:\/\/www.apaczka.pl\/en\/#website"},"primaryImageOfPage":{"@id":"https:\/\/www.apaczka.pl\/en\/aktualnosci\/fedex-doplata-sezonowa\/#primaryimage"},"image":{"@id":"https:\/\/www.apaczka.pl\/en\/aktualnosci\/fedex-doplata-sezonowa\/#primaryimage"},"thumbnailUrl":"https:\/\/www.apaczka.pl\/app\/uploads\/2022\/10\/blog-9.jpg","datePublished":"2022-10-20T09:29:28+00:00","dateModified":"2022-10-20T09:29:29+00:00","breadcrumb":{"@id":"https:\/\/www.apaczka.pl\/en\/aktualnosci\/fedex-doplata-sezonowa\/#breadcrumb"},"inLanguage":"en-US","potentialAction":[{"@type":"ReadAction","target":["https:\/\/www.apaczka.pl\/en\/aktualnosci\/fedex-doplata-sezonowa\/"]}]},{"@type":"ImageObject","inLanguage":"en-US","@id":"https:\/\/www.apaczka.pl\/en\/aktualnosci\/fedex-doplata-sezonowa\/#primaryimage","url":"https:\/\/www.apaczka.pl\/app\/uploads\/2022\/10\/blog-9.jpg","contentUrl":"https:\/\/www.apaczka.pl\/app\/uploads\/2022\/10\/blog-9.jpg","width":1070,"height":456},{"@type":"BreadcrumbList","@id":"https:\/\/www.apaczka.pl\/en\/aktualnosci\/fedex-doplata-sezonowa\/#breadcrumb","itemListElement":[{"@type":"ListItem","position":1,"name":"Apaczka","item":"https:\/\/www.apaczka.pl\/en\/"},{"@type":"ListItem","position":2,"name":"Aktualno\u015bci","item":"https:\/\/www.apaczka.pl\/en\/aktualnosci\/"},{"@type":"ListItem","position":3,"name":"FedEx dop\u0142ata sezonowa"}]},{"@type":"WebSite","@id":"https:\/\/www.apaczka.pl\/en\/#website","url":"https:\/\/www.apaczka.pl\/en\/","name":"Apaczka","description":"Rozwi\u0105zania do zarz\u0105dzania procesami wysy\u0142kowymi dla firm","publisher":{"@id":"https:\/\/www.apaczka.pl\/en\/#organization"},"potentialAction":[{"@type":"SearchAction","target":{"@type":"EntryPoint","urlTemplate":"https:\/\/www.apaczka.pl\/en\/?s={search_term_string}"},"query-input":{"@type":"PropertyValueSpecification","valueRequired":true,"valueName":"search_term_string"}}],"inLanguage":"en-US"},{"@type":"Organization","@id":"https:\/\/www.apaczka.pl\/en\/#organization","name":"Apaczka","url":"https:\/\/www.apaczka.pl\/en\/","logo":{"@type":"ImageObject","inLanguage":"en-US","@id":"https:\/\/www.apaczka.pl\/en\/#\/schema\/logo\/image\/","url":"https:\/\/www.apaczka.pl\/app\/uploads\/2024\/05\/cropped-Apaczka-Full-Logotype-Full-Color.png","contentUrl":"https:\/\/www.apaczka.pl\/app\/uploads\/2024\/05\/cropped-Apaczka-Full-Logotype-Full-Color.png","width":1337,"height":405,"caption":"Apaczka"},"image":{"@id":"https:\/\/www.apaczka.pl\/en\/#\/schema\/logo\/image\/"},"sameAs":["https:\/\/www.facebook.com\/ApaczkaPL\/","https:\/\/www.linkedin.com\/company\/apaczka-alsendo-sp-z-o-o\/","https:\/\/www.youtube.com\/@apaczka-by-alsendo","https:\/\/g.co\/kgs\/Ztnp4yQ","https:\/\/maps.app.goo.gl\/iUwRn8EGrQJAk4LB9","https:\/\/www.trustpilot.com\/review\/www.apaczka.pl","https:\/\/www.crunchbase.com\/organization\/apaczka","https:\/\/www.ekomi-pl.com\/opinie-apaczka.html","https:\/\/www.wikidata.org\/wiki\/Q135189453"],"description":"Apaczka.pl to platforma technologiczna do zarz\u0105dzania wysy\u0142kami i dostawami dla firm. Jeste\u015bmy sprawdzonym partnerem w zakresie proces\u00f3w wysy\u0142kowych dzia\u0142aj\u0105cym od ponad 15 lat na rynku. Integrujemy szeroki wachlarz us\u0142ug kurierskich oraz dedykowanych us\u0142ug w\u0142asnych skierowanych do wszystkich przedsi\u0119biorc\u00f3w, tak\u017ce tych, kt\u00f3rzy dopiero zaczynaj\u0105 swoj\u0105 dzia\u0142alno\u015b\u0107. Oferowane przez nas rozwi\u0105zania s\u0105 wykorzystywane przez firmy z bran\u017cy e-commerce, du\u017ce podmioty typu marketplace, ale r\u00f3wnie\u017c niewielkie firmy nadaj\u0105ce kilkana\u015bcie przesy\u0142ek miesi\u0119cznie. Konsekwentnie wspieramy firmy w rozwoju ich biznesu, udost\u0119pniaj\u0105c bez \u017cadnych op\u0142at gotowe narz\u0119dzia u\u0142atwiaj\u0105ce codzienn\u0105 logistyk\u0119. Nasi Klienci wysy\u0142aj\u0105 ponad 2,5 miliona przesy\u0142ek ka\u017cdego miesi\u0105ca korzystaj\u0105c z naszych unikalnych technologii. Nasze mocne strony: - Mo\u017cliwo\u015b\u0107 por\u00f3wnania ofert wiod\u0105cych firm kurierskich w Polsce i na \u015bwiecie: DHL, UPS, DPD, Fedex, Poczta Polska, Geis, InPost, GLS, Ambro, Hellmann i wielu innych, - Mo\u017cliwo\u015b\u0107 indywidualnego negocjowania stawek w zale\u017cno\u015bci od ilo\u015bci przesy\u0142ek i ich rodzaju (palety, p\u00f3\u0142palety, przesy\u0142ki krajowe, mi\u0119dzynarodowe), - Jedna, prosta integracja API z wieloma platformami e-commerce, marketplace i systemami ERP, WMS., daj\u0105ca dost\u0119p do ca\u0142ej naszej oferty kurierskiej, - Mo\u017cliwo\u015b\u0107 automatyzacji i optymalizacji proces\u00f3w wysy\u0142kowych, -Indywidualny Opiekun Handlowy zapewniaj\u0105cy wsparcie merytoryczne z zakresu rozwi\u0105za\u0144 kurierskich w zale\u017cno\u015bci od bran\u017cy Klienta, rodzaju przesy\u0142ek i metod dostawy, - Bezp\u0142atne integracje z 50 platformami sklepowymi, mo\u017cliwo\u015b\u0107 import\u00f3w (w tym Allegro) oraz wsparcie dzia\u0142u IT, -Personalizacja komunikacji z odbiorcami przesy\u0142ek na etapie post-checkout, modu\u0142 zwrot\u00f3w i analityka danych logistycznych, -Brak minim\u00f3w wysy\u0142kowych i wygodne formy rozlicze\u0144. Apaczka.pl: por\u00f3wnuj ceny kurier\u00f3w, automatyzuj procesy wysy\u0142kowe.","legalName":"Alsendo sp. z o.o.","foundingDate":"2009-08-17","vatID":"PL8971840043","taxID":"367328934","numberOfEmployees":{"@type":"QuantitativeValue","minValue":"51","maxValue":"200"}},{"@type":"Person","@id":"https:\/\/www.apaczka.pl\/en\/#\/schema\/person\/903d98808f808e917439385fc64afef7","name":"Alicja Wierzbicka","image":{"@type":"ImageObject","inLanguage":"en-US","@id":"https:\/\/secure.gravatar.com\/avatar\/17a6de25aa19655d5080c2685a95535adda171a04e11a41d6c191c19c36c0ad1?s=96&d=mm&r=g","url":"https:\/\/secure.gravatar.com\/avatar\/17a6de25aa19655d5080c2685a95535adda171a04e11a41d6c191c19c36c0ad1?s=96&d=mm&r=g","contentUrl":"https:\/\/secure.gravatar.com\/avatar\/17a6de25aa19655d5080c2685a95535adda171a04e11a41d6c191c19c36c0ad1?s=96&d=mm&r=g","caption":"Alicja Wierzbicka"},"url":"https:\/\/www.apaczka.pl\/en\/blog\/author\/alicja-wierzbicka\/"}]}},"_links":{"self":[{"href":"https:\/\/www.apaczka.pl\/en\/wp-json\/wp\/v2\/news\/12963","targetHints":{"allow":["GET"]}}],"collection":[{"href":"https:\/\/www.apaczka.pl\/en\/wp-json\/wp\/v2\/news"}],"about":[{"href":"https:\/\/www.apaczka.pl\/en\/wp-json\/wp\/v2\/types\/news"}],"author":[{"embeddable":true,"href":"https:\/\/www.apaczka.pl\/en\/wp-json\/wp\/v2\/users\/8"}],"version-history":[{"count":3,"href":"https:\/\/www.apaczka.pl\/en\/wp-json\/wp\/v2\/news\/12963\/revisions"}],"predecessor-version":[{"id":12968,"href":"https:\/\/www.apaczka.pl\/en\/wp-json\/wp\/v2\/news\/12963\/revisions\/12968"}],"wp:featuredmedia":[{"embeddable":true,"href":"https:\/\/www.apaczka.pl\/en\/wp-json\/wp\/v2\/media\/12964"}],"wp:attachment":[{"href":"https:\/\/www.apaczka.pl\/en\/wp-json\/wp\/v2\/media?parent=12963"}],"wp:term":[{"taxonomy":"news_category","embeddable":true,"href":"https:\/\/www.apaczka.pl\/en\/wp-json\/wp\/v2\/news_category?post=12963"},{"taxonomy":"news_tag","embeddable":true,"href":"https:\/\/www.apaczka.pl\/en\/wp-json\/wp\/v2\/news_tag?post=12963"}],"curies":[{"name":"wp","href":"https:\/\/api.w.org\/{rel}","templated":true}]}}