{"id":12103,"date":"2022-10-03T11:29:47","date_gmt":"2022-10-03T11:29:47","guid":{"rendered":"https:\/\/www.apaczka.pl\/?post_type=news&#038;p=12103"},"modified":"2022-10-03T11:29:48","modified_gmt":"2022-10-03T11:29:48","slug":"doplata-sezonowa-w-ups","status":"publish","type":"news","link":"https:\/\/www.apaczka.pl\/en\/aktualnosci\/doplata-sezonowa-w-ups\/","title":{"rendered":"Dop\u0142ata sezonowa w UPS"},"content":{"rendered":"\n<p>Przewo\u017anik UPS informuje nas, \u017ce: \u201eOd 2 pa\u017adziernika do 14 stycznia wprowadzimy tymczasow\u0105 dop\u0142at\u0119 w okresie szczytu paczkowego dla paczek, kt\u00f3re podlegaj\u0105 takim specyfikacjom jak: Du\u017ca paczka, Rozmiary przekraczaj\u0105ce dozwolone limity oraz Dodatkowa obs\u0142uga dla nietypowych przesy\u0142ek. B\u0119dzie to dodatkowa op\u0142ata doliczana do ceny przesy\u0142ki, zawieraj\u0105cej stawki podstawowe, dop\u0142aty oraz\/lub c\u0142a.\u201d<\/p>\n\n\n\n<p>W sezonie wysokim dop\u0142aty tymczasowe doliczane s\u0105 do Du\u017cych paczek, w przesy\u0142kach przekraczaj\u0105cych dozwolone limity oraz do przesy\u0142ek wymagaj\u0105cych dodatkowej obs\u0142ugi. Poni\u017cej przypominamy jakie czynniki decyduj\u0105 o dop\u0142acie i z jakimi kosztami trzeba si\u0119 liczy\u0107.<\/p>\n\n\n<h2 class=\"wp-block-heading\" id=\"h-oplata-dodatkowa-za-duza-paczke\">Op\u0142ata dodatkowa za du\u017c\u0105 paczk\u0119<\/h2>\n\n\n<p>Dana paczka jest traktowana jako \u201eDu\u017ca paczka\u201d, kiedy jej d\u0142ugo\u015b\u0107 oraz obw\u00f3d [obw\u00f3d = (2 x szeroko\u015b\u0107) + (2 x wysoko\u015b\u0107)] \u0142\u0105cznie wynosz\u0105 wi\u0119cej ni\u017c 300 cm, ale nie przekraczaj\u0105 maksymalnego rozmiaru wynosz\u0105cego 400 cm. W przypadku du\u017cych paczek stosowana jest minimalna waga podlegaj\u0105ca op\u0142acie wynosz\u0105ca 40 kg. Ponadto zostanie zastosowana op\u0142ata dodatkowa za du\u017c\u0105 paczk\u0119.<\/p>\n\n\n\n<ul class=\"wp-block-list\"><li><mark style=\"background-color:rgba(0, 0, 0, 0)\" class=\"has-inline-color has-vivid-red-color\">Dop\u0142ata sezonowa za du\u017c\u0105 paczk\u0119 wynosi 283,90 z\u0142 netto.<\/mark><\/li><\/ul>\n\n\n<h2 class=\"wp-block-heading\" id=\"rozmiary-przekraczajace-dozwolone-limity\">Rozmiary przekraczaj\u0105ce dozwolone limity<\/h2>\n\n\n<p>Paczki, kt\u00f3rych waga rzeczywista przekracza 70 kg lub te\u017c s\u0105 d\u0142u\u017csze ni\u017c 274 cm, lub przekraczaj\u0105 400 cm w po\u0142\u0105czeniu d\u0142ugo\u015bci i obwodu [obw\u00f3d = (2 x szeroko\u015b\u0107) (2 x wysoko\u015b\u0107)], nie s\u0105 przyjmowane do transportu. Je\u015bli paczka taka znajdzie si\u0119 w systemie ma\u0142ych paczek UPS, to naliczona zostanie dodatkowa op\u0142ata. Paczki o d\u0142ugo\u015bci przekraczaj\u0105cej 400 cm w d\u0142ugo\u015bci i obwodzie \u0142\u0105cznie r\u00f3wnie\u017c podlegaj\u0105 dop\u0142atom za du\u017c\u0105 paczk\u0119.<\/p>\n\n\n\n<ul class=\"wp-block-list\"><li><mark style=\"background-color:rgba(0, 0, 0, 0)\" class=\"has-inline-color has-vivid-red-color\">Dop\u0142ata sezonowa za rozmiary przekraczaj\u0105ce dozwolone limity wynosi 1365,00 z\u0142 netto.<\/mark><\/li><\/ul>\n\n\n<h2 class=\"wp-block-heading\" id=\"oplata-za-dodatkowa-obsluge-element-niestandardowy\">Op\u0142ata za dodatkow\u0105 obs\u0142ug\u0119 (element niestandardowy)<\/h2>\n\n\n<p>Op\u0142aty za dodatkow\u0105 obs\u0142ug\u0119 maj\u0105 zastosowanie w nast\u0119puj\u0105cych przypadkach:<\/p>\n\n\n\n<ul class=\"wp-block-list\"><li>przedmioty&nbsp;opakowane w zewn\u0119trzne kontenery wysy\u0142kowe&nbsp;wykonane z metalu lub drewna,<\/li><li>przedmioty o&nbsp;kszta\u0142cie cylindrycznym, takie jak: beczki, b\u0119bny, wiadra lub opony, kt\u00f3re nie s\u0105 ca\u0142kowicie zamkni\u0119te w opakowaniu zewn\u0119trznym z tektury falistej,<\/li><li>przedmioty o&nbsp;kszta\u0142cie okr\u0105g\u0142ym, cylindrycznym, owalnym, o nieregularnych kszta\u0142tach, z wystaj\u0105cymi elementami lub z lepk\u0105 powierzchni\u0105, uniemo\u017cliwiaj\u0105c\u0105 swobodne zsuwanie si\u0119 (np. folie, gumy, itp.)<\/li><li>przedmioty, kt\u00f3rych&nbsp;zawarto\u015b\u0107 stanowi\u0105 lu\u017ane, ci\u0119\u017ckie elementy lub p\u0142yny&nbsp;(w tym chemikalia),<\/li><li>paczki, kt\u00f3rych&nbsp;najd\u0142u\u017cszy bok przekracza 100 cm, jednak nie przekracza 270 cm lub drugi d\u0142u\u017cszy bok przekracza 76 cm,<\/li><li>paczki, kt\u00f3rych&nbsp;waga rzeczywista jest wi\u0119ksza ni\u017c 32 kg,<\/li><li>przesy\u0142ki, w kt\u00f3rych&nbsp;\u015brednia waga paczki przekracza 32 kg&nbsp;i waga ka\u017cdej paczki nie jest okre\u015blona w dokumencie \u017ar\u00f3d\u0142owym lub w automatycznym systemie wysy\u0142kowym UPS.<\/li><\/ul>\n\n\n\n<p>*UPS zastrzega sobie prawo do naliczenia op\u0142aty za dodatkow\u0105 obs\u0142ug\u0119 dla ka\u017cdej paczki, kt\u00f3ra w ocenie UPS wymaga specjalnej obs\u0142ugi. Op\u0142ata za dodatkow\u0105 obs\u0142ug\u0119 nie b\u0119dzie naliczana, kiedy zastosowana jest op\u0142ata dodatkowa od du\u017cej paczki.<\/p>\n\n\n\n<ul class=\"wp-block-list\"><li><mark style=\"background-color:rgba(0, 0, 0, 0)\" class=\"has-inline-color has-vivid-red-color\">Dop\u0142ata sezonowa za przesy\u0142ki wymagaj\u0105ce dodatkowej obs\u0142ugi wynosi 20,00 z\u0142 netto<\/mark>.<\/li><\/ul>\n\n\n\n<p>W nadchodz\u0105cym szczycie paczkowym, zwracajmy szczeg\u00f3ln\u0105 uwag\u0119 na wymiary i spos\u00f3b pakowania przesy\u0142ek oraz na przestrzeganie regulaminu przewo\u017anika. Pami\u0119tajmy r\u00f3wnie\u017c, \u017ce dop\u0142ata tymczasowa dotyczy zar\u00f3wno przesy\u0142ek krajowych i mi\u0119dzynarodowych.<\/p>\n","protected":false},"excerpt":{"rendered":"<p>Firma kurierska UPS wprowadza od 2 pa\u017adziernika 2022 r. do 14 stycznia 2023 r. tymczasow\u0105 dop\u0142at\u0119 sezonow\u0105.\u00a0Jest to zwi\u0105zane ze szczytem paczkowym, kt\u00f3ry przypada w\u0142a\u015bnie w tym okresie. W<br \/>\ncelu zapewnienia szybkiej obs\u0142ugi i dostawy przesy\u0142ek na czas, przewo\u017anicy zwracaj\u0105 szczeg\u00f3ln\u0105 uwag\u0119 aby paczki spe\u0142nia\u0142y wymagania dotycz\u0105ce rozmiar\u00f3w i opakowania.<\/p>\n","protected":false},"author":8,"featured_media":12113,"template":"","meta":{"_acf_changed":false,"footnotes":""},"news_category":[],"news_tag":[],"class_list":["post-12103","news","type-news","status-publish","has-post-thumbnail","hentry"],"acf":[],"yoast_head":"<!-- This site is optimized with the Yoast SEO Premium plugin v27.3 (Yoast SEO v27.3) - https:\/\/yoast.com\/product\/yoast-seo-premium-wordpress\/ -->\n<title>Dop\u0142ata sezonowa w UPS - Apaczka<\/title>\n<meta name=\"robots\" content=\"noindex, follow\" \/>\n<meta property=\"og:locale\" content=\"en_US\" \/>\n<meta property=\"og:type\" content=\"article\" \/>\n<meta property=\"og:title\" content=\"Dop\u0142ata sezonowa w UPS\" \/>\n<meta property=\"og:description\" content=\"Firma kurierska UPS wprowadza od 2 pa\u017adziernika 2022 r. do 14 stycznia 2023 r. tymczasow\u0105 dop\u0142at\u0119 sezonow\u0105.\u00a0Jest to zwi\u0105zane ze szczytem paczkowym, kt\u00f3ry przypada w\u0142a\u015bnie w tym okresie. W celu zapewnienia szybkiej obs\u0142ugi i dostawy przesy\u0142ek na czas, przewo\u017anicy zwracaj\u0105 szczeg\u00f3ln\u0105 uwag\u0119 aby paczki spe\u0142nia\u0142y wymagania dotycz\u0105ce rozmiar\u00f3w i opakowania.\" \/>\n<meta property=\"og:url\" content=\"https:\/\/www.apaczka.pl\/en\/aktualnosci\/doplata-sezonowa-w-ups\/\" \/>\n<meta property=\"og:site_name\" content=\"Apaczka\" \/>\n<meta property=\"article:publisher\" content=\"https:\/\/www.facebook.com\/ApaczkaPL\/\" \/>\n<meta property=\"article:modified_time\" content=\"2022-10-03T11:29:48+00:00\" \/>\n<meta property=\"og:image\" content=\"https:\/\/www.apaczka.pl\/app\/uploads\/2022\/10\/blog-4.jpg\" \/>\n\t<meta property=\"og:image:width\" content=\"1070\" \/>\n\t<meta property=\"og:image:height\" content=\"456\" \/>\n\t<meta property=\"og:image:type\" content=\"image\/jpeg\" \/>\n<meta name=\"twitter:card\" content=\"summary_large_image\" \/>\n<script type=\"application\/ld+json\" class=\"yoast-schema-graph\">{\"@context\":\"https:\\\/\\\/schema.org\",\"@graph\":[{\"@type\":\"NewsArticle\",\"@id\":\"https:\\\/\\\/www.apaczka.pl\\\/en\\\/aktualnosci\\\/doplata-sezonowa-w-ups\\\/#article\",\"isPartOf\":{\"@id\":\"https:\\\/\\\/www.apaczka.pl\\\/en\\\/aktualnosci\\\/doplata-sezonowa-w-ups\\\/\"},\"author\":{\"name\":\"Alicja Wierzbicka\",\"@id\":\"https:\\\/\\\/www.apaczka.pl\\\/en\\\/#\\\/schema\\\/person\\\/903d98808f808e917439385fc64afef7\"},\"headline\":\"Dop\u0142ata sezonowa w UPS\",\"datePublished\":\"2022-10-03T11:29:47+00:00\",\"dateModified\":\"2022-10-03T11:29:48+00:00\",\"mainEntityOfPage\":{\"@id\":\"https:\\\/\\\/www.apaczka.pl\\\/en\\\/aktualnosci\\\/doplata-sezonowa-w-ups\\\/\"},\"wordCount\":563,\"publisher\":{\"@id\":\"https:\\\/\\\/www.apaczka.pl\\\/en\\\/#organization\"},\"image\":{\"@id\":\"https:\\\/\\\/www.apaczka.pl\\\/en\\\/aktualnosci\\\/doplata-sezonowa-w-ups\\\/#primaryimage\"},\"thumbnailUrl\":\"https:\\\/\\\/www.apaczka.pl\\\/app\\\/uploads\\\/2022\\\/10\\\/blog-4.jpg\",\"inLanguage\":\"en-US\"},{\"@type\":\"WebPage\",\"@id\":\"https:\\\/\\\/www.apaczka.pl\\\/en\\\/aktualnosci\\\/doplata-sezonowa-w-ups\\\/\",\"url\":\"https:\\\/\\\/www.apaczka.pl\\\/en\\\/aktualnosci\\\/doplata-sezonowa-w-ups\\\/\",\"name\":\"Dop\u0142ata sezonowa w UPS - Apaczka\",\"isPartOf\":{\"@id\":\"https:\\\/\\\/www.apaczka.pl\\\/en\\\/#website\"},\"primaryImageOfPage\":{\"@id\":\"https:\\\/\\\/www.apaczka.pl\\\/en\\\/aktualnosci\\\/doplata-sezonowa-w-ups\\\/#primaryimage\"},\"image\":{\"@id\":\"https:\\\/\\\/www.apaczka.pl\\\/en\\\/aktualnosci\\\/doplata-sezonowa-w-ups\\\/#primaryimage\"},\"thumbnailUrl\":\"https:\\\/\\\/www.apaczka.pl\\\/app\\\/uploads\\\/2022\\\/10\\\/blog-4.jpg\",\"datePublished\":\"2022-10-03T11:29:47+00:00\",\"dateModified\":\"2022-10-03T11:29:48+00:00\",\"breadcrumb\":{\"@id\":\"https:\\\/\\\/www.apaczka.pl\\\/en\\\/aktualnosci\\\/doplata-sezonowa-w-ups\\\/#breadcrumb\"},\"inLanguage\":\"en-US\",\"potentialAction\":[{\"@type\":\"ReadAction\",\"target\":[\"https:\\\/\\\/www.apaczka.pl\\\/en\\\/aktualnosci\\\/doplata-sezonowa-w-ups\\\/\"]}]},{\"@type\":\"ImageObject\",\"inLanguage\":\"en-US\",\"@id\":\"https:\\\/\\\/www.apaczka.pl\\\/en\\\/aktualnosci\\\/doplata-sezonowa-w-ups\\\/#primaryimage\",\"url\":\"https:\\\/\\\/www.apaczka.pl\\\/app\\\/uploads\\\/2022\\\/10\\\/blog-4.jpg\",\"contentUrl\":\"https:\\\/\\\/www.apaczka.pl\\\/app\\\/uploads\\\/2022\\\/10\\\/blog-4.jpg\",\"width\":1070,\"height\":456},{\"@type\":\"BreadcrumbList\",\"@id\":\"https:\\\/\\\/www.apaczka.pl\\\/en\\\/aktualnosci\\\/doplata-sezonowa-w-ups\\\/#breadcrumb\",\"itemListElement\":[{\"@type\":\"ListItem\",\"position\":1,\"name\":\"Apaczka\",\"item\":\"https:\\\/\\\/www.apaczka.pl\\\/en\\\/\"},{\"@type\":\"ListItem\",\"position\":2,\"name\":\"Aktualno\u015bci\",\"item\":\"https:\\\/\\\/www.apaczka.pl\\\/en\\\/aktualnosci\\\/\"},{\"@type\":\"ListItem\",\"position\":3,\"name\":\"Dop\u0142ata sezonowa w UPS\"}]},{\"@type\":\"WebSite\",\"@id\":\"https:\\\/\\\/www.apaczka.pl\\\/en\\\/#website\",\"url\":\"https:\\\/\\\/www.apaczka.pl\\\/en\\\/\",\"name\":\"Apaczka\",\"description\":\"Rozwi\u0105zania do zarz\u0105dzania procesami wysy\u0142kowymi dla firm\",\"publisher\":{\"@id\":\"https:\\\/\\\/www.apaczka.pl\\\/en\\\/#organization\"},\"potentialAction\":[{\"@type\":\"SearchAction\",\"target\":{\"@type\":\"EntryPoint\",\"urlTemplate\":\"https:\\\/\\\/www.apaczka.pl\\\/en\\\/?s={search_term_string}\"},\"query-input\":{\"@type\":\"PropertyValueSpecification\",\"valueRequired\":true,\"valueName\":\"search_term_string\"}}],\"inLanguage\":\"en-US\"},{\"@type\":\"Organization\",\"@id\":\"https:\\\/\\\/www.apaczka.pl\\\/en\\\/#organization\",\"name\":\"Apaczka\",\"url\":\"https:\\\/\\\/www.apaczka.pl\\\/en\\\/\",\"logo\":{\"@type\":\"ImageObject\",\"inLanguage\":\"en-US\",\"@id\":\"https:\\\/\\\/www.apaczka.pl\\\/en\\\/#\\\/schema\\\/logo\\\/image\\\/\",\"url\":\"https:\\\/\\\/www.apaczka.pl\\\/app\\\/uploads\\\/2024\\\/05\\\/cropped-Apaczka-Full-Logotype-Full-Color.png\",\"contentUrl\":\"https:\\\/\\\/www.apaczka.pl\\\/app\\\/uploads\\\/2024\\\/05\\\/cropped-Apaczka-Full-Logotype-Full-Color.png\",\"width\":1337,\"height\":405,\"caption\":\"Apaczka\"},\"image\":{\"@id\":\"https:\\\/\\\/www.apaczka.pl\\\/en\\\/#\\\/schema\\\/logo\\\/image\\\/\"},\"sameAs\":[\"https:\\\/\\\/www.facebook.com\\\/ApaczkaPL\\\/\",\"https:\\\/\\\/www.linkedin.com\\\/company\\\/apaczka-alsendo-sp-z-o-o\\\/\",\"https:\\\/\\\/www.youtube.com\\\/@apaczka-by-alsendo\",\"https:\\\/\\\/g.co\\\/kgs\\\/Ztnp4yQ\",\"https:\\\/\\\/maps.app.goo.gl\\\/iUwRn8EGrQJAk4LB9\",\"https:\\\/\\\/www.trustpilot.com\\\/review\\\/www.apaczka.pl\",\"https:\\\/\\\/www.crunchbase.com\\\/organization\\\/apaczka\",\"https:\\\/\\\/www.ekomi-pl.com\\\/opinie-apaczka.html\",\"https:\\\/\\\/www.wikidata.org\\\/wiki\\\/Q135189453\"],\"description\":\"Apaczka.pl to platforma technologiczna do zarz\u0105dzania wysy\u0142kami i dostawami dla firm. Jeste\u015bmy sprawdzonym partnerem w zakresie proces\u00f3w wysy\u0142kowych dzia\u0142aj\u0105cym od ponad 15 lat na rynku. Integrujemy szeroki wachlarz us\u0142ug kurierskich oraz dedykowanych us\u0142ug w\u0142asnych skierowanych do wszystkich przedsi\u0119biorc\u00f3w, tak\u017ce tych, kt\u00f3rzy dopiero zaczynaj\u0105 swoj\u0105 dzia\u0142alno\u015b\u0107. Oferowane przez nas rozwi\u0105zania s\u0105 wykorzystywane przez firmy z bran\u017cy e-commerce, du\u017ce podmioty typu marketplace, ale r\u00f3wnie\u017c niewielkie firmy nadaj\u0105ce kilkana\u015bcie przesy\u0142ek miesi\u0119cznie. Konsekwentnie wspieramy firmy w rozwoju ich biznesu, udost\u0119pniaj\u0105c bez \u017cadnych op\u0142at gotowe narz\u0119dzia u\u0142atwiaj\u0105ce codzienn\u0105 logistyk\u0119. Nasi Klienci wysy\u0142aj\u0105 ponad 2,5 miliona przesy\u0142ek ka\u017cdego miesi\u0105ca korzystaj\u0105c z naszych unikalnych technologii. Nasze mocne strony: - Mo\u017cliwo\u015b\u0107 por\u00f3wnania ofert wiod\u0105cych firm kurierskich w Polsce i na \u015bwiecie: DHL, UPS, DPD, Fedex, Poczta Polska, Geis, InPost, GLS, Ambro, Hellmann i wielu innych, - Mo\u017cliwo\u015b\u0107 indywidualnego negocjowania stawek w zale\u017cno\u015bci od ilo\u015bci przesy\u0142ek i ich rodzaju (palety, p\u00f3\u0142palety, przesy\u0142ki krajowe, mi\u0119dzynarodowe), - Jedna, prosta integracja API z wieloma platformami e-commerce, marketplace i systemami ERP, WMS., daj\u0105ca dost\u0119p do ca\u0142ej naszej oferty kurierskiej, - Mo\u017cliwo\u015b\u0107 automatyzacji i optymalizacji proces\u00f3w wysy\u0142kowych, -Indywidualny Opiekun Handlowy zapewniaj\u0105cy wsparcie merytoryczne z zakresu rozwi\u0105za\u0144 kurierskich w zale\u017cno\u015bci od bran\u017cy Klienta, rodzaju przesy\u0142ek i metod dostawy, - Bezp\u0142atne integracje z 50 platformami sklepowymi, mo\u017cliwo\u015b\u0107 import\u00f3w (w tym Allegro) oraz wsparcie dzia\u0142u IT, -Personalizacja komunikacji z odbiorcami przesy\u0142ek na etapie post-checkout, modu\u0142 zwrot\u00f3w i analityka danych logistycznych, -Brak minim\u00f3w wysy\u0142kowych i wygodne formy rozlicze\u0144. Apaczka.pl: por\u00f3wnuj ceny kurier\u00f3w, automatyzuj procesy wysy\u0142kowe.\",\"legalName\":\"Alsendo sp. z o.o.\",\"foundingDate\":\"2009-08-17\",\"vatID\":\"PL8971840043\",\"taxID\":\"367328934\",\"numberOfEmployees\":{\"@type\":\"QuantitativeValue\",\"minValue\":\"51\",\"maxValue\":\"200\"}},{\"@type\":\"Person\",\"@id\":\"https:\\\/\\\/www.apaczka.pl\\\/en\\\/#\\\/schema\\\/person\\\/903d98808f808e917439385fc64afef7\",\"name\":\"Alicja Wierzbicka\",\"image\":{\"@type\":\"ImageObject\",\"inLanguage\":\"en-US\",\"@id\":\"https:\\\/\\\/secure.gravatar.com\\\/avatar\\\/17a6de25aa19655d5080c2685a95535adda171a04e11a41d6c191c19c36c0ad1?s=96&d=mm&r=g\",\"url\":\"https:\\\/\\\/secure.gravatar.com\\\/avatar\\\/17a6de25aa19655d5080c2685a95535adda171a04e11a41d6c191c19c36c0ad1?s=96&d=mm&r=g\",\"contentUrl\":\"https:\\\/\\\/secure.gravatar.com\\\/avatar\\\/17a6de25aa19655d5080c2685a95535adda171a04e11a41d6c191c19c36c0ad1?s=96&d=mm&r=g\",\"caption\":\"Alicja Wierzbicka\"},\"url\":\"https:\\\/\\\/www.apaczka.pl\\\/en\\\/blog\\\/author\\\/alicja-wierzbicka\\\/\"}]}<\/script>\n<!-- \/ Yoast SEO Premium plugin. -->","yoast_head_json":{"title":"Dop\u0142ata sezonowa w UPS - Apaczka","robots":{"index":"noindex","follow":"follow"},"og_locale":"en_US","og_type":"article","og_title":"Dop\u0142ata sezonowa w UPS","og_description":"Firma kurierska UPS wprowadza od 2 pa\u017adziernika 2022 r. do 14 stycznia 2023 r. tymczasow\u0105 dop\u0142at\u0119 sezonow\u0105.\u00a0Jest to zwi\u0105zane ze szczytem paczkowym, kt\u00f3ry przypada w\u0142a\u015bnie w tym okresie. W celu zapewnienia szybkiej obs\u0142ugi i dostawy przesy\u0142ek na czas, przewo\u017anicy zwracaj\u0105 szczeg\u00f3ln\u0105 uwag\u0119 aby paczki spe\u0142nia\u0142y wymagania dotycz\u0105ce rozmiar\u00f3w i opakowania.","og_url":"https:\/\/www.apaczka.pl\/en\/aktualnosci\/doplata-sezonowa-w-ups\/","og_site_name":"Apaczka","article_publisher":"https:\/\/www.facebook.com\/ApaczkaPL\/","article_modified_time":"2022-10-03T11:29:48+00:00","og_image":[{"width":1070,"height":456,"url":"https:\/\/www.apaczka.pl\/app\/uploads\/2022\/10\/blog-4.jpg","type":"image\/jpeg"}],"twitter_card":"summary_large_image","schema":{"@context":"https:\/\/schema.org","@graph":[{"@type":"NewsArticle","@id":"https:\/\/www.apaczka.pl\/en\/aktualnosci\/doplata-sezonowa-w-ups\/#article","isPartOf":{"@id":"https:\/\/www.apaczka.pl\/en\/aktualnosci\/doplata-sezonowa-w-ups\/"},"author":{"name":"Alicja Wierzbicka","@id":"https:\/\/www.apaczka.pl\/en\/#\/schema\/person\/903d98808f808e917439385fc64afef7"},"headline":"Dop\u0142ata sezonowa w UPS","datePublished":"2022-10-03T11:29:47+00:00","dateModified":"2022-10-03T11:29:48+00:00","mainEntityOfPage":{"@id":"https:\/\/www.apaczka.pl\/en\/aktualnosci\/doplata-sezonowa-w-ups\/"},"wordCount":563,"publisher":{"@id":"https:\/\/www.apaczka.pl\/en\/#organization"},"image":{"@id":"https:\/\/www.apaczka.pl\/en\/aktualnosci\/doplata-sezonowa-w-ups\/#primaryimage"},"thumbnailUrl":"https:\/\/www.apaczka.pl\/app\/uploads\/2022\/10\/blog-4.jpg","inLanguage":"en-US"},{"@type":"WebPage","@id":"https:\/\/www.apaczka.pl\/en\/aktualnosci\/doplata-sezonowa-w-ups\/","url":"https:\/\/www.apaczka.pl\/en\/aktualnosci\/doplata-sezonowa-w-ups\/","name":"Dop\u0142ata sezonowa w UPS - Apaczka","isPartOf":{"@id":"https:\/\/www.apaczka.pl\/en\/#website"},"primaryImageOfPage":{"@id":"https:\/\/www.apaczka.pl\/en\/aktualnosci\/doplata-sezonowa-w-ups\/#primaryimage"},"image":{"@id":"https:\/\/www.apaczka.pl\/en\/aktualnosci\/doplata-sezonowa-w-ups\/#primaryimage"},"thumbnailUrl":"https:\/\/www.apaczka.pl\/app\/uploads\/2022\/10\/blog-4.jpg","datePublished":"2022-10-03T11:29:47+00:00","dateModified":"2022-10-03T11:29:48+00:00","breadcrumb":{"@id":"https:\/\/www.apaczka.pl\/en\/aktualnosci\/doplata-sezonowa-w-ups\/#breadcrumb"},"inLanguage":"en-US","potentialAction":[{"@type":"ReadAction","target":["https:\/\/www.apaczka.pl\/en\/aktualnosci\/doplata-sezonowa-w-ups\/"]}]},{"@type":"ImageObject","inLanguage":"en-US","@id":"https:\/\/www.apaczka.pl\/en\/aktualnosci\/doplata-sezonowa-w-ups\/#primaryimage","url":"https:\/\/www.apaczka.pl\/app\/uploads\/2022\/10\/blog-4.jpg","contentUrl":"https:\/\/www.apaczka.pl\/app\/uploads\/2022\/10\/blog-4.jpg","width":1070,"height":456},{"@type":"BreadcrumbList","@id":"https:\/\/www.apaczka.pl\/en\/aktualnosci\/doplata-sezonowa-w-ups\/#breadcrumb","itemListElement":[{"@type":"ListItem","position":1,"name":"Apaczka","item":"https:\/\/www.apaczka.pl\/en\/"},{"@type":"ListItem","position":2,"name":"Aktualno\u015bci","item":"https:\/\/www.apaczka.pl\/en\/aktualnosci\/"},{"@type":"ListItem","position":3,"name":"Dop\u0142ata sezonowa w UPS"}]},{"@type":"WebSite","@id":"https:\/\/www.apaczka.pl\/en\/#website","url":"https:\/\/www.apaczka.pl\/en\/","name":"Apaczka","description":"Rozwi\u0105zania do zarz\u0105dzania procesami wysy\u0142kowymi dla firm","publisher":{"@id":"https:\/\/www.apaczka.pl\/en\/#organization"},"potentialAction":[{"@type":"SearchAction","target":{"@type":"EntryPoint","urlTemplate":"https:\/\/www.apaczka.pl\/en\/?s={search_term_string}"},"query-input":{"@type":"PropertyValueSpecification","valueRequired":true,"valueName":"search_term_string"}}],"inLanguage":"en-US"},{"@type":"Organization","@id":"https:\/\/www.apaczka.pl\/en\/#organization","name":"Apaczka","url":"https:\/\/www.apaczka.pl\/en\/","logo":{"@type":"ImageObject","inLanguage":"en-US","@id":"https:\/\/www.apaczka.pl\/en\/#\/schema\/logo\/image\/","url":"https:\/\/www.apaczka.pl\/app\/uploads\/2024\/05\/cropped-Apaczka-Full-Logotype-Full-Color.png","contentUrl":"https:\/\/www.apaczka.pl\/app\/uploads\/2024\/05\/cropped-Apaczka-Full-Logotype-Full-Color.png","width":1337,"height":405,"caption":"Apaczka"},"image":{"@id":"https:\/\/www.apaczka.pl\/en\/#\/schema\/logo\/image\/"},"sameAs":["https:\/\/www.facebook.com\/ApaczkaPL\/","https:\/\/www.linkedin.com\/company\/apaczka-alsendo-sp-z-o-o\/","https:\/\/www.youtube.com\/@apaczka-by-alsendo","https:\/\/g.co\/kgs\/Ztnp4yQ","https:\/\/maps.app.goo.gl\/iUwRn8EGrQJAk4LB9","https:\/\/www.trustpilot.com\/review\/www.apaczka.pl","https:\/\/www.crunchbase.com\/organization\/apaczka","https:\/\/www.ekomi-pl.com\/opinie-apaczka.html","https:\/\/www.wikidata.org\/wiki\/Q135189453"],"description":"Apaczka.pl to platforma technologiczna do zarz\u0105dzania wysy\u0142kami i dostawami dla firm. Jeste\u015bmy sprawdzonym partnerem w zakresie proces\u00f3w wysy\u0142kowych dzia\u0142aj\u0105cym od ponad 15 lat na rynku. Integrujemy szeroki wachlarz us\u0142ug kurierskich oraz dedykowanych us\u0142ug w\u0142asnych skierowanych do wszystkich przedsi\u0119biorc\u00f3w, tak\u017ce tych, kt\u00f3rzy dopiero zaczynaj\u0105 swoj\u0105 dzia\u0142alno\u015b\u0107. Oferowane przez nas rozwi\u0105zania s\u0105 wykorzystywane przez firmy z bran\u017cy e-commerce, du\u017ce podmioty typu marketplace, ale r\u00f3wnie\u017c niewielkie firmy nadaj\u0105ce kilkana\u015bcie przesy\u0142ek miesi\u0119cznie. Konsekwentnie wspieramy firmy w rozwoju ich biznesu, udost\u0119pniaj\u0105c bez \u017cadnych op\u0142at gotowe narz\u0119dzia u\u0142atwiaj\u0105ce codzienn\u0105 logistyk\u0119. Nasi Klienci wysy\u0142aj\u0105 ponad 2,5 miliona przesy\u0142ek ka\u017cdego miesi\u0105ca korzystaj\u0105c z naszych unikalnych technologii. Nasze mocne strony: - Mo\u017cliwo\u015b\u0107 por\u00f3wnania ofert wiod\u0105cych firm kurierskich w Polsce i na \u015bwiecie: DHL, UPS, DPD, Fedex, Poczta Polska, Geis, InPost, GLS, Ambro, Hellmann i wielu innych, - Mo\u017cliwo\u015b\u0107 indywidualnego negocjowania stawek w zale\u017cno\u015bci od ilo\u015bci przesy\u0142ek i ich rodzaju (palety, p\u00f3\u0142palety, przesy\u0142ki krajowe, mi\u0119dzynarodowe), - Jedna, prosta integracja API z wieloma platformami e-commerce, marketplace i systemami ERP, WMS., daj\u0105ca dost\u0119p do ca\u0142ej naszej oferty kurierskiej, - Mo\u017cliwo\u015b\u0107 automatyzacji i optymalizacji proces\u00f3w wysy\u0142kowych, -Indywidualny Opiekun Handlowy zapewniaj\u0105cy wsparcie merytoryczne z zakresu rozwi\u0105za\u0144 kurierskich w zale\u017cno\u015bci od bran\u017cy Klienta, rodzaju przesy\u0142ek i metod dostawy, - Bezp\u0142atne integracje z 50 platformami sklepowymi, mo\u017cliwo\u015b\u0107 import\u00f3w (w tym Allegro) oraz wsparcie dzia\u0142u IT, -Personalizacja komunikacji z odbiorcami przesy\u0142ek na etapie post-checkout, modu\u0142 zwrot\u00f3w i analityka danych logistycznych, -Brak minim\u00f3w wysy\u0142kowych i wygodne formy rozlicze\u0144. Apaczka.pl: por\u00f3wnuj ceny kurier\u00f3w, automatyzuj procesy wysy\u0142kowe.","legalName":"Alsendo sp. z o.o.","foundingDate":"2009-08-17","vatID":"PL8971840043","taxID":"367328934","numberOfEmployees":{"@type":"QuantitativeValue","minValue":"51","maxValue":"200"}},{"@type":"Person","@id":"https:\/\/www.apaczka.pl\/en\/#\/schema\/person\/903d98808f808e917439385fc64afef7","name":"Alicja Wierzbicka","image":{"@type":"ImageObject","inLanguage":"en-US","@id":"https:\/\/secure.gravatar.com\/avatar\/17a6de25aa19655d5080c2685a95535adda171a04e11a41d6c191c19c36c0ad1?s=96&d=mm&r=g","url":"https:\/\/secure.gravatar.com\/avatar\/17a6de25aa19655d5080c2685a95535adda171a04e11a41d6c191c19c36c0ad1?s=96&d=mm&r=g","contentUrl":"https:\/\/secure.gravatar.com\/avatar\/17a6de25aa19655d5080c2685a95535adda171a04e11a41d6c191c19c36c0ad1?s=96&d=mm&r=g","caption":"Alicja Wierzbicka"},"url":"https:\/\/www.apaczka.pl\/en\/blog\/author\/alicja-wierzbicka\/"}]}},"_links":{"self":[{"href":"https:\/\/www.apaczka.pl\/en\/wp-json\/wp\/v2\/news\/12103","targetHints":{"allow":["GET"]}}],"collection":[{"href":"https:\/\/www.apaczka.pl\/en\/wp-json\/wp\/v2\/news"}],"about":[{"href":"https:\/\/www.apaczka.pl\/en\/wp-json\/wp\/v2\/types\/news"}],"author":[{"embeddable":true,"href":"https:\/\/www.apaczka.pl\/en\/wp-json\/wp\/v2\/users\/8"}],"version-history":[{"count":4,"href":"https:\/\/www.apaczka.pl\/en\/wp-json\/wp\/v2\/news\/12103\/revisions"}],"predecessor-version":[{"id":12119,"href":"https:\/\/www.apaczka.pl\/en\/wp-json\/wp\/v2\/news\/12103\/revisions\/12119"}],"wp:featuredmedia":[{"embeddable":true,"href":"https:\/\/www.apaczka.pl\/en\/wp-json\/wp\/v2\/media\/12113"}],"wp:attachment":[{"href":"https:\/\/www.apaczka.pl\/en\/wp-json\/wp\/v2\/media?parent=12103"}],"wp:term":[{"taxonomy":"news_category","embeddable":true,"href":"https:\/\/www.apaczka.pl\/en\/wp-json\/wp\/v2\/news_category?post=12103"},{"taxonomy":"news_tag","embeddable":true,"href":"https:\/\/www.apaczka.pl\/en\/wp-json\/wp\/v2\/news_tag?post=12103"}],"curies":[{"name":"wp","href":"https:\/\/api.w.org\/{rel}","templated":true}]}}